{"id":24441,"date":"2022-03-08T15:19:42","date_gmt":"2022-03-08T15:19:42","guid":{"rendered":"https:\/\/larevistadigital.com.ar\/blog\/?p=24441"},"modified":"2022-03-08T15:19:42","modified_gmt":"2022-03-08T15:19:42","slug":"provocaron-el-choque-del-colectivo-que-intentaron-asaltar","status":"publish","type":"post","link":"https:\/\/larevistadigital.com.ar\/blog\/provocaron-el-choque-del-colectivo-que-intentaron-asaltar\/","title":{"rendered":"PROVOCARON EL CHOQUE DEL COLECTIVO QUE INTENTARON ASALTAR"},"content":{"rendered":"<p><strong>MAR DEL PLATA\u00a0 &#8211;\u00a0 Dos hombres a mano armada<\/strong>\u00a0intentaron robar esta ma\u00f1ana en el\u00a0<strong>barrio Parque Palermo<\/strong>\u00a0al chofer de un colectivo de la\u00a0<strong>l\u00ednea 523<\/strong>, quien choc\u00f3 el veh\u00edculo mientras era golpeado por los delincuentes.<\/p>\n<blockquote>\n<h3>El hecho se registr\u00f3 este martes a la ma\u00f1ana, cuando en la avenida Tetamanti y Garc\u00eda Lorca, dos hombres se subieron a un colectivo de la l\u00ednea 523, en el que hab\u00edan tres pasajeros.<\/h3>\n<\/blockquote>\n<p>Unas tres cuadras m\u00e1s adelante, estos dos hombres se acercaron hasta el chofer del colectivo, de 44 a\u00f1os, lo amenazaron con un arma de fuego y comenzaron a propinarle golpes para robarle.<\/p>\n<p>Sorprendido por el ataque, la v\u00edctima mientras era golpeada realiz\u00f3 una maniobra que hizo colisionar el colectivo contra un\u00a0mont\u00edculo de piedras que la base de la empresa 25 de mayo tiene en la avenida<strong>\u00a0Tetamanti al 4000<\/strong>.<\/p>\n<blockquote>\n<h3>Tras el impacto, los dos asaltantes descendieron del colectivo, sin lograr concretar el robo, y huyeron del lugar.<\/h3>\n<\/blockquote>\n<p>Personal de la subcomisar\u00eda Parque Hermoso fue hasta la zona y advirtieron que una pasajera, de 39 a\u00f1os, ten\u00eda algunas contusiones por el choque, por lo que se solicit\u00f3 la presencia de una ambulancia del SAME para asistir a la v\u00edctima y al colectivero que hab\u00eda sido golpeado.<\/p>\n<p>El hecho es investigado por la fiscal <strong>Ana Carina Mascioli<\/strong>.<\/p>\n<p>fuente: lacapitaldiario<\/p>\n","protected":false},"excerpt":{"rendered":"<div class=\"mh-excerpt\"><p>MAR DEL PLATA\u00a0 &#8211;\u00a0 Dos hombres a mano armada\u00a0intentaron robar esta ma\u00f1ana en el\u00a0barrio Parque Palermo\u00a0al chofer de un colectivo de la\u00a0l\u00ednea 523, quien choc\u00f3 el veh\u00edculo mientras era golpeado por los delincuentes. El hecho <a class=\"mh-excerpt-more\" href=\"https:\/\/larevistadigital.com.ar\/blog\/provocaron-el-choque-del-colectivo-que-intentaron-asaltar\/\" title=\"PROVOCARON EL CHOQUE DEL COLECTIVO QUE INTENTARON ASALTAR\">[Leer M\u00e1s]<\/a><\/p>\n<\/div>","protected":false},"author":3,"featured_media":24442,"comment_status":"open","ping_status":"open","sticky":false,"template":"","format":"standard","meta":{"_jetpack_memberships_contains_paid_content":false,"footnotes":"","jetpack_publicize_message":"","jetpack_publicize_feature_enabled":true,"jetpack_social_post_already_shared":true,"jetpack_social_options":{"image_generator_settings":{"template":"highway","default_image_id":0,"font":"","enabled":false},"version":2}},"categories":[44,51],"tags":[],"class_list":{"0":"post-24441","1":"post","2":"type-post","3":"status-publish","4":"format-standard","5":"has-post-thumbnail","7":"category-policiales","8":"category-regionales"},"jetpack_publicize_connections":[],"jetpack_featured_media_url":"https:\/\/i0.wp.com\/larevistadigital.com.ar\/blog\/wp-content\/uploads\/Captura-de-pantalla-2022-03-08-121853.jpg?fit=1006%2C477&ssl=1","jetpack_sharing_enabled":true,"jetpack_shortlink":"https:\/\/wp.me\/p8qtrQ-6md","jetpack-related-posts":[{"id":11075,"url":"https:\/\/larevistadigital.com.ar\/blog\/un-muerto-y-14-heridos-en-choque-entre-colectivo-y-camion\/","url_meta":{"origin":24441,"position":0},"title":"UN MUERTO Y 14 HERIDOS EN CHOQUE ENTRE COLECTIVO Y CAMI\u00d3N","author":"Alejandro Sosa Ruda","date":"5 julio, 2019","format":false,"excerpt":"El siniestro vial tuvo lugar en la madrugada. La v\u00edctima fatal es el chofer del cami\u00f3n. Un choque entre un colectivo y un cami\u00f3n en cercan\u00edas de la localidad correntina de San Roque dej\u00f3 como saldo un muerto y 14 heridos, dos de ellos de gravedad, informaron hoy fuentes de\u2026","rel":"","context":"En \u00abDESTACADAS\u00bb","block_context":{"text":"DESTACADAS","link":"https:\/\/larevistadigital.com.ar\/blog\/category\/destacadas\/"},"img":{"alt_text":"","src":"https:\/\/i0.wp.com\/larevistadigital.com.ar\/blog\/wp-content\/uploads\/5d1f5f8c3449f_1004x565.jpg?fit=1004%2C565&ssl=1&resize=350%2C200","width":350,"height":200,"srcset":"https:\/\/i0.wp.com\/larevistadigital.com.ar\/blog\/wp-content\/uploads\/5d1f5f8c3449f_1004x565.jpg?fit=1004%2C565&ssl=1&resize=350%2C200 1x, https:\/\/i0.wp.com\/larevistadigital.com.ar\/blog\/wp-content\/uploads\/5d1f5f8c3449f_1004x565.jpg?fit=1004%2C565&ssl=1&resize=525%2C300 1.5x, https:\/\/i0.wp.com\/larevistadigital.com.ar\/blog\/wp-content\/uploads\/5d1f5f8c3449f_1004x565.jpg?fit=1004%2C565&ssl=1&resize=700%2C400 2x"},"classes":[]},{"id":19231,"url":"https:\/\/larevistadigital.com.ar\/blog\/apedrearon-dos-micros-de-la-linea-51-donde-viajaban-vecinos-de-san-vicente-y-brandsen\/","url_meta":{"origin":24441,"position":1},"title":"APEDREARON DOS MICROS DE LA L\u00cdNEA 51, DONDE VIAJABAN VECINOS DE SAN VICENTE Y BRANDSEN","author":"Alejandro Sosa Ruda","date":"15 marzo, 2021","format":false,"excerpt":"Los hechos ocurrieron entre las 4 y las 6 de la ma\u00f1ana de este sabado 13 de marzo en Domselaar y provoc\u00f3 que los cristales estallen. No hubo heridos. La empresa estar\u00eda analizando dejar de ingresar a esa localidad por los reiterados hechos de vandalismo contra las unidades. DOMSELAR -\u2026","rel":"","context":"En \u00abPOLICIALES\u00bb","block_context":{"text":"POLICIALES","link":"https:\/\/larevistadigital.com.ar\/blog\/category\/policiales\/"},"img":{"alt_text":"","src":"https:\/\/i0.wp.com\/larevistadigital.com.ar\/blog\/wp-content\/uploads\/Captura-de-pantalla-2021-03-15-121814.png?fit=1200%2C595&ssl=1&resize=350%2C200","width":350,"height":200,"srcset":"https:\/\/i0.wp.com\/larevistadigital.com.ar\/blog\/wp-content\/uploads\/Captura-de-pantalla-2021-03-15-121814.png?fit=1200%2C595&ssl=1&resize=350%2C200 1x, https:\/\/i0.wp.com\/larevistadigital.com.ar\/blog\/wp-content\/uploads\/Captura-de-pantalla-2021-03-15-121814.png?fit=1200%2C595&ssl=1&resize=525%2C300 1.5x, https:\/\/i0.wp.com\/larevistadigital.com.ar\/blog\/wp-content\/uploads\/Captura-de-pantalla-2021-03-15-121814.png?fit=1200%2C595&ssl=1&resize=700%2C400 2x, https:\/\/i0.wp.com\/larevistadigital.com.ar\/blog\/wp-content\/uploads\/Captura-de-pantalla-2021-03-15-121814.png?fit=1200%2C595&ssl=1&resize=1050%2C600 3x"},"classes":[]},{"id":39262,"url":"https:\/\/larevistadigital.com.ar\/blog\/bernal-arrojaron-un-adoquin-a-un-colectivo-y-golpearon-en-la-cabeza-a-una-nena-que-ahora-lucha-por-su-vida\/","url_meta":{"origin":24441,"position":2},"title":"Bernal: Arrojaron un adoqu\u00edn a un colectivo y golpearon en la cabeza  a una nena que ahora lucha por su  vida","author":"Alejandro Sosa Ruda","date":"2 abril, 2025","format":false,"excerpt":"BERNAL -\u00a0 La violencia irracional volvi\u00f3 a golpear sin previo aviso. Lo que deb\u00eda ser un simple viaje al colegio se convirti\u00f3 en una pesadilla para Melisa y sus tres hijas, cuando un desconocido arroj\u00f3 un cascote de dos kilos contra el colectivo en el que viajaban. La v\u00edctima: Roma,\u2026","rel":"","context":"En \u00abPOLICIALES\u00bb","block_context":{"text":"POLICIALES","link":"https:\/\/larevistadigital.com.ar\/blog\/category\/policiales\/"},"img":{"alt_text":"","src":"https:\/\/i0.wp.com\/larevistadigital.com.ar\/blog\/wp-content\/uploads\/487567099_122122375430695558_1176475233124868123_n.jpg?fit=720%2C406&ssl=1&resize=350%2C200","width":350,"height":200,"srcset":"https:\/\/i0.wp.com\/larevistadigital.com.ar\/blog\/wp-content\/uploads\/487567099_122122375430695558_1176475233124868123_n.jpg?fit=720%2C406&ssl=1&resize=350%2C200 1x, https:\/\/i0.wp.com\/larevistadigital.com.ar\/blog\/wp-content\/uploads\/487567099_122122375430695558_1176475233124868123_n.jpg?fit=720%2C406&ssl=1&resize=525%2C300 1.5x, https:\/\/i0.wp.com\/larevistadigital.com.ar\/blog\/wp-content\/uploads\/487567099_122122375430695558_1176475233124868123_n.jpg?fit=720%2C406&ssl=1&resize=700%2C400 2x"},"classes":[]},{"id":11003,"url":"https:\/\/larevistadigital.com.ar\/blog\/florencio-varela-brutal-golpiza-a-colectivero\/","url_meta":{"origin":24441,"position":3},"title":"FLORENCIO VARELA: BRUTAL GOLPIZA A COLECTIVERO","author":"Alejandro Sosa Ruda","date":"2 julio, 2019","format":false,"excerpt":"Todo empez\u00f3 cuando Franco Almir\u00f3n, chofer de un colectivo de la L\u00ednea 500, fue chocado por un auto que circulaba a gran velocidad en el que viajaban dos hombres con una mujer embarazada, a la que supuestamente llevaban al Hospital Mi Pueblo de Florencio Varela. La discusi\u00f3n termin\u00f3 en una\u2026","rel":"","context":"En \u00abINTERES GENERAL\u00bb","block_context":{"text":"INTERES GENERAL","link":"https:\/\/larevistadigital.com.ar\/blog\/category\/interes-general\/"},"img":{"alt_text":"","src":"https:\/\/i0.wp.com\/larevistadigital.com.ar\/blog\/wp-content\/uploads\/20190701_135628.jpg?fit=1081%2C605&ssl=1&resize=350%2C200","width":350,"height":200,"srcset":"https:\/\/i0.wp.com\/larevistadigital.com.ar\/blog\/wp-content\/uploads\/20190701_135628.jpg?fit=1081%2C605&ssl=1&resize=350%2C200 1x, https:\/\/i0.wp.com\/larevistadigital.com.ar\/blog\/wp-content\/uploads\/20190701_135628.jpg?fit=1081%2C605&ssl=1&resize=525%2C300 1.5x, https:\/\/i0.wp.com\/larevistadigital.com.ar\/blog\/wp-content\/uploads\/20190701_135628.jpg?fit=1081%2C605&ssl=1&resize=700%2C400 2x, https:\/\/i0.wp.com\/larevistadigital.com.ar\/blog\/wp-content\/uploads\/20190701_135628.jpg?fit=1081%2C605&ssl=1&resize=1050%2C600 3x"},"classes":[]},{"id":37071,"url":"https:\/\/larevistadigital.com.ar\/blog\/volco-un-colectivo-que-transportaba-ninos\/","url_meta":{"origin":24441,"position":4},"title":"VOLC\u00d3 UN COLECTIVO QUE TRANSPORTABA NI\u00d1OS","author":"Alejandro Sosa Ruda","date":"28 agosto, 2024","format":false,"excerpt":"Afortunadamente ninguna criatura result\u00f3 con heridas de consideraci\u00f3n. 28 de Agosto de 2024 Villaguay, ENTRE R\u00cdOS -\u00a0 \u00a0Un colectivo que transporta ni\u00f1os en la zona rural de Lucas Sud Segunda, departamento Villaguay, volc\u00f3 este mi\u00e9rcoles por la ma\u00f1ana. Desde la Polic\u00eda se inform\u00f3 que los chicos resultaron sin lesiones de\u2026","rel":"","context":"En \u00abPOLICIALES\u00bb","block_context":{"text":"POLICIALES","link":"https:\/\/larevistadigital.com.ar\/blog\/category\/policiales\/"},"img":{"alt_text":"","src":"https:\/\/i0.wp.com\/larevistadigital.com.ar\/blog\/wp-content\/uploads\/457311167_930848892413577_149711943783559769_n.jpg?fit=900%2C600&ssl=1&resize=350%2C200","width":350,"height":200,"srcset":"https:\/\/i0.wp.com\/larevistadigital.com.ar\/blog\/wp-content\/uploads\/457311167_930848892413577_149711943783559769_n.jpg?fit=900%2C600&ssl=1&resize=350%2C200 1x, https:\/\/i0.wp.com\/larevistadigital.com.ar\/blog\/wp-content\/uploads\/457311167_930848892413577_149711943783559769_n.jpg?fit=900%2C600&ssl=1&resize=525%2C300 1.5x, https:\/\/i0.wp.com\/larevistadigital.com.ar\/blog\/wp-content\/uploads\/457311167_930848892413577_149711943783559769_n.jpg?fit=900%2C600&ssl=1&resize=700%2C400 2x"},"classes":[]},{"id":40470,"url":"https:\/\/larevistadigital.com.ar\/blog\/impactante-triple-choque-en-mar-del-plata-un-auto-quedo-aplastado-entre-un-colectivo-y-un-camion\/","url_meta":{"origin":24441,"position":5},"title":"Impactante triple choque en Mar del Plata: un auto qued\u00f3 aplastado entre un colectivo y un cami\u00f3n","author":"Alejandro Sosa Ruda","date":"14 julio, 2025","format":false,"excerpt":"Ocurri\u00f3 en plena avenida Juan B. Justo. A pesar de lo dram\u00e1tico del siniestro, el conductor del auto logr\u00f3 salir con vida entre los hierros retorcidos. 14 de Julio de 2025 MAR DEL PLATA\u00a0 -\u00a0 \u00a0Una escena digna de una pel\u00edcula de acci\u00f3n se vivi\u00f3 este lunes por la tarde\u2026","rel":"","context":"En \u00abPOLICIALES\u00bb","block_context":{"text":"POLICIALES","link":"https:\/\/larevistadigital.com.ar\/blog\/category\/policiales\/"},"img":{"alt_text":"","src":"https:\/\/i0.wp.com\/larevistadigital.com.ar\/blog\/wp-content\/uploads\/ACCIDENTE-MAR-DEL-PLATA.jpg?fit=644%2C401&ssl=1&resize=350%2C200","width":350,"height":200,"srcset":"https:\/\/i0.wp.com\/larevistadigital.com.ar\/blog\/wp-content\/uploads\/ACCIDENTE-MAR-DEL-PLATA.jpg?fit=644%2C401&ssl=1&resize=350%2C200 1x, https:\/\/i0.wp.com\/larevistadigital.com.ar\/blog\/wp-content\/uploads\/ACCIDENTE-MAR-DEL-PLATA.jpg?fit=644%2C401&ssl=1&resize=525%2C300 1.5x"},"classes":[]}],"_links":{"self":[{"href":"https:\/\/larevistadigital.com.ar\/blog\/wp-json\/wp\/v2\/posts\/24441","targetHints":{"allow":["GET"]}}],"collection":[{"href":"https:\/\/larevistadigital.com.ar\/blog\/wp-json\/wp\/v2\/posts"}],"about":[{"href":"https:\/\/larevistadigital.com.ar\/blog\/wp-json\/wp\/v2\/types\/post"}],"author":[{"embeddable":true,"href":"https:\/\/larevistadigital.com.ar\/blog\/wp-json\/wp\/v2\/users\/3"}],"replies":[{"embeddable":true,"href":"https:\/\/larevistadigital.com.ar\/blog\/wp-json\/wp\/v2\/comments?post=24441"}],"version-history":[{"count":1,"href":"https:\/\/larevistadigital.com.ar\/blog\/wp-json\/wp\/v2\/posts\/24441\/revisions"}],"predecessor-version":[{"id":24443,"href":"https:\/\/larevistadigital.com.ar\/blog\/wp-json\/wp\/v2\/posts\/24441\/revisions\/24443"}],"wp:featuredmedia":[{"embeddable":true,"href":"https:\/\/larevistadigital.com.ar\/blog\/wp-json\/wp\/v2\/media\/24442"}],"wp:attachment":[{"href":"https:\/\/larevistadigital.com.ar\/blog\/wp-json\/wp\/v2\/media?parent=24441"}],"wp:term":[{"taxonomy":"category","embeddable":true,"href":"https:\/\/larevistadigital.com.ar\/blog\/wp-json\/wp\/v2\/categories?post=24441"},{"taxonomy":"post_tag","embeddable":true,"href":"https:\/\/larevistadigital.com.ar\/blog\/wp-json\/wp\/v2\/tags?post=24441"}],"curies":[{"name":"wp","href":"https:\/\/api.w.org\/{rel}","templated":true}]}}