{"id":24444,"date":"2022-03-08T15:38:53","date_gmt":"2022-03-08T15:38:53","guid":{"rendered":"https:\/\/larevistadigital.com.ar\/blog\/?p=24444"},"modified":"2022-03-08T15:38:53","modified_gmt":"2022-03-08T15:38:53","slug":"cae-caballo-a-un-pozo-y-debio-ser-rescatado-por-los-bomberos-para-salvar-su-vida","status":"publish","type":"post","link":"https:\/\/larevistadigital.com.ar\/blog\/cae-caballo-a-un-pozo-y-debio-ser-rescatado-por-los-bomberos-para-salvar-su-vida\/","title":{"rendered":"CAE CABALLO A UN POZO Y DEBI\u00d3 SER RESCATADO POR LOS BOMBEROS PARA SALVAR SU VIDA"},"content":{"rendered":"<h2 class=\"intro\">Sucedi\u00f3 este martes en el barrio Hip\u00f3dromo. El animal tuvo que ser sedado para ser extra\u00eddo del lugar. Intenso trabajo de bomberos del Cuartel Monolito.<\/h2>\n<p><strong>MAR DEL PLATA &#8211;\u00a0<\/strong> Un <strong>caballo\u00a0<\/strong>se\u00a0<strong>cay\u00f3\u00a0<\/strong>este martes dentro de un\u00a0<strong>pozo ciego\u00a0<\/strong>en\u00a0construcci\u00f3n lo que motiv\u00f3 un importante operativo por parte de personal de\u00a0<strong>bomberos<\/strong>, que tras varios minutos, pudieron rescatar al animal sano y salvo.<\/p>\n<p>Fuentes consultadas por\u00a0<strong>0223\u00a0<\/strong>indicaron que el accidente sucedi\u00f3 alrededor de las 9 de la ma\u00f1ana cuando aparentemente el caballo, que se encontraba suelto,\u00a0<strong>cay\u00f3 en el interior de un pozo ciego sin uso<\/strong>, a metros de una precaria vivienda ubicada sobre la calle 2 entre 3 y 5 del\u00a0<strong>barrio Hip\u00f3dromo<\/strong>.<\/p>\n<p class=\"cms_epigrafe\"><img data-recalc-dims=\"1\" loading=\"lazy\" decoding=\"async\" class=\"size-full wp-image-24446 aligncenter\" src=\"https:\/\/i0.wp.com\/larevistadigital.com.ar\/blog\/wp-content\/uploads\/2-1.jpg?resize=918%2C667&#038;ssl=1\" alt=\"\" width=\"918\" height=\"667\" srcset=\"https:\/\/i0.wp.com\/larevistadigital.com.ar\/blog\/wp-content\/uploads\/2-1.jpg?w=918&amp;ssl=1 918w, https:\/\/i0.wp.com\/larevistadigital.com.ar\/blog\/wp-content\/uploads\/2-1.jpg?resize=300%2C218&amp;ssl=1 300w, https:\/\/i0.wp.com\/larevistadigital.com.ar\/blog\/wp-content\/uploads\/2-1.jpg?resize=768%2C558&amp;ssl=1 768w\" sizes=\"auto, (max-width: 918px) 100vw, 918px\" \/><strong>Un importante operativo se despleg\u00f3 para salvarle la vida al caballo.\u00a0<\/strong><\/p>\n<p>Una dotaci\u00f3n de bomberos del<strong>\u00a0Cuartel Monolito\u00a0<\/strong>debi\u00f3 intervenir en el lugar: una vez que se dop\u00f3 al animal, se realizaron tareas de extracci\u00f3n que resultaron exitosas: el caballo se desplom\u00f3 por los efectos del tranquilizante, pero en aparente buen estado de salud.<\/p>\n<p><img data-recalc-dims=\"1\" loading=\"lazy\" decoding=\"async\" class=\"size-full wp-image-24447 aligncenter\" src=\"https:\/\/i0.wp.com\/larevistadigital.com.ar\/blog\/wp-content\/uploads\/Captura-de-pantalla-2022-03-08-123554.jpg?resize=925%2C651&#038;ssl=1\" alt=\"\" width=\"925\" height=\"651\" srcset=\"https:\/\/i0.wp.com\/larevistadigital.com.ar\/blog\/wp-content\/uploads\/Captura-de-pantalla-2022-03-08-123554.jpg?w=925&amp;ssl=1 925w, https:\/\/i0.wp.com\/larevistadigital.com.ar\/blog\/wp-content\/uploads\/Captura-de-pantalla-2022-03-08-123554.jpg?resize=300%2C211&amp;ssl=1 300w, https:\/\/i0.wp.com\/larevistadigital.com.ar\/blog\/wp-content\/uploads\/Captura-de-pantalla-2022-03-08-123554.jpg?resize=768%2C541&amp;ssl=1 768w\" sizes=\"auto, (max-width: 925px) 100vw, 925px\" \/><\/p>\n","protected":false},"excerpt":{"rendered":"<div class=\"mh-excerpt\"><p>Sucedi\u00f3 este martes en el barrio Hip\u00f3dromo. El animal tuvo que ser sedado para ser extra\u00eddo del lugar. Intenso trabajo de bomberos del Cuartel Monolito. MAR DEL PLATA &#8211;\u00a0 Un caballo\u00a0se\u00a0cay\u00f3\u00a0este martes dentro de un\u00a0pozo <a class=\"mh-excerpt-more\" href=\"https:\/\/larevistadigital.com.ar\/blog\/cae-caballo-a-un-pozo-y-debio-ser-rescatado-por-los-bomberos-para-salvar-su-vida\/\" title=\"CAE CABALLO A UN POZO Y DEBI\u00d3 SER RESCATADO POR LOS BOMBEROS PARA SALVAR SU VIDA\">[Leer M\u00e1s]<\/a><\/p>\n<\/div>","protected":false},"author":3,"featured_media":24445,"comment_status":"open","ping_status":"open","sticky":false,"template":"","format":"standard","meta":{"_jetpack_memberships_contains_paid_content":false,"footnotes":"","jetpack_publicize_message":"","jetpack_publicize_feature_enabled":true,"jetpack_social_post_already_shared":true,"jetpack_social_options":{"image_generator_settings":{"template":"highway","default_image_id":0,"font":"","enabled":false},"version":2}},"categories":[11,51],"tags":[],"class_list":{"0":"post-24444","1":"post","2":"type-post","3":"status-publish","4":"format-standard","5":"has-post-thumbnail","7":"category-curiosas","8":"category-regionales"},"jetpack_publicize_connections":[],"jetpack_featured_media_url":"https:\/\/i0.wp.com\/larevistadigital.com.ar\/blog\/wp-content\/uploads\/Captura-de-pantalla-2022-03-08-123308.jpg?fit=898%2C500&ssl=1","jetpack_sharing_enabled":true,"jetpack_shortlink":"https:\/\/wp.me\/p8qtrQ-6mg","jetpack-related-posts":[{"id":34496,"url":"https:\/\/larevistadigital.com.ar\/blog\/un-nene-cayo-en-un-pozo-ciego-en-un-jardin-de-infantes-de-claypole\/","url_meta":{"origin":24444,"position":0},"title":"UN NENE CAY\u00d3 EN UN POZO CIEGO EN UN JARD\u00cdN DE INFANTES DE CLAYPOLE","author":"Alejandro Sosa Ruda","date":"10 noviembre, 2023","format":false,"excerpt":"Un nene de cinco a\u00f1os cay\u00f3 a un pozo ciego ubicado en el patio del Jard\u00edn de Infantes N\u00ba 916, de la localidad de Claypole. El menor, que tiene autismo, tuvo que ser rescatado por los bomberos. Lo ins\u00f3lito, es que el agujero estaba ubicado en el patio de juego\u2026","rel":"","context":"En \u00abINTERES GENERAL\u00bb","block_context":{"text":"INTERES GENERAL","link":"https:\/\/larevistadigital.com.ar\/blog\/category\/interes-general\/"},"img":{"alt_text":"","src":"https:\/\/i0.wp.com\/larevistadigital.com.ar\/blog\/wp-content\/uploads\/20231109140333_nene-cayo-a-unpozo-jardin-de-infantes.jpg?fit=880%2C512&ssl=1&resize=350%2C200","width":350,"height":200,"srcset":"https:\/\/i0.wp.com\/larevistadigital.com.ar\/blog\/wp-content\/uploads\/20231109140333_nene-cayo-a-unpozo-jardin-de-infantes.jpg?fit=880%2C512&ssl=1&resize=350%2C200 1x, https:\/\/i0.wp.com\/larevistadigital.com.ar\/blog\/wp-content\/uploads\/20231109140333_nene-cayo-a-unpozo-jardin-de-infantes.jpg?fit=880%2C512&ssl=1&resize=525%2C300 1.5x, https:\/\/i0.wp.com\/larevistadigital.com.ar\/blog\/wp-content\/uploads\/20231109140333_nene-cayo-a-unpozo-jardin-de-infantes.jpg?fit=880%2C512&ssl=1&resize=700%2C400 2x"},"classes":[]},{"id":12417,"url":"https:\/\/larevistadigital.com.ar\/blog\/brandsen-los-bomberos-rescataron-un-caballo-que-cayo-a-una-pileta\/","url_meta":{"origin":24444,"position":1},"title":"BRANDSEN: LOS BOMBEROS RESCATARON UN CABALLO QUE CAY\u00d3 A UNA PILETA","author":"Alejandro Sosa Ruda","date":"1 octubre, 2019","format":false,"excerpt":"Inform\u00f3 el portal DLN que en la tarde de este lunes 30 de septiembre, bomberos voluntarios de Brandsen rescataron a un caballo que se hab\u00eda ca\u00eddo en la pileta de una quinta, en el barrio La Plantaci\u00f3n. Fueron 20 minutos de tensi\u00f3n, en los que los voluntarios tras aplicar distintas\u2026","rel":"","context":"En \u00abREGIONALES\u00bb","block_context":{"text":"REGIONALES","link":"https:\/\/larevistadigital.com.ar\/blog\/category\/regionales\/"},"img":{"alt_text":"","src":"https:\/\/i0.wp.com\/larevistadigital.com.ar\/blog\/wp-content\/uploads\/20190930_190521_wm.jpg?fit=1080%2C600&ssl=1&resize=350%2C200","width":350,"height":200,"srcset":"https:\/\/i0.wp.com\/larevistadigital.com.ar\/blog\/wp-content\/uploads\/20190930_190521_wm.jpg?fit=1080%2C600&ssl=1&resize=350%2C200 1x, https:\/\/i0.wp.com\/larevistadigital.com.ar\/blog\/wp-content\/uploads\/20190930_190521_wm.jpg?fit=1080%2C600&ssl=1&resize=525%2C300 1.5x, https:\/\/i0.wp.com\/larevistadigital.com.ar\/blog\/wp-content\/uploads\/20190930_190521_wm.jpg?fit=1080%2C600&ssl=1&resize=700%2C400 2x, https:\/\/i0.wp.com\/larevistadigital.com.ar\/blog\/wp-content\/uploads\/20190930_190521_wm.jpg?fit=1080%2C600&ssl=1&resize=1050%2C600 3x"},"classes":[]},{"id":23569,"url":"https:\/\/larevistadigital.com.ar\/blog\/fotos-cae-un-caballo-en-un-pozo-y-debieron-rescatarlo-los-bomberos\/","url_meta":{"origin":24444,"position":2},"title":"[FOTOS] CAE UN CABALLO EN UN POZO Y DEBIERON RESCATARLO LOS BOMBEROS","author":"Alejandro Sosa Ruda","date":"25 enero, 2022","format":false,"excerpt":"AYACUCHO -\u00a0 Seg\u00fan public\u00f3 el portal \"ayacuchoald\u00eda.com.ar\" el pasado lunes por la tarde, Bomberos fue alertado sobre un incidente con un animal en el establecimiento \u00abEl Hornero\u00bb. De esta manera, concurri\u00f3 al lugar una dotaci\u00f3n del Cuartel Central a cargo del Ayudante Mayor Sa\u00fal Su\u00e1rez, con la unidad n\u00famero 22\u2026","rel":"","context":"En \u00abREGIONALES\u00bb","block_context":{"text":"REGIONALES","link":"https:\/\/larevistadigital.com.ar\/blog\/category\/regionales\/"},"img":{"alt_text":"","src":"https:\/\/i0.wp.com\/larevistadigital.com.ar\/blog\/wp-content\/uploads\/bomberos-equino-1-1.jpg?fit=959%2C799&ssl=1&resize=350%2C200","width":350,"height":200,"srcset":"https:\/\/i0.wp.com\/larevistadigital.com.ar\/blog\/wp-content\/uploads\/bomberos-equino-1-1.jpg?fit=959%2C799&ssl=1&resize=350%2C200 1x, https:\/\/i0.wp.com\/larevistadigital.com.ar\/blog\/wp-content\/uploads\/bomberos-equino-1-1.jpg?fit=959%2C799&ssl=1&resize=525%2C300 1.5x, https:\/\/i0.wp.com\/larevistadigital.com.ar\/blog\/wp-content\/uploads\/bomberos-equino-1-1.jpg?fit=959%2C799&ssl=1&resize=700%2C400 2x"},"classes":[]},{"id":33337,"url":"https:\/\/larevistadigital.com.ar\/blog\/bahia-blanca-un-nene-de-3-anos-fue-rescatado-de-un-pozo-ciego\/","url_meta":{"origin":24444,"position":3},"title":"BAH\u00cdA BLANCA: UN NENE DE 3 A\u00d1OS FUE RESCATADO DE UN POZO CIEGO","author":"Alejandro Sosa Ruda","date":"7 septiembre, 2023","format":false,"excerpt":"Defensa Civil junto a personal policial procedi\u00f3 a llevar a cabo un rescate. El menor fue asistido por personal m\u00e9dico de una ambulancia del servicio de emergencias por traumatismos leves. 7 de Septiembre de 2023 BAH\u00cdA BLANCA -\u00a0 Un ni\u00f1o de tres a\u00f1os fue rescatado sano y salvo luego de\u2026","rel":"","context":"En \u00abPOLICIALES\u00bb","block_context":{"text":"POLICIALES","link":"https:\/\/larevistadigital.com.ar\/blog\/category\/policiales\/"},"img":{"alt_text":"","src":"https:\/\/i0.wp.com\/larevistadigital.com.ar\/blog\/wp-content\/uploads\/20230906161756_pozo.jpg?fit=880%2C512&ssl=1&resize=350%2C200","width":350,"height":200,"srcset":"https:\/\/i0.wp.com\/larevistadigital.com.ar\/blog\/wp-content\/uploads\/20230906161756_pozo.jpg?fit=880%2C512&ssl=1&resize=350%2C200 1x, https:\/\/i0.wp.com\/larevistadigital.com.ar\/blog\/wp-content\/uploads\/20230906161756_pozo.jpg?fit=880%2C512&ssl=1&resize=525%2C300 1.5x, https:\/\/i0.wp.com\/larevistadigital.com.ar\/blog\/wp-content\/uploads\/20230906161756_pozo.jpg?fit=880%2C512&ssl=1&resize=700%2C400 2x"},"classes":[]},{"id":34222,"url":"https:\/\/larevistadigital.com.ar\/blog\/trabajaba-en-un-pozo-se-desmorono-y-murio-sepultado\/","url_meta":{"origin":24444,"position":4},"title":"TRABAJABA EN UN POZO, SE DESMORON\u00d3 Y MURI\u00d3 SEPULTADO","author":"Alejandro Sosa Ruda","date":"26 octubre, 2023","format":false,"excerpt":"El accidente ocurri\u00f3 sobre la ruta 88, a pocos metros del Parque Industrial General Savio de Mar del Plata. La v\u00edctima qued\u00f3 tapada de tierra a tres metros de profundidad y, pese a que fue rescatada con signos vitales, falleci\u00f3 al ingresar al Higa. 25 de octubre de 2023 MAR\u2026","rel":"","context":"En \u00abREGIONALES\u00bb","block_context":{"text":"REGIONALES","link":"https:\/\/larevistadigital.com.ar\/blog\/category\/regionales\/"},"img":{"alt_text":"","src":"https:\/\/i0.wp.com\/larevistadigital.com.ar\/blog\/wp-content\/uploads\/20231025150020_perr.jpg?fit=880%2C512&ssl=1&resize=350%2C200","width":350,"height":200,"srcset":"https:\/\/i0.wp.com\/larevistadigital.com.ar\/blog\/wp-content\/uploads\/20231025150020_perr.jpg?fit=880%2C512&ssl=1&resize=350%2C200 1x, https:\/\/i0.wp.com\/larevistadigital.com.ar\/blog\/wp-content\/uploads\/20231025150020_perr.jpg?fit=880%2C512&ssl=1&resize=525%2C300 1.5x, https:\/\/i0.wp.com\/larevistadigital.com.ar\/blog\/wp-content\/uploads\/20231025150020_perr.jpg?fit=880%2C512&ssl=1&resize=700%2C400 2x"},"classes":[]},{"id":28294,"url":"https:\/\/larevistadigital.com.ar\/blog\/horror-en-cordoba-encontraron-los-cuerpos-de-las-dos-hermanas-que-estaban-desaparecidas\/","url_meta":{"origin":24444,"position":5},"title":"HORROR EN CORDOBA: ENCONTRARON LOS CUERPOS DE LAS DOS HERMANAS QUE ESTABAN DESAPARECIDAS","author":"Alejandro Sosa Ruda","date":"4 octubre, 2022","format":false,"excerpt":"El domingo, dos j\u00f3venes, que ser\u00edan hermanos, confesaron haber asesinado y descuartizado a la presunta mam\u00e1 de ambos y quien ser\u00eda su t\u00eda. Los cuerpos fueron hallados en un pozo ubicado en la casa de las v\u00edctimas. 04 de octubre de 2022 CORDOBA -\u00a0 La Polic\u00eda y bomberos de C\u00f3rdoba\u2026","rel":"","context":"En \u00abINTERES GENERAL\u00bb","block_context":{"text":"INTERES GENERAL","link":"https:\/\/larevistadigital.com.ar\/blog\/category\/interes-general\/"},"img":{"alt_text":"","src":"https:\/\/i0.wp.com\/larevistadigital.com.ar\/blog\/wp-content\/uploads\/O57IY5KDTNCOLGJCNT27U2BU7I.jpg?fit=1200%2C793&ssl=1&resize=350%2C200","width":350,"height":200,"srcset":"https:\/\/i0.wp.com\/larevistadigital.com.ar\/blog\/wp-content\/uploads\/O57IY5KDTNCOLGJCNT27U2BU7I.jpg?fit=1200%2C793&ssl=1&resize=350%2C200 1x, https:\/\/i0.wp.com\/larevistadigital.com.ar\/blog\/wp-content\/uploads\/O57IY5KDTNCOLGJCNT27U2BU7I.jpg?fit=1200%2C793&ssl=1&resize=525%2C300 1.5x, https:\/\/i0.wp.com\/larevistadigital.com.ar\/blog\/wp-content\/uploads\/O57IY5KDTNCOLGJCNT27U2BU7I.jpg?fit=1200%2C793&ssl=1&resize=700%2C400 2x, https:\/\/i0.wp.com\/larevistadigital.com.ar\/blog\/wp-content\/uploads\/O57IY5KDTNCOLGJCNT27U2BU7I.jpg?fit=1200%2C793&ssl=1&resize=1050%2C600 3x"},"classes":[]}],"_links":{"self":[{"href":"https:\/\/larevistadigital.com.ar\/blog\/wp-json\/wp\/v2\/posts\/24444","targetHints":{"allow":["GET"]}}],"collection":[{"href":"https:\/\/larevistadigital.com.ar\/blog\/wp-json\/wp\/v2\/posts"}],"about":[{"href":"https:\/\/larevistadigital.com.ar\/blog\/wp-json\/wp\/v2\/types\/post"}],"author":[{"embeddable":true,"href":"https:\/\/larevistadigital.com.ar\/blog\/wp-json\/wp\/v2\/users\/3"}],"replies":[{"embeddable":true,"href":"https:\/\/larevistadigital.com.ar\/blog\/wp-json\/wp\/v2\/comments?post=24444"}],"version-history":[{"count":1,"href":"https:\/\/larevistadigital.com.ar\/blog\/wp-json\/wp\/v2\/posts\/24444\/revisions"}],"predecessor-version":[{"id":24448,"href":"https:\/\/larevistadigital.com.ar\/blog\/wp-json\/wp\/v2\/posts\/24444\/revisions\/24448"}],"wp:featuredmedia":[{"embeddable":true,"href":"https:\/\/larevistadigital.com.ar\/blog\/wp-json\/wp\/v2\/media\/24445"}],"wp:attachment":[{"href":"https:\/\/larevistadigital.com.ar\/blog\/wp-json\/wp\/v2\/media?parent=24444"}],"wp:term":[{"taxonomy":"category","embeddable":true,"href":"https:\/\/larevistadigital.com.ar\/blog\/wp-json\/wp\/v2\/categories?post=24444"},{"taxonomy":"post_tag","embeddable":true,"href":"https:\/\/larevistadigital.com.ar\/blog\/wp-json\/wp\/v2\/tags?post=24444"}],"curies":[{"name":"wp","href":"https:\/\/api.w.org\/{rel}","templated":true}]}}