{"id":24690,"date":"2022-03-20T17:30:48","date_gmt":"2022-03-20T17:30:48","guid":{"rendered":"https:\/\/larevistadigital.com.ar\/blog\/?p=24690"},"modified":"2022-03-20T17:30:48","modified_gmt":"2022-03-20T17:30:48","slug":"formuna-1-uno-dos-de-ferrari-en-bahrein-hamilton-tercero-y-red-bull-no-sumo","status":"publish","type":"post","link":"https:\/\/larevistadigital.com.ar\/blog\/formuna-1-uno-dos-de-ferrari-en-bahrein-hamilton-tercero-y-red-bull-no-sumo\/","title":{"rendered":"FORMUNA 1: UNO-DOS DE FERRARI EN BAHREIN, HAMILTON TERCERO Y RED BULL NO SUM\u00d3"},"content":{"rendered":"<h2>Charles Leclerc gan\u00f3 por delante del espa\u00f1ol Carlos Sainz y Lewis Hamilton. Verstappen abandon\u00f3 por problemas mec\u00e1nicos. Alonso termin\u00f3 noveno y, de momento, \u201cEl Plan\u201d no funciona.<\/h2>\n<p>La F\u00f3rmula 1 de 2022 no pudo empezar mejor para unos y peor para otros. Ferrari logr\u00f3 el doblete con\u00a0<strong>Leclerc en cabeza por delante de Sainz y Hamilton, y ambos Red Bull quedaron fuera de carrera\u00a0<\/strong>con problemas mec\u00e1nicos. El coche rojo se mostr\u00f3 intratable y, sorprendentemente, los de Maranello demostraron que han sido los mejores en adaptarse al nuevo reglamento. Al menos de momento.<\/p>\n<div class=\"embed-twitter\">\n<blockquote class=\"twitter-tweet\" data-width=\"500\" data-dnt=\"true\">\n<p lang=\"en\" dir=\"ltr\">\ud835\uddec\ud835\udde2\ud835\udde8 \ud835\uddda\ud835\udde8\ud835\uddec\ud835\udde6 \ud835\uddd4\ud835\udde5\ud835\uddd8 \ud835\uddd4\ud835\udde0\ud835\uddd4\ud835\udded\ud835\udddc\ud835\udde1\ud835\uddda \ud83e\udd29<\/p>\n<p>WHAT \ud83d\udc4f A \ud83d\udc4f DRIVE! <\/p>\n<p>Great 1-2 for the Scuderia Ferrari!<a href=\"https:\/\/twitter.com\/hashtag\/essereFerrari?src=hash&amp;ref_src=twsrc%5Etfw\">#essereFerrari<\/a> \ud83d\udd34 <a href=\"https:\/\/twitter.com\/hashtag\/BahrainGP?src=hash&amp;ref_src=twsrc%5Etfw\">#BahrainGP<\/a> <a href=\"https:\/\/twitter.com\/Charles_Leclerc?ref_src=twsrc%5Etfw\">@Charles_Leclerc<\/a> <a href=\"https:\/\/twitter.com\/Carlossainz55?ref_src=twsrc%5Etfw\">@CarlosSainz55<\/a> <a href=\"https:\/\/t.co\/Qt3TP8s3ZO\">pic.twitter.com\/Qt3TP8s3ZO<\/a><\/p>\n<p>&mdash; Scuderia Ferrari HP (@ScuderiaFerrari) <a href=\"https:\/\/twitter.com\/ScuderiaFerrari\/status\/1505585350965698561?ref_src=twsrc%5Etfw\">March 20, 2022<\/a><\/p><\/blockquote>\n<p><script async src=\"https:\/\/platform.twitter.com\/widgets.js\" charset=\"utf-8\"><\/script><\/div>\n<div class=\"embed-twitter\">\n<blockquote class=\"twitter-tweet\" data-width=\"500\" data-dnt=\"true\">\n<p lang=\"en\" dir=\"ltr\">\ud835\uddec\ud835\uddd8\ud835\udde6 \ud835\uddd6\ud835\uddd4\ud835\udde5\ud835\udddf\ud835\udde2\ud835\udde6 \u2764\ufe0f <\/p>\n<p>What a way to start 2022 \ud83d\ude4c<a href=\"https:\/\/twitter.com\/hashtag\/essereFerrari?src=hash&amp;ref_src=twsrc%5Etfw\">#essereFerrari<\/a> \ud83d\udd34 <a href=\"https:\/\/twitter.com\/hashtag\/BahrainGP?src=hash&amp;ref_src=twsrc%5Etfw\">#BahrainGP<\/a> <a href=\"https:\/\/twitter.com\/Carlossainz55?ref_src=twsrc%5Etfw\">@CarlosSainz55<\/a> <a href=\"https:\/\/t.co\/teYpI3ZZmG\">pic.twitter.com\/teYpI3ZZmG<\/a><\/p>\n<p>&mdash; Scuderia Ferrari HP (@ScuderiaFerrari) <a href=\"https:\/\/twitter.com\/ScuderiaFerrari\/status\/1505590372201811971?ref_src=twsrc%5Etfw\">March 20, 2022<\/a><\/p><\/blockquote>\n<p><script async src=\"https:\/\/platform.twitter.com\/widgets.js\" charset=\"utf-8\"><\/script><\/div>\n<p>En la salida <strong>Leclerc<\/strong> no fall\u00f3 y su m\u00e1ximo rival,<strong> Max Verstappen<\/strong>, no pudo superarle en los primeros metros. El que no arranc\u00f3 demasiado bien fue <strong>Carlos Sainz<\/strong>, que apenas pudo defender su posici\u00f3n con <strong>Hamilton<\/strong> y casi pierde la tercera plaza. Pudo mantener el puesto que logr\u00f3 en clasificaci\u00f3n y desde entonces se mantuvo detr\u00e1s, a distancia de los primeros, perdiendo ritmo vuelta a vuelta. El espa\u00f1ol no pudo meterse en la pelea y se qued\u00f3 en desventaja para ser testigo de lujo de la batalla que se estaba preparando entre los dos primeros. <strong>Leclerc<\/strong> impuso un ritmo muy fuerte que el de Red Bull no pudo seguir hasta que ambos pararon a sustituir los neum\u00e1ticos.<\/p>\n<p>A continuaci\u00f3n, se desat\u00f3 el ataque de <strong>Verstappen<\/strong> al piloto de Ferrari y fue entonces cuando la nueva F\u00f3rmula 1 empez\u00f3 a sonre\u00edr. Ambos pilotos se pasaron en varias ocasiones con adelantamientos espectaculares. Fueron pasadas brutales. Por dos veces lo hicieron, algo que era complicado de ver en a\u00f1os anteriores.<\/p>\n<p>publicado en larazon<\/p>\n<aside class=\"ad all sunmedia1 bg-placeholder \">\n<div id=\"sunmedia1\" class=\"henneoHB sunmedia1\">\n<div id=\"sm-it-main-container-1647796900199\" class=\"sm-it-main-container\" data-it=\"9935096e-ed96-41a4-b664-93c1853eef98\" data-device=\"desktop\" data-index=\"0\"><\/div>\n<\/div>\n<\/aside>\n<p>&nbsp;<\/p>\n","protected":false},"excerpt":{"rendered":"<div class=\"mh-excerpt\"><p>Charles Leclerc gan\u00f3 por delante del espa\u00f1ol Carlos Sainz y Lewis Hamilton. Verstappen abandon\u00f3 por problemas mec\u00e1nicos. Alonso termin\u00f3 noveno y, de momento, \u201cEl Plan\u201d no funciona. La F\u00f3rmula 1 de 2022 no pudo empezar <a class=\"mh-excerpt-more\" href=\"https:\/\/larevistadigital.com.ar\/blog\/formuna-1-uno-dos-de-ferrari-en-bahrein-hamilton-tercero-y-red-bull-no-sumo\/\" title=\"FORMUNA 1: UNO-DOS DE FERRARI EN BAHREIN, HAMILTON TERCERO Y RED BULL NO SUM\u00d3\">[Leer M\u00e1s]<\/a><\/p>\n<\/div>","protected":false},"author":3,"featured_media":24691,"comment_status":"open","ping_status":"open","sticky":false,"template":"","format":"standard","meta":{"_jetpack_memberships_contains_paid_content":false,"footnotes":"","jetpack_publicize_message":"","jetpack_publicize_feature_enabled":true,"jetpack_social_post_already_shared":true,"jetpack_social_options":{"image_generator_settings":{"template":"highway","default_image_id":0,"font":"","enabled":false},"version":2}},"categories":[8,41],"tags":[],"class_list":{"0":"post-24690","1":"post","2":"type-post","3":"status-publish","4":"format-standard","5":"has-post-thumbnail","7":"category-deportes","8":"category-destacadas"},"jetpack_publicize_connections":[],"jetpack_featured_media_url":"https:\/\/i0.wp.com\/larevistadigital.com.ar\/blog\/wp-content\/uploads\/f1-bahrain-gp-2018-sebastian-vettel-ferrari-sf71h-8027884.jpg?fit=800%2C533&ssl=1","jetpack_sharing_enabled":true,"jetpack_shortlink":"https:\/\/wp.me\/p8qtrQ-6qe","jetpack-related-posts":[{"id":40356,"url":"https:\/\/larevistadigital.com.ar\/blog\/lluvia-caos-y-emocion-norris-gano-el-gp-de-gran-bretana-en-una-carrera-memorable\/","url_meta":{"origin":24690,"position":0},"title":"Lluvia, caos y emoci\u00f3n: Norris gan\u00f3 el GP de Gran Breta\u00f1a en una carrera memorable","author":"Alejandro Sosa Ruda","date":"6 julio, 2025","format":false,"excerpt":"06 de Julio de 2025 GRAN BRETA\u00d1A -\u00a0 \u00a0El Gran Premio de Gran Breta\u00f1a 2025 de F\u00f3rmula 1 se convirti\u00f3 en una de las carreras m\u00e1s emocionantes y ca\u00f3ticas de la temporada. Con la lluvia como protagonista desde el inicio, el asfalto cambiante oblig\u00f3 a los equipos a tomar decisiones\u2026","rel":"","context":"En \u00abDEPORTES\u00bb","block_context":{"text":"DEPORTES","link":"https:\/\/larevistadigital.com.ar\/blog\/category\/deportes\/"},"img":{"alt_text":"","src":"https:\/\/i0.wp.com\/larevistadigital.com.ar\/blog\/wp-content\/uploads\/17518181075657-e1751842666637.jpg?fit=1080%2C828&ssl=1&resize=350%2C200","width":350,"height":200,"srcset":"https:\/\/i0.wp.com\/larevistadigital.com.ar\/blog\/wp-content\/uploads\/17518181075657-e1751842666637.jpg?fit=1080%2C828&ssl=1&resize=350%2C200 1x, https:\/\/i0.wp.com\/larevistadigital.com.ar\/blog\/wp-content\/uploads\/17518181075657-e1751842666637.jpg?fit=1080%2C828&ssl=1&resize=525%2C300 1.5x, https:\/\/i0.wp.com\/larevistadigital.com.ar\/blog\/wp-content\/uploads\/17518181075657-e1751842666637.jpg?fit=1080%2C828&ssl=1&resize=700%2C400 2x, https:\/\/i0.wp.com\/larevistadigital.com.ar\/blog\/wp-content\/uploads\/17518181075657-e1751842666637.jpg?fit=1080%2C828&ssl=1&resize=1050%2C600 3x"},"classes":[]},{"id":26297,"url":"https:\/\/larevistadigital.com.ar\/blog\/terrible-accidente-en-la-largada-de-la-formula-1-en-gran-bretana\/","url_meta":{"origin":24690,"position":1},"title":"TERRIBLE ACCIDENTE EN LA LARGADA DE LA F\u00d3RMULA 1 EN GRAN BRETA\u00d1A","author":"Alejandro Sosa Ruda","date":"3 julio, 2022","format":false,"excerpt":"El chino\u00a0Guanyu Zhou\u00a0salv\u00f3 su vida de \u201cmilagro\u201d tras un impactante accidente se produjo en\u00a0los segundos iniciales del\u00a0Gran Premio de Gran Breta\u00f1a de F\u00f3rmula 1. Mientras todas las miradas estaban puestas en el sobrepaso de\u00a0Max Verstappen (Red Bull) a Carlos Sainz (Ferrari),\u00a0quien hab\u00eda realizado la pole position, m\u00e1s atr\u00e1s hubo un\u2026","rel":"","context":"En \u00abINTERES GENERAL\u00bb","block_context":{"text":"INTERES GENERAL","link":"https:\/\/larevistadigital.com.ar\/blog\/category\/interes-general\/"},"img":{"alt_text":"","src":"https:\/\/i0.wp.com\/larevistadigital.com.ar\/blog\/wp-content\/uploads\/accidente-f1.png?fit=1006%2C483&ssl=1&resize=350%2C200","width":350,"height":200,"srcset":"https:\/\/i0.wp.com\/larevistadigital.com.ar\/blog\/wp-content\/uploads\/accidente-f1.png?fit=1006%2C483&ssl=1&resize=350%2C200 1x, https:\/\/i0.wp.com\/larevistadigital.com.ar\/blog\/wp-content\/uploads\/accidente-f1.png?fit=1006%2C483&ssl=1&resize=525%2C300 1.5x, https:\/\/i0.wp.com\/larevistadigital.com.ar\/blog\/wp-content\/uploads\/accidente-f1.png?fit=1006%2C483&ssl=1&resize=700%2C400 2x"},"classes":[]},{"id":38346,"url":"https:\/\/larevistadigital.com.ar\/blog\/lawson-sustituye-a-perez-en-red-bull-mientras-colapinto-sigue-sin-butaca\/","url_meta":{"origin":24690,"position":2},"title":"Lawson sustituye a P\u00e9rez en Red Bull, mientras Colapinto sigue sin butaca","author":"Alejandro Sosa Ruda","date":"19 diciembre, 2024","format":false,"excerpt":"El piloto neozeland\u00e9s Liam Lawson tomar\u00e1 el lugar de Checo P\u00e9rez en Red Bull para la temporada 2025, compartiendo equipo con el tetracampe\u00f3n Max Verstappen. 19 de diciembre de 2024 Este cambio libera un puesto en Racing Bulls, el equipo sat\u00e9lite de Red Bull, donde Lawson compiti\u00f3 en 2024 tras\u2026","rel":"","context":"En \u00abINTERES GENERAL\u00bb","block_context":{"text":"INTERES GENERAL","link":"https:\/\/larevistadigital.com.ar\/blog\/category\/interes-general\/"},"img":{"alt_text":"","src":"https:\/\/i0.wp.com\/larevistadigital.com.ar\/blog\/wp-content\/uploads\/20241219173457_liam-lawson-red-bull-1.jpg?fit=880%2C512&ssl=1&resize=350%2C200","width":350,"height":200,"srcset":"https:\/\/i0.wp.com\/larevistadigital.com.ar\/blog\/wp-content\/uploads\/20241219173457_liam-lawson-red-bull-1.jpg?fit=880%2C512&ssl=1&resize=350%2C200 1x, https:\/\/i0.wp.com\/larevistadigital.com.ar\/blog\/wp-content\/uploads\/20241219173457_liam-lawson-red-bull-1.jpg?fit=880%2C512&ssl=1&resize=525%2C300 1.5x, https:\/\/i0.wp.com\/larevistadigital.com.ar\/blog\/wp-content\/uploads\/20241219173457_liam-lawson-red-bull-1.jpg?fit=880%2C512&ssl=1&resize=700%2C400 2x"},"classes":[]},{"id":34243,"url":"https:\/\/larevistadigital.com.ar\/blog\/un-muchacho-de-miramar-se-consagro-campeon-de-la-red-bull-batalla-2023\/","url_meta":{"origin":24690,"position":3},"title":"UN MUCHACHO DE MIRAMAR SE CONSAGR\u00d3 CAMPE\u00d3N DE LA \u00abRED BULL BATALLA 2023\u00bb","author":"Alejandro Sosa Ruda","date":"31 octubre, 2023","format":false,"excerpt":"Un rapero y freestyler de 26 a\u00f1os gan\u00f3 la batalla y va a participar en la Final Internacional de Colombia el 2 de diciembre en representaci\u00f3n de Argentina. Pungaz se hizo viral por sus rimas callejeras antes de llegar a los grandes escenarios, especialmente durante la salida de la pandemia.\u2026","rel":"","context":"En \u00abREGIONALES\u00bb","block_context":{"text":"REGIONALES","link":"https:\/\/larevistadigital.com.ar\/blog\/category\/regionales\/"},"img":{"alt_text":"","src":"https:\/\/i0.wp.com\/larevistadigital.com.ar\/blog\/wp-content\/uploads\/20231030145923_red-bull-batalla.jpg?fit=880%2C512&ssl=1&resize=350%2C200","width":350,"height":200,"srcset":"https:\/\/i0.wp.com\/larevistadigital.com.ar\/blog\/wp-content\/uploads\/20231030145923_red-bull-batalla.jpg?fit=880%2C512&ssl=1&resize=350%2C200 1x, https:\/\/i0.wp.com\/larevistadigital.com.ar\/blog\/wp-content\/uploads\/20231030145923_red-bull-batalla.jpg?fit=880%2C512&ssl=1&resize=525%2C300 1.5x, https:\/\/i0.wp.com\/larevistadigital.com.ar\/blog\/wp-content\/uploads\/20231030145923_red-bull-batalla.jpg?fit=880%2C512&ssl=1&resize=700%2C400 2x"},"classes":[]},{"id":786,"url":"https:\/\/larevistadigital.com.ar\/blog\/gremio-smata-no-participara-la-movilizacion-parara-las-ultimas-cuatro-horas-laborales\/","url_meta":{"origin":24690,"position":4},"title":"El gremio SMATA no participar\u00e1 de la movilizaci\u00f3n, pero parar\u00e1 durante las \u00faltimas cuatro horas laborales","author":"editor","date":"8 marzo, 2017","format":false,"excerpt":"Desde el gremio SMATA informaron que los mec\u00e1nicos que participan del Movimiento de Acci\u00f3n Sindical Argentino (M.A.S.A.) tomaron la decisi\u00f3n de no participar de la movilizaci\u00f3n de hoy 7 de marzo. Agregando que s\u00ed acompa\u00f1ar\u00e1n desde cada empresa representada en los convenios colectivos de trabajo celebrados por dicho gremio con\u2026","rel":"","context":"En \u00abLOCAL Y DE LA ZONA\u00bb","block_context":{"text":"LOCAL Y DE LA ZONA","link":"https:\/\/larevistadigital.com.ar\/blog\/category\/gremiales\/local-y-de-la-zona\/"},"img":{"alt_text":"","src":"https:\/\/i0.wp.com\/larevistadigital.com.ar\/blog\/wp-content\/uploads\/2017\/03\/smata_24defebrerode2017_elfuerte.jpg?fit=824%2C471&ssl=1&resize=350%2C200","width":350,"height":200,"srcset":"https:\/\/i0.wp.com\/larevistadigital.com.ar\/blog\/wp-content\/uploads\/2017\/03\/smata_24defebrerode2017_elfuerte.jpg?fit=824%2C471&ssl=1&resize=350%2C200 1x, https:\/\/i0.wp.com\/larevistadigital.com.ar\/blog\/wp-content\/uploads\/2017\/03\/smata_24defebrerode2017_elfuerte.jpg?fit=824%2C471&ssl=1&resize=525%2C300 1.5x, https:\/\/i0.wp.com\/larevistadigital.com.ar\/blog\/wp-content\/uploads\/2017\/03\/smata_24defebrerode2017_elfuerte.jpg?fit=824%2C471&ssl=1&resize=700%2C400 2x"},"classes":[]},{"id":12302,"url":"https:\/\/larevistadigital.com.ar\/blog\/encuentran-a-profesora-de-ingles-ahorcada-junto-a-su-hijito-de-14-anos\/","url_meta":{"origin":24690,"position":5},"title":"ENCUENTRAN A PROFESORA DE INGL\u00c9S AHORCADA JUNTO A SU HIJITO DE 14 A\u00d1OS","author":"Alejandro Sosa Ruda","date":"26 septiembre, 2019","format":false,"excerpt":"La polic\u00eda ahora investiga si la mujer pudo haber matado primero al menor, para luego quitarse la vida. Una profesora de ingl\u00e9s y su hijo de 14 a\u00f1os fueron encontrados ahorcados este mi\u00e9rcoles a la tarde en su casa\u00a0de la zona sur de Santiago del Estero, y\u00a0los investigadores sospechan que\u2026","rel":"","context":"En \u00abINTERES GENERAL\u00bb","block_context":{"text":"INTERES GENERAL","link":"https:\/\/larevistadigital.com.ar\/blog\/category\/interes-general\/"},"img":{"alt_text":"","src":"https:\/\/i0.wp.com\/larevistadigital.com.ar\/blog\/wp-content\/uploads\/vivienda.jpg?fit=1040%2C780&ssl=1&resize=350%2C200","width":350,"height":200,"srcset":"https:\/\/i0.wp.com\/larevistadigital.com.ar\/blog\/wp-content\/uploads\/vivienda.jpg?fit=1040%2C780&ssl=1&resize=350%2C200 1x, https:\/\/i0.wp.com\/larevistadigital.com.ar\/blog\/wp-content\/uploads\/vivienda.jpg?fit=1040%2C780&ssl=1&resize=525%2C300 1.5x, https:\/\/i0.wp.com\/larevistadigital.com.ar\/blog\/wp-content\/uploads\/vivienda.jpg?fit=1040%2C780&ssl=1&resize=700%2C400 2x"},"classes":[]}],"_links":{"self":[{"href":"https:\/\/larevistadigital.com.ar\/blog\/wp-json\/wp\/v2\/posts\/24690","targetHints":{"allow":["GET"]}}],"collection":[{"href":"https:\/\/larevistadigital.com.ar\/blog\/wp-json\/wp\/v2\/posts"}],"about":[{"href":"https:\/\/larevistadigital.com.ar\/blog\/wp-json\/wp\/v2\/types\/post"}],"author":[{"embeddable":true,"href":"https:\/\/larevistadigital.com.ar\/blog\/wp-json\/wp\/v2\/users\/3"}],"replies":[{"embeddable":true,"href":"https:\/\/larevistadigital.com.ar\/blog\/wp-json\/wp\/v2\/comments?post=24690"}],"version-history":[{"count":1,"href":"https:\/\/larevistadigital.com.ar\/blog\/wp-json\/wp\/v2\/posts\/24690\/revisions"}],"predecessor-version":[{"id":24692,"href":"https:\/\/larevistadigital.com.ar\/blog\/wp-json\/wp\/v2\/posts\/24690\/revisions\/24692"}],"wp:featuredmedia":[{"embeddable":true,"href":"https:\/\/larevistadigital.com.ar\/blog\/wp-json\/wp\/v2\/media\/24691"}],"wp:attachment":[{"href":"https:\/\/larevistadigital.com.ar\/blog\/wp-json\/wp\/v2\/media?parent=24690"}],"wp:term":[{"taxonomy":"category","embeddable":true,"href":"https:\/\/larevistadigital.com.ar\/blog\/wp-json\/wp\/v2\/categories?post=24690"},{"taxonomy":"post_tag","embeddable":true,"href":"https:\/\/larevistadigital.com.ar\/blog\/wp-json\/wp\/v2\/tags?post=24690"}],"curies":[{"name":"wp","href":"https:\/\/api.w.org\/{rel}","templated":true}]}}