{"id":24696,"date":"2022-03-20T19:04:02","date_gmt":"2022-03-20T19:04:02","guid":{"rendered":"https:\/\/larevistadigital.com.ar\/blog\/?p=24696"},"modified":"2022-03-20T19:04:22","modified_gmt":"2022-03-20T19:04:22","slug":"un-joven-quiso-conectar-el-cargador-de-su-celular-y-murio-electrocutado","status":"publish","type":"post","link":"https:\/\/larevistadigital.com.ar\/blog\/un-joven-quiso-conectar-el-cargador-de-su-celular-y-murio-electrocutado\/","title":{"rendered":"UN JOVEN QUISO CONECTAR EL CARGADOR DE SU CELULAR Y MURI\u00d3 ELECTROCUTADO"},"content":{"rendered":"<p class=\"com-paragraph --capital --s\"><strong>CHUBUT &#8211;<\/strong>\u00a0 Un <strong>adolescente de 16 a\u00f1os<\/strong>\u00a0muri\u00f3 este s\u00e1bado, en\u00a0<strong>Chubut<\/strong>, despu\u00e9s de recibir\u00a0<strong>una descarga el\u00e9ctrica\u00a0<\/strong>cuando\u00a0<strong>quiso conectar\u00a0<\/strong>a un tomacorrientes\u00a0<strong>el cargador de su celular.<\/strong><\/p>\n<p class=\"com-paragraph --s\">El hecho ocurri\u00f3 en la madrugada de este s\u00e1bado en<strong>\u00a0Comodoro Rivadavia<\/strong>, seg\u00fan confirm\u00f3 la polic\u00eda local, de acuerdo a la informaci\u00f3n citada por\u00a0<em>La Opini\u00f3n Austral.\u00a0<\/em>A pesar de que lo trasladaron de inmediato al Hospital Regional, los m\u00e9dicos no pudieron reanimarlo.<\/p>\n<p class=\"com-paragraph --s\">Si bien no se comunicaron muchos detalles, trascendi\u00f3 que el joven\u00a0<strong>se encontraba descalzo\u00a0<\/strong>en el momento que enchuf\u00f3 el cargador al tomacorrientes.<\/p>\n<p class=\"com-paragraph --s\">Seg\u00fan informaron los medios locales,\u00a0<strong>la vivienda ten\u00eda al parecer<\/strong>\u00a0una\u00a0<strong>conexi\u00f3n ilegal de luz<\/strong>.<\/p>\n","protected":false},"excerpt":{"rendered":"<div class=\"mh-excerpt\"><p>CHUBUT &#8211;\u00a0 Un adolescente de 16 a\u00f1os\u00a0muri\u00f3 este s\u00e1bado, en\u00a0Chubut, despu\u00e9s de recibir\u00a0una descarga el\u00e9ctrica\u00a0cuando\u00a0quiso conectar\u00a0a un tomacorrientes\u00a0el cargador de su celular. El hecho ocurri\u00f3 en la madrugada de este s\u00e1bado en\u00a0Comodoro Rivadavia, seg\u00fan confirm\u00f3 <a class=\"mh-excerpt-more\" href=\"https:\/\/larevistadigital.com.ar\/blog\/un-joven-quiso-conectar-el-cargador-de-su-celular-y-murio-electrocutado\/\" title=\"UN JOVEN QUISO CONECTAR EL CARGADOR DE SU CELULAR Y MURI\u00d3 ELECTROCUTADO\">[Leer M\u00e1s]<\/a><\/p>\n<\/div>","protected":false},"author":3,"featured_media":24697,"comment_status":"open","ping_status":"open","sticky":false,"template":"","format":"standard","meta":{"_jetpack_memberships_contains_paid_content":false,"footnotes":"","jetpack_publicize_message":"","jetpack_publicize_feature_enabled":true,"jetpack_social_post_already_shared":true,"jetpack_social_options":{"image_generator_settings":{"template":"highway","default_image_id":0,"font":"","enabled":false},"version":2}},"categories":[50],"tags":[],"class_list":{"0":"post-24696","1":"post","2":"type-post","3":"status-publish","4":"format-standard","5":"has-post-thumbnail","7":"category-interes-general"},"jetpack_publicize_connections":[],"jetpack_featured_media_url":"https:\/\/i0.wp.com\/larevistadigital.com.ar\/blog\/wp-content\/uploads\/Captura-de-pantalla-2022-03-20-160242.jpg?fit=1097%2C591&ssl=1","jetpack_sharing_enabled":true,"jetpack_shortlink":"https:\/\/wp.me\/p8qtrQ-6qk","jetpack-related-posts":[{"id":14405,"url":"https:\/\/larevistadigital.com.ar\/blog\/bebe-muere-electrocutado-por-chupar-cargador-de-movil-enchufado\/","url_meta":{"origin":24696,"position":0},"title":"BEBE MUERE ELECTROCUTADO POR CHUPAR CARGADOR DE M\u00d3VIL ENCHUFADO","author":"Alejandro Sosa Ruda","date":"26 enero, 2020","format":false,"excerpt":"La ni\u00f1a india, de dos a\u00f1os, falleci\u00f3 a causa de la descarga el\u00e9ctrica provocada tras morder el cable Una beb\u00e9 de dos a\u00f1os\u00a0ha muerto electrocutada tras chupar el cargador de un tel\u00e9fono m\u00f3vil.\u00a0Ha ocurrido en la ciudad de Jahangirabad, en India, seg\u00fan informa\u00a0The Times of India. La madre de la\u2026","rel":"","context":"En \u00abINTERES GENERAL\u00bb","block_context":{"text":"INTERES GENERAL","link":"https:\/\/larevistadigital.com.ar\/blog\/category\/interes-general\/"},"img":{"alt_text":"","src":"https:\/\/i0.wp.com\/larevistadigital.com.ar\/blog\/wp-content\/uploads\/noticia-cargador.png?fit=678%2C508&ssl=1&resize=350%2C200","width":350,"height":200,"srcset":"https:\/\/i0.wp.com\/larevistadigital.com.ar\/blog\/wp-content\/uploads\/noticia-cargador.png?fit=678%2C508&ssl=1&resize=350%2C200 1x, https:\/\/i0.wp.com\/larevistadigital.com.ar\/blog\/wp-content\/uploads\/noticia-cargador.png?fit=678%2C508&ssl=1&resize=525%2C300 1.5x"},"classes":[]},{"id":26461,"url":"https:\/\/larevistadigital.com.ar\/blog\/pareja-de-dolores-circulaba-con-mas-de-10-millones-de-dolares-y-quiso-sobornar-a-la-policia\/","url_meta":{"origin":24696,"position":1},"title":"PAREJA DE DOLORES CIRCULABA CON M\u00c1S DE 10 MILLONES DE DOLARES, Y QUISO SOBORNAR A LA POLIC\u00cdA","author":"Alejandro Sosa Ruda","date":"11 julio, 2022","format":false,"excerpt":"Sucedi\u00f3 en Chubut. Previamente hab\u00edan evadido un operativo de identificaci\u00f3n vehicular y de personas. Fueron interceptados en otro control policial, con $ 8.044.630, 20.000 euros y 13.420 reales en su poder. Una pareja de ciudadanos de\u00a0Dolores\u00a0protagoniz\u00f3 un particular episodio policial ayer en\u00a0Chubut. En el marco de un operativo de identificaci\u00f3n\u2026","rel":"","context":"En \u00abPOLICIALES\u00bb","block_context":{"text":"POLICIALES","link":"https:\/\/larevistadigital.com.ar\/blog\/category\/policiales\/"},"img":{"alt_text":"","src":"https:\/\/i0.wp.com\/larevistadigital.com.ar\/blog\/wp-content\/uploads\/801550091b30e7112dd46b51d3d52704af85656b.jpg?fit=1140%2C650&ssl=1&resize=350%2C200","width":350,"height":200,"srcset":"https:\/\/i0.wp.com\/larevistadigital.com.ar\/blog\/wp-content\/uploads\/801550091b30e7112dd46b51d3d52704af85656b.jpg?fit=1140%2C650&ssl=1&resize=350%2C200 1x, https:\/\/i0.wp.com\/larevistadigital.com.ar\/blog\/wp-content\/uploads\/801550091b30e7112dd46b51d3d52704af85656b.jpg?fit=1140%2C650&ssl=1&resize=525%2C300 1.5x, https:\/\/i0.wp.com\/larevistadigital.com.ar\/blog\/wp-content\/uploads\/801550091b30e7112dd46b51d3d52704af85656b.jpg?fit=1140%2C650&ssl=1&resize=700%2C400 2x, https:\/\/i0.wp.com\/larevistadigital.com.ar\/blog\/wp-content\/uploads\/801550091b30e7112dd46b51d3d52704af85656b.jpg?fit=1140%2C650&ssl=1&resize=1050%2C600 3x"},"classes":[]},{"id":28494,"url":"https:\/\/larevistadigital.com.ar\/blog\/balcarce-quiso-recuperar-su-celular-robado-y-lo-hirieron-a-machetazos\/","url_meta":{"origin":24696,"position":2},"title":"BALCARCE: QUISO RECUPERAR SU CELULAR ROBADO Y LO HIRIERON A MACHETAZOS","author":"Alejandro Sosa Ruda","date":"18 octubre, 2022","format":false,"excerpt":"El hecho ocurri\u00f3 en la ciudad bonaerense de Balcarce. La v\u00edctima sufri\u00f3 m\u00faltiples cortes de importante gravedad y fue asistido. 18 de octubre de 2022 BALCARCE -\u00a0 Un joven de 26 a\u00f1os sufri\u00f3 heridas de diversa consideraci\u00f3n tras ser atacado a machetazos a la salida de un local bailable de\u2026","rel":"","context":"En \u00abPOLICIALES\u00bb","block_context":{"text":"POLICIALES","link":"https:\/\/larevistadigital.com.ar\/blog\/category\/policiales\/"},"img":{"alt_text":"","src":"https:\/\/i0.wp.com\/larevistadigital.com.ar\/blog\/wp-content\/uploads\/20221018181603_f608x342-34295-64018-30.jpg?fit=880%2C512&ssl=1&resize=350%2C200","width":350,"height":200,"srcset":"https:\/\/i0.wp.com\/larevistadigital.com.ar\/blog\/wp-content\/uploads\/20221018181603_f608x342-34295-64018-30.jpg?fit=880%2C512&ssl=1&resize=350%2C200 1x, https:\/\/i0.wp.com\/larevistadigital.com.ar\/blog\/wp-content\/uploads\/20221018181603_f608x342-34295-64018-30.jpg?fit=880%2C512&ssl=1&resize=525%2C300 1.5x, https:\/\/i0.wp.com\/larevistadigital.com.ar\/blog\/wp-content\/uploads\/20221018181603_f608x342-34295-64018-30.jpg?fit=880%2C512&ssl=1&resize=700%2C400 2x"},"classes":[]},{"id":40120,"url":"https:\/\/larevistadigital.com.ar\/blog\/san-clemente-joven-de-26-anos-murio-tras-caer-de-su-moto\/","url_meta":{"origin":24696,"position":3},"title":"San Clemente: joven de 26 a\u00f1os muri\u00f3 tras caer de su moto","author":"Alejandro Sosa Ruda","date":"23 junio, 2025","format":false,"excerpt":"El hecho ocurri\u00f3 en la madrugada del s\u00e1bado en Costanera y calle 4. Sal\u00eda de una cervecer\u00eda y perdi\u00f3 el control del rodado. 23 de Junio de 2025 SAN CLEMENTE -\u00a0 El s\u00e1bado por la madrugada, San Clemente del Tuy\u00fa fue escenario de una nueva tragedia vial. Un joven de\u2026","rel":"","context":"En \u00abPOLICIALES\u00bb","block_context":{"text":"POLICIALES","link":"https:\/\/larevistadigital.com.ar\/blog\/category\/policiales\/"},"img":{"alt_text":"","src":"https:\/\/i0.wp.com\/larevistadigital.com.ar\/blog\/wp-content\/uploads\/f9a5afe159fc11f4d072f6da7bc3ebcaa78c0cf2.jpg?fit=1140%2C760&ssl=1&resize=350%2C200","width":350,"height":200,"srcset":"https:\/\/i0.wp.com\/larevistadigital.com.ar\/blog\/wp-content\/uploads\/f9a5afe159fc11f4d072f6da7bc3ebcaa78c0cf2.jpg?fit=1140%2C760&ssl=1&resize=350%2C200 1x, https:\/\/i0.wp.com\/larevistadigital.com.ar\/blog\/wp-content\/uploads\/f9a5afe159fc11f4d072f6da7bc3ebcaa78c0cf2.jpg?fit=1140%2C760&ssl=1&resize=525%2C300 1.5x, https:\/\/i0.wp.com\/larevistadigital.com.ar\/blog\/wp-content\/uploads\/f9a5afe159fc11f4d072f6da7bc3ebcaa78c0cf2.jpg?fit=1140%2C760&ssl=1&resize=700%2C400 2x, https:\/\/i0.wp.com\/larevistadigital.com.ar\/blog\/wp-content\/uploads\/f9a5afe159fc11f4d072f6da7bc3ebcaa78c0cf2.jpg?fit=1140%2C760&ssl=1&resize=1050%2C600 3x"},"classes":[]},{"id":32303,"url":"https:\/\/larevistadigital.com.ar\/blog\/desgracia-en-merlo-una-nena-se-disparo-con-un-arma-que-guardaba-su-padre-y-murio\/","url_meta":{"origin":24696,"position":4},"title":"DESGRACIA EN MERLO: UNA NENA SE DISPAR\u00d3 CON UN ARMA QUE GUARDABA SU PADRE Y MURI\u00d3","author":"Alejandro Sosa Ruda","date":"5 julio, 2023","format":false,"excerpt":"Ocurri\u00f3 cuando la v\u00edctima estaba jugando con una amiga en el dormitorio de sus padres. La causa fue caratulada como \u201cMuerte por accidente, tenencia ilegal de arma de uso civil condicional y encubrimiento\u201d. 5 de julio de 2023 MERLO -\u00a0 Una nena de ocho a\u00f1os muri\u00f3 despu\u00e9s de dispararse accidentalmente\u2026","rel":"","context":"En \u00abPOLICIALES\u00bb","block_context":{"text":"POLICIALES","link":"https:\/\/larevistadigital.com.ar\/blog\/category\/policiales\/"},"img":{"alt_text":"","src":"https:\/\/i0.wp.com\/larevistadigital.com.ar\/blog\/wp-content\/uploads\/20230705161335_merlo.jpg?fit=880%2C512&ssl=1&resize=350%2C200","width":350,"height":200,"srcset":"https:\/\/i0.wp.com\/larevistadigital.com.ar\/blog\/wp-content\/uploads\/20230705161335_merlo.jpg?fit=880%2C512&ssl=1&resize=350%2C200 1x, https:\/\/i0.wp.com\/larevistadigital.com.ar\/blog\/wp-content\/uploads\/20230705161335_merlo.jpg?fit=880%2C512&ssl=1&resize=525%2C300 1.5x, https:\/\/i0.wp.com\/larevistadigital.com.ar\/blog\/wp-content\/uploads\/20230705161335_merlo.jpg?fit=880%2C512&ssl=1&resize=700%2C400 2x"},"classes":[]},{"id":35238,"url":"https:\/\/larevistadigital.com.ar\/blog\/tragedia-una-nena-de-9-anos-quiso-encender-un-ventilador-con-los-pies-mojados-se-electrocuto-y-murio\/","url_meta":{"origin":24696,"position":5},"title":"TRAGEDIA: UNA NENA DE 9 A\u00d1OS QUISO ENCENDER UN VENTILADOR CON LOS PIES MOJADOS, SE ELECTROCUT\u00d3 Y MURI\u00d3.","author":"Alejandro Sosa Ruda","date":"14 febrero, 2024","format":false,"excerpt":"El accidente, ocurri\u00f3 el pasado 8 de febrero en la localidad de Unquillo, La menor falleci\u00f3 este martes, luego de haber permanecido internada en el Hospital de Ni\u00f1os{ 14 de febrero de 2024 C\u00d3RDOBA -\u00a0 Una tragedia devastadora ocurri\u00f3 este martes por la noche en la ciudad de C\u00f3rdoba, donde\u2026","rel":"","context":"En \u00abINTERES GENERAL\u00bb","block_context":{"text":"INTERES GENERAL","link":"https:\/\/larevistadigital.com.ar\/blog\/category\/interes-general\/"},"img":{"alt_text":"","src":"https:\/\/i0.wp.com\/larevistadigital.com.ar\/blog\/wp-content\/uploads\/Captura-de-pantalla-2024-02-14-154637.png?fit=709%2C344&ssl=1&resize=350%2C200","width":350,"height":200,"srcset":"https:\/\/i0.wp.com\/larevistadigital.com.ar\/blog\/wp-content\/uploads\/Captura-de-pantalla-2024-02-14-154637.png?fit=709%2C344&ssl=1&resize=350%2C200 1x, https:\/\/i0.wp.com\/larevistadigital.com.ar\/blog\/wp-content\/uploads\/Captura-de-pantalla-2024-02-14-154637.png?fit=709%2C344&ssl=1&resize=525%2C300 1.5x, https:\/\/i0.wp.com\/larevistadigital.com.ar\/blog\/wp-content\/uploads\/Captura-de-pantalla-2024-02-14-154637.png?fit=709%2C344&ssl=1&resize=700%2C400 2x"},"classes":[]}],"_links":{"self":[{"href":"https:\/\/larevistadigital.com.ar\/blog\/wp-json\/wp\/v2\/posts\/24696","targetHints":{"allow":["GET"]}}],"collection":[{"href":"https:\/\/larevistadigital.com.ar\/blog\/wp-json\/wp\/v2\/posts"}],"about":[{"href":"https:\/\/larevistadigital.com.ar\/blog\/wp-json\/wp\/v2\/types\/post"}],"author":[{"embeddable":true,"href":"https:\/\/larevistadigital.com.ar\/blog\/wp-json\/wp\/v2\/users\/3"}],"replies":[{"embeddable":true,"href":"https:\/\/larevistadigital.com.ar\/blog\/wp-json\/wp\/v2\/comments?post=24696"}],"version-history":[{"count":2,"href":"https:\/\/larevistadigital.com.ar\/blog\/wp-json\/wp\/v2\/posts\/24696\/revisions"}],"predecessor-version":[{"id":24699,"href":"https:\/\/larevistadigital.com.ar\/blog\/wp-json\/wp\/v2\/posts\/24696\/revisions\/24699"}],"wp:featuredmedia":[{"embeddable":true,"href":"https:\/\/larevistadigital.com.ar\/blog\/wp-json\/wp\/v2\/media\/24697"}],"wp:attachment":[{"href":"https:\/\/larevistadigital.com.ar\/blog\/wp-json\/wp\/v2\/media?parent=24696"}],"wp:term":[{"taxonomy":"category","embeddable":true,"href":"https:\/\/larevistadigital.com.ar\/blog\/wp-json\/wp\/v2\/categories?post=24696"},{"taxonomy":"post_tag","embeddable":true,"href":"https:\/\/larevistadigital.com.ar\/blog\/wp-json\/wp\/v2\/tags?post=24696"}],"curies":[{"name":"wp","href":"https:\/\/api.w.org\/{rel}","templated":true}]}}