{"id":24700,"date":"2022-03-20T19:22:11","date_gmt":"2022-03-20T19:22:11","guid":{"rendered":"https:\/\/larevistadigital.com.ar\/blog\/?p=24700"},"modified":"2022-03-20T19:22:11","modified_gmt":"2022-03-20T19:22:11","slug":"muere-ciclista-en-la-ruta-36-luego-de-haber-sido-atropellado-por-una-camioneta","status":"publish","type":"post","link":"https:\/\/larevistadigital.com.ar\/blog\/muere-ciclista-en-la-ruta-36-luego-de-haber-sido-atropellado-por-una-camioneta\/","title":{"rendered":"MUERE CICLISTA EN LA RUTA 36 LUEGO DE HABER SIDO ATROPELLADO POR UNA CAMIONETA"},"content":{"rendered":"<h2 class=\"negrita\">El ciclista no habr\u00eda resistido las heridas que le provoc\u00f3 el accidente con la camioneta.<\/h2>\n<div class=\"texto\">\n<p><strong>LA PLATA &#8211;\u00a0<\/strong> Los siniestros viales no dejan de llevarse vidas y otro caso m\u00e1s que se registra en La Plata conmociona a toda la ciudad y pone el foco en este tipo de accidentes que no cesan. En este caso<strong>\u00a0la victima fue un ciclista que falleci\u00f3 horas despu\u00e9s de haber sido impactado por un auto<\/strong>.<\/p>\n<blockquote>\n<h3>Todo ocurri\u00f3 el pasado s\u00e1bado en horas de la noche en\u00a0<strong>450 y Ruta 36<\/strong>, y hasta el momento no se ha logrado esclarecer qui\u00e9n es la victima que sufri\u00f3 el impacto. El choque fue provocado por un hombre que iba arriba de una camioneta Renault Kangoo de color negro.<\/h3>\n<\/blockquote>\n<p>Aunque todav\u00eda se espera m\u00e1s informaci\u00f3n de como ocurri\u00f3 el hecho, lo que se sabe es que el hombre que iba arriba de la bicicleta ten\u00eda 50 a\u00f1os\u00a0e iba transitando por Ruta 36 arriba de su bicicleta y tras haber sido impactado\u00a0result\u00f3 gravemente herido.\u00a0Seg\u00fan informaron, el hombre mayor de edad fue hallado con un corte en la cabeza y dem\u00e1s heridas provocadas por el fuerte impacto.<\/p>\n<p>Fuentes policiales aseguran que para cuando lleg\u00f3 la ambulancia,<strong>\u00a0la victima ya estaba tirada en el suelo sin vida tras no haber resistido las heridas sufridas por el accidente<\/strong>.<\/p>\n<p>FUENTE 0221<\/p>\n<p>&nbsp;<\/p>\n<\/div>\n","protected":false},"excerpt":{"rendered":"<div class=\"mh-excerpt\"><p>El ciclista no habr\u00eda resistido las heridas que le provoc\u00f3 el accidente con la camioneta. LA PLATA &#8211;\u00a0 Los siniestros viales no dejan de llevarse vidas y otro caso m\u00e1s que se registra en La <a class=\"mh-excerpt-more\" href=\"https:\/\/larevistadigital.com.ar\/blog\/muere-ciclista-en-la-ruta-36-luego-de-haber-sido-atropellado-por-una-camioneta\/\" title=\"MUERE CICLISTA EN LA RUTA 36 LUEGO DE HABER SIDO ATROPELLADO POR UNA CAMIONETA\">[Leer M\u00e1s]<\/a><\/p>\n<\/div>","protected":false},"author":3,"featured_media":24701,"comment_status":"open","ping_status":"open","sticky":false,"template":"","format":"standard","meta":{"_jetpack_memberships_contains_paid_content":false,"footnotes":"","jetpack_publicize_message":"","jetpack_publicize_feature_enabled":true,"jetpack_social_post_already_shared":true,"jetpack_social_options":{"image_generator_settings":{"template":"highway","default_image_id":0,"font":"","enabled":false},"version":2}},"categories":[44,51],"tags":[],"class_list":{"0":"post-24700","1":"post","2":"type-post","3":"status-publish","4":"format-standard","5":"has-post-thumbnail","7":"category-policiales","8":"category-regionales"},"jetpack_publicize_connections":[],"jetpack_featured_media_url":"https:\/\/i0.wp.com\/larevistadigital.com.ar\/blog\/wp-content\/uploads\/1647782170059.jpeg?fit=1920%2C950&ssl=1","jetpack_sharing_enabled":true,"jetpack_shortlink":"https:\/\/wp.me\/p8qtrQ-6qo","jetpack-related-posts":[{"id":36251,"url":"https:\/\/larevistadigital.com.ar\/blog\/ruta-2-atropello-y-mato-a-un-ciclista-de-29-anos-y-luego-se-dio-a-la-fuga\/","url_meta":{"origin":24700,"position":0},"title":"RUTA 2: ATROPELL\u00d3 Y MAT\u00d3 A UN CICLISTA DE 29 A\u00d1OS, Y LUEGO SE DI\u00d3 A LA FUGA.","author":"Alejandro Sosa Ruda","date":"5 junio, 2024","format":false,"excerpt":"El homicida, huy\u00f3 del lugar, sin detenerse a ver el estado del ciclista. Unas horas despu\u00e9s se entreg\u00f3. 5 de Junio de 2024 MAR DEL PLATA -\u00a0 Un tr\u00e1gico suceso ocurri\u00f3 el domingo pasado cuando un ciclista de 29 a\u00f1os falleci\u00f3 tras ser atropellado en el km. 391 de la\u2026","rel":"","context":"En \u00abPOLICIALES\u00bb","block_context":{"text":"POLICIALES","link":"https:\/\/larevistadigital.com.ar\/blog\/category\/policiales\/"},"img":{"alt_text":"","src":"https:\/\/i0.wp.com\/larevistadigital.com.ar\/blog\/wp-content\/uploads\/c235cf81f4ac0ac7886187e5318e188cc8b9da58.jpg?fit=1140%2C859&ssl=1&resize=350%2C200","width":350,"height":200,"srcset":"https:\/\/i0.wp.com\/larevistadigital.com.ar\/blog\/wp-content\/uploads\/c235cf81f4ac0ac7886187e5318e188cc8b9da58.jpg?fit=1140%2C859&ssl=1&resize=350%2C200 1x, https:\/\/i0.wp.com\/larevistadigital.com.ar\/blog\/wp-content\/uploads\/c235cf81f4ac0ac7886187e5318e188cc8b9da58.jpg?fit=1140%2C859&ssl=1&resize=525%2C300 1.5x, https:\/\/i0.wp.com\/larevistadigital.com.ar\/blog\/wp-content\/uploads\/c235cf81f4ac0ac7886187e5318e188cc8b9da58.jpg?fit=1140%2C859&ssl=1&resize=700%2C400 2x, https:\/\/i0.wp.com\/larevistadigital.com.ar\/blog\/wp-content\/uploads\/c235cf81f4ac0ac7886187e5318e188cc8b9da58.jpg?fit=1140%2C859&ssl=1&resize=1050%2C600 3x"},"classes":[]},{"id":37724,"url":"https:\/\/larevistadigital.com.ar\/blog\/castelli-vuelco-en-la-ruta-2-durante-el-temporal\/","url_meta":{"origin":24700,"position":1},"title":"CASTELLI: VUELCO EN LA RUTA 2 DURANTE EL TEMPORAL","author":"Alejandro Sosa Ruda","date":"5 noviembre, 2024","format":false,"excerpt":"Fue protagonizado por una camioneta que qued\u00f3 tumbada, y su conductor pudo ser rescatado. 5 de Noviembre de 2024 CASTELLI\u00a0 -\u00a0 \u00a0 El siniestro ocurri\u00f3 en la ruta 2, en proximidad a la localidad de Castelli donde una camioneta 4x4 volc\u00f3 y qued\u00f3 con sus ruedas hacia arriba. Afortunadamente quien\u2026","rel":"","context":"En \u00abCASTELLI\u00bb","block_context":{"text":"CASTELLI","link":"https:\/\/larevistadigital.com.ar\/blog\/category\/castelli\/"},"img":{"alt_text":"","src":"https:\/\/i0.wp.com\/larevistadigital.com.ar\/blog\/wp-content\/uploads\/52e0457cc3dc4033028806b68834304f6b237a49.jpg?fit=1140%2C737&ssl=1&resize=350%2C200","width":350,"height":200,"srcset":"https:\/\/i0.wp.com\/larevistadigital.com.ar\/blog\/wp-content\/uploads\/52e0457cc3dc4033028806b68834304f6b237a49.jpg?fit=1140%2C737&ssl=1&resize=350%2C200 1x, https:\/\/i0.wp.com\/larevistadigital.com.ar\/blog\/wp-content\/uploads\/52e0457cc3dc4033028806b68834304f6b237a49.jpg?fit=1140%2C737&ssl=1&resize=525%2C300 1.5x, https:\/\/i0.wp.com\/larevistadigital.com.ar\/blog\/wp-content\/uploads\/52e0457cc3dc4033028806b68834304f6b237a49.jpg?fit=1140%2C737&ssl=1&resize=700%2C400 2x, https:\/\/i0.wp.com\/larevistadigital.com.ar\/blog\/wp-content\/uploads\/52e0457cc3dc4033028806b68834304f6b237a49.jpg?fit=1140%2C737&ssl=1&resize=1050%2C600 3x"},"classes":[]},{"id":38682,"url":"https:\/\/larevistadigital.com.ar\/blog\/ruta-2-muere-un-ciclista-al-ser-atropellado\/","url_meta":{"origin":24700,"position":2},"title":"Ruta 2: Muere un ciclista al ser atropellado","author":"Alejandro Sosa Ruda","date":"13 febrero, 2025","format":false,"excerpt":"Un hombre que circulaba en bicicleta falleci\u00f3 al ser embestido por un auto en la Ruta 2, a la altura de Abasto, durante la noche del mi\u00e9rcoles. 13 de Febrero de 2025 Abasto .- LA PLATA -\u00a0 Un ciclista perdi\u00f3 la vida en un tr\u00e1gico accidente ocurrido en la noche\u2026","rel":"","context":"En \u00abPOLICIALES\u00bb","block_context":{"text":"POLICIALES","link":"https:\/\/larevistadigital.com.ar\/blog\/category\/policiales\/"},"img":{"alt_text":"","src":"https:\/\/i0.wp.com\/larevistadigital.com.ar\/blog\/wp-content\/uploads\/Captura-de-pantalla-2025-02-13-075505.jpg?fit=897%2C487&ssl=1&resize=350%2C200","width":350,"height":200,"srcset":"https:\/\/i0.wp.com\/larevistadigital.com.ar\/blog\/wp-content\/uploads\/Captura-de-pantalla-2025-02-13-075505.jpg?fit=897%2C487&ssl=1&resize=350%2C200 1x, https:\/\/i0.wp.com\/larevistadigital.com.ar\/blog\/wp-content\/uploads\/Captura-de-pantalla-2025-02-13-075505.jpg?fit=897%2C487&ssl=1&resize=525%2C300 1.5x, https:\/\/i0.wp.com\/larevistadigital.com.ar\/blog\/wp-content\/uploads\/Captura-de-pantalla-2025-02-13-075505.jpg?fit=897%2C487&ssl=1&resize=700%2C400 2x"},"classes":[]},{"id":12042,"url":"https:\/\/larevistadigital.com.ar\/blog\/mar-del-plata-roban-camioneta-atropellan-y-matan-a-una-mujer\/","url_meta":{"origin":24700,"position":3},"title":"MAR DEL PLATA: ROBAN CAMIONETA, ATROPELLAN Y MATAN A UNA MUJER","author":"Alejandro Sosa Ruda","date":"13 septiembre, 2019","format":false,"excerpt":"Ocurri\u00f3 esta ma\u00f1ana en Gianelli y Gutenberg. La v\u00edctima tiene unos 40 a\u00f1os y a\u00fan no fue identificado. El veh\u00edculo hab\u00eda sido robado momentos antes y, tras escapar del lugar del siniestro, fue abandonado y ya fue encontrado por la polic\u00eda. Una\u00a0mujer de unos 40 a\u00f1os\u00a0muri\u00f3 esta ma\u00f1ana en el\u2026","rel":"","context":"En \u00abINTERES GENERAL\u00bb","block_context":{"text":"INTERES GENERAL","link":"https:\/\/larevistadigital.com.ar\/blog\/category\/interes-general\/"},"img":{"alt_text":"","src":"https:\/\/i0.wp.com\/larevistadigital.com.ar\/blog\/wp-content\/uploads\/Screenshot_2-35.jpg?fit=1004%2C642&ssl=1&resize=350%2C200","width":350,"height":200,"srcset":"https:\/\/i0.wp.com\/larevistadigital.com.ar\/blog\/wp-content\/uploads\/Screenshot_2-35.jpg?fit=1004%2C642&ssl=1&resize=350%2C200 1x, https:\/\/i0.wp.com\/larevistadigital.com.ar\/blog\/wp-content\/uploads\/Screenshot_2-35.jpg?fit=1004%2C642&ssl=1&resize=525%2C300 1.5x, https:\/\/i0.wp.com\/larevistadigital.com.ar\/blog\/wp-content\/uploads\/Screenshot_2-35.jpg?fit=1004%2C642&ssl=1&resize=700%2C400 2x"},"classes":[]},{"id":31834,"url":"https:\/\/larevistadigital.com.ar\/blog\/mar-del-plata-simulando-ser-policias-detuvieron-una-camioneta-y-robaron-22-mil-dolares\/","url_meta":{"origin":24700,"position":4},"title":"MAR DEL PLATA: SIMULANDO SER POLIC\u00cdAS, DETUVIERON UNA CAMIONETA Y ROBARON 22 MIL D\u00d3LARES.","author":"Alejandro Sosa Ruda","date":"31 mayo, 2023","format":false,"excerpt":"Sucedi\u00f3 el martes a la noche. Fue v\u00edctima una familia boliviana. 31 de mayo de 2023 MAR DEL PLATA -\u00a0 Una familia boliviana fue v\u00edctima de un robo mientras se desplazaba en una camioneta Toyota Hilux, cuando fueron abordados por individuos que se hac\u00edan pasar por agentes de polic\u00eda en\u2026","rel":"","context":"En \u00abPOLICIALES\u00bb","block_context":{"text":"POLICIALES","link":"https:\/\/larevistadigital.com.ar\/blog\/category\/policiales\/"},"img":{"alt_text":"","src":"https:\/\/i0.wp.com\/larevistadigital.com.ar\/blog\/wp-content\/uploads\/Captura-de-pantalla-2023-05-31-120450.jpg?fit=725%2C406&ssl=1&resize=350%2C200","width":350,"height":200,"srcset":"https:\/\/i0.wp.com\/larevistadigital.com.ar\/blog\/wp-content\/uploads\/Captura-de-pantalla-2023-05-31-120450.jpg?fit=725%2C406&ssl=1&resize=350%2C200 1x, https:\/\/i0.wp.com\/larevistadigital.com.ar\/blog\/wp-content\/uploads\/Captura-de-pantalla-2023-05-31-120450.jpg?fit=725%2C406&ssl=1&resize=525%2C300 1.5x, https:\/\/i0.wp.com\/larevistadigital.com.ar\/blog\/wp-content\/uploads\/Captura-de-pantalla-2023-05-31-120450.jpg?fit=725%2C406&ssl=1&resize=700%2C400 2x"},"classes":[]},{"id":29031,"url":"https:\/\/larevistadigital.com.ar\/blog\/ruta-2-bajo-de-su-auto-y-murio-atropellado\/","url_meta":{"origin":24700,"position":5},"title":"RUTA 2: BAJ\u00d3 DE SU AUTO Y MURI\u00d3 ATROPELLADO","author":"Alejandro Sosa Ruda","date":"24 noviembre, 2022","format":false,"excerpt":"El automovilista se hab\u00eda bajado de su camioneta porque hab\u00eda sufrido un desperfecto mec\u00e1nico en la Autov\u00eda 2, a la altura de Coronel Vidal. 23 de noviembre de 2022 CORONEL VIDAL -\u00a0\u00a0Un lamentable accidente ocurri\u00f3 cuando una persona detuvo su camioneta utilitaria en la ruta 2, debido a un desperfecto\u2026","rel":"","context":"En \u00abPOLICIALES\u00bb","block_context":{"text":"POLICIALES","link":"https:\/\/larevistadigital.com.ar\/blog\/category\/policiales\/"},"img":{"alt_text":"","src":"https:\/\/i0.wp.com\/larevistadigital.com.ar\/blog\/wp-content\/uploads\/9ac309c6f4d19b747d8c237c4d8f50cb7c061836.jpg?fit=1140%2C717&ssl=1&resize=350%2C200","width":350,"height":200,"srcset":"https:\/\/i0.wp.com\/larevistadigital.com.ar\/blog\/wp-content\/uploads\/9ac309c6f4d19b747d8c237c4d8f50cb7c061836.jpg?fit=1140%2C717&ssl=1&resize=350%2C200 1x, https:\/\/i0.wp.com\/larevistadigital.com.ar\/blog\/wp-content\/uploads\/9ac309c6f4d19b747d8c237c4d8f50cb7c061836.jpg?fit=1140%2C717&ssl=1&resize=525%2C300 1.5x, https:\/\/i0.wp.com\/larevistadigital.com.ar\/blog\/wp-content\/uploads\/9ac309c6f4d19b747d8c237c4d8f50cb7c061836.jpg?fit=1140%2C717&ssl=1&resize=700%2C400 2x, https:\/\/i0.wp.com\/larevistadigital.com.ar\/blog\/wp-content\/uploads\/9ac309c6f4d19b747d8c237c4d8f50cb7c061836.jpg?fit=1140%2C717&ssl=1&resize=1050%2C600 3x"},"classes":[]}],"_links":{"self":[{"href":"https:\/\/larevistadigital.com.ar\/blog\/wp-json\/wp\/v2\/posts\/24700","targetHints":{"allow":["GET"]}}],"collection":[{"href":"https:\/\/larevistadigital.com.ar\/blog\/wp-json\/wp\/v2\/posts"}],"about":[{"href":"https:\/\/larevistadigital.com.ar\/blog\/wp-json\/wp\/v2\/types\/post"}],"author":[{"embeddable":true,"href":"https:\/\/larevistadigital.com.ar\/blog\/wp-json\/wp\/v2\/users\/3"}],"replies":[{"embeddable":true,"href":"https:\/\/larevistadigital.com.ar\/blog\/wp-json\/wp\/v2\/comments?post=24700"}],"version-history":[{"count":1,"href":"https:\/\/larevistadigital.com.ar\/blog\/wp-json\/wp\/v2\/posts\/24700\/revisions"}],"predecessor-version":[{"id":24702,"href":"https:\/\/larevistadigital.com.ar\/blog\/wp-json\/wp\/v2\/posts\/24700\/revisions\/24702"}],"wp:featuredmedia":[{"embeddable":true,"href":"https:\/\/larevistadigital.com.ar\/blog\/wp-json\/wp\/v2\/media\/24701"}],"wp:attachment":[{"href":"https:\/\/larevistadigital.com.ar\/blog\/wp-json\/wp\/v2\/media?parent=24700"}],"wp:term":[{"taxonomy":"category","embeddable":true,"href":"https:\/\/larevistadigital.com.ar\/blog\/wp-json\/wp\/v2\/categories?post=24700"},{"taxonomy":"post_tag","embeddable":true,"href":"https:\/\/larevistadigital.com.ar\/blog\/wp-json\/wp\/v2\/tags?post=24700"}],"curies":[{"name":"wp","href":"https:\/\/api.w.org\/{rel}","templated":true}]}}