{"id":24703,"date":"2022-03-20T20:34:02","date_gmt":"2022-03-20T20:34:02","guid":{"rendered":"https:\/\/larevistadigital.com.ar\/blog\/?p=24703"},"modified":"2022-03-20T20:34:22","modified_gmt":"2022-03-20T20:34:22","slug":"lorena-escaray-el-gobierno-municipal-no-le-dio-prioridad-a-la-reparacion-de-las-murallas-en-la-laguna","status":"publish","type":"post","link":"https:\/\/larevistadigital.com.ar\/blog\/lorena-escaray-el-gobierno-municipal-no-le-dio-prioridad-a-la-reparacion-de-las-murallas-en-la-laguna\/","title":{"rendered":"LORENA ESCARAY: EL GOBIERNO MUNICIPAL NO LE DI\u00d3 PRIORIDAD A LA REPARACI\u00d3N DE LAS MURALLAS EN LA LAGUNA"},"content":{"rendered":"<h2><strong><em>Agreg\u00f3 que al margen de recientes anuncios, la gesti\u00f3n de Javier Gast\u00f3n, que ya lleva 6 a\u00f1os, no ha invertido en la problem\u00e1tica &#8211; Record\u00f3 que las administraciones radicales hicieron obras que controlaron las crecidas de la laguna, reparando y construyendo defensas costeras<\/em><\/strong><\/h2>\n<p><strong>CHASCOM\u00daS &#8211;\u00a0<\/strong> La concejal de la Uni\u00f3n C\u00edvica Radical<strong> Lorena Escaray<\/strong> mostr\u00f3 su preocupaci\u00f3n por el muy mal estado en que se encuentran las murallas de la laguna.<\/p>\n<p>Dijo al respecto que <em><strong>\u201cLos sectores de la muralla de granito tienen muchos a\u00f1os de construidos y merecen especial dedicaci\u00f3n en su mantenimiento. Hoy hay muchos tramos da\u00f1ados y ca\u00eddos que dan cuenta que el actual gobierno municipal no le ha dado prioridad a la problem\u00e1tica durante su gesti\u00f3n que ya lleva 6 a\u00f1os. Tampoco se han reparado otro tipo de defensas costeras y mucho menos ejecutadas nuevas, con el agravante que en el presupuesto 2022 no se han previsto partidas para trabajos de este tipo\u201d<\/strong><\/em>.<\/p>\n<blockquote>\n<h3>Agreg\u00f3 la edil que <em><strong>\u201cLas gestiones municipales de la UCR afrontaron grandes inundaciones, gestionando obras que dieron soluci\u00f3n a las crecidas. Tambi\u00e9n dedicaron recursos no s\u00f3lo para rehacer murallas rotas, sino tambi\u00e9n para construir nuevas\u201d.<\/strong><\/em><\/h3>\n<\/blockquote>\n<p><strong>Escaray<\/strong> record\u00f3 sobre el particular, que en la \u00faltima sesi\u00f3n ordinaria del Concejo Deliberante el bloque de la Uni\u00f3n C\u00edvica Radical present\u00f3 un proyecto de comunicaci\u00f3n solicitando un informe al Intendente sobre trabajos de reparaci\u00f3n de defensas costeras y realizaci\u00f3n de limpieza de la costanera, habida cuenta importante estado p\u00fablico de deterioro de las murallas con derrumbes en varios sectores.<\/p>\n<h3><span style=\"color: #ff0000\"><strong>El proyecto de comunicaci\u00f3n<\/strong><\/span><\/h3>\n<p>El citado proyecto destaca que ya hab\u00edan sido aprobadas cuatro comunicaciones anteriores pidiendo informaci\u00f3n sobre el tema, sin logar respuesta alguna.<\/p>\n<p>Manifiesta seguidamente su preocupaci\u00f3n porque m\u00e1s de 10.000 personas visitan la ciudad cada fin de semana y gran parte de ellos son ba\u00f1istas de la laguna en el sector afectado, lo que pone en riesgo la integridad f\u00edsica de los mismos y de quienes practican deportes n\u00e1uticos en la laguna.<\/p>\n<blockquote>\n<h3>Afirma la comunicaci\u00f3n ingresada para su aprobaci\u00f3n, que Chascom\u00fas es una de las ciudades m\u00e1s visitadas de la provincia de Buenos Aires y todo el sector de la costera deja una imagen de abandono y desidia;<\/h3>\n<\/blockquote>\n<p>Destacan tambi\u00e9n los ediles radicales, que la conservaci\u00f3n de estas obras es fundamental para la defensa de la ciudad cuando suben su nivel las aguas de la laguna.<\/p>\n<p>Fundamentan adem\u00e1s el pedido, solicitando un informe detallado del estado de las defensas costeras, resaltando que existe tablestacado ca\u00eddo en el sector comprendido entre el Hotel Howard Johnson y la rotonda del Cementerio; que en el tramo comprendido entre el Monolito y el Club de Regatas, tambi\u00e9n est\u00e1 la muralla muy da\u00f1ada, indicando que en cercan\u00edas del \u201cBalneario Lamadrid\u201d se encuentra con escaleras desmoronadas y tramos hormig\u00f3n roto; agregan que a partir del Club de Regatas la antigua muralla de granito est\u00e1 rota y desmoronada en varios lugares, con sus dos escalinatas incluidas, cuya zona m\u00e1s afectada va desde el abandonado Edificio del Turista, pasando por la Concesi\u00f3n Municipal con el nombre hoy de Mule hasta Pesca y N\u00e1utica. Incluido un tramo que esta reconstruido no respetando el estilo de construcci\u00f3n que data de m\u00e1s de hace 70 a\u00f1os.<\/p>\n<blockquote>\n<h3>Por otra parte recuerdan que el sector comprendido entre el Balneario San Jos\u00e9 y Punta Norte, las escalinatas de refulado y cemento se encuentran tambi\u00e9n con deterioro en varios lugares.<\/h3>\n<\/blockquote>\n<p>En este marco sostienen que hoy la cota IGM de la laguna es la apropiada para realizar las reparaciones por el bajo nivel del agua pudi\u00e9ndose, adem\u00e1s, realizar limpieza de la costa.<\/p>\n<blockquote>\n<h3>En lo que hace a la hace a las obligaciones del Municipio en lo que ha mantenimiento de las murallas se refiere, manifiestan que reci\u00e9n durante las \u00faltimas semanas de febrero la Comuna inform\u00f3, seg\u00fan surge de los medios de prensa, que comenz\u00f3 con la reparaci\u00f3n de gaviones de defensa en el tramo ubicado frente al Parque la Esperanza y que la secretaria de Obras y Servicios habr\u00eda conformado una cuadrilla destinada a estas tareas y que ahora ha anunciado la contrataci\u00f3n de un profesional para el estudio del tema.<\/h3>\n<\/blockquote>\n<p>Por tal motivo, los concejales de la UCR requieren datos completos sobre los trabajos realizados conforme tipolog\u00edas de defensas existentes y la proyecci\u00f3n de obras respecto del sector que va desde la Planta Depuradora hasta Punta Norte, con un pormenorizado informe del estado actual de las murallas en ese trayecto, detallando metros lineales de roturas existente por sistema constructivo original, informe t\u00e9cnico sobre todas las tipolog\u00edas de defensas existentes y tareas de mantenimiento realizadas a la fecha.<\/p>\n<p>Finalmente, el bloque de la UCR le encomienda al Intendente<strong> Javier Gast\u00f3n<\/strong> reasignar los recursos necesarios a fin de proceder a la reparaci\u00f3n de las murallas del sector de la costanera de la ciudad y llevar cabo la limpieza de toda la costanera atento a que la cota IGM de la laguna es la apropiada para dichas tareas.<\/p>\n","protected":false},"excerpt":{"rendered":"<div class=\"mh-excerpt\"><p>Agreg\u00f3 que al margen de recientes anuncios, la gesti\u00f3n de Javier Gast\u00f3n, que ya lleva 6 a\u00f1os, no ha invertido en la problem\u00e1tica &#8211; Record\u00f3 que las administraciones radicales hicieron obras que controlaron las crecidas <a class=\"mh-excerpt-more\" href=\"https:\/\/larevistadigital.com.ar\/blog\/lorena-escaray-el-gobierno-municipal-no-le-dio-prioridad-a-la-reparacion-de-las-murallas-en-la-laguna\/\" title=\"LORENA ESCARAY: EL GOBIERNO MUNICIPAL NO LE DI\u00d3 PRIORIDAD A LA REPARACI\u00d3N DE LAS MURALLAS EN LA LAGUNA\">[Leer M\u00e1s]<\/a><\/p>\n<\/div>","protected":false},"author":3,"featured_media":24706,"comment_status":"open","ping_status":"open","sticky":false,"template":"","format":"standard","meta":{"_jetpack_memberships_contains_paid_content":false,"footnotes":"","jetpack_publicize_message":"","jetpack_publicize_feature_enabled":true,"jetpack_social_post_already_shared":true,"jetpack_social_options":{"image_generator_settings":{"template":"highway","default_image_id":0,"font":"","enabled":false},"version":2}},"categories":[6],"tags":[],"class_list":{"0":"post-24703","1":"post","2":"type-post","3":"status-publish","4":"format-standard","5":"has-post-thumbnail","7":"category-chascomus"},"jetpack_publicize_connections":[],"jetpack_featured_media_url":"https:\/\/i0.wp.com\/larevistadigital.com.ar\/blog\/wp-content\/uploads\/NOTA-LORENA.jpg?fit=750%2C351&ssl=1","jetpack_sharing_enabled":true,"jetpack_shortlink":"https:\/\/wp.me\/p8qtrQ-6qr","jetpack-related-posts":[{"id":17870,"url":"https:\/\/larevistadigital.com.ar\/blog\/existe-prioridad-para-la-reparacion-de-nuestro-paseo-en-la-costanera-nota-de-opinion\/","url_meta":{"origin":24703,"position":0},"title":"\u00bfEXISTE PRIORIDAD PARA LA REPARACI\u00d3N DE NUESTRO PASEO EN LA COSTANERA? (Nota de opini\u00f3n)","author":"Alejandro Sosa Ruda","date":"30 noviembre, 2020","format":false,"excerpt":"Publicamos una nota del Ateneo y Plaza Dr. Arturo Umberto Illia, publicada por el diario El Fuerte: \u201cEn este sentido, si bien desde el Honorable Concejo Deliberante se han presentado Ordenanzas, pedidos de Informes, Resoluciones, y comunicaciones algunos con respuestas provisorias por parte del Ejecutivo Municipal, es concluyente la falta\u2026","rel":"","context":"En \u00abINTERES GENERAL\u00bb","block_context":{"text":"INTERES GENERAL","link":"https:\/\/larevistadigital.com.ar\/blog\/category\/interes-general\/"},"img":{"alt_text":"","src":"https:\/\/i0.wp.com\/larevistadigital.com.ar\/blog\/wp-content\/uploads\/pasep-29denoviembrede2020-elfuertediario.png?fit=737%2C415&ssl=1&resize=350%2C200","width":350,"height":200,"srcset":"https:\/\/i0.wp.com\/larevistadigital.com.ar\/blog\/wp-content\/uploads\/pasep-29denoviembrede2020-elfuertediario.png?fit=737%2C415&ssl=1&resize=350%2C200 1x, https:\/\/i0.wp.com\/larevistadigital.com.ar\/blog\/wp-content\/uploads\/pasep-29denoviembrede2020-elfuertediario.png?fit=737%2C415&ssl=1&resize=525%2C300 1.5x, https:\/\/i0.wp.com\/larevistadigital.com.ar\/blog\/wp-content\/uploads\/pasep-29denoviembrede2020-elfuertediario.png?fit=737%2C415&ssl=1&resize=700%2C400 2x"},"classes":[]},{"id":31392,"url":"https:\/\/larevistadigital.com.ar\/blog\/el-municipio-inicio-tareas-de-reparacion-en-algunas-murallas-de-la-laguna-que-por-la-sequia-quedaron-descubiertas\/","url_meta":{"origin":24703,"position":1},"title":"EL MUNICIPIO INICI\u00d3 TAREAS DE REPARACI\u00d3N EN ALGUNAS MURALLAS DE LA LAGUNA QUE POR LA SEQU\u00cdA QUEDARON DESCUBIERTAS","author":"Alejandro Sosa Ruda","date":"5 mayo, 2023","format":false,"excerpt":"Fianlmente y a Dios gracias, el gobierno municipal descubri\u00f3 sagazmente que gracias a la bajante de la laguna, pod\u00edan realizarse algunas tareas de reparaci\u00f3n de murallas, y se decidieron a hacerlo. 5 de Mayo de 2023 CHASCOM\u00daS -\u00a0 \u00a0Inform\u00f3 el Diario El Fuerte, que se comenzaron tareas de reparaci\u00f3n en\u2026","rel":"","context":"En \u00abCHASCOM\u00daS\u00bb","block_context":{"text":"CHASCOM\u00daS","link":"https:\/\/larevistadigital.com.ar\/blog\/category\/chascomus\/"},"img":{"alt_text":"","src":"https:\/\/i0.wp.com\/larevistadigital.com.ar\/blog\/wp-content\/uploads\/Captura-de-pantalla-2023-05-05-130525.png?fit=722%2C409&ssl=1&resize=350%2C200","width":350,"height":200,"srcset":"https:\/\/i0.wp.com\/larevistadigital.com.ar\/blog\/wp-content\/uploads\/Captura-de-pantalla-2023-05-05-130525.png?fit=722%2C409&ssl=1&resize=350%2C200 1x, https:\/\/i0.wp.com\/larevistadigital.com.ar\/blog\/wp-content\/uploads\/Captura-de-pantalla-2023-05-05-130525.png?fit=722%2C409&ssl=1&resize=525%2C300 1.5x, https:\/\/i0.wp.com\/larevistadigital.com.ar\/blog\/wp-content\/uploads\/Captura-de-pantalla-2023-05-05-130525.png?fit=722%2C409&ssl=1&resize=700%2C400 2x"},"classes":[]},{"id":11246,"url":"https:\/\/larevistadigital.com.ar\/blog\/batissacchi-me-siento-capaz-de-devolver-a-chascomus-lo-que-recibi\/","url_meta":{"origin":24703,"position":2},"title":"BATISSACCHI: \u00abME SIENTO CAPAZ DE DEVOLVER A CHASCOM\u00daS LO QUE RECIB\u00cd","author":"Alejandro Sosa Ruda","date":"13 julio, 2019","format":false,"excerpt":"El precandidato a intendente de \"Juntos por el Cambio\", Osvaldo Battisacchi, destac\u00f3 la integraci\u00f3n de la lista que encabeza, y se refiri\u00f3 a su anhelo de triunfar en las PASO de agosto y las elecciones generales de octubre. \u201cSoy un agradecido de Chascom\u00fas, de mi profesi\u00f3n, lo que me dio\u2026","rel":"","context":"En \u00abCHASCOM\u00daS\u00bb","block_context":{"text":"CHASCOM\u00daS","link":"https:\/\/larevistadigital.com.ar\/blog\/category\/chascomus\/"},"img":{"alt_text":"","src":"https:\/\/i0.wp.com\/larevistadigital.com.ar\/blog\/wp-content\/uploads\/los-candidatos.jpg?fit=891%2C496&ssl=1&resize=350%2C200","width":350,"height":200,"srcset":"https:\/\/i0.wp.com\/larevistadigital.com.ar\/blog\/wp-content\/uploads\/los-candidatos.jpg?fit=891%2C496&ssl=1&resize=350%2C200 1x, https:\/\/i0.wp.com\/larevistadigital.com.ar\/blog\/wp-content\/uploads\/los-candidatos.jpg?fit=891%2C496&ssl=1&resize=525%2C300 1.5x, https:\/\/i0.wp.com\/larevistadigital.com.ar\/blog\/wp-content\/uploads\/los-candidatos.jpg?fit=891%2C496&ssl=1&resize=700%2C400 2x"},"classes":[]},{"id":24152,"url":"https:\/\/larevistadigital.com.ar\/blog\/se-reitero-el-pedido-de-juntos-por-chascomus-de-la-reparacion-de-las-murallas-costeras\/","url_meta":{"origin":24703,"position":3},"title":"SE REITER\u00d3 EL PEDIDO DE JUNTOS POR CHASCOM\u00daS DE LA REPARACI\u00d3N DE LAS MURALLAS COSTERAS","author":"Alejandro Sosa Ruda","date":"23 febrero, 2022","format":false,"excerpt":"CHASCOM\u00daS -\u00a0 Desde el vecinalismo Juntos Por Chascom\u00fas se reiter\u00f3 la solicitud al Intendente Municipal Javier Gast\u00f3n para la reparaci\u00f3n integral de la muralla de la costanera de nuestra ciudad. La reparaci\u00f3n de la muralla de la laguna es necesaria desde hace a\u00f1os, la bajante genera un momento ideal para\u2026","rel":"","context":"En \u00abINTERES GENERAL\u00bb","block_context":{"text":"INTERES GENERAL","link":"https:\/\/larevistadigital.com.ar\/blog\/category\/interes-general\/"},"img":{"alt_text":"","src":"https:\/\/i0.wp.com\/larevistadigital.com.ar\/blog\/wp-content\/uploads\/272825463_247385134237390_4397378189712938284_n.jpg?fit=600%2C600&ssl=1&resize=350%2C200","width":350,"height":200,"srcset":"https:\/\/i0.wp.com\/larevistadigital.com.ar\/blog\/wp-content\/uploads\/272825463_247385134237390_4397378189712938284_n.jpg?fit=600%2C600&ssl=1&resize=350%2C200 1x, https:\/\/i0.wp.com\/larevistadigital.com.ar\/blog\/wp-content\/uploads\/272825463_247385134237390_4397378189712938284_n.jpg?fit=600%2C600&ssl=1&resize=525%2C300 1.5x"},"classes":[]},{"id":23586,"url":"https:\/\/larevistadigital.com.ar\/blog\/23586-2\/","url_meta":{"origin":24703,"position":4},"title":"CHASCOM\u00daS: PELIGRO EN LA COSTANERA&#8230; \u00bfCUALES SON LAS PRIORIDADES DEL MUNICIPIO?","author":"Alejandro Sosa Ruda","date":"27 enero, 2022","format":false,"excerpt":"CHASCOM\u00daS -\u00a0 En el mes de Septiembre del pasado a\u00f1o, desde la Revista Digital d\u00e1bamos cuenta, otra vez, de la falta de una Pol\u00edtica Tur\u00edstica\u00a0 de la gesti\u00f3n del Profesor Javier Gaston. Ya no \u00e9ramos puntuales analizado una concesi\u00f3n, en esa oportunidad y mediante la publicaci\u00f3n de algunos registros fotogr\u00e1ficos,\u2026","rel":"","context":"En \u00abDESTACADAS\u00bb","block_context":{"text":"DESTACADAS","link":"https:\/\/larevistadigital.com.ar\/blog\/category\/destacadas\/"},"img":{"alt_text":"","src":"https:\/\/i0.wp.com\/larevistadigital.com.ar\/blog\/wp-content\/uploads\/IMG_20211214_084309864-scaled.jpg?fit=1200%2C900&ssl=1&resize=350%2C200","width":350,"height":200,"srcset":"https:\/\/i0.wp.com\/larevistadigital.com.ar\/blog\/wp-content\/uploads\/IMG_20211214_084309864-scaled.jpg?fit=1200%2C900&ssl=1&resize=350%2C200 1x, https:\/\/i0.wp.com\/larevistadigital.com.ar\/blog\/wp-content\/uploads\/IMG_20211214_084309864-scaled.jpg?fit=1200%2C900&ssl=1&resize=525%2C300 1.5x, https:\/\/i0.wp.com\/larevistadigital.com.ar\/blog\/wp-content\/uploads\/IMG_20211214_084309864-scaled.jpg?fit=1200%2C900&ssl=1&resize=700%2C400 2x, https:\/\/i0.wp.com\/larevistadigital.com.ar\/blog\/wp-content\/uploads\/IMG_20211214_084309864-scaled.jpg?fit=1200%2C900&ssl=1&resize=1050%2C600 3x"},"classes":[]},{"id":38969,"url":"https:\/\/larevistadigital.com.ar\/blog\/lorena-escaray-vamos-a-pedir-la-conformacion-de-una-comision-investigadora-para-el-intendente-gaston\/","url_meta":{"origin":24703,"position":5},"title":"Lorena Escaray: \u00abVamos a pedir la conformaci\u00f3n de una Comisi\u00f3n Investigadora para el Intendente Gast\u00f3n\u00bb","author":"Alejandro Sosa Ruda","date":"12 marzo, 2025","format":false,"excerpt":"Es a ra\u00edz de un fallo adverso contra el municipio, por una prescripci\u00f3n administrativa, y los ediles piden explicaciones al respecto. 12 de Marzo de 2025 CHASCOM\u00daS -\u00a0 La concejal de la UCR Lorena Escaray, dialog\u00f3 con Alejandro \u201cEl Tano\u201d Sosa acerca de una situaci\u00f3n donde la justicia fall\u00f3 contra\u2026","rel":"","context":"En \u00abINTERES GENERAL\u00bb","block_context":{"text":"INTERES GENERAL","link":"https:\/\/larevistadigital.com.ar\/blog\/category\/interes-general\/"},"img":{"alt_text":"LORENA ESCARAY","src":"https:\/\/i0.wp.com\/larevistadigital.com.ar\/blog\/wp-content\/uploads\/482137705_2551212085080353_1934895018336512755_n.jpg?fit=1200%2C1200&ssl=1&resize=350%2C200","width":350,"height":200,"srcset":"https:\/\/i0.wp.com\/larevistadigital.com.ar\/blog\/wp-content\/uploads\/482137705_2551212085080353_1934895018336512755_n.jpg?fit=1200%2C1200&ssl=1&resize=350%2C200 1x, https:\/\/i0.wp.com\/larevistadigital.com.ar\/blog\/wp-content\/uploads\/482137705_2551212085080353_1934895018336512755_n.jpg?fit=1200%2C1200&ssl=1&resize=525%2C300 1.5x, https:\/\/i0.wp.com\/larevistadigital.com.ar\/blog\/wp-content\/uploads\/482137705_2551212085080353_1934895018336512755_n.jpg?fit=1200%2C1200&ssl=1&resize=700%2C400 2x, https:\/\/i0.wp.com\/larevistadigital.com.ar\/blog\/wp-content\/uploads\/482137705_2551212085080353_1934895018336512755_n.jpg?fit=1200%2C1200&ssl=1&resize=1050%2C600 3x"},"classes":[]}],"_links":{"self":[{"href":"https:\/\/larevistadigital.com.ar\/blog\/wp-json\/wp\/v2\/posts\/24703","targetHints":{"allow":["GET"]}}],"collection":[{"href":"https:\/\/larevistadigital.com.ar\/blog\/wp-json\/wp\/v2\/posts"}],"about":[{"href":"https:\/\/larevistadigital.com.ar\/blog\/wp-json\/wp\/v2\/types\/post"}],"author":[{"embeddable":true,"href":"https:\/\/larevistadigital.com.ar\/blog\/wp-json\/wp\/v2\/users\/3"}],"replies":[{"embeddable":true,"href":"https:\/\/larevistadigital.com.ar\/blog\/wp-json\/wp\/v2\/comments?post=24703"}],"version-history":[{"count":2,"href":"https:\/\/larevistadigital.com.ar\/blog\/wp-json\/wp\/v2\/posts\/24703\/revisions"}],"predecessor-version":[{"id":24708,"href":"https:\/\/larevistadigital.com.ar\/blog\/wp-json\/wp\/v2\/posts\/24703\/revisions\/24708"}],"wp:featuredmedia":[{"embeddable":true,"href":"https:\/\/larevistadigital.com.ar\/blog\/wp-json\/wp\/v2\/media\/24706"}],"wp:attachment":[{"href":"https:\/\/larevistadigital.com.ar\/blog\/wp-json\/wp\/v2\/media?parent=24703"}],"wp:term":[{"taxonomy":"category","embeddable":true,"href":"https:\/\/larevistadigital.com.ar\/blog\/wp-json\/wp\/v2\/categories?post=24703"},{"taxonomy":"post_tag","embeddable":true,"href":"https:\/\/larevistadigital.com.ar\/blog\/wp-json\/wp\/v2\/tags?post=24703"}],"curies":[{"name":"wp","href":"https:\/\/api.w.org\/{rel}","templated":true}]}}