{"id":2485,"date":"2017-06-22T22:00:15","date_gmt":"2017-06-22T22:00:15","guid":{"rendered":"https:\/\/larevistadigital.com.ar\/blog\/?p=2485"},"modified":"2017-06-22T22:00:15","modified_gmt":"2017-06-22T22:00:15","slug":"cambiemos-en-las-paso-107-distritos-con-lista-de-unidad-16-con-internas-y-12-en-veremos","status":"publish","type":"post","link":"https:\/\/larevistadigital.com.ar\/blog\/cambiemos-en-las-paso-107-distritos-con-lista-de-unidad-16-con-internas-y-12-en-veremos\/","title":{"rendered":"CAMBIEMOS EN LAS PASO: 107 DISTRITOS CON LISTA DE UNIDAD, 16 CON INTERNAS Y 12 EN VEREMOS\u2026"},"content":{"rendered":"<p>La idea de \u201cCambiemos\u201d es llevar la unidad a todos los distritos que sea posible, pero el panorama se presenta complicado en algunos lugares, mientras que en 16 ciudades, la suerte estar\u00eda echada y habr\u00eda enfrentamiento en las PASO.<\/p>\n<blockquote>\n<h3>Seg\u00fan un informe que brinda la revista La Tecla, los distritos que alcanzaron el consenso son 107, mientras que en 16, la interna ser\u00eda irreversible, y en los doce restantes, se est\u00e1 negociando contra reloj para tratar de alcanzar la unidad.<\/h3>\n<\/blockquote>\n<p>Los municipios en los que habr\u00e1 PASO para elegir los candidatos ser\u00edan: Malvinas Argentinas, Exaltaci\u00f3n de la Cruz, San Andr\u00e9s de Giles, Chascom\u00fas, Necochea, La Costa, Tapalqu\u00e9, Bol\u00edvar, Saavedra, Azul, Roque P\u00e9rez, Villa Gesell, Monte, Coronel Pringles, Guamin\u00ed y Salto.<\/p>\n<p>Mientras que los que a\u00fan contin\u00faan las negociaciones y podr\u00edan alcanzar el acuerdo que los une para evitar las primarias de agosto, son: Malvinas Argentinas, Exaltaci\u00f3n de la Cruz, San Andr\u00e9s de Giles, Chascom\u00fas, Necochea, La Costa, Tapalqu\u00e9, Bol\u00edvar, Saavedra, Azul, Roque P\u00e9rez, Villa Gesell, Monte, Coronel Pringles, Guamin\u00ed y Salto.<\/p>\n<p>FUENTE:LATECLA<\/p>\n","protected":false},"excerpt":{"rendered":"<div class=\"mh-excerpt\"><p>La idea de \u201cCambiemos\u201d es llevar la unidad a todos los distritos que sea posible, pero el panorama se presenta complicado en algunos lugares, mientras que en 16 ciudades, la suerte estar\u00eda echada y habr\u00eda <a class=\"mh-excerpt-more\" href=\"https:\/\/larevistadigital.com.ar\/blog\/cambiemos-en-las-paso-107-distritos-con-lista-de-unidad-16-con-internas-y-12-en-veremos\/\" title=\"CAMBIEMOS EN LAS PASO: 107 DISTRITOS CON LISTA DE UNIDAD, 16 CON INTERNAS Y 12 EN VEREMOS\u2026\">[Leer M\u00e1s]<\/a><\/p>\n<\/div>","protected":false},"author":3,"featured_media":2437,"comment_status":"open","ping_status":"open","sticky":false,"template":"","format":"standard","meta":{"_jetpack_memberships_contains_paid_content":false,"footnotes":"","jetpack_publicize_message":"","jetpack_publicize_feature_enabled":true,"jetpack_social_post_already_shared":true,"jetpack_social_options":{"image_generator_settings":{"template":"highway","default_image_id":0,"font":"","enabled":false},"version":2}},"categories":[6,41,12,24],"tags":[],"class_list":{"0":"post-2485","1":"post","2":"type-post","3":"status-publish","4":"format-standard","5":"has-post-thumbnail","7":"category-chascomus","8":"category-destacadas","9":"category-politica","10":"category-politica-provincial"},"jetpack_publicize_connections":[],"jetpack_featured_media_url":"https:\/\/i0.wp.com\/larevistadigital.com.ar\/blog\/wp-content\/uploads\/2017\/06\/elecciones.jpg?fit=800%2C520&ssl=1","jetpack_sharing_enabled":true,"jetpack_shortlink":"https:\/\/wp.me\/p8qtrQ-E5","jetpack-related-posts":[{"id":6079,"url":"https:\/\/larevistadigital.com.ar\/blog\/chascomus-unidad-por-chascomus-manifesto-su-enojo-con-cambiemos-y-con-el-pj-unidad-ciudadana\/","url_meta":{"origin":2485,"position":0},"title":"CHASCOM\u00daS: UNIDAD POR CHASCOM\u00daS MANIFEST\u00d3 SU ENOJO CON CAMBIEMOS Y CON EL PJ-UNIDAD CIUDADANA","author":"Alejandro Sosa Ruda","date":"27 julio, 2018","format":false,"excerpt":"El partido oficialista de Chascom\u00fas, manifest\u00f3 su molestia con los bloques de Cambiemos y Pj-Unidad Ciudadana, ya que no los acompa\u00f1aron en un proyecto de resoluci\u00f3n, apoyando y mostrando el \"benepl\u00e1cito\" por la Kermese organizada por el municipio. As\u00ed lo hicieron saber\u00a0en su p\u00e1gina de facebook, donde sostuvieron que sus\u2026","rel":"","context":"En \u00abCHASCOM\u00daS\u00bb","block_context":{"text":"CHASCOM\u00daS","link":"https:\/\/larevistadigital.com.ar\/blog\/category\/chascomus\/"},"img":{"alt_text":"","src":"https:\/\/i0.wp.com\/larevistadigital.com.ar\/blog\/wp-content\/uploads\/2018\/07\/10999361_733839446736828_775630290126410676_o.jpg?fit=1200%2C848&ssl=1&resize=350%2C200","width":350,"height":200,"srcset":"https:\/\/i0.wp.com\/larevistadigital.com.ar\/blog\/wp-content\/uploads\/2018\/07\/10999361_733839446736828_775630290126410676_o.jpg?fit=1200%2C848&ssl=1&resize=350%2C200 1x, https:\/\/i0.wp.com\/larevistadigital.com.ar\/blog\/wp-content\/uploads\/2018\/07\/10999361_733839446736828_775630290126410676_o.jpg?fit=1200%2C848&ssl=1&resize=525%2C300 1.5x, https:\/\/i0.wp.com\/larevistadigital.com.ar\/blog\/wp-content\/uploads\/2018\/07\/10999361_733839446736828_775630290126410676_o.jpg?fit=1200%2C848&ssl=1&resize=700%2C400 2x, https:\/\/i0.wp.com\/larevistadigital.com.ar\/blog\/wp-content\/uploads\/2018\/07\/10999361_733839446736828_775630290126410676_o.jpg?fit=1200%2C848&ssl=1&resize=1050%2C600 3x"},"classes":[]},{"id":3576,"url":"https:\/\/larevistadigital.com.ar\/blog\/chascomus-ultimo-momento-escrutadas-97-99-mesas-ferrante-casi-dobla-al-segundo\/","url_meta":{"origin":2485,"position":1},"title":"CHASCOM\u00daS: RESULTADOS FINALES. FERRANTE ARRAS\u00d3 Y LOGRAN 4 CONCEJALES.","author":"Alejandro Sosa Ruda","date":"23 octubre, 2017","format":false,"excerpt":"Cuando se han escrutado las 99 mesas del distrito, el candidato a concejal del frente Cambiemos, Ramiro Ferrante obtuvo un \u00e1mplio triunfo, seguido por el candidato Gabriel Macchi de Unidad Ciudadana y en tercer lugar el representante de Unidad por Chascom\u00fas 1 Pa\u00eds, Pablo Francese. Jos\u00e9 Ochoa\u00a0se ubica en el\u2026","rel":"","context":"En \u00abDESTACADAS\u00bb","block_context":{"text":"DESTACADAS","link":"https:\/\/larevistadigital.com.ar\/blog\/category\/destacadas\/"},"img":{"alt_text":"","src":"https:\/\/i0.wp.com\/larevistadigital.com.ar\/blog\/wp-content\/uploads\/2017\/10\/d509ce0e-2c7a-4de7-bcb9-8b09cb3b31f4-1.jpg?fit=359%2C405&ssl=1&resize=350%2C200","width":350,"height":200},"classes":[]},{"id":4191,"url":"https:\/\/larevistadigital.com.ar\/blog\/lezama-asumieron-los-nuevos-ediles\/","url_meta":{"origin":2485,"position":2},"title":"LEZAMA: ASUMIERON LOS NUEVOS EDILES","author":"Alejandro Sosa Ruda","date":"12 diciembre, 2017","format":false,"excerpt":"Como en los otros distritos, asumieron en Lezama los concejales electos en octubre pasado, adem\u00e1s de elegir las nuevas autoridades del Concejo Deliberante. En primer lugar, se realiz\u00f3 el acto de reconocimiento a los Concejales que terminaron su mandato, siendo los mismos,\u00a0\u00a0Mar\u00eda Gabriela Blanco (renov\u00f3 su Banca) y Mat\u00edas Mognone\u2026","rel":"","context":"En \u00abLEZAMA\u00bb","block_context":{"text":"LEZAMA","link":"https:\/\/larevistadigital.com.ar\/blog\/category\/lezama\/"},"img":{"alt_text":"","src":"https:\/\/i0.wp.com\/larevistadigital.com.ar\/blog\/wp-content\/uploads\/2017\/12\/4iv9v.jpg?fit=600%2C595&ssl=1&resize=350%2C200","width":350,"height":200,"srcset":"https:\/\/i0.wp.com\/larevistadigital.com.ar\/blog\/wp-content\/uploads\/2017\/12\/4iv9v.jpg?fit=600%2C595&ssl=1&resize=350%2C200 1x, https:\/\/i0.wp.com\/larevistadigital.com.ar\/blog\/wp-content\/uploads\/2017\/12\/4iv9v.jpg?fit=600%2C595&ssl=1&resize=525%2C300 1.5x"},"classes":[]},{"id":10641,"url":"https:\/\/larevistadigital.com.ar\/blog\/chascomus-ramiro-ferrante-aseguro-que-gaston-se-maneja-de-una-manera-muy-soberbia-deberia-ir-a-las-paso-con-macchi\/","url_meta":{"origin":2485,"position":3},"title":"CHASCOM\u00daS: RAMIRO FERRANTE ASEGUR\u00d3 QUE \u00abGAST\u00d3N SE MANEJA DE UNA MANERA MUY SOBERBIA, DEBER\u00cdA IR A LAS PASO CON MACCHI\u00bb","author":"Alejandro Sosa Ruda","date":"15 junio, 2019","format":false,"excerpt":"El portal de noticias \"Noticia Registrada\", public\u00f3 una nota que hicieron con el pre candidato a Intendente por Cambiemos, Ramiro Ferrante, donde critic\u00f3 duramente al intendente de Chascom\u00fas, Javier Gast\u00f3n por no querer disputar candidaturas con Gabriel Macchi, ampar\u00e1ndose en el acuerdo sellado entre el Sergio Massa y el Frente\u2026","rel":"","context":"En \u00abDESTACADAS\u00bb","block_context":{"text":"DESTACADAS","link":"https:\/\/larevistadigital.com.ar\/blog\/category\/destacadas\/"},"img":{"alt_text":"","src":"https:\/\/i0.wp.com\/larevistadigital.com.ar\/blog\/wp-content\/uploads\/ferrante-ramiro-chascomus-e1536595981355.jpg?fit=864%2C627&ssl=1&resize=350%2C200","width":350,"height":200,"srcset":"https:\/\/i0.wp.com\/larevistadigital.com.ar\/blog\/wp-content\/uploads\/ferrante-ramiro-chascomus-e1536595981355.jpg?fit=864%2C627&ssl=1&resize=350%2C200 1x, https:\/\/i0.wp.com\/larevistadigital.com.ar\/blog\/wp-content\/uploads\/ferrante-ramiro-chascomus-e1536595981355.jpg?fit=864%2C627&ssl=1&resize=525%2C300 1.5x, https:\/\/i0.wp.com\/larevistadigital.com.ar\/blog\/wp-content\/uploads\/ferrante-ramiro-chascomus-e1536595981355.jpg?fit=864%2C627&ssl=1&resize=700%2C400 2x"},"classes":[]},{"id":2555,"url":"https:\/\/larevistadigital.com.ar\/blog\/para-jorge-brucetta-algunos-no-respetaron-el-acuerdo-de-unidad-que-habia-firmado-la-ucr\/","url_meta":{"origin":2485,"position":4},"title":"PARA JORGE BRUCETTA ALGUNOS NO RESPETARON EL ACUERDO DE UNIDAD QUE HAB\u00cdA FIRMADO LA UCR","author":"Alejandro Sosa Ruda","date":"27 junio, 2017","format":false,"excerpt":"En el marco de la campa\u00f1a que ha comenzado con miras a las PASO del pr\u00f3ximo mes de agosto, el concejal de la UCR Jorge Brucetta fue entrevistado en el programa \u201cAtaque de Radio\u201d que se emite los s\u00e1bados por la FM 101.5 de Chascom\u00fas, en donde dijo como primera\u2026","rel":"","context":"En \u00abCHASCOM\u00daS\u00bb","block_context":{"text":"CHASCOM\u00daS","link":"https:\/\/larevistadigital.com.ar\/blog\/category\/chascomus\/"},"img":{"alt_text":"","src":"https:\/\/i0.wp.com\/larevistadigital.com.ar\/blog\/wp-content\/uploads\/2017\/06\/11999063_465870103586426_3421012546111130436_n.jpg?fit=960%2C540&ssl=1&resize=350%2C200","width":350,"height":200,"srcset":"https:\/\/i0.wp.com\/larevistadigital.com.ar\/blog\/wp-content\/uploads\/2017\/06\/11999063_465870103586426_3421012546111130436_n.jpg?fit=960%2C540&ssl=1&resize=350%2C200 1x, https:\/\/i0.wp.com\/larevistadigital.com.ar\/blog\/wp-content\/uploads\/2017\/06\/11999063_465870103586426_3421012546111130436_n.jpg?fit=960%2C540&ssl=1&resize=525%2C300 1.5x, https:\/\/i0.wp.com\/larevistadigital.com.ar\/blog\/wp-content\/uploads\/2017\/06\/11999063_465870103586426_3421012546111130436_n.jpg?fit=960%2C540&ssl=1&resize=700%2C400 2x"},"classes":[]},{"id":3590,"url":"https:\/\/larevistadigital.com.ar\/blog\/pila-triunfo-unidad-ciudadana\/","url_meta":{"origin":2485,"position":5},"title":"PILA: TRIUNFO DE UNIDAD CIUDADANA","author":"Alejandro Sosa Ruda","date":"23 octubre, 2017","format":false,"excerpt":"Escrutadas las doce mesas de la ciudad, Unidad Ciudadana se impuso en el comicio, seguido de Cambiemos y quedando 1Pa\u00eds en el tercer lugar. Estos fueron los resultados: 1\u00b0 UNIDAD CIUDADANA..................................................................................1.195 VOTOS (47,33%) 2\u00b0 CAMBIEMOS BUENOS AIRES....................................................................1.118 VOTOS (44,28%) 3\u00b0 1 PA\u00cdS.................................................................................................................\u00a0 \u00a0212 VOTOS (8,40%)","rel":"","context":"En \u00abPILA\u00bb","block_context":{"text":"PILA","link":"https:\/\/larevistadigital.com.ar\/blog\/category\/pila\/"},"img":{"alt_text":"","src":"https:\/\/i0.wp.com\/larevistadigital.com.ar\/blog\/wp-content\/uploads\/2017\/10\/urna.jpg?fit=990%2C871&ssl=1&resize=350%2C200","width":350,"height":200,"srcset":"https:\/\/i0.wp.com\/larevistadigital.com.ar\/blog\/wp-content\/uploads\/2017\/10\/urna.jpg?fit=990%2C871&ssl=1&resize=350%2C200 1x, https:\/\/i0.wp.com\/larevistadigital.com.ar\/blog\/wp-content\/uploads\/2017\/10\/urna.jpg?fit=990%2C871&ssl=1&resize=525%2C300 1.5x, https:\/\/i0.wp.com\/larevistadigital.com.ar\/blog\/wp-content\/uploads\/2017\/10\/urna.jpg?fit=990%2C871&ssl=1&resize=700%2C400 2x"},"classes":[]}],"_links":{"self":[{"href":"https:\/\/larevistadigital.com.ar\/blog\/wp-json\/wp\/v2\/posts\/2485","targetHints":{"allow":["GET"]}}],"collection":[{"href":"https:\/\/larevistadigital.com.ar\/blog\/wp-json\/wp\/v2\/posts"}],"about":[{"href":"https:\/\/larevistadigital.com.ar\/blog\/wp-json\/wp\/v2\/types\/post"}],"author":[{"embeddable":true,"href":"https:\/\/larevistadigital.com.ar\/blog\/wp-json\/wp\/v2\/users\/3"}],"replies":[{"embeddable":true,"href":"https:\/\/larevistadigital.com.ar\/blog\/wp-json\/wp\/v2\/comments?post=2485"}],"version-history":[{"count":1,"href":"https:\/\/larevistadigital.com.ar\/blog\/wp-json\/wp\/v2\/posts\/2485\/revisions"}],"predecessor-version":[{"id":2486,"href":"https:\/\/larevistadigital.com.ar\/blog\/wp-json\/wp\/v2\/posts\/2485\/revisions\/2486"}],"wp:featuredmedia":[{"embeddable":true,"href":"https:\/\/larevistadigital.com.ar\/blog\/wp-json\/wp\/v2\/media\/2437"}],"wp:attachment":[{"href":"https:\/\/larevistadigital.com.ar\/blog\/wp-json\/wp\/v2\/media?parent=2485"}],"wp:term":[{"taxonomy":"category","embeddable":true,"href":"https:\/\/larevistadigital.com.ar\/blog\/wp-json\/wp\/v2\/categories?post=2485"},{"taxonomy":"post_tag","embeddable":true,"href":"https:\/\/larevistadigital.com.ar\/blog\/wp-json\/wp\/v2\/tags?post=2485"}],"curies":[{"name":"wp","href":"https:\/\/api.w.org\/{rel}","templated":true}]}}