{"id":2490,"date":"2017-06-23T21:50:00","date_gmt":"2017-06-23T21:50:00","guid":{"rendered":"https:\/\/larevistadigital.com.ar\/blog\/?p=2490"},"modified":"2017-06-23T21:50:00","modified_gmt":"2017-06-23T21:50:00","slug":"massa-espera-la-decision-de-cristina-para-confirmar-la-lista-en-la-provincia-de-buenos-aires","status":"publish","type":"post","link":"https:\/\/larevistadigital.com.ar\/blog\/massa-espera-la-decision-de-cristina-para-confirmar-la-lista-en-la-provincia-de-buenos-aires\/","title":{"rendered":"MASSA ESPERA LA DECISI\u00d3N DE CRISTINA PARA CONFIRMAR LA LISTA EN LA PROVINCIA DE BUENOS AIRES"},"content":{"rendered":"<p><strong>Graciela Caama\u00f1o<\/strong>, diputada y jefa de campa\u00f1a de 1pa\u00eds, asegur\u00f3 que el l\u00edder de ese espacio, Sergio Massa va a esperar <strong><em>\u00aba que defina La C\u00e1mpora y su jefa Cristina\u00bb<\/em><\/strong> <strong>Kirchner<\/strong> para hablar de las candidaturas en la provincia de Buenos Aires.<\/p>\n<blockquote>\n<h3>Si bien, esto podr\u00eda terminar con una candidatura de <strong>Massa<\/strong> a senador bonaerense, tambi\u00e9n debemos recordad que el espacio mantiene un total hermetismo a ese respecto y que en el acto de San Mart\u00edn d\u00edas atr\u00e1s subi\u00f3 al escenario a figuras que seg\u00fan se dijo, ser\u00e1n candidatos.<\/h3>\n<\/blockquote>\n<p>En la foto lo acompa\u00f1an su esposa, <strong>Malena Galmarini<\/strong>, y tambi\u00e9n <strong>Margarita Stolbizer<\/strong>. <strong>Felipe Sol\u00e1<\/strong> es uno de los nombres que en el Frente Renovador aseguran va a competir y tambi\u00e9n mencionan a <strong>Diego Gorgal<\/strong> entre los dirigentes con lugar asegurado.<\/p>\n<p>La jugada de <strong>Massa<\/strong>, ser\u00eda garantizarles la renovaci\u00f3n a los que tienen cargos seccionales. Entre esos nombres descartan <strong>a H\u00e9ctor Daer<\/strong> -que salt\u00f3 a las filas de <strong>Florencio Randazzo<\/strong>&#8211; y el \u00abVasco\u00bb <strong>De Mendiguren<\/strong>.<\/p>\n<p>Ante el anuncio de <strong>Caama\u00f1o<\/strong>, se cancel\u00f3 la conferencia que estaba pautada para ma\u00f1ana a las 12 en Tigre.<\/p>\n<p>&nbsp;<\/p>\n","protected":false},"excerpt":{"rendered":"<div class=\"mh-excerpt\"><p>Graciela Caama\u00f1o, diputada y jefa de campa\u00f1a de 1pa\u00eds, asegur\u00f3 que el l\u00edder de ese espacio, Sergio Massa va a esperar \u00aba que defina La C\u00e1mpora y su jefa Cristina\u00bb Kirchner para hablar de las <a class=\"mh-excerpt-more\" href=\"https:\/\/larevistadigital.com.ar\/blog\/massa-espera-la-decision-de-cristina-para-confirmar-la-lista-en-la-provincia-de-buenos-aires\/\" title=\"MASSA ESPERA LA DECISI\u00d3N DE CRISTINA PARA CONFIRMAR LA LISTA EN LA PROVINCIA DE BUENOS AIRES\">[Leer M\u00e1s]<\/a><\/p>\n<\/div>","protected":false},"author":3,"featured_media":2491,"comment_status":"open","ping_status":"open","sticky":false,"template":"","format":"standard","meta":{"_jetpack_memberships_contains_paid_content":false,"footnotes":"","jetpack_publicize_message":"","jetpack_publicize_feature_enabled":true,"jetpack_social_post_already_shared":true,"jetpack_social_options":{"image_generator_settings":{"template":"highway","default_image_id":0,"font":"","enabled":false},"version":2}},"categories":[41,12,24],"tags":[],"class_list":{"0":"post-2490","1":"post","2":"type-post","3":"status-publish","4":"format-standard","5":"has-post-thumbnail","7":"category-destacadas","8":"category-politica","9":"category-politica-provincial"},"jetpack_publicize_connections":[],"jetpack_featured_media_url":"https:\/\/i0.wp.com\/larevistadigital.com.ar\/blog\/wp-content\/uploads\/2017\/06\/594d80f832ac6_658_357.jpg?fit=658%2C357&ssl=1","jetpack_sharing_enabled":true,"jetpack_shortlink":"https:\/\/wp.me\/p8qtrQ-Ea","jetpack-related-posts":[{"id":1906,"url":"https:\/\/larevistadigital.com.ar\/blog\/cristina-y-lilita-cabeza-a-cabeza-en-la-provincia\/","url_meta":{"origin":2490,"position":0},"title":"CRISTINA Y LILITA CABEZA A CABEZA EN LA PROVINCIA","author":"Alejandro Sosa Ruda","date":"7 abril, 2017","format":false,"excerpt":"Seg\u00fan informa el sitio web latecla.info se dio a conocer una encuesta preelectoral de la consultora \u201cOpina Argentina\u201d en la que d\u00e1 como resultado un empate t\u00e9cnico entre Elisa Carri\u00f3 y Cristina Fern\u00e1ndez de Kirchner en un eventual cruce en las pr\u00f3ximas elecciones legislativas en la provincia de Buenos Aires.\u2026","rel":"","context":"En \u00abDESTACADAS\u00bb","block_context":{"text":"DESTACADAS","link":"https:\/\/larevistadigital.com.ar\/blog\/category\/destacadas\/"},"img":{"alt_text":"","src":"https:\/\/i0.wp.com\/larevistadigital.com.ar\/blog\/wp-content\/uploads\/2017\/04\/68584_3.jpg?fit=728%2C500&ssl=1&resize=350%2C200","width":350,"height":200,"srcset":"https:\/\/i0.wp.com\/larevistadigital.com.ar\/blog\/wp-content\/uploads\/2017\/04\/68584_3.jpg?fit=728%2C500&ssl=1&resize=350%2C200 1x, https:\/\/i0.wp.com\/larevistadigital.com.ar\/blog\/wp-content\/uploads\/2017\/04\/68584_3.jpg?fit=728%2C500&ssl=1&resize=525%2C300 1.5x, https:\/\/i0.wp.com\/larevistadigital.com.ar\/blog\/wp-content\/uploads\/2017\/04\/68584_3.jpg?fit=728%2C500&ssl=1&resize=700%2C400 2x"},"classes":[]},{"id":469,"url":"https:\/\/larevistadigital.com.ar\/blog\/primeras-encuestas-massa-saca-ventaja-provincia-seguido-cristina-kirchner\/","url_meta":{"origin":2490,"position":1},"title":"Primeras encuestas: Massa saca ventaja en provincia, seguido por Cristina Kirchner","author":"Alejandro Sosa Ruda","date":"1 marzo, 2017","format":false,"excerpt":"Los primeros sondeos con respecto a la elecci\u00f3n de Octubre, dan como ganador a Sergio Massa, seguido por la ex presidente. El oficialismo ocupa el tercer lugar. Si bien faltan ocho meses para los comicios intermedios, ya han comenzado a salir a la luz las primeras mediciones pronosticando las preferencias\u2026","rel":"","context":"En \u00abPOLITICA\u00bb","block_context":{"text":"POLITICA","link":"https:\/\/larevistadigital.com.ar\/blog\/category\/politica\/"},"img":{"alt_text":"","src":"https:\/\/i0.wp.com\/larevistadigital.com.ar\/blog\/wp-content\/uploads\/2017\/03\/pincipalpn010317ms.jpg?fit=1200%2C674&ssl=1&resize=350%2C200","width":350,"height":200,"srcset":"https:\/\/i0.wp.com\/larevistadigital.com.ar\/blog\/wp-content\/uploads\/2017\/03\/pincipalpn010317ms.jpg?fit=1200%2C674&ssl=1&resize=350%2C200 1x, https:\/\/i0.wp.com\/larevistadigital.com.ar\/blog\/wp-content\/uploads\/2017\/03\/pincipalpn010317ms.jpg?fit=1200%2C674&ssl=1&resize=525%2C300 1.5x, https:\/\/i0.wp.com\/larevistadigital.com.ar\/blog\/wp-content\/uploads\/2017\/03\/pincipalpn010317ms.jpg?fit=1200%2C674&ssl=1&resize=700%2C400 2x, https:\/\/i0.wp.com\/larevistadigital.com.ar\/blog\/wp-content\/uploads\/2017\/03\/pincipalpn010317ms.jpg?fit=1200%2C674&ssl=1&resize=1050%2C600 3x"},"classes":[]},{"id":10689,"url":"https:\/\/larevistadigital.com.ar\/blog\/primicia-de-lrd-gabriel-macchi-firmando-ahora-su-lista-y-pronto-a-viajar-a-buenos-aires-habra-interna-con-unidad-por-chascomus\/","url_meta":{"origin":2490,"position":2},"title":"PRIMICIA DE LRD: GABRIEL MACCHI FIRMANDO AHORA SU LISTA Y PRONTO A VIAJAR A BUENOS AIRES. HABR\u00c1 INTERNA CON UNIDAD POR CHASCOM\u00daS","author":"Alejandro Sosa Ruda","date":"21 junio, 2019","format":false,"excerpt":"Esto se estar\u00eda desarrollando casi en este momento, donde el Presidente del\u00a0 PJ local estar\u00eda por viajar a Buenos Aires a presentar su lista que ser\u00e1 completa (es decir, con Axel Kicillof como candidato a gobernador de la Provincia de Buenos Aires, y Alberto Fernandez como candidato a presidente). Al\u2026","rel":"","context":"En \u00abDESTACADAS\u00bb","block_context":{"text":"DESTACADAS","link":"https:\/\/larevistadigital.com.ar\/blog\/category\/destacadas\/"},"img":{"alt_text":"","src":"https:\/\/i0.wp.com\/larevistadigital.com.ar\/blog\/wp-content\/uploads\/Sin-t%C3%ADtulo-1-1.jpg?fit=1000%2C800&ssl=1&resize=350%2C200","width":350,"height":200,"srcset":"https:\/\/i0.wp.com\/larevistadigital.com.ar\/blog\/wp-content\/uploads\/Sin-t%C3%ADtulo-1-1.jpg?fit=1000%2C800&ssl=1&resize=350%2C200 1x, https:\/\/i0.wp.com\/larevistadigital.com.ar\/blog\/wp-content\/uploads\/Sin-t%C3%ADtulo-1-1.jpg?fit=1000%2C800&ssl=1&resize=525%2C300 1.5x, https:\/\/i0.wp.com\/larevistadigital.com.ar\/blog\/wp-content\/uploads\/Sin-t%C3%ADtulo-1-1.jpg?fit=1000%2C800&ssl=1&resize=700%2C400 2x"},"classes":[]},{"id":29804,"url":"https:\/\/larevistadigital.com.ar\/blog\/para-grabois-wade-de-pedro-es-su-candidato-a-presidente\/","url_meta":{"origin":2490,"position":3},"title":"PARA GRABOIS, WADE DE PEDRO ES SU CANDIDATO A PRESIDENTE","author":"Alejandro Sosa Ruda","date":"18 enero, 2023","format":false,"excerpt":"El l\u00edder del Movimiento de Trabajadores Excluidos (MTE), Juan Grabois, afirm\u00f3\u00a0 que su candidato a presidente es el ministro del Interior, Eduardo \"Wado\" de Pedro, y reivindic\u00f3 la unidad del Frente de Todos (FdT) para las pr\u00f3ximas elecciones. 18 de enero de 2023 En declaraciones a El Destape Radio, Grabois\u2026","rel":"","context":"En \u00abINTERES GENERAL\u00bb","block_context":{"text":"INTERES GENERAL","link":"https:\/\/larevistadigital.com.ar\/blog\/category\/interes-general\/"},"img":{"alt_text":"","src":"https:\/\/i0.wp.com\/larevistadigital.com.ar\/blog\/wp-content\/uploads\/20230117175636_wado-de-pedro-francisco-grabois.jpg?fit=880%2C512&ssl=1&resize=350%2C200","width":350,"height":200,"srcset":"https:\/\/i0.wp.com\/larevistadigital.com.ar\/blog\/wp-content\/uploads\/20230117175636_wado-de-pedro-francisco-grabois.jpg?fit=880%2C512&ssl=1&resize=350%2C200 1x, https:\/\/i0.wp.com\/larevistadigital.com.ar\/blog\/wp-content\/uploads\/20230117175636_wado-de-pedro-francisco-grabois.jpg?fit=880%2C512&ssl=1&resize=525%2C300 1.5x, https:\/\/i0.wp.com\/larevistadigital.com.ar\/blog\/wp-content\/uploads\/20230117175636_wado-de-pedro-francisco-grabois.jpg?fit=880%2C512&ssl=1&resize=700%2C400 2x"},"classes":[]},{"id":856,"url":"https:\/\/larevistadigital.com.ar\/blog\/se-agranda-fpv-maximo-kirchner-llamo-construir-mayorias\/","url_meta":{"origin":2490,"position":4},"title":"\u00bfSe agranda el FPV?&#8230;M\u00e1ximo Kirchner llam\u00f3 a \u201cconstruir mayor\u00edas\u201d","author":"Alejandro Sosa Ruda","date":"9 marzo, 2017","format":false,"excerpt":"De esta manera marcaron coincidencias con \u201cel chino\u201d Navarro de cara a la pr\u00f3xima elecci\u00f3n de octubre. \u201cSi nos ponemos de acuerdo, no va a haber problema en construir una unidad, no electoral, sino del modelo de pa\u00eds\u201d, sostuvo el hijo de Cristina en declaraciones radiales. Tambi\u00e9n, sostuvo que \u201cEsta\u2026","rel":"","context":"En \u00abPOLITICA\u00bb","block_context":{"text":"POLITICA","link":"https:\/\/larevistadigital.com.ar\/blog\/category\/politica\/"},"img":{"alt_text":"","src":"https:\/\/i0.wp.com\/larevistadigital.com.ar\/blog\/wp-content\/uploads\/2017\/03\/Maximo_4_0.jpg?fit=1200%2C793&ssl=1&resize=350%2C200","width":350,"height":200,"srcset":"https:\/\/i0.wp.com\/larevistadigital.com.ar\/blog\/wp-content\/uploads\/2017\/03\/Maximo_4_0.jpg?fit=1200%2C793&ssl=1&resize=350%2C200 1x, https:\/\/i0.wp.com\/larevistadigital.com.ar\/blog\/wp-content\/uploads\/2017\/03\/Maximo_4_0.jpg?fit=1200%2C793&ssl=1&resize=525%2C300 1.5x, https:\/\/i0.wp.com\/larevistadigital.com.ar\/blog\/wp-content\/uploads\/2017\/03\/Maximo_4_0.jpg?fit=1200%2C793&ssl=1&resize=700%2C400 2x, https:\/\/i0.wp.com\/larevistadigital.com.ar\/blog\/wp-content\/uploads\/2017\/03\/Maximo_4_0.jpg?fit=1200%2C793&ssl=1&resize=1050%2C600 3x"},"classes":[]},{"id":6464,"url":"https:\/\/larevistadigital.com.ar\/blog\/algo-se-rompio-sorpresiva-critica-de-guillermo-moreno-a-cristina-fernandez\/","url_meta":{"origin":2490,"position":5},"title":"\u00bfALGO SE ROMPI\u00d3?&#8230; SORPRESIVA CR\u00cdTICA DE GUILLERMO MORENO A CRISTINA FERNANDEZ","author":"Alejandro Sosa Ruda","date":"14 septiembre, 2018","format":false,"excerpt":"De manera sorpresiva, Guillermo Moreno, uno de los soldados m\u00e1s fieles y ac\u00e9rrimos defensores de la ex presidente Cristina Fern\u00e1ndez de Kirchner, que adem\u00e1s fuera el Secretario de Comercio de su gobierno, esboz\u00f3 algunas cr\u00edticas contra su \u00bfex? Jefa. Todo sucedi\u00f3 durante un di\u00e1logo con la militante kirchnerista\u00a0Nicole Gonz\u00e1lez\u00a0en el\u2026","rel":"","context":"En \u00abPOLITICA\u00bb","block_context":{"text":"POLITICA","link":"https:\/\/larevistadigital.com.ar\/blog\/category\/politica\/"},"img":{"alt_text":"","src":"https:\/\/i0.wp.com\/larevistadigital.com.ar\/blog\/wp-content\/uploads\/2018\/09\/Screenshot_1.jpg?fit=859%2C442&ssl=1&resize=350%2C200","width":350,"height":200,"srcset":"https:\/\/i0.wp.com\/larevistadigital.com.ar\/blog\/wp-content\/uploads\/2018\/09\/Screenshot_1.jpg?fit=859%2C442&ssl=1&resize=350%2C200 1x, https:\/\/i0.wp.com\/larevistadigital.com.ar\/blog\/wp-content\/uploads\/2018\/09\/Screenshot_1.jpg?fit=859%2C442&ssl=1&resize=525%2C300 1.5x, https:\/\/i0.wp.com\/larevistadigital.com.ar\/blog\/wp-content\/uploads\/2018\/09\/Screenshot_1.jpg?fit=859%2C442&ssl=1&resize=700%2C400 2x"},"classes":[]}],"_links":{"self":[{"href":"https:\/\/larevistadigital.com.ar\/blog\/wp-json\/wp\/v2\/posts\/2490","targetHints":{"allow":["GET"]}}],"collection":[{"href":"https:\/\/larevistadigital.com.ar\/blog\/wp-json\/wp\/v2\/posts"}],"about":[{"href":"https:\/\/larevistadigital.com.ar\/blog\/wp-json\/wp\/v2\/types\/post"}],"author":[{"embeddable":true,"href":"https:\/\/larevistadigital.com.ar\/blog\/wp-json\/wp\/v2\/users\/3"}],"replies":[{"embeddable":true,"href":"https:\/\/larevistadigital.com.ar\/blog\/wp-json\/wp\/v2\/comments?post=2490"}],"version-history":[{"count":1,"href":"https:\/\/larevistadigital.com.ar\/blog\/wp-json\/wp\/v2\/posts\/2490\/revisions"}],"predecessor-version":[{"id":2492,"href":"https:\/\/larevistadigital.com.ar\/blog\/wp-json\/wp\/v2\/posts\/2490\/revisions\/2492"}],"wp:featuredmedia":[{"embeddable":true,"href":"https:\/\/larevistadigital.com.ar\/blog\/wp-json\/wp\/v2\/media\/2491"}],"wp:attachment":[{"href":"https:\/\/larevistadigital.com.ar\/blog\/wp-json\/wp\/v2\/media?parent=2490"}],"wp:term":[{"taxonomy":"category","embeddable":true,"href":"https:\/\/larevistadigital.com.ar\/blog\/wp-json\/wp\/v2\/categories?post=2490"},{"taxonomy":"post_tag","embeddable":true,"href":"https:\/\/larevistadigital.com.ar\/blog\/wp-json\/wp\/v2\/tags?post=2490"}],"curies":[{"name":"wp","href":"https:\/\/api.w.org\/{rel}","templated":true}]}}