{"id":2493,"date":"2017-06-23T22:17:27","date_gmt":"2017-06-23T22:17:27","guid":{"rendered":"https:\/\/larevistadigital.com.ar\/blog\/?p=2493"},"modified":"2017-06-23T22:17:27","modified_gmt":"2017-06-23T22:17:27","slug":"manana-randazzo-define-sus-candidatos-seccionales","status":"publish","type":"post","link":"https:\/\/larevistadigital.com.ar\/blog\/manana-randazzo-define-sus-candidatos-seccionales\/","title":{"rendered":"MA\u00d1ANA RANDAZZO DEFINE SUS CANDIDATOS SECCIONALES"},"content":{"rendered":"<p>Aunque se sabe que nada estar\u00e1 cerrado hasta las cero horas del d\u00eda domingo, lo que s\u00ed es seguro desde el randazzismo son dos cosas: primero que <strong>Randazzo<\/strong> no se baja, y segundo que hao hora y lugar de cierre.<\/p>\n<blockquote>\n<h3>La cita ser\u00e1 ma\u00f1ana a las 14 hs. y participar\u00e1n los doce intendentes que apoyan la candidatura del ex ministro de transportes, en el \u00a0Palacio Raggio de San Telmo, el b\u00fanker randazzista, donde cerrar\u00e1n los nombres en puja para cada secci\u00f3n electoral. Las listas las presentan en la sede de la UOM, en Alsina 485, donde opera la Junta Electoral del frente Justicialista.<\/h3>\n<\/blockquote>\n<p>Por la Primera secci\u00f3n quien aparece por ahora al tope de la lista de senadores es el actual legislador <strong>Fernando Moreira<\/strong>, estrechamente vinculado al intendente de San Mart\u00edn, <strong>Gabriel Katopodis<\/strong>. Siempre y cuando los rumores de una salida de <strong>Katopodis <\/strong>no terminen por confirmarse. Hasta ahora, desde el espacio del intendente aseguran que \u201csigue con el Flaco\u201d.<\/p>\n<p>En la segunda para encabezar la n\u00f3mina de diputados figura el nicole\u00f1o <strong>Andr\u00e9s Quinteros<\/strong>. El intendente <strong>Ricardo \u00abPito\u00bb Casi<\/strong> tambi\u00e9n expres\u00f3 sus intenciones de ser candidato por esta secci\u00f3n. En tanto, es una inc\u00f3gnita el primero de la Tercera, basti\u00f3n del kirchnerismo.<\/p>\n<p>En la Cuarta, la cabeza de la n\u00f3mina para la C\u00e1mara alta quedar\u00eda para el senador <strong>Norberto Garc\u00eda<\/strong>, de Chivilcoy, mientras que en la Quinta ser\u00eda el exdiputado y ex intendente de General Belgrano, <strong>Germ\u00e1n Cestona<\/strong>.<\/p>\n<p>En la Sexta parec\u00eda cantada la b\u00fasqueda de renovaci\u00f3n del diputado bahiense <strong>Marcelo Feli\u00fa<\/strong>. Sin embargo, en las \u00faltimas horas creci\u00f3 la versi\u00f3n de que <strong>Feli\u00fa<\/strong> terminar\u00eda al tope de la lista de concejales de Bah\u00eda Blanca, y en ese caso ser\u00e1 otra persona quien encabece la lista de diputados provinciales. Al grupo reportan, entre otros el diputado <strong>Ricardo Moccero<\/strong>, el exsenador <strong>Alejandroi Dicchiara<\/strong>, y los intendentes <strong>Marcos Fern\u00e1ndez<\/strong>, <strong>Marcelo Santill\u00e1n<\/strong> y <strong>Alfredo Fisher<\/strong>.<\/p>\n<p>El armado de la lista de la S\u00e9ptima quedar\u00e1 a cargo de <strong>Eduardo Bucca<\/strong>. El sector sufri\u00f3 un cimbronazo con la salida de <strong>Jos\u00e9 Eseverri<\/strong>, quien peg\u00f3 la vuelta al massismo.<\/p>\n<p>En la Octava, en tanto, el randazzismo podr\u00eda ir a internas. Por un lado <strong>Federico Martelli<\/strong> hizo reserva de boleta; y por el mismo camino transit\u00f3 el gremialista <strong>Pedro Borgini<\/strong>. En este caso, <strong>Borgini <\/strong>y <strong>Gustavo Di Marzio<\/strong> (del Movimiento evita) pujan por ser el uno en la n\u00f3mina de diputados por la capital provincial.<\/p>\n<p><strong>FUENTE:LATECLA<\/strong><\/p>\n","protected":false},"excerpt":{"rendered":"<div class=\"mh-excerpt\"><p>Aunque se sabe que nada estar\u00e1 cerrado hasta las cero horas del d\u00eda domingo, lo que s\u00ed es seguro desde el randazzismo son dos cosas: primero que Randazzo no se baja, y segundo que hao <a class=\"mh-excerpt-more\" href=\"https:\/\/larevistadigital.com.ar\/blog\/manana-randazzo-define-sus-candidatos-seccionales\/\" title=\"MA\u00d1ANA RANDAZZO DEFINE SUS CANDIDATOS SECCIONALES\">[Leer M\u00e1s]<\/a><\/p>\n<\/div>","protected":false},"author":3,"featured_media":2494,"comment_status":"open","ping_status":"open","sticky":false,"template":"","format":"standard","meta":{"_jetpack_memberships_contains_paid_content":false,"footnotes":"","jetpack_publicize_message":"","jetpack_publicize_feature_enabled":true,"jetpack_social_post_already_shared":true,"jetpack_social_options":{"image_generator_settings":{"template":"highway","default_image_id":0,"font":"","enabled":false},"version":2}},"categories":[41,12,24],"tags":[],"class_list":{"0":"post-2493","1":"post","2":"type-post","3":"status-publish","4":"format-standard","5":"has-post-thumbnail","7":"category-destacadas","8":"category-politica","9":"category-politica-provincial"},"jetpack_publicize_connections":[],"jetpack_featured_media_url":"https:\/\/i0.wp.com\/larevistadigital.com.ar\/blog\/wp-content\/uploads\/2017\/06\/71422_3.jpg?fit=862%2C527&ssl=1","jetpack_sharing_enabled":true,"jetpack_shortlink":"https:\/\/wp.me\/p8qtrQ-Ed","jetpack-related-posts":[{"id":21376,"url":"https:\/\/larevistadigital.com.ar\/blog\/randazzo-visita-manana-chascomus-en-apoyo-a-la-dirigente-beatriz-de-leon\/","url_meta":{"origin":2493,"position":0},"title":"RANDAZZO VISITA MA\u00d1ANA CHASCOM\u00daS, MOSTRANDO APOYO A LA DIRIGENTE BEATRIZ DE LE\u00d3N","author":"Alejandro Sosa Ruda","date":"4 agosto, 2021","format":false,"excerpt":"CHASCOM\u00daS -\u00a0 El precandidato a diputado nacional Florencio Randazzo estar\u00e1 llegando a Chascom\u00fas en horas de la tarde en su recorrida por la provincia, acompa\u00f1ado por qui\u00e9n es su compa\u00f1era de f\u00f3rmula Carolina Castro , industrial y miembro de la UIA ( Comit\u00e9 Ejecutivo de la Uni\u00f3n Industrial Argentina). Tambi\u00e9n\u2026","rel":"","context":"En \u00abINTERES GENERAL\u00bb","block_context":{"text":"INTERES GENERAL","link":"https:\/\/larevistadigital.com.ar\/blog\/category\/interes-general\/"},"img":{"alt_text":"","src":"https:\/\/i0.wp.com\/larevistadigital.com.ar\/blog\/wp-content\/uploads\/60fa035b2eb1f_1004x565.jpg?fit=1004%2C565&ssl=1&resize=350%2C200","width":350,"height":200,"srcset":"https:\/\/i0.wp.com\/larevistadigital.com.ar\/blog\/wp-content\/uploads\/60fa035b2eb1f_1004x565.jpg?fit=1004%2C565&ssl=1&resize=350%2C200 1x, https:\/\/i0.wp.com\/larevistadigital.com.ar\/blog\/wp-content\/uploads\/60fa035b2eb1f_1004x565.jpg?fit=1004%2C565&ssl=1&resize=525%2C300 1.5x, https:\/\/i0.wp.com\/larevistadigital.com.ar\/blog\/wp-content\/uploads\/60fa035b2eb1f_1004x565.jpg?fit=1004%2C565&ssl=1&resize=700%2C400 2x"},"classes":[]},{"id":2401,"url":"https:\/\/larevistadigital.com.ar\/blog\/el-pj-habilito-a-randazzo-y-cristina-va-por-afuera-con-frente-propio\/","url_meta":{"origin":2493,"position":1},"title":"EL PJ HABILIT\u00d3 A RANDAZZO Y CRISTINA VA POR \u201cAFUERA\u201d CON FRENTE PROPIO","author":"Alejandro Sosa Ruda","date":"14 junio, 2017","format":false,"excerpt":"El PJ de la provincia de Buenos Aires, dio aviso a trav\u00e9s de una carta que lleva la firma de la apoderada del mismo, que no ser\u00e1 de la partida dentro del Frente para la Victoria, y habilit\u00f3 a Florencio Randazzo a jugar dentro del partido, inst\u00e1ndolo a presentar los\u2026","rel":"","context":"En \u00abDESTACADAS\u00bb","block_context":{"text":"DESTACADAS","link":"https:\/\/larevistadigital.com.ar\/blog\/category\/destacadas\/"},"img":{"alt_text":"","src":"https:\/\/i0.wp.com\/larevistadigital.com.ar\/blog\/wp-content\/uploads\/2017\/06\/590bc32b4bd95_324x182.jpg?fit=650%2C365&ssl=1&resize=350%2C200","width":350,"height":200,"srcset":"https:\/\/i0.wp.com\/larevistadigital.com.ar\/blog\/wp-content\/uploads\/2017\/06\/590bc32b4bd95_324x182.jpg?fit=650%2C365&ssl=1&resize=350%2C200 1x, https:\/\/i0.wp.com\/larevistadigital.com.ar\/blog\/wp-content\/uploads\/2017\/06\/590bc32b4bd95_324x182.jpg?fit=650%2C365&ssl=1&resize=525%2C300 1.5x"},"classes":[]},{"id":2335,"url":"https:\/\/larevistadigital.com.ar\/blog\/randazzo-prepara-su-tropa-y-no-se-deja-amedrentar\/","url_meta":{"origin":2493,"position":2},"title":"RANDAZZO PREPARA SU TROPA Y NO SE DEJA AMEDRENTAR","author":"Alejandro Sosa Ruda","date":"9 junio, 2017","format":false,"excerpt":"Es tiempo de incertidumbre y dudas en el Partido Justicialista. Cristina a\u00fan no confirma su participaci\u00f3n en las pr\u00f3ximas elecciones, pero se especula que ir\u00eda encabezando un frente ciudadano, mientras que Florencio Randazzo no cede en su postura de participar de las PASO. Pese a que algunos kirchneristas supon\u00edan que,\u2026","rel":"","context":"En \u00abCHASCOM\u00daS\u00bb","block_context":{"text":"CHASCOM\u00daS","link":"https:\/\/larevistadigital.com.ar\/blog\/category\/chascomus\/"},"img":{"alt_text":"","src":"https:\/\/i0.wp.com\/larevistadigital.com.ar\/blog\/wp-content\/uploads\/2017\/06\/randazzo.jpg?fit=1200%2C831&ssl=1&resize=350%2C200","width":350,"height":200,"srcset":"https:\/\/i0.wp.com\/larevistadigital.com.ar\/blog\/wp-content\/uploads\/2017\/06\/randazzo.jpg?fit=1200%2C831&ssl=1&resize=350%2C200 1x, https:\/\/i0.wp.com\/larevistadigital.com.ar\/blog\/wp-content\/uploads\/2017\/06\/randazzo.jpg?fit=1200%2C831&ssl=1&resize=525%2C300 1.5x, https:\/\/i0.wp.com\/larevistadigital.com.ar\/blog\/wp-content\/uploads\/2017\/06\/randazzo.jpg?fit=1200%2C831&ssl=1&resize=700%2C400 2x, https:\/\/i0.wp.com\/larevistadigital.com.ar\/blog\/wp-content\/uploads\/2017\/06\/randazzo.jpg?fit=1200%2C831&ssl=1&resize=1050%2C600 3x"},"classes":[]},{"id":21823,"url":"https:\/\/larevistadigital.com.ar\/blog\/gustavo-lopez-recorre-sin-pausa-la-quinta-seccion-electoral\/","url_meta":{"origin":2493,"position":3},"title":"GUSTAVO LOPEZ RECORRE SIN PAUSA LA QUINTA SECCION ELECTORAL","author":"Alejandro Sosa Ruda","date":"31 agosto, 2021","format":false,"excerpt":"A poco m\u00e1s de 15 d\u00edas para las PASO, el precandidato a senador provincial, Gustavo L\u00f3pez, recorre sin pausa las ciudades que integran la 5ta Secci\u00f3n electoral, llevando las propuestas del espacio \u201cDar el paso\u201d, que encabeza Facundo Manes. Este jueves, visit\u00f3 la ciudad de San Miguel del Monte, donde\u2026","rel":"","context":"En \u00abINTERES GENERAL\u00bb","block_context":{"text":"INTERES GENERAL","link":"https:\/\/larevistadigital.com.ar\/blog\/category\/interes-general\/"},"img":{"alt_text":"","src":"https:\/\/i0.wp.com\/larevistadigital.com.ar\/blog\/wp-content\/uploads\/WhatsApp-Image-2021-08-27-at-20.41.41.jpeg?fit=1200%2C731&ssl=1&resize=350%2C200","width":350,"height":200,"srcset":"https:\/\/i0.wp.com\/larevistadigital.com.ar\/blog\/wp-content\/uploads\/WhatsApp-Image-2021-08-27-at-20.41.41.jpeg?fit=1200%2C731&ssl=1&resize=350%2C200 1x, https:\/\/i0.wp.com\/larevistadigital.com.ar\/blog\/wp-content\/uploads\/WhatsApp-Image-2021-08-27-at-20.41.41.jpeg?fit=1200%2C731&ssl=1&resize=525%2C300 1.5x, https:\/\/i0.wp.com\/larevistadigital.com.ar\/blog\/wp-content\/uploads\/WhatsApp-Image-2021-08-27-at-20.41.41.jpeg?fit=1200%2C731&ssl=1&resize=700%2C400 2x, https:\/\/i0.wp.com\/larevistadigital.com.ar\/blog\/wp-content\/uploads\/WhatsApp-Image-2021-08-27-at-20.41.41.jpeg?fit=1200%2C731&ssl=1&resize=1050%2C600 3x"},"classes":[]},{"id":1773,"url":"https:\/\/larevistadigital.com.ar\/blog\/el-peronismo-no-cristinista-va-con-randazo-y-llego-al-acuerdo-que-no-habra-acuerdo\/","url_meta":{"origin":2493,"position":4},"title":"EL PERONISMO NO CRISTINISTA VA CON RANDAZO Y LLEG\u00d3 AL ACUERDO QUE \u201cNO HABR\u00c1 ACUERDO\u201d","author":"Alejandro Sosa Ruda","date":"1 abril, 2017","format":false,"excerpt":"Los peronistas no kirchneristas se reunieron en Jun\u00edn y dejaron algunas definiciones de lo que vendr\u00e1 en el peronismo de cara a las pr\u00f3ximas elecciones legislativas de octubre: Primero: \u201cRandazzo juega s\u00ed o s\u00ed\u201d Segundo: Habr\u00e1 internas en el partido, Aunque la misma Cristina manifieste su deseo de ser candidata.\u2026","rel":"","context":"En \u00abDESTACADAS\u00bb","block_context":{"text":"DESTACADAS","link":"https:\/\/larevistadigital.com.ar\/blog\/category\/destacadas\/"},"img":{"alt_text":"","src":"https:\/\/i0.wp.com\/larevistadigital.com.ar\/blog\/wp-content\/uploads\/2017\/04\/58e005cd61a97_660_360.jpg?fit=660%2C360&ssl=1&resize=350%2C200","width":350,"height":200,"srcset":"https:\/\/i0.wp.com\/larevistadigital.com.ar\/blog\/wp-content\/uploads\/2017\/04\/58e005cd61a97_660_360.jpg?fit=660%2C360&ssl=1&resize=350%2C200 1x, https:\/\/i0.wp.com\/larevistadigital.com.ar\/blog\/wp-content\/uploads\/2017\/04\/58e005cd61a97_660_360.jpg?fit=660%2C360&ssl=1&resize=525%2C300 1.5x"},"classes":[]},{"id":2282,"url":"https:\/\/larevistadigital.com.ar\/blog\/los-partidarios-de-randazzo-negocian-de-manera-intensa-para-sumar-a-felipe-sola\/","url_meta":{"origin":2493,"position":5},"title":"LOS PARTIDARIOS DE RANDAZZO NEGOCIAN DE MANERA INTENSA PARA SUMAR A FELIPE SOLA","author":"Alejandro Sosa Ruda","date":"12 mayo, 2017","format":false,"excerpt":"Desde el martes \u00faltimo, el equipo de Randazzo cuenta con un nuevo integrante: Nada menos que Alberto Fern\u00e1ndez es el nuevo jefe de campa\u00f1a del ex \u00a0ministro del interior.Fue la primera incorporaci\u00f3n resonante luego de que la mayor\u00eda de los dirigentes que forman parte del armado hayan asegurado en p\u00fablico\u2026","rel":"","context":"En \u00abDESTACADAS\u00bb","block_context":{"text":"DESTACADAS","link":"https:\/\/larevistadigital.com.ar\/blog\/category\/destacadas\/"},"img":{"alt_text":"","src":"https:\/\/i0.wp.com\/larevistadigital.com.ar\/blog\/wp-content\/uploads\/2017\/05\/randazzo-sola.jpg?fit=650%2C496&ssl=1&resize=350%2C200","width":350,"height":200,"srcset":"https:\/\/i0.wp.com\/larevistadigital.com.ar\/blog\/wp-content\/uploads\/2017\/05\/randazzo-sola.jpg?fit=650%2C496&ssl=1&resize=350%2C200 1x, https:\/\/i0.wp.com\/larevistadigital.com.ar\/blog\/wp-content\/uploads\/2017\/05\/randazzo-sola.jpg?fit=650%2C496&ssl=1&resize=525%2C300 1.5x"},"classes":[]}],"_links":{"self":[{"href":"https:\/\/larevistadigital.com.ar\/blog\/wp-json\/wp\/v2\/posts\/2493","targetHints":{"allow":["GET"]}}],"collection":[{"href":"https:\/\/larevistadigital.com.ar\/blog\/wp-json\/wp\/v2\/posts"}],"about":[{"href":"https:\/\/larevistadigital.com.ar\/blog\/wp-json\/wp\/v2\/types\/post"}],"author":[{"embeddable":true,"href":"https:\/\/larevistadigital.com.ar\/blog\/wp-json\/wp\/v2\/users\/3"}],"replies":[{"embeddable":true,"href":"https:\/\/larevistadigital.com.ar\/blog\/wp-json\/wp\/v2\/comments?post=2493"}],"version-history":[{"count":1,"href":"https:\/\/larevistadigital.com.ar\/blog\/wp-json\/wp\/v2\/posts\/2493\/revisions"}],"predecessor-version":[{"id":2495,"href":"https:\/\/larevistadigital.com.ar\/blog\/wp-json\/wp\/v2\/posts\/2493\/revisions\/2495"}],"wp:featuredmedia":[{"embeddable":true,"href":"https:\/\/larevistadigital.com.ar\/blog\/wp-json\/wp\/v2\/media\/2494"}],"wp:attachment":[{"href":"https:\/\/larevistadigital.com.ar\/blog\/wp-json\/wp\/v2\/media?parent=2493"}],"wp:term":[{"taxonomy":"category","embeddable":true,"href":"https:\/\/larevistadigital.com.ar\/blog\/wp-json\/wp\/v2\/categories?post=2493"},{"taxonomy":"post_tag","embeddable":true,"href":"https:\/\/larevistadigital.com.ar\/blog\/wp-json\/wp\/v2\/tags?post=2493"}],"curies":[{"name":"wp","href":"https:\/\/api.w.org\/{rel}","templated":true}]}}