{"id":2497,"date":"2017-06-23T22:50:47","date_gmt":"2017-06-23T22:50:47","guid":{"rendered":"https:\/\/larevistadigital.com.ar\/blog\/?p=2497"},"modified":"2017-06-23T22:50:47","modified_gmt":"2017-06-23T22:50:47","slug":"desde-unidad-ciudadana-habilitaran-internas-en-donde-no-gobierna-el-fpv","status":"publish","type":"post","link":"https:\/\/larevistadigital.com.ar\/blog\/desde-unidad-ciudadana-habilitaran-internas-en-donde-no-gobierna-el-fpv\/","title":{"rendered":"DESDE UNIDAD CIUDADANA, HABILITAR\u00c1N INTERNAS EN DONDE NO GOBIERNA EL FPV"},"content":{"rendered":"<h2>Finalmente, el frente \u201cUnidad Ciudadana\u201d, conducido por la ex presidente <strong>Cristina Fern\u00e1ndez de Kirchner<\/strong>, habilitar\u00e1 las internas en aquellos distritos que hay m\u00e1s de una lista.<\/h2>\n<p>Los centros en los que se definen las listas municipio por municipio, son en primera instancia la sede del peronismo en calle Matheu, y el Instituto Patria. All\u00ed es donde se concentra la \u201cmadre de todas las roscas\u201d con el protagonismo de Intendentes, referentes, concejales e integrantes de la Junta Electoral discuten y consensuan las listas para la pr\u00f3xima elecci\u00f3n.<\/p>\n<blockquote>\n<h3>En definitiva, lo que se acord\u00f3 es que en los municipios gobernados por el FPV habr\u00e1 lista de unidad, pero en los que no es as\u00ed, se habilitar\u00e1 la interna.<\/h3>\n<\/blockquote>\n<p>En Bah\u00eda Blanca por ejemplo, donde el ex intendente, <strong>Rodolfo L\u00f3pes<\/strong>, y el periodista <strong>Carlos Quiroga<\/strong> definir\u00e1n en el mano a mano de agosto qui\u00e9n se queda con el primer lugar de Unidad Ciudadana en octubre.<\/p>\n<p>Lo mismo ocurrir\u00eda en General Villegas. All\u00ed, La C\u00e1mpora no est\u00e1 dispuesta a negociar el primer lugar y ofrece como cabeza de lista a la m\u00e1xima referente, <strong>Sol Fern\u00e1ndez<\/strong>, pero Kolina quiere que en ese puesto vaya la Secretaria Adjunta de Fe.Si.Mu.Bo, <strong>Sandra Moreno<\/strong>. Por lo tanto, \u00a0hay dos listas diferentes y se habilitar\u00eda la interna.<\/p>\n","protected":false},"excerpt":{"rendered":"<div class=\"mh-excerpt\"><p>Finalmente, el frente \u201cUnidad Ciudadana\u201d, conducido por la ex presidente Cristina Fern\u00e1ndez de Kirchner, habilitar\u00e1 las internas en aquellos distritos que hay m\u00e1s de una lista. Los centros en los que se definen las listas <a class=\"mh-excerpt-more\" href=\"https:\/\/larevistadigital.com.ar\/blog\/desde-unidad-ciudadana-habilitaran-internas-en-donde-no-gobierna-el-fpv\/\" title=\"DESDE UNIDAD CIUDADANA, HABILITAR\u00c1N INTERNAS EN DONDE NO GOBIERNA EL FPV\">[Leer M\u00e1s]<\/a><\/p>\n<\/div>","protected":false},"author":3,"featured_media":2498,"comment_status":"open","ping_status":"open","sticky":false,"template":"","format":"standard","meta":{"_jetpack_memberships_contains_paid_content":false,"footnotes":"","jetpack_publicize_message":"","jetpack_publicize_feature_enabled":true,"jetpack_social_post_already_shared":true,"jetpack_social_options":{"image_generator_settings":{"template":"highway","default_image_id":0,"font":"","enabled":false},"version":2}},"categories":[41,12,24],"tags":[],"class_list":{"0":"post-2497","1":"post","2":"type-post","3":"status-publish","4":"format-standard","5":"has-post-thumbnail","7":"category-destacadas","8":"category-politica","9":"category-politica-provincial"},"jetpack_publicize_connections":[],"jetpack_featured_media_url":"https:\/\/i0.wp.com\/larevistadigital.com.ar\/blog\/wp-content\/uploads\/2017\/06\/0011497781.jpg?fit=746%2C418&ssl=1","jetpack_sharing_enabled":true,"jetpack_shortlink":"https:\/\/wp.me\/p8qtrQ-Eh","jetpack-related-posts":[{"id":6079,"url":"https:\/\/larevistadigital.com.ar\/blog\/chascomus-unidad-por-chascomus-manifesto-su-enojo-con-cambiemos-y-con-el-pj-unidad-ciudadana\/","url_meta":{"origin":2497,"position":0},"title":"CHASCOM\u00daS: UNIDAD POR CHASCOM\u00daS MANIFEST\u00d3 SU ENOJO CON CAMBIEMOS Y CON EL PJ-UNIDAD CIUDADANA","author":"Alejandro Sosa Ruda","date":"27 julio, 2018","format":false,"excerpt":"El partido oficialista de Chascom\u00fas, manifest\u00f3 su molestia con los bloques de Cambiemos y Pj-Unidad Ciudadana, ya que no los acompa\u00f1aron en un proyecto de resoluci\u00f3n, apoyando y mostrando el \"benepl\u00e1cito\" por la Kermese organizada por el municipio. As\u00ed lo hicieron saber\u00a0en su p\u00e1gina de facebook, donde sostuvieron que sus\u2026","rel":"","context":"En \u00abCHASCOM\u00daS\u00bb","block_context":{"text":"CHASCOM\u00daS","link":"https:\/\/larevistadigital.com.ar\/blog\/category\/chascomus\/"},"img":{"alt_text":"","src":"https:\/\/i0.wp.com\/larevistadigital.com.ar\/blog\/wp-content\/uploads\/2018\/07\/10999361_733839446736828_775630290126410676_o.jpg?fit=1200%2C848&ssl=1&resize=350%2C200","width":350,"height":200,"srcset":"https:\/\/i0.wp.com\/larevistadigital.com.ar\/blog\/wp-content\/uploads\/2018\/07\/10999361_733839446736828_775630290126410676_o.jpg?fit=1200%2C848&ssl=1&resize=350%2C200 1x, https:\/\/i0.wp.com\/larevistadigital.com.ar\/blog\/wp-content\/uploads\/2018\/07\/10999361_733839446736828_775630290126410676_o.jpg?fit=1200%2C848&ssl=1&resize=525%2C300 1.5x, https:\/\/i0.wp.com\/larevistadigital.com.ar\/blog\/wp-content\/uploads\/2018\/07\/10999361_733839446736828_775630290126410676_o.jpg?fit=1200%2C848&ssl=1&resize=700%2C400 2x, https:\/\/i0.wp.com\/larevistadigital.com.ar\/blog\/wp-content\/uploads\/2018\/07\/10999361_733839446736828_775630290126410676_o.jpg?fit=1200%2C848&ssl=1&resize=1050%2C600 3x"},"classes":[]},{"id":2485,"url":"https:\/\/larevistadigital.com.ar\/blog\/cambiemos-en-las-paso-107-distritos-con-lista-de-unidad-16-con-internas-y-12-en-veremos\/","url_meta":{"origin":2497,"position":1},"title":"CAMBIEMOS EN LAS PASO: 107 DISTRITOS CON LISTA DE UNIDAD, 16 CON INTERNAS Y 12 EN VEREMOS\u2026","author":"Alejandro Sosa Ruda","date":"22 junio, 2017","format":false,"excerpt":"La idea de \u201cCambiemos\u201d es llevar la unidad a todos los distritos que sea posible, pero el panorama se presenta complicado en algunos lugares, mientras que en 16 ciudades, la suerte estar\u00eda echada y habr\u00eda enfrentamiento en las PASO. Seg\u00fan un informe que brinda la revista La Tecla, los distritos\u2026","rel":"","context":"En \u00abCHASCOM\u00daS\u00bb","block_context":{"text":"CHASCOM\u00daS","link":"https:\/\/larevistadigital.com.ar\/blog\/category\/chascomus\/"},"img":{"alt_text":"","src":"https:\/\/i0.wp.com\/larevistadigital.com.ar\/blog\/wp-content\/uploads\/2017\/06\/elecciones.jpg?fit=800%2C520&ssl=1&resize=350%2C200","width":350,"height":200,"srcset":"https:\/\/i0.wp.com\/larevistadigital.com.ar\/blog\/wp-content\/uploads\/2017\/06\/elecciones.jpg?fit=800%2C520&ssl=1&resize=350%2C200 1x, https:\/\/i0.wp.com\/larevistadigital.com.ar\/blog\/wp-content\/uploads\/2017\/06\/elecciones.jpg?fit=800%2C520&ssl=1&resize=525%2C300 1.5x, https:\/\/i0.wp.com\/larevistadigital.com.ar\/blog\/wp-content\/uploads\/2017\/06\/elecciones.jpg?fit=800%2C520&ssl=1&resize=700%2C400 2x"},"classes":[]},{"id":16326,"url":"https:\/\/larevistadigital.com.ar\/blog\/con-lista-de-unidad-local-para-las-internas-flavio-ponce-sera-el-presidente-de-la-ucr-de-chascomus\/","url_meta":{"origin":2497,"position":2},"title":"CON LISTA DE UNIDAD LOCAL PARA LAS INTERNAS, FLAVIO PONCE SER\u00c1 EL PRESIDENTE DE LA UCR DE CHASCOM\u00daS","author":"Alejandro Sosa Ruda","date":"15 septiembre, 2020","format":false,"excerpt":"El viernes 11\/9 fue el d\u00eda de cierre de inscripci\u00f3n de listas para las elecciones internas de la UCR en la provincia de Buenos Aires que se llevar\u00e1 a cabo el pr\u00f3ximo 11 de Octubre. Adem\u00e1s de las autoridades partidarias provinciales, ser\u00e1n electos tambi\u00e9n los convencionales nacionales, es decir, quienes\u2026","rel":"","context":"En \u00abINTERES GENERAL\u00bb","block_context":{"text":"INTERES GENERAL","link":"https:\/\/larevistadigital.com.ar\/blog\/category\/interes-general\/"},"img":{"alt_text":"","src":"https:\/\/i0.wp.com\/larevistadigital.com.ar\/blog\/wp-content\/uploads\/FLAVIO-PONCE.jpg?fit=640%2C674&ssl=1&resize=350%2C200","width":350,"height":200,"srcset":"https:\/\/i0.wp.com\/larevistadigital.com.ar\/blog\/wp-content\/uploads\/FLAVIO-PONCE.jpg?fit=640%2C674&ssl=1&resize=350%2C200 1x, https:\/\/i0.wp.com\/larevistadigital.com.ar\/blog\/wp-content\/uploads\/FLAVIO-PONCE.jpg?fit=640%2C674&ssl=1&resize=525%2C300 1.5x"},"classes":[]},{"id":2514,"url":"https:\/\/larevistadigital.com.ar\/blog\/chascomus-gabriel-macchi-encabeza-la-lista-de-unidad-ciudadana\/","url_meta":{"origin":2497,"position":3},"title":"CHASCOMUS: GABRIEL MACCHI ENCABEZA LA LISTA DE UNIDAD CIUDADANA","author":"Alejandro Sosa Ruda","date":"25 junio, 2017","format":false,"excerpt":"Como era de esperarse, el vicepresidente del PJ de Chascom\u00fas y actual jefe de bloque de concejales del PJ, Gabriel Macchi ser\u00e1 quien encabece la lista de Unidad Ciudadana en Chascom\u00fas. Cabe destacar que ir\u00e1n a las PASO con esa \u00fanica lista representando el sector que lidera la ex presidente\u2026","rel":"","context":"En \u00abCHASCOM\u00daS\u00bb","block_context":{"text":"CHASCOM\u00daS","link":"https:\/\/larevistadigital.com.ar\/blog\/category\/chascomus\/"},"img":{"alt_text":"","src":"https:\/\/i0.wp.com\/larevistadigital.com.ar\/blog\/wp-content\/uploads\/2017\/04\/10419962_996489190375560_2726194559076702573_n.jpg?fit=960%2C960&ssl=1&resize=350%2C200","width":350,"height":200,"srcset":"https:\/\/i0.wp.com\/larevistadigital.com.ar\/blog\/wp-content\/uploads\/2017\/04\/10419962_996489190375560_2726194559076702573_n.jpg?fit=960%2C960&ssl=1&resize=350%2C200 1x, https:\/\/i0.wp.com\/larevistadigital.com.ar\/blog\/wp-content\/uploads\/2017\/04\/10419962_996489190375560_2726194559076702573_n.jpg?fit=960%2C960&ssl=1&resize=525%2C300 1.5x, https:\/\/i0.wp.com\/larevistadigital.com.ar\/blog\/wp-content\/uploads\/2017\/04\/10419962_996489190375560_2726194559076702573_n.jpg?fit=960%2C960&ssl=1&resize=700%2C400 2x"},"classes":[]},{"id":2763,"url":"https:\/\/larevistadigital.com.ar\/blog\/hay-una-situacion-economica-que-no-es-la-mejor\/","url_meta":{"origin":2497,"position":4},"title":"\u201cHay una situaci\u00f3n econ\u00f3mica que no es la mejor\u201d","author":"admin","date":"24 julio, 2017","format":false,"excerpt":"El Diputado Provincial del Frente para la Victoria, Jos\u00e9 Ignacio \u201cCote\u201d Rossi, fue entrevistado en el programa \u201cDos por M\u00e1s\u201d que conducen Alberto Morel y Mart\u00edn Palmero por FM La Radio 101.5. Al hablar de las elecciones que se aproximan, c\u00f3mo se est\u00e1n desarrollando las campa\u00f1as pol\u00edtica y el posicionamiento\u2026","rel":"","context":"En \u00abCHASCOM\u00daS\u00bb","block_context":{"text":"CHASCOM\u00daS","link":"https:\/\/larevistadigital.com.ar\/blog\/category\/chascomus\/"},"img":{"alt_text":"","src":"https:\/\/i0.wp.com\/larevistadigital.com.ar\/blog\/wp-content\/uploads\/2017\/07\/Cote_Rossi-777x437.jpg?fit=777%2C437&ssl=1&resize=350%2C200","width":350,"height":200,"srcset":"https:\/\/i0.wp.com\/larevistadigital.com.ar\/blog\/wp-content\/uploads\/2017\/07\/Cote_Rossi-777x437.jpg?fit=777%2C437&ssl=1&resize=350%2C200 1x, https:\/\/i0.wp.com\/larevistadigital.com.ar\/blog\/wp-content\/uploads\/2017\/07\/Cote_Rossi-777x437.jpg?fit=777%2C437&ssl=1&resize=525%2C300 1.5x, https:\/\/i0.wp.com\/larevistadigital.com.ar\/blog\/wp-content\/uploads\/2017\/07\/Cote_Rossi-777x437.jpg?fit=777%2C437&ssl=1&resize=700%2C400 2x"},"classes":[]},{"id":23998,"url":"https:\/\/larevistadigital.com.ar\/blog\/pj-bonaerense-unidad-en-la-mayoria-de-los-distritos-y-el-jueves-define-en-la-plata\/","url_meta":{"origin":2497,"position":5},"title":"PJ BONAERENSE: UNIDAD EN LA MAYOR\u00cdA DE LOS DISTRITOS Y EL JUEVES DEFINE EN LA PLATA","author":"Alejandro Sosa Ruda","date":"15 febrero, 2022","format":false,"excerpt":"Durante un encuentro en nuestra ciudad, encabezado por el presidente partidario M\u00e1ximo Kirchner, se avanz\u00f3 en la conformaci\u00f3n de listas de unidad con vista al cierre de este jueves. Alak, Saintout, Tolosa Paz y Bruera, entre otros consejeros platenses formaron parte de la movida. A\u00fan no hay definici\u00f3n en el\u2026","rel":"","context":"En \u00abINTERES GENERAL\u00bb","block_context":{"text":"INTERES GENERAL","link":"https:\/\/larevistadigital.com.ar\/blog\/category\/interes-general\/"},"img":{"alt_text":"","src":"https:\/\/i0.wp.com\/larevistadigital.com.ar\/blog\/wp-content\/uploads\/1644936088155.jpg?fit=1024%2C579&ssl=1&resize=350%2C200","width":350,"height":200,"srcset":"https:\/\/i0.wp.com\/larevistadigital.com.ar\/blog\/wp-content\/uploads\/1644936088155.jpg?fit=1024%2C579&ssl=1&resize=350%2C200 1x, https:\/\/i0.wp.com\/larevistadigital.com.ar\/blog\/wp-content\/uploads\/1644936088155.jpg?fit=1024%2C579&ssl=1&resize=525%2C300 1.5x, https:\/\/i0.wp.com\/larevistadigital.com.ar\/blog\/wp-content\/uploads\/1644936088155.jpg?fit=1024%2C579&ssl=1&resize=700%2C400 2x"},"classes":[]}],"_links":{"self":[{"href":"https:\/\/larevistadigital.com.ar\/blog\/wp-json\/wp\/v2\/posts\/2497","targetHints":{"allow":["GET"]}}],"collection":[{"href":"https:\/\/larevistadigital.com.ar\/blog\/wp-json\/wp\/v2\/posts"}],"about":[{"href":"https:\/\/larevistadigital.com.ar\/blog\/wp-json\/wp\/v2\/types\/post"}],"author":[{"embeddable":true,"href":"https:\/\/larevistadigital.com.ar\/blog\/wp-json\/wp\/v2\/users\/3"}],"replies":[{"embeddable":true,"href":"https:\/\/larevistadigital.com.ar\/blog\/wp-json\/wp\/v2\/comments?post=2497"}],"version-history":[{"count":1,"href":"https:\/\/larevistadigital.com.ar\/blog\/wp-json\/wp\/v2\/posts\/2497\/revisions"}],"predecessor-version":[{"id":2499,"href":"https:\/\/larevistadigital.com.ar\/blog\/wp-json\/wp\/v2\/posts\/2497\/revisions\/2499"}],"wp:featuredmedia":[{"embeddable":true,"href":"https:\/\/larevistadigital.com.ar\/blog\/wp-json\/wp\/v2\/media\/2498"}],"wp:attachment":[{"href":"https:\/\/larevistadigital.com.ar\/blog\/wp-json\/wp\/v2\/media?parent=2497"}],"wp:term":[{"taxonomy":"category","embeddable":true,"href":"https:\/\/larevistadigital.com.ar\/blog\/wp-json\/wp\/v2\/categories?post=2497"},{"taxonomy":"post_tag","embeddable":true,"href":"https:\/\/larevistadigital.com.ar\/blog\/wp-json\/wp\/v2\/tags?post=2497"}],"curies":[{"name":"wp","href":"https:\/\/api.w.org\/{rel}","templated":true}]}}