{"id":2503,"date":"2017-06-25T19:22:31","date_gmt":"2017-06-25T19:22:31","guid":{"rendered":"https:\/\/larevistadigital.com.ar\/blog\/?p=2503"},"modified":"2017-06-25T19:25:28","modified_gmt":"2017-06-25T19:25:28","slug":"habra-internas-en-cambiemos-en-chascomus-aqui-las-dos-listas","status":"publish","type":"post","link":"https:\/\/larevistadigital.com.ar\/blog\/habra-internas-en-cambiemos-en-chascomus-aqui-las-dos-listas\/","title":{"rendered":"CHASCOM\u00daS: HABR\u00c1 INTERNAS EN CAMBIEMOS . AQU\u00cd LAS DOS LISTAS"},"content":{"rendered":"<h2>Como se ve\u00eda venir, finalmente en el distrito de Chascom\u00fas habr\u00e1 elecciones internas para definir qui\u00e9nes son los que encabezan las listas de Cambiemos en octubre.<\/h2>\n<p>Las discusiones y deliberaciones finalmente no fueron tan largas, porque el principal problema que se present\u00f3 fue la disputa por qui\u00e9n encabezaba la lista, y ninguna de las partes quiso ceder en ese aspecto.<\/p>\n<blockquote>\n<h3>De esta manera, la lista que cuenta con el aval directo de <strong>Mar\u00eda Eugenia Vidal<\/strong> llevar\u00e1 como candidato al presidente de la C\u00e1mara de Comercio de Chascom\u00fas, <strong>Ramiro Ferrante<\/strong> y la de extracci\u00f3n preferentemente radical, apoyada por la diputada provincial y ex intendente <strong>Liliana Denot<\/strong>, y el actual dirigente de la provincia y tambi\u00e9n ex intendente <strong>Juan Alberto Gobbi<\/strong>, ser\u00e1 encabezada por el m\u00e9dico cirujano <strong>Santiago Dos Santos<\/strong>.<\/h3>\n<\/blockquote>\n<p>&nbsp;<\/p>\n<p><a href=\"https:\/\/i0.wp.com\/larevistadigital.com.ar\/blog\/wp-content\/uploads\/2017\/06\/WhatsApp-Image-2017-06-25-at-14.48.04-1.jpeg?ssl=1\"><img data-recalc-dims=\"1\" loading=\"lazy\" decoding=\"async\" class=\"alignnone size-full wp-image-2504\" src=\"https:\/\/i0.wp.com\/larevistadigital.com.ar\/blog\/wp-content\/uploads\/2017\/06\/WhatsApp-Image-2017-06-25-at-14.48.04-1.jpeg?resize=1280%2C960&#038;ssl=1\" alt=\"\" width=\"1280\" height=\"960\" srcset=\"https:\/\/i0.wp.com\/larevistadigital.com.ar\/blog\/wp-content\/uploads\/2017\/06\/WhatsApp-Image-2017-06-25-at-14.48.04-1.jpeg?w=1280&amp;ssl=1 1280w, https:\/\/i0.wp.com\/larevistadigital.com.ar\/blog\/wp-content\/uploads\/2017\/06\/WhatsApp-Image-2017-06-25-at-14.48.04-1.jpeg?resize=300%2C225&amp;ssl=1 300w, https:\/\/i0.wp.com\/larevistadigital.com.ar\/blog\/wp-content\/uploads\/2017\/06\/WhatsApp-Image-2017-06-25-at-14.48.04-1.jpeg?resize=768%2C576&amp;ssl=1 768w, https:\/\/i0.wp.com\/larevistadigital.com.ar\/blog\/wp-content\/uploads\/2017\/06\/WhatsApp-Image-2017-06-25-at-14.48.04-1.jpeg?resize=1024%2C768&amp;ssl=1 1024w, https:\/\/i0.wp.com\/larevistadigital.com.ar\/blog\/wp-content\/uploads\/2017\/06\/WhatsApp-Image-2017-06-25-at-14.48.04-1.jpeg?resize=678%2C509&amp;ssl=1 678w, https:\/\/i0.wp.com\/larevistadigital.com.ar\/blog\/wp-content\/uploads\/2017\/06\/WhatsApp-Image-2017-06-25-at-14.48.04-1.jpeg?resize=326%2C245&amp;ssl=1 326w, https:\/\/i0.wp.com\/larevistadigital.com.ar\/blog\/wp-content\/uploads\/2017\/06\/WhatsApp-Image-2017-06-25-at-14.48.04-1.jpeg?resize=80%2C60&amp;ssl=1 80w\" sizes=\"auto, (max-width: 1000px) 100vw, 1000px\" \/><\/a>Los primeros puestos de la lista de <strong>Ferrante<\/strong> se compone de la siguiente manera:<\/p>\n<p><strong>CANDIDATOS A CONCEJALES:<\/strong><\/p>\n<ul>\n<li><strong>FERRANTE<\/strong>, Ramiro (PRO)<\/li>\n<li><strong>NIVIO<\/strong>, Soledad (UCR)<\/li>\n<li><strong>LOPEZ<\/strong>, Ignacio (UCR)<\/li>\n<li><strong>GONZALES CHAVES<\/strong>, Alhel\u00ed (PRO)<\/li>\n<li><strong>GARA\u00d1A,<\/strong> Augusto (UNION POR LA LIBERTAD)<\/li>\n<li><strong>KILLAMET<\/strong>, Andrea (FE)<\/li>\n<li><strong>IVIETA<\/strong>, Miguel (PRO)<\/li>\n<\/ul>\n<p><strong>CONCEJEROS ESCOLARES:<\/strong><\/p>\n<ul>\n<li><strong>VIEIRA<\/strong>, Andrea (FE)<\/li>\n<li><strong>CARVALHO<\/strong>, Carlos (PRO)<\/li>\n<li><strong>RUIZ<\/strong>, Anal\u00eda (UCR)<\/li>\n<\/ul>\n<p><a href=\"https:\/\/i0.wp.com\/larevistadigital.com.ar\/blog\/wp-content\/uploads\/2017\/06\/10371918_10205274903455389_8506788560854015947_n.jpg?ssl=1\"><img data-recalc-dims=\"1\" loading=\"lazy\" decoding=\"async\" class=\"alignnone size-full wp-image-2505\" src=\"https:\/\/i0.wp.com\/larevistadigital.com.ar\/blog\/wp-content\/uploads\/2017\/06\/10371918_10205274903455389_8506788560854015947_n.jpg?resize=960%2C539&#038;ssl=1\" alt=\"\" width=\"960\" height=\"539\" srcset=\"https:\/\/i0.wp.com\/larevistadigital.com.ar\/blog\/wp-content\/uploads\/2017\/06\/10371918_10205274903455389_8506788560854015947_n.jpg?w=960&amp;ssl=1 960w, https:\/\/i0.wp.com\/larevistadigital.com.ar\/blog\/wp-content\/uploads\/2017\/06\/10371918_10205274903455389_8506788560854015947_n.jpg?resize=300%2C168&amp;ssl=1 300w, https:\/\/i0.wp.com\/larevistadigital.com.ar\/blog\/wp-content\/uploads\/2017\/06\/10371918_10205274903455389_8506788560854015947_n.jpg?resize=768%2C431&amp;ssl=1 768w, https:\/\/i0.wp.com\/larevistadigital.com.ar\/blog\/wp-content\/uploads\/2017\/06\/10371918_10205274903455389_8506788560854015947_n.jpg?resize=678%2C381&amp;ssl=1 678w\" sizes=\"auto, (max-width: 960px) 100vw, 960px\" \/><\/a>Ahora, la lista que lleva en el primer lugar al doctor Dos Santos:<\/p>\n<p><strong>CANDIDATOS A CONCEJALES:<\/strong><\/p>\n<ul>\n<li><strong>DOS SANTOS<\/strong>, Santiago<\/li>\n<li><strong>MARQUEZ<\/strong>, Lorenza<\/li>\n<li><strong>CIRAUS<\/strong>, Ra\u00fal<\/li>\n<li><strong>ARGUELLO<\/strong>, Daiana<\/li>\n<li><strong>CHIACCHIO<\/strong>, Gonzalo<\/li>\n<li><strong>ARDOHAIN<\/strong>, Cintia<\/li>\n<li><strong>MIRANDE<\/strong>, Maximiliano<\/li>\n<li><strong>TEJO<\/strong>, Lucia<\/li>\n<\/ul>\n<p><strong>CONCEJEROS ESCOLARES:<\/strong><\/p>\n<ul>\n<li><strong>FRANCIOSI<\/strong>, Viviana<\/li>\n<li><strong>CENTENARO<\/strong>, Nicol\u00e1s<\/li>\n<li><strong>SCIASCIO<\/strong>, Francina<\/li>\n<\/ul>\n<p>De esta manera, queda a la vista que la lista que encabeza <strong>Ferrante<\/strong> lleva distintos actores de otros tantos espacios pol\u00edticos, como por ejemplo <strong>Ferrante<\/strong>, <strong>Gonzalez Chaves, Ivieta<\/strong> y <strong>Carvalho<\/strong>, por el PRO. Dos sectores de la UCR, uno <strong>\u201cNacho\u201d L\u00f3pez<\/strong>, que responde a <strong>Cristian Basualdo<\/strong>, hombre del vicegobernador de la provincia de Buenos Aires, y el otro <strong>Soledad Nivio<\/strong>, al abogado <strong>Alejandro Bartoletti<\/strong>.<\/p>\n<p>La lista se completa con representantes del partido FE (<strong>Andrea Killamet<\/strong>, y <strong>Andrea Vieira<\/strong>), y de Uni\u00f3n por la Libertad (<strong>Augusto Gara\u00f1a Morales<\/strong>)<\/p>\n<p>Por el lado de la otra lista, est\u00e1 conformada por gente de la UCR, muchos de los cuales no han participado en pol\u00edtica y cuentan con el apoyo de <strong>Liliana Denot<\/strong> y <strong>Juan Gobbi.<\/strong><\/p>\n<p>&nbsp;<\/p>\n<p>&nbsp;<\/p>\n","protected":false},"excerpt":{"rendered":"<div class=\"mh-excerpt\"><p>Como se ve\u00eda venir, finalmente en el distrito de Chascom\u00fas habr\u00e1 elecciones internas para definir qui\u00e9nes son los que encabezan las listas de Cambiemos en octubre. Las discusiones y deliberaciones finalmente no fueron tan largas, <a class=\"mh-excerpt-more\" href=\"https:\/\/larevistadigital.com.ar\/blog\/habra-internas-en-cambiemos-en-chascomus-aqui-las-dos-listas\/\" title=\"CHASCOM\u00daS: HABR\u00c1 INTERNAS EN CAMBIEMOS . AQU\u00cd LAS DOS LISTAS\">[Leer M\u00e1s]<\/a><\/p>\n<\/div>","protected":false},"author":3,"featured_media":2509,"comment_status":"open","ping_status":"open","sticky":false,"template":"","format":"standard","meta":{"_jetpack_memberships_contains_paid_content":false,"footnotes":"","jetpack_publicize_message":"","jetpack_publicize_feature_enabled":true,"jetpack_social_post_already_shared":true,"jetpack_social_options":{"image_generator_settings":{"template":"highway","default_image_id":0,"font":"","enabled":false},"version":2}},"categories":[6,41,12,23],"tags":[],"class_list":{"0":"post-2503","1":"post","2":"type-post","3":"status-publish","4":"format-standard","5":"has-post-thumbnail","7":"category-chascomus","8":"category-destacadas","9":"category-politica","10":"category-politica-local"},"jetpack_publicize_connections":[],"jetpack_featured_media_url":"https:\/\/i0.wp.com\/larevistadigital.com.ar\/blog\/wp-content\/uploads\/2017\/06\/cambiemos-pablo.jpg?fit=950%2C712&ssl=1","jetpack_sharing_enabled":true,"jetpack_shortlink":"https:\/\/wp.me\/p8qtrQ-En","jetpack-related-posts":[{"id":24074,"url":"https:\/\/larevistadigital.com.ar\/blog\/se-armaron-dos-listas-para-competir-por-el-pj-en-chascomus\/","url_meta":{"origin":2503,"position":0},"title":"SE ARMARON DOS LISTAS PARA COMPETIR POR EL PJ EN CHASCOM\u00daS","author":"Alejandro Sosa Ruda","date":"17 febrero, 2022","format":false,"excerpt":"CHASCOM\u00daS -\u00a0 Como es de dominio p\u00fablico, se preparan para el 27 de marzo las elecciones del PJ, en todos los distritos de la provincia de Buenos Aires, y en ese contexto, podemos informar que si bien en muchos de esos distritos habr\u00e1 lista \u00fanica, en Chascom\u00fas habr\u00e1n elecciones internas\u2026","rel":"","context":"En \u00abCHASCOM\u00daS\u00bb","block_context":{"text":"CHASCOM\u00daS","link":"https:\/\/larevistadigital.com.ar\/blog\/category\/chascomus\/"},"img":{"alt_text":"","src":"https:\/\/i0.wp.com\/larevistadigital.com.ar\/blog\/wp-content\/uploads\/elecciones-urna-voto-g20180522-707903.jpg?fit=950%2C534&ssl=1&resize=350%2C200","width":350,"height":200,"srcset":"https:\/\/i0.wp.com\/larevistadigital.com.ar\/blog\/wp-content\/uploads\/elecciones-urna-voto-g20180522-707903.jpg?fit=950%2C534&ssl=1&resize=350%2C200 1x, https:\/\/i0.wp.com\/larevistadigital.com.ar\/blog\/wp-content\/uploads\/elecciones-urna-voto-g20180522-707903.jpg?fit=950%2C534&ssl=1&resize=525%2C300 1.5x, https:\/\/i0.wp.com\/larevistadigital.com.ar\/blog\/wp-content\/uploads\/elecciones-urna-voto-g20180522-707903.jpg?fit=950%2C534&ssl=1&resize=700%2C400 2x"},"classes":[]},{"id":19356,"url":"https:\/\/larevistadigital.com.ar\/blog\/hoy-se-vota-una-importante-interna-radical-chascomus-tiene-lista-unica\/","url_meta":{"origin":2503,"position":1},"title":"HOY SE VOTA UNA IMPORTANTE INTERNA RADICAL: CHASCOM\u00daS TIENE LISTA \u00daNICA","author":"Alejandro Sosa Ruda","date":"21 marzo, 2021","format":false,"excerpt":"Finalmente lleg\u00f3 el d\u00eda que tanto esperaban los radicales: Las elecciones internas en la Provincia de Buenos Aires y la Capital Federal, pero tambi\u00e9n el mapa pol\u00edtico con respecto a los referentes e interlocutores para las dem\u00e1s fuerzas pol\u00edticas, porque sin dudas los resultados de esta elecci\u00f3n interna, definir\u00e1n no\u2026","rel":"","context":"En \u00abINTERES GENERAL\u00bb","block_context":{"text":"INTERES GENERAL","link":"https:\/\/larevistadigital.com.ar\/blog\/category\/interes-general\/"},"img":{"alt_text":"","src":"https:\/\/i0.wp.com\/larevistadigital.com.ar\/blog\/wp-content\/uploads\/131e2d638227dcf58db8c2034ded774d.jpg?fit=1200%2C675&ssl=1&resize=350%2C200","width":350,"height":200,"srcset":"https:\/\/i0.wp.com\/larevistadigital.com.ar\/blog\/wp-content\/uploads\/131e2d638227dcf58db8c2034ded774d.jpg?fit=1200%2C675&ssl=1&resize=350%2C200 1x, https:\/\/i0.wp.com\/larevistadigital.com.ar\/blog\/wp-content\/uploads\/131e2d638227dcf58db8c2034ded774d.jpg?fit=1200%2C675&ssl=1&resize=525%2C300 1.5x, https:\/\/i0.wp.com\/larevistadigital.com.ar\/blog\/wp-content\/uploads\/131e2d638227dcf58db8c2034ded774d.jpg?fit=1200%2C675&ssl=1&resize=700%2C400 2x, https:\/\/i0.wp.com\/larevistadigital.com.ar\/blog\/wp-content\/uploads\/131e2d638227dcf58db8c2034ded774d.jpg?fit=1200%2C675&ssl=1&resize=1050%2C600 3x"},"classes":[]},{"id":2485,"url":"https:\/\/larevistadigital.com.ar\/blog\/cambiemos-en-las-paso-107-distritos-con-lista-de-unidad-16-con-internas-y-12-en-veremos\/","url_meta":{"origin":2503,"position":2},"title":"CAMBIEMOS EN LAS PASO: 107 DISTRITOS CON LISTA DE UNIDAD, 16 CON INTERNAS Y 12 EN VEREMOS\u2026","author":"Alejandro Sosa Ruda","date":"22 junio, 2017","format":false,"excerpt":"La idea de \u201cCambiemos\u201d es llevar la unidad a todos los distritos que sea posible, pero el panorama se presenta complicado en algunos lugares, mientras que en 16 ciudades, la suerte estar\u00eda echada y habr\u00eda enfrentamiento en las PASO. Seg\u00fan un informe que brinda la revista La Tecla, los distritos\u2026","rel":"","context":"En \u00abCHASCOM\u00daS\u00bb","block_context":{"text":"CHASCOM\u00daS","link":"https:\/\/larevistadigital.com.ar\/blog\/category\/chascomus\/"},"img":{"alt_text":"","src":"https:\/\/i0.wp.com\/larevistadigital.com.ar\/blog\/wp-content\/uploads\/2017\/06\/elecciones.jpg?fit=800%2C520&ssl=1&resize=350%2C200","width":350,"height":200,"srcset":"https:\/\/i0.wp.com\/larevistadigital.com.ar\/blog\/wp-content\/uploads\/2017\/06\/elecciones.jpg?fit=800%2C520&ssl=1&resize=350%2C200 1x, https:\/\/i0.wp.com\/larevistadigital.com.ar\/blog\/wp-content\/uploads\/2017\/06\/elecciones.jpg?fit=800%2C520&ssl=1&resize=525%2C300 1.5x, https:\/\/i0.wp.com\/larevistadigital.com.ar\/blog\/wp-content\/uploads\/2017\/06\/elecciones.jpg?fit=800%2C520&ssl=1&resize=700%2C400 2x"},"classes":[]},{"id":10325,"url":"https:\/\/larevistadigital.com.ar\/blog\/chascomus-segun-una-pagina-de-noticias-politicas-ramiro-ferrante-sera-candidato-a-intendente\/","url_meta":{"origin":2503,"position":3},"title":"CHASCOM\u00daS: SEG\u00daN UNA PAGINA DE NOTICIAS POL\u00cdTICAS, RAMIRO FERRANTE SER\u00c1 CANDIDATO A INTENDENTE","author":"Alejandro Sosa Ruda","date":"29 mayo, 2019","format":false,"excerpt":"Luego de una gran incertidumbre acerca de la decisi\u00f3n final que tomar\u00eda, el concejal Ramiro Ferrante va a presentarse como precandidato a intendente de Cambi\u00e9mos, enfrentando a los doctores Santiago Dos Santos, y Osvaldo Battisacchi en una contienda interna. Alex Campbell, subsecretario de Gobierno y Asuntos Municipales de la Provincia\u2026","rel":"","context":"En \u00abDESTACADAS\u00bb","block_context":{"text":"DESTACADAS","link":"https:\/\/larevistadigital.com.ar\/blog\/category\/destacadas\/"},"img":{"alt_text":"","src":"https:\/\/i0.wp.com\/larevistadigital.com.ar\/blog\/wp-content\/uploads\/2019\/05\/Campbell-y-Ferrante.jpg?fit=995%2C553&ssl=1&resize=350%2C200","width":350,"height":200,"srcset":"https:\/\/i0.wp.com\/larevistadigital.com.ar\/blog\/wp-content\/uploads\/2019\/05\/Campbell-y-Ferrante.jpg?fit=995%2C553&ssl=1&resize=350%2C200 1x, https:\/\/i0.wp.com\/larevistadigital.com.ar\/blog\/wp-content\/uploads\/2019\/05\/Campbell-y-Ferrante.jpg?fit=995%2C553&ssl=1&resize=525%2C300 1.5x, https:\/\/i0.wp.com\/larevistadigital.com.ar\/blog\/wp-content\/uploads\/2019\/05\/Campbell-y-Ferrante.jpg?fit=995%2C553&ssl=1&resize=700%2C400 2x"},"classes":[]},{"id":2497,"url":"https:\/\/larevistadigital.com.ar\/blog\/desde-unidad-ciudadana-habilitaran-internas-en-donde-no-gobierna-el-fpv\/","url_meta":{"origin":2503,"position":4},"title":"DESDE UNIDAD CIUDADANA, HABILITAR\u00c1N INTERNAS EN DONDE NO GOBIERNA EL FPV","author":"Alejandro Sosa Ruda","date":"23 junio, 2017","format":false,"excerpt":"Finalmente, el frente \u201cUnidad Ciudadana\u201d, conducido por la ex presidente Cristina Fern\u00e1ndez de Kirchner, habilitar\u00e1 las internas en aquellos distritos que hay m\u00e1s de una lista. Los centros en los que se definen las listas municipio por municipio, son en primera instancia la sede del peronismo en calle Matheu, y\u2026","rel":"","context":"En \u00abDESTACADAS\u00bb","block_context":{"text":"DESTACADAS","link":"https:\/\/larevistadigital.com.ar\/blog\/category\/destacadas\/"},"img":{"alt_text":"","src":"https:\/\/i0.wp.com\/larevistadigital.com.ar\/blog\/wp-content\/uploads\/2017\/06\/0011497781.jpg?fit=746%2C418&ssl=1&resize=350%2C200","width":350,"height":200,"srcset":"https:\/\/i0.wp.com\/larevistadigital.com.ar\/blog\/wp-content\/uploads\/2017\/06\/0011497781.jpg?fit=746%2C418&ssl=1&resize=350%2C200 1x, https:\/\/i0.wp.com\/larevistadigital.com.ar\/blog\/wp-content\/uploads\/2017\/06\/0011497781.jpg?fit=746%2C418&ssl=1&resize=525%2C300 1.5x, https:\/\/i0.wp.com\/larevistadigital.com.ar\/blog\/wp-content\/uploads\/2017\/06\/0011497781.jpg?fit=746%2C418&ssl=1&resize=700%2C400 2x"},"classes":[]},{"id":3102,"url":"https:\/\/larevistadigital.com.ar\/blog\/chascomus-ferrante-gano-una-eleccion-en-la-que-cambiemos-saco-mas-de-10-000-votos-sumando-a-las-dos-listas\/","url_meta":{"origin":2503,"position":5},"title":"CHASCOMUS: FERRANTE GAN\u00d3 UNA ELECCI\u00d3N EN LA QUE CAMBIEMOS SAC\u00d3 MAS DE 10.000 VOTOS SUMANDO A LAS DOS LISTAS","author":"Alejandro Sosa Ruda","date":"14 agosto, 2017","format":false,"excerpt":"Si bien como suele decirse en pol\u00edtica no siempre dos m\u00e1s dos suman cuatro, el espacio de Cambiemos hizo una incre\u00edble elecci\u00f3n en la que sac\u00f3 m\u00e1s de 10.000 votos sumando a quienes sufragaron por Ferrante y por el m\u00e9dico cirujano Santiago Dos Santos. En la previa todo era posible.\u2026","rel":"","context":"En \u00abCHASCOM\u00daS\u00bb","block_context":{"text":"CHASCOM\u00daS","link":"https:\/\/larevistadigital.com.ar\/blog\/category\/chascomus\/"},"img":{"alt_text":"","src":"https:\/\/i0.wp.com\/larevistadigital.com.ar\/blog\/wp-content\/uploads\/2017\/08\/WhatsApp-Image-2017-08-14-at-00.07.00.jpeg?fit=1200%2C675&ssl=1&resize=350%2C200","width":350,"height":200,"srcset":"https:\/\/i0.wp.com\/larevistadigital.com.ar\/blog\/wp-content\/uploads\/2017\/08\/WhatsApp-Image-2017-08-14-at-00.07.00.jpeg?fit=1200%2C675&ssl=1&resize=350%2C200 1x, https:\/\/i0.wp.com\/larevistadigital.com.ar\/blog\/wp-content\/uploads\/2017\/08\/WhatsApp-Image-2017-08-14-at-00.07.00.jpeg?fit=1200%2C675&ssl=1&resize=525%2C300 1.5x, https:\/\/i0.wp.com\/larevistadigital.com.ar\/blog\/wp-content\/uploads\/2017\/08\/WhatsApp-Image-2017-08-14-at-00.07.00.jpeg?fit=1200%2C675&ssl=1&resize=700%2C400 2x, https:\/\/i0.wp.com\/larevistadigital.com.ar\/blog\/wp-content\/uploads\/2017\/08\/WhatsApp-Image-2017-08-14-at-00.07.00.jpeg?fit=1200%2C675&ssl=1&resize=1050%2C600 3x"},"classes":[]}],"_links":{"self":[{"href":"https:\/\/larevistadigital.com.ar\/blog\/wp-json\/wp\/v2\/posts\/2503","targetHints":{"allow":["GET"]}}],"collection":[{"href":"https:\/\/larevistadigital.com.ar\/blog\/wp-json\/wp\/v2\/posts"}],"about":[{"href":"https:\/\/larevistadigital.com.ar\/blog\/wp-json\/wp\/v2\/types\/post"}],"author":[{"embeddable":true,"href":"https:\/\/larevistadigital.com.ar\/blog\/wp-json\/wp\/v2\/users\/3"}],"replies":[{"embeddable":true,"href":"https:\/\/larevistadigital.com.ar\/blog\/wp-json\/wp\/v2\/comments?post=2503"}],"version-history":[{"count":3,"href":"https:\/\/larevistadigital.com.ar\/blog\/wp-json\/wp\/v2\/posts\/2503\/revisions"}],"predecessor-version":[{"id":2510,"href":"https:\/\/larevistadigital.com.ar\/blog\/wp-json\/wp\/v2\/posts\/2503\/revisions\/2510"}],"wp:featuredmedia":[{"embeddable":true,"href":"https:\/\/larevistadigital.com.ar\/blog\/wp-json\/wp\/v2\/media\/2509"}],"wp:attachment":[{"href":"https:\/\/larevistadigital.com.ar\/blog\/wp-json\/wp\/v2\/media?parent=2503"}],"wp:term":[{"taxonomy":"category","embeddable":true,"href":"https:\/\/larevistadigital.com.ar\/blog\/wp-json\/wp\/v2\/categories?post=2503"},{"taxonomy":"post_tag","embeddable":true,"href":"https:\/\/larevistadigital.com.ar\/blog\/wp-json\/wp\/v2\/tags?post=2503"}],"curies":[{"name":"wp","href":"https:\/\/api.w.org\/{rel}","templated":true}]}}