{"id":2514,"date":"2017-06-25T21:10:26","date_gmt":"2017-06-25T21:10:26","guid":{"rendered":"https:\/\/larevistadigital.com.ar\/blog\/?p=2514"},"modified":"2017-06-25T21:10:26","modified_gmt":"2017-06-25T21:10:26","slug":"chascomus-gabriel-macchi-encabeza-la-lista-de-unidad-ciudadana","status":"publish","type":"post","link":"https:\/\/larevistadigital.com.ar\/blog\/chascomus-gabriel-macchi-encabeza-la-lista-de-unidad-ciudadana\/","title":{"rendered":"CHASCOMUS: GABRIEL MACCHI ENCABEZA LA LISTA DE UNIDAD CIUDADANA"},"content":{"rendered":"<p>Como era de esperarse, el vicepresidente del PJ de Chascom\u00fas y actual jefe de bloque de concejales del PJ, <strong>Gabriel Macchi<\/strong> ser\u00e1 quien encabece la lista de Unidad Ciudadana en Chascom\u00fas.<\/p>\n<blockquote>\n<h3>Cabe destacar que ir\u00e1n a las PASO con esa \u00fanica lista representando el sector que lidera la ex presidente <strong>Cristina Fern\u00e1ndez de Kirchner<\/strong>.<\/h3>\n<\/blockquote>\n<p>La idea de <strong>Macchi<\/strong> fue juntar la mayor cantidad de expresiones posibles, para poder representar de mejor manera al espacio.<\/p>\n<p>La lista es la siguiente:<\/p>\n<p><strong>CANDIDATOS A CONCEJALES:<\/strong><\/p>\n<ul>\n<li>MACCHI, Gabriel<\/li>\n<li>MACHIN, Valeria<\/li>\n<li>TEILLECHE, Marcelo<\/li>\n<li>CABRERA, Sonia<\/li>\n<li>ZABALA, Carlos<\/li>\n<li>OTERO, Marianela<\/li>\n<li>VALENTINI, Germ\u00e1n<\/li>\n<li>CORRADO, Beatriz<\/li>\n<\/ul>\n<p><strong>CONCEJEROS ESCOLARES:<\/strong><\/p>\n<ul>\n<li>HERRERA, Lorena<\/li>\n<li>ALMIRON, Juan M.<\/li>\n<li>CARNEVALE, Natalia<\/li>\n<\/ul>\n<p>&nbsp;<\/p>\n","protected":false},"excerpt":{"rendered":"<div class=\"mh-excerpt\"><p>Como era de esperarse, el vicepresidente del PJ de Chascom\u00fas y actual jefe de bloque de concejales del PJ, Gabriel Macchi ser\u00e1 quien encabece la lista de Unidad Ciudadana en Chascom\u00fas. Cabe destacar que ir\u00e1n <a class=\"mh-excerpt-more\" href=\"https:\/\/larevistadigital.com.ar\/blog\/chascomus-gabriel-macchi-encabeza-la-lista-de-unidad-ciudadana\/\" title=\"CHASCOMUS: GABRIEL MACCHI ENCABEZA LA LISTA DE UNIDAD CIUDADANA\">[Leer M\u00e1s]<\/a><\/p>\n<\/div>","protected":false},"author":3,"featured_media":1911,"comment_status":"open","ping_status":"open","sticky":false,"template":"","format":"standard","meta":{"_jetpack_memberships_contains_paid_content":false,"footnotes":"","jetpack_publicize_message":"","jetpack_publicize_feature_enabled":true,"jetpack_social_post_already_shared":true,"jetpack_social_options":{"image_generator_settings":{"template":"highway","default_image_id":0,"font":"","enabled":false},"version":2}},"categories":[6,12,23],"tags":[],"class_list":{"0":"post-2514","1":"post","2":"type-post","3":"status-publish","4":"format-standard","5":"has-post-thumbnail","7":"category-chascomus","8":"category-politica","9":"category-politica-local"},"jetpack_publicize_connections":[],"jetpack_featured_media_url":"https:\/\/i0.wp.com\/larevistadigital.com.ar\/blog\/wp-content\/uploads\/2017\/04\/10419962_996489190375560_2726194559076702573_n.jpg?fit=960%2C960&ssl=1","jetpack_sharing_enabled":true,"jetpack_shortlink":"https:\/\/wp.me\/p8qtrQ-Ey","jetpack-related-posts":[{"id":2717,"url":"https:\/\/larevistadigital.com.ar\/blog\/chascomus-con-nutrida-concurrencia-gabriel-machi-presento-la-lista-que-lo-acompana-en-unidad-ciudadana\/","url_meta":{"origin":2514,"position":0},"title":"CHASCOM\u00daS: CON NUTRIDA CONCURRENCIA GABRIEL MACHI PRESENT\u00d3 LA LISTA QUE LO ACOMPA\u00d1A EN UNIDAD CIUDADANA","author":"Alejandro Sosa Ruda","date":"23 julio, 2017","format":false,"excerpt":"Con un importante marco de gente que lo acompa\u00f1\u00f3, el precandidato a concejal Gabriel Macchi present\u00f3 en un acto a quienes lo acompa\u00f1ar\u00e1n en la lista de Unidad Ciudadana. No fue una presentaci\u00f3n m\u00e1s. Muchos supon\u00edan que hab\u00eda pasado el momento de Macchi y su gente, pero al parecer la\u2026","rel":"","context":"En \u00abCHASCOM\u00daS\u00bb","block_context":{"text":"CHASCOM\u00daS","link":"https:\/\/larevistadigital.com.ar\/blog\/category\/chascomus\/"},"img":{"alt_text":"","src":"https:\/\/i0.wp.com\/larevistadigital.com.ar\/blog\/wp-content\/uploads\/2017\/07\/20229849_1513882471988102_6737175772459341343_o.jpg?fit=1024%2C524&ssl=1&resize=350%2C200","width":350,"height":200,"srcset":"https:\/\/i0.wp.com\/larevistadigital.com.ar\/blog\/wp-content\/uploads\/2017\/07\/20229849_1513882471988102_6737175772459341343_o.jpg?fit=1024%2C524&ssl=1&resize=350%2C200 1x, https:\/\/i0.wp.com\/larevistadigital.com.ar\/blog\/wp-content\/uploads\/2017\/07\/20229849_1513882471988102_6737175772459341343_o.jpg?fit=1024%2C524&ssl=1&resize=525%2C300 1.5x, https:\/\/i0.wp.com\/larevistadigital.com.ar\/blog\/wp-content\/uploads\/2017\/07\/20229849_1513882471988102_6737175772459341343_o.jpg?fit=1024%2C524&ssl=1&resize=700%2C400 2x"},"classes":[]},{"id":3576,"url":"https:\/\/larevistadigital.com.ar\/blog\/chascomus-ultimo-momento-escrutadas-97-99-mesas-ferrante-casi-dobla-al-segundo\/","url_meta":{"origin":2514,"position":1},"title":"CHASCOM\u00daS: RESULTADOS FINALES. FERRANTE ARRAS\u00d3 Y LOGRAN 4 CONCEJALES.","author":"Alejandro Sosa Ruda","date":"23 octubre, 2017","format":false,"excerpt":"Cuando se han escrutado las 99 mesas del distrito, el candidato a concejal del frente Cambiemos, Ramiro Ferrante obtuvo un \u00e1mplio triunfo, seguido por el candidato Gabriel Macchi de Unidad Ciudadana y en tercer lugar el representante de Unidad por Chascom\u00fas 1 Pa\u00eds, Pablo Francese. Jos\u00e9 Ochoa\u00a0se ubica en el\u2026","rel":"","context":"En \u00abDESTACADAS\u00bb","block_context":{"text":"DESTACADAS","link":"https:\/\/larevistadigital.com.ar\/blog\/category\/destacadas\/"},"img":{"alt_text":"","src":"https:\/\/i0.wp.com\/larevistadigital.com.ar\/blog\/wp-content\/uploads\/2017\/10\/d509ce0e-2c7a-4de7-bcb9-8b09cb3b31f4-1.jpg?fit=359%2C405&ssl=1&resize=350%2C200","width":350,"height":200},"classes":[]},{"id":2548,"url":"https:\/\/larevistadigital.com.ar\/blog\/gabriel-macchi-candidato-de-unidad-ciudadana-en-chascomushoy-nuestra-unica-bandera-es-la-bandera-de-la-patria\/","url_meta":{"origin":2514,"position":2},"title":"GABRIEL MACCHI, CANDIDATO DE UNIDAD CIUDADANA EN CHASCOM\u00daS:\u00bbHOY NUESTRA \u00daNICA BANDERA, ES LA BANDERA DE LA PATRIA\u00bb","author":"Alejandro Sosa Ruda","date":"27 junio, 2017","format":false,"excerpt":"El candidato a concejal por el frente Unidad Ciudadana Gabriel Macchi, sostuvo que se logr\u00f3 consensuar una lista que tiene gente nueva en la pol\u00edtica y que la conforman personas que est\u00e1n representando a toda la sociedad en su conjunto. Macchi asegur\u00f3 que \u201ccreo que hemos sabido interpretar el mensaje\u2026","rel":"","context":"En \u00abCHASCOM\u00daS\u00bb","block_context":{"text":"CHASCOM\u00daS","link":"https:\/\/larevistadigital.com.ar\/blog\/category\/chascomus\/"},"img":{"alt_text":"","src":"https:\/\/i0.wp.com\/larevistadigital.com.ar\/blog\/wp-content\/uploads\/2017\/06\/12791117_1123402557684222_4658401552988722687_n.jpg?fit=960%2C640&ssl=1&resize=350%2C200","width":350,"height":200,"srcset":"https:\/\/i0.wp.com\/larevistadigital.com.ar\/blog\/wp-content\/uploads\/2017\/06\/12791117_1123402557684222_4658401552988722687_n.jpg?fit=960%2C640&ssl=1&resize=350%2C200 1x, https:\/\/i0.wp.com\/larevistadigital.com.ar\/blog\/wp-content\/uploads\/2017\/06\/12791117_1123402557684222_4658401552988722687_n.jpg?fit=960%2C640&ssl=1&resize=525%2C300 1.5x, https:\/\/i0.wp.com\/larevistadigital.com.ar\/blog\/wp-content\/uploads\/2017\/06\/12791117_1123402557684222_4658401552988722687_n.jpg?fit=960%2C640&ssl=1&resize=700%2C400 2x"},"classes":[]},{"id":10689,"url":"https:\/\/larevistadigital.com.ar\/blog\/primicia-de-lrd-gabriel-macchi-firmando-ahora-su-lista-y-pronto-a-viajar-a-buenos-aires-habra-interna-con-unidad-por-chascomus\/","url_meta":{"origin":2514,"position":3},"title":"PRIMICIA DE LRD: GABRIEL MACCHI FIRMANDO AHORA SU LISTA Y PRONTO A VIAJAR A BUENOS AIRES. HABR\u00c1 INTERNA CON UNIDAD POR CHASCOM\u00daS","author":"Alejandro Sosa Ruda","date":"21 junio, 2019","format":false,"excerpt":"Esto se estar\u00eda desarrollando casi en este momento, donde el Presidente del\u00a0 PJ local estar\u00eda por viajar a Buenos Aires a presentar su lista que ser\u00e1 completa (es decir, con Axel Kicillof como candidato a gobernador de la Provincia de Buenos Aires, y Alberto Fernandez como candidato a presidente). Al\u2026","rel":"","context":"En \u00abDESTACADAS\u00bb","block_context":{"text":"DESTACADAS","link":"https:\/\/larevistadigital.com.ar\/blog\/category\/destacadas\/"},"img":{"alt_text":"","src":"https:\/\/i0.wp.com\/larevistadigital.com.ar\/blog\/wp-content\/uploads\/Sin-t%C3%ADtulo-1-1.jpg?fit=1000%2C800&ssl=1&resize=350%2C200","width":350,"height":200,"srcset":"https:\/\/i0.wp.com\/larevistadigital.com.ar\/blog\/wp-content\/uploads\/Sin-t%C3%ADtulo-1-1.jpg?fit=1000%2C800&ssl=1&resize=350%2C200 1x, https:\/\/i0.wp.com\/larevistadigital.com.ar\/blog\/wp-content\/uploads\/Sin-t%C3%ADtulo-1-1.jpg?fit=1000%2C800&ssl=1&resize=525%2C300 1.5x, https:\/\/i0.wp.com\/larevistadigital.com.ar\/blog\/wp-content\/uploads\/Sin-t%C3%ADtulo-1-1.jpg?fit=1000%2C800&ssl=1&resize=700%2C400 2x"},"classes":[]},{"id":10699,"url":"https:\/\/larevistadigital.com.ar\/blog\/unidad-por-chascomus-fue-socorrida-por-massa-y-bajaron-la-lista-de-gabriel-macchi\/","url_meta":{"origin":2514,"position":4},"title":"UNIDAD POR CHASCOM\u00daS FUE SOCORRIDA POR MASSA, Y BAJARON LA LISTA DE GABRIEL MACCHI","author":"Alejandro Sosa Ruda","date":"22 junio, 2019","format":false,"excerpt":"Luego que ayer se habilitara la posibilidad (como correspond\u00eda) de que el presidente del PJ local Gabriel Macchi presentara su lista como pre candidato a Intendente de Chascom\u00fas, una ola de fr\u00edo se apoder\u00f3 del vecinalismo gobernante, que nunca tuvo intenciones de participar en una contienda interna, y vieron con\u2026","rel":"","context":"En \u00abDESTACADAS\u00bb","block_context":{"text":"DESTACADAS","link":"https:\/\/larevistadigital.com.ar\/blog\/category\/destacadas\/"},"img":{"alt_text":"","src":"https:\/\/i0.wp.com\/larevistadigital.com.ar\/blog\/wp-content\/uploads\/Gaston-macchi.jpg?fit=600%2C399&ssl=1&resize=350%2C200","width":350,"height":200,"srcset":"https:\/\/i0.wp.com\/larevistadigital.com.ar\/blog\/wp-content\/uploads\/Gaston-macchi.jpg?fit=600%2C399&ssl=1&resize=350%2C200 1x, https:\/\/i0.wp.com\/larevistadigital.com.ar\/blog\/wp-content\/uploads\/Gaston-macchi.jpg?fit=600%2C399&ssl=1&resize=525%2C300 1.5x"},"classes":[]},{"id":5180,"url":"https:\/\/larevistadigital.com.ar\/blog\/chascomus-gabriel-macchi-se-reunio-sec-adjunto-la-uom-los-recientes-despidos\/","url_meta":{"origin":2514,"position":5},"title":"CHASCOM\u00daS: GABRIEL MACCHI SE REUNI\u00d3 CON EL SEC. ADJUNTO DE LA UOM POR LOS RECIENTES DESPIDOS","author":"Alejandro Sosa Ruda","date":"2 marzo, 2018","format":false,"excerpt":"El Presidente del Partido Justicialista Chascom\u00fas, Gabriel Macchi acompa\u00f1ado por los Delegados Gremiales, Marcelo Videla y Felix Laborde, mantuvieron el d\u00eda de ayer una reuni\u00f3n con el Secretario Adjunto de la UOM, el Cro. Antonio Di Tomaso, con quien dialogaron sobre la problem\u00e1tica de los trabajadores y los constantes despidos\u2026","rel":"","context":"En \u00abDESTACADAS\u00bb","block_context":{"text":"DESTACADAS","link":"https:\/\/larevistadigital.com.ar\/blog\/category\/destacadas\/"},"img":{"alt_text":"","src":"https:\/\/i0.wp.com\/larevistadigital.com.ar\/blog\/wp-content\/uploads\/2018\/03\/28424625_1740298786013135_3858077688856222077_o.jpg?fit=1040%2C780&ssl=1&resize=350%2C200","width":350,"height":200,"srcset":"https:\/\/i0.wp.com\/larevistadigital.com.ar\/blog\/wp-content\/uploads\/2018\/03\/28424625_1740298786013135_3858077688856222077_o.jpg?fit=1040%2C780&ssl=1&resize=350%2C200 1x, https:\/\/i0.wp.com\/larevistadigital.com.ar\/blog\/wp-content\/uploads\/2018\/03\/28424625_1740298786013135_3858077688856222077_o.jpg?fit=1040%2C780&ssl=1&resize=525%2C300 1.5x, https:\/\/i0.wp.com\/larevistadigital.com.ar\/blog\/wp-content\/uploads\/2018\/03\/28424625_1740298786013135_3858077688856222077_o.jpg?fit=1040%2C780&ssl=1&resize=700%2C400 2x"},"classes":[]}],"_links":{"self":[{"href":"https:\/\/larevistadigital.com.ar\/blog\/wp-json\/wp\/v2\/posts\/2514","targetHints":{"allow":["GET"]}}],"collection":[{"href":"https:\/\/larevistadigital.com.ar\/blog\/wp-json\/wp\/v2\/posts"}],"about":[{"href":"https:\/\/larevistadigital.com.ar\/blog\/wp-json\/wp\/v2\/types\/post"}],"author":[{"embeddable":true,"href":"https:\/\/larevistadigital.com.ar\/blog\/wp-json\/wp\/v2\/users\/3"}],"replies":[{"embeddable":true,"href":"https:\/\/larevistadigital.com.ar\/blog\/wp-json\/wp\/v2\/comments?post=2514"}],"version-history":[{"count":1,"href":"https:\/\/larevistadigital.com.ar\/blog\/wp-json\/wp\/v2\/posts\/2514\/revisions"}],"predecessor-version":[{"id":2515,"href":"https:\/\/larevistadigital.com.ar\/blog\/wp-json\/wp\/v2\/posts\/2514\/revisions\/2515"}],"wp:featuredmedia":[{"embeddable":true,"href":"https:\/\/larevistadigital.com.ar\/blog\/wp-json\/wp\/v2\/media\/1911"}],"wp:attachment":[{"href":"https:\/\/larevistadigital.com.ar\/blog\/wp-json\/wp\/v2\/media?parent=2514"}],"wp:term":[{"taxonomy":"category","embeddable":true,"href":"https:\/\/larevistadigital.com.ar\/blog\/wp-json\/wp\/v2\/categories?post=2514"},{"taxonomy":"post_tag","embeddable":true,"href":"https:\/\/larevistadigital.com.ar\/blog\/wp-json\/wp\/v2\/tags?post=2514"}],"curies":[{"name":"wp","href":"https:\/\/api.w.org\/{rel}","templated":true}]}}