{"id":25197,"date":"2022-04-21T19:17:37","date_gmt":"2022-04-21T19:17:37","guid":{"rendered":"https:\/\/larevistadigital.com.ar\/blog\/?p=25197"},"modified":"2022-04-21T19:17:37","modified_gmt":"2022-04-21T19:17:37","slug":"chascomus-video-nota-empleado-municipal-de-27-anos-de-antiguedad-se-autoconvoco-frente-al-municipio-en-reclamo-de-sus-derechos","status":"publish","type":"post","link":"https:\/\/larevistadigital.com.ar\/blog\/chascomus-video-nota-empleado-municipal-de-27-anos-de-antiguedad-se-autoconvoco-frente-al-municipio-en-reclamo-de-sus-derechos\/","title":{"rendered":"CHASCOM\u00daS: [VIDEO NOTA] EMPLEADO MUNICIPAL DE 27 A\u00d1OS DE ANTIG\u00dcEDAD, SE AUTOCONVOC\u00d3 FRENTE AL MUNICIPIO EN RECLAMO DE SUS DERECHOS"},"content":{"rendered":"<h2>Se trata de Ceferino Bulggiani, de 57 a\u00f1os y con 27 de antig\u00fcedad como empleado municipal. Reclama la aplicaci\u00f3n de la \u00abOrdenanza 3000\u00bb afirmando que es un \u00abderecho adquirido\u00bb<\/h2>\n<p><strong>CHASCOM\u00daS &#8211;\u00a0\u00a0<\/strong>En la ma\u00f1ana de ayer, recibimos por parte de algunos compa\u00f1eros de trabajo la noticia que <strong>Ceferino Bulggiani<\/strong>, empleado municipal de gran trayectoria probablemente se encadenar\u00eda al municipio en reclamo de sus derechos.<\/p>\n<blockquote>\n<h3>Una vez en el lugar, dialogamos con <strong>Bulggiani<\/strong>, que se encontraba en la puerta del Palacio Municipal, con unos carteles que expresaban sus reclamos. El hombre accedi\u00f3 a la realizaci\u00f3n de una nota en video, donde explica los motivos que lo llevaron a tomar la decisi\u00f3n de visibilizar su problema ante la sociedad.<\/h3>\n<\/blockquote>\n<p>Entre otras cosas, y previniendo represalias del ejecutivo, <strong>Bulggiani<\/strong> nos cont\u00f3 que<strong><em> \u201cEspero tener respuesta favorable, si no voy a seguir es mi lucha hasta las \u00faltimas consecuencias. Me saqu\u00e9 las vacaciones para poder lucharla porque si no en este momento me estar\u00edan descontando los d\u00edas o suspendiendo\u201d.<\/em><\/strong><\/p>\n<h3 style=\"text-align: center\"><span style=\"color: #ff0000\">LA NOTA<\/span><\/h3>\n<p><span class=\"embed-youtube\" style=\"text-align:center; display: block;\"><iframe loading=\"lazy\" class=\"youtube-player\" width=\"640\" height=\"360\" src=\"https:\/\/www.youtube.com\/embed\/o4TFj8IIAE4?version=3&#038;rel=1&#038;showsearch=0&#038;showinfo=1&#038;iv_load_policy=1&#038;fs=1&#038;hl=es-ES&#038;autohide=2&#038;wmode=transparent\" allowfullscreen=\"true\" style=\"border:0;\" sandbox=\"allow-scripts allow-same-origin allow-popups allow-presentation allow-popups-to-escape-sandbox\"><\/iframe><\/span><\/p>\n<p>&nbsp;<\/p>\n<p>&nbsp;<\/p>\n","protected":false},"excerpt":{"rendered":"<div class=\"mh-excerpt\"><p>Se trata de Ceferino Bulggiani, de 57 a\u00f1os y con 27 de antig\u00fcedad como empleado municipal. Reclama la aplicaci\u00f3n de la \u00abOrdenanza 3000\u00bb afirmando que es un \u00abderecho adquirido\u00bb CHASCOM\u00daS &#8211;\u00a0\u00a0En la ma\u00f1ana de ayer, <a class=\"mh-excerpt-more\" href=\"https:\/\/larevistadigital.com.ar\/blog\/chascomus-video-nota-empleado-municipal-de-27-anos-de-antiguedad-se-autoconvoco-frente-al-municipio-en-reclamo-de-sus-derechos\/\" title=\"CHASCOM\u00daS: [VIDEO NOTA] EMPLEADO MUNICIPAL DE 27 A\u00d1OS DE ANTIG\u00dcEDAD, SE AUTOCONVOC\u00d3 FRENTE AL MUNICIPIO EN RECLAMO DE SUS DERECHOS\">[Leer M\u00e1s]<\/a><\/p>\n<\/div>","protected":false},"author":3,"featured_media":25201,"comment_status":"open","ping_status":"open","sticky":false,"template":"","format":"standard","meta":{"_jetpack_memberships_contains_paid_content":false,"footnotes":"","jetpack_publicize_message":"","jetpack_publicize_feature_enabled":true,"jetpack_social_post_already_shared":true,"jetpack_social_options":{"image_generator_settings":{"template":"highway","default_image_id":0,"font":"","enabled":false},"version":2}},"categories":[50],"tags":[],"class_list":{"0":"post-25197","1":"post","2":"type-post","3":"status-publish","4":"format-standard","5":"has-post-thumbnail","7":"category-interes-general"},"jetpack_publicize_connections":[],"jetpack_featured_media_url":"https:\/\/i0.wp.com\/larevistadigital.com.ar\/blog\/wp-content\/uploads\/278622333_653562412373622_8603960889002912591_n.jpg?fit=612%2C816&ssl=1","jetpack_sharing_enabled":true,"jetpack_shortlink":"https:\/\/wp.me\/p8qtrQ-6yp","jetpack-related-posts":[{"id":27275,"url":"https:\/\/larevistadigital.com.ar\/blog\/chascomus-el-bloque-de-la-ucr-y-cambiemos-presentara-manana-el-pedido-de-apertura-de-paritarias-al-gobierno-municipal\/","url_meta":{"origin":25197,"position":0},"title":"CHASCOM\u00daS: EL BLOQUE DE LA UCR Y CAMBIEMOS PRESENTAR\u00c1 MA\u00d1ANA EL PEDIDO DE APERTURA DE PARITARIAS AL GOBIERNO MUNICIPAL","author":"Alejandro Sosa Ruda","date":"25 agosto, 2022","format":false,"excerpt":"Ser\u00e1 presentado ma\u00f1ana para que se trate \"sobre tablas\". Es una reacci\u00f3n necesaria para tratar de colaborar con los empleados municipales, luego de la inacci\u00f3n de los gremios locales. CHASCOM\u00daS -\u00a0 Desde el bloque de UCR-Cambiemos, se presentar\u00e1 ma\u00f1ana a efectos de ser tratado \"sobre tablas\" un Proyecto de Comunicaci\u00f3n\u2026","rel":"","context":"En \u00abDESTACADAS\u00bb","block_context":{"text":"DESTACADAS","link":"https:\/\/larevistadigital.com.ar\/blog\/category\/destacadas\/"},"img":{"alt_text":"","src":"https:\/\/i0.wp.com\/larevistadigital.com.ar\/blog\/wp-content\/uploads\/2018\/09\/concejo-chascomus.jpg?fit=954%2C768&ssl=1&resize=350%2C200","width":350,"height":200,"srcset":"https:\/\/i0.wp.com\/larevistadigital.com.ar\/blog\/wp-content\/uploads\/2018\/09\/concejo-chascomus.jpg?fit=954%2C768&ssl=1&resize=350%2C200 1x, https:\/\/i0.wp.com\/larevistadigital.com.ar\/blog\/wp-content\/uploads\/2018\/09\/concejo-chascomus.jpg?fit=954%2C768&ssl=1&resize=525%2C300 1.5x, https:\/\/i0.wp.com\/larevistadigital.com.ar\/blog\/wp-content\/uploads\/2018\/09\/concejo-chascomus.jpg?fit=954%2C768&ssl=1&resize=700%2C400 2x"},"classes":[]},{"id":3448,"url":"https:\/\/larevistadigital.com.ar\/blog\/chascomus-los-medicos-del-hospital-municipal-invitan-a-la-poblacion-a-acompanar-su-reclamo\/","url_meta":{"origin":25197,"position":1},"title":"CHASCOMUS: LOS M\u00c9DICOS DEL HOSPITAL MUNICIPAL INVITAN A LA POBLACI\u00d3N A ACOMPA\u00d1AR SU RECLAMO","author":"Alejandro Sosa Ruda","date":"10 octubre, 2017","format":false,"excerpt":"Luego de la decisi\u00f3n del ejecutivo municipal de hacer caso omiso a los reclamos de los profesionales de la salud de Chascom\u00fas, y entre otras cosas \u201ccambiar las reglas de juego\u201d de manera unilateral, en referencia a la modificaci\u00f3n de la grilla salarial, la CICOP ha decidido llevar a cabo\u2026","rel":"","context":"En \u00abDESTACADAS\u00bb","block_context":{"text":"DESTACADAS","link":"https:\/\/larevistadigital.com.ar\/blog\/category\/destacadas\/"},"img":{"alt_text":"","src":"https:\/\/i0.wp.com\/larevistadigital.com.ar\/blog\/wp-content\/uploads\/2017\/10\/21768357_135123350566961_2481987643994153920_n-1.jpg?fit=953%2C627&ssl=1&resize=350%2C200","width":350,"height":200,"srcset":"https:\/\/i0.wp.com\/larevistadigital.com.ar\/blog\/wp-content\/uploads\/2017\/10\/21768357_135123350566961_2481987643994153920_n-1.jpg?fit=953%2C627&ssl=1&resize=350%2C200 1x, https:\/\/i0.wp.com\/larevistadigital.com.ar\/blog\/wp-content\/uploads\/2017\/10\/21768357_135123350566961_2481987643994153920_n-1.jpg?fit=953%2C627&ssl=1&resize=525%2C300 1.5x, https:\/\/i0.wp.com\/larevistadigital.com.ar\/blog\/wp-content\/uploads\/2017\/10\/21768357_135123350566961_2481987643994153920_n-1.jpg?fit=953%2C627&ssl=1&resize=700%2C400 2x"},"classes":[]},{"id":17497,"url":"https:\/\/larevistadigital.com.ar\/blog\/feliz-dia-del-empleado-municipal-no-solo-debe-ser-un-deseo-sino-un-compromiso-por-jose-fares\/","url_meta":{"origin":25197,"position":2},"title":"\u201cFELIZ D\u00cdA DEL EMPLEADO MUNICIPAL\u201d. NO SOLO DEBE SER UN DESEO, SINO UN COMPROMISO (por JOS\u00c9 FARES)","author":"Alejandro Sosa Ruda","date":"8 noviembre, 2020","format":false,"excerpt":"Jos\u00e9 Fares, referente de \"Cambio Federal\" por la quinta secci\u00f3n, nos hizo llegar una nota de opini\u00f3n, con motivo del \"D\u00eda del Municipal\" que a continuaci\u00f3n publicamos: Hoy, es el d\u00eda del empleado municipal. Cuando me dije que iba a enviar un saludo por las redes, comenc\u00e9 a reflexionar y\u2026","rel":"","context":"En \u00abDESTACADAS\u00bb","block_context":{"text":"DESTACADAS","link":"https:\/\/larevistadigital.com.ar\/blog\/category\/destacadas\/"},"img":{"alt_text":"","src":"https:\/\/i0.wp.com\/larevistadigital.com.ar\/blog\/wp-content\/uploads\/2019\/05\/municipio-copia.jpg?fit=1200%2C795&ssl=1&resize=350%2C200","width":350,"height":200,"srcset":"https:\/\/i0.wp.com\/larevistadigital.com.ar\/blog\/wp-content\/uploads\/2019\/05\/municipio-copia.jpg?fit=1200%2C795&ssl=1&resize=350%2C200 1x, https:\/\/i0.wp.com\/larevistadigital.com.ar\/blog\/wp-content\/uploads\/2019\/05\/municipio-copia.jpg?fit=1200%2C795&ssl=1&resize=525%2C300 1.5x, https:\/\/i0.wp.com\/larevistadigital.com.ar\/blog\/wp-content\/uploads\/2019\/05\/municipio-copia.jpg?fit=1200%2C795&ssl=1&resize=700%2C400 2x, https:\/\/i0.wp.com\/larevistadigital.com.ar\/blog\/wp-content\/uploads\/2019\/05\/municipio-copia.jpg?fit=1200%2C795&ssl=1&resize=1050%2C600 3x"},"classes":[]},{"id":19195,"url":"https:\/\/larevistadigital.com.ar\/blog\/el-circulo-medico-apoyo-a-los-profesionales-del-hospital-en-su-reclamo-y-convoco-a-concurrir-a-la-marcha-de-manana-a-las-12-hs\/","url_meta":{"origin":25197,"position":3},"title":"EL C\u00cdRCULO M\u00c9DICO APOY\u00d3 A LOS PROFESIONALES DEL HOSPITAL EN SU RECLAMO Y CONVOC\u00d3 A CONCURRIR A LA MARCHA DE MA\u00d1ANA A LAS 12 HS.","author":"Alejandro Sosa Ruda","date":"7 marzo, 2021","format":false,"excerpt":"CHASCOM\u00daS -\u00a0El C\u00edrculo M\u00e9dico de Chascom\u00fas, emiti\u00f3 un comunicado en el que apoya a los profesionales del Hospital Municipal San Vicente de Paul en el conflicto que vienen manteniendo con las autoridades del municipio en reclamo de mejores condiciones laborales y la recomposici\u00f3n de sus salarios. Todo esto, en realidad\u2026","rel":"","context":"En \u00abDESTACADAS\u00bb","block_context":{"text":"DESTACADAS","link":"https:\/\/larevistadigital.com.ar\/blog\/category\/destacadas\/"},"img":{"alt_text":"","src":"https:\/\/i0.wp.com\/larevistadigital.com.ar\/blog\/wp-content\/uploads\/WhatsApp-Image-2021-03-07-at-7.51.49-PM.jpeg?fit=750%2C694&ssl=1&resize=350%2C200","width":350,"height":200,"srcset":"https:\/\/i0.wp.com\/larevistadigital.com.ar\/blog\/wp-content\/uploads\/WhatsApp-Image-2021-03-07-at-7.51.49-PM.jpeg?fit=750%2C694&ssl=1&resize=350%2C200 1x, https:\/\/i0.wp.com\/larevistadigital.com.ar\/blog\/wp-content\/uploads\/WhatsApp-Image-2021-03-07-at-7.51.49-PM.jpeg?fit=750%2C694&ssl=1&resize=525%2C300 1.5x, https:\/\/i0.wp.com\/larevistadigital.com.ar\/blog\/wp-content\/uploads\/WhatsApp-Image-2021-03-07-at-7.51.49-PM.jpeg?fit=750%2C694&ssl=1&resize=700%2C400 2x"},"classes":[]},{"id":12139,"url":"https:\/\/larevistadigital.com.ar\/blog\/lezama-desconocidos-ingresaron-por-la-fuerza-al-cic-de-san-ceferino\/","url_meta":{"origin":25197,"position":4},"title":"LEZAMA: DESCONOCIDOS INGRESARON POR LA FUERZA AL CIC DE SAN CEFERINO","author":"Alejandro Sosa Ruda","date":"17 septiembre, 2019","format":false,"excerpt":"Ensuciaron las dependencias y robaron art\u00edculos de limpieza. En fecha cercana a los da\u00f1os perpetrados en las maquinarias del municipio se registr\u00f3 adem\u00e1s un episodio en el CIC (Centro Integrador Comunitario) de San Ceferino. Al momento de ingresar la persona encargada de la limpieza, que hab\u00eda dejado todo en condiciones\u2026","rel":"","context":"En \u00abLEZAMA\u00bb","block_context":{"text":"LEZAMA","link":"https:\/\/larevistadigital.com.ar\/blog\/category\/lezama\/"},"img":{"alt_text":"","src":"https:\/\/i0.wp.com\/larevistadigital.com.ar\/blog\/wp-content\/uploads\/70697705_1546282185564477_347203962207731712_n.jpg?fit=872%2C579&ssl=1&resize=350%2C200","width":350,"height":200,"srcset":"https:\/\/i0.wp.com\/larevistadigital.com.ar\/blog\/wp-content\/uploads\/70697705_1546282185564477_347203962207731712_n.jpg?fit=872%2C579&ssl=1&resize=350%2C200 1x, https:\/\/i0.wp.com\/larevistadigital.com.ar\/blog\/wp-content\/uploads\/70697705_1546282185564477_347203962207731712_n.jpg?fit=872%2C579&ssl=1&resize=525%2C300 1.5x, https:\/\/i0.wp.com\/larevistadigital.com.ar\/blog\/wp-content\/uploads\/70697705_1546282185564477_347203962207731712_n.jpg?fit=872%2C579&ssl=1&resize=700%2C400 2x"},"classes":[]},{"id":27289,"url":"https:\/\/larevistadigital.com.ar\/blog\/le-dieron-dos-dias-de-licencia-y-trucho-el-certificado-para-tener-tres-semanas\/","url_meta":{"origin":25197,"position":5},"title":"LE DIERON DOS D\u00cdAS DE LICENCIA, Y TRUCH\u00d3 EL CERTIFICADO PARA TENER TRES SEMANAS","author":"Alejandro Sosa Ruda","date":"25 agosto, 2022","format":false,"excerpt":"El trabajador que se desempe\u00f1aba en la administraci\u00f3n p\u00fablica quiso enga\u00f1ar a sus jefes con el objetivo de justificar sus d\u00edas de licencia. El mismo empleado ya hab\u00eda vivido otra situaci\u00f3n similar. MAR DEL PLATA -\u00a0 Un empleado que integra Ente Municipal de Vialidad y Alumbrado P\u00fablico del Municipio de\u2026","rel":"","context":"En \u00abREGIONALES\u00bb","block_context":{"text":"REGIONALES","link":"https:\/\/larevistadigital.com.ar\/blog\/category\/regionales\/"},"img":{"alt_text":"","src":"https:\/\/i0.wp.com\/larevistadigital.com.ar\/blog\/wp-content\/uploads\/4-medico-trucho.jpg?fit=800%2C573&ssl=1&resize=350%2C200","width":350,"height":200,"srcset":"https:\/\/i0.wp.com\/larevistadigital.com.ar\/blog\/wp-content\/uploads\/4-medico-trucho.jpg?fit=800%2C573&ssl=1&resize=350%2C200 1x, https:\/\/i0.wp.com\/larevistadigital.com.ar\/blog\/wp-content\/uploads\/4-medico-trucho.jpg?fit=800%2C573&ssl=1&resize=525%2C300 1.5x, https:\/\/i0.wp.com\/larevistadigital.com.ar\/blog\/wp-content\/uploads\/4-medico-trucho.jpg?fit=800%2C573&ssl=1&resize=700%2C400 2x"},"classes":[]}],"_links":{"self":[{"href":"https:\/\/larevistadigital.com.ar\/blog\/wp-json\/wp\/v2\/posts\/25197","targetHints":{"allow":["GET"]}}],"collection":[{"href":"https:\/\/larevistadigital.com.ar\/blog\/wp-json\/wp\/v2\/posts"}],"about":[{"href":"https:\/\/larevistadigital.com.ar\/blog\/wp-json\/wp\/v2\/types\/post"}],"author":[{"embeddable":true,"href":"https:\/\/larevistadigital.com.ar\/blog\/wp-json\/wp\/v2\/users\/3"}],"replies":[{"embeddable":true,"href":"https:\/\/larevistadigital.com.ar\/blog\/wp-json\/wp\/v2\/comments?post=25197"}],"version-history":[{"count":4,"href":"https:\/\/larevistadigital.com.ar\/blog\/wp-json\/wp\/v2\/posts\/25197\/revisions"}],"predecessor-version":[{"id":25204,"href":"https:\/\/larevistadigital.com.ar\/blog\/wp-json\/wp\/v2\/posts\/25197\/revisions\/25204"}],"wp:featuredmedia":[{"embeddable":true,"href":"https:\/\/larevistadigital.com.ar\/blog\/wp-json\/wp\/v2\/media\/25201"}],"wp:attachment":[{"href":"https:\/\/larevistadigital.com.ar\/blog\/wp-json\/wp\/v2\/media?parent=25197"}],"wp:term":[{"taxonomy":"category","embeddable":true,"href":"https:\/\/larevistadigital.com.ar\/blog\/wp-json\/wp\/v2\/categories?post=25197"},{"taxonomy":"post_tag","embeddable":true,"href":"https:\/\/larevistadigital.com.ar\/blog\/wp-json\/wp\/v2\/tags?post=25197"}],"curies":[{"name":"wp","href":"https:\/\/api.w.org\/{rel}","templated":true}]}}