{"id":25245,"date":"2022-04-23T17:18:28","date_gmt":"2022-04-23T17:18:28","guid":{"rendered":"https:\/\/larevistadigital.com.ar\/blog\/?p=25245"},"modified":"2022-04-23T20:17:01","modified_gmt":"2022-04-23T20:17:01","slug":"joven-se-accidento-con-su-moto-en-la-rotonda-frente-al-hospital-y-fue-internado","status":"publish","type":"post","link":"https:\/\/larevistadigital.com.ar\/blog\/joven-se-accidento-con-su-moto-en-la-rotonda-frente-al-hospital-y-fue-internado\/","title":{"rendered":"JOVEN SE ACCIDENT\u00d3 CON SU MOTO EN LA ROTONDA FRENTE AL HOSPITAL Y FUE INTERNADO."},"content":{"rendered":"<p><strong>CHASCOM\u00daS &#8211;\u00a0<\/strong> Durante la ma\u00f1ana de hoy, se dio aviso que hab\u00eda un joven tirado con su moto en la intersecci\u00f3n de Lastra e Yrigoyen, por lo que se hizo presente personal policial, observando que en el lugar, m\u00e1s precisamente en la rotonda\u00a0 se encontraba tirada una moto marca Yamaha XTZ.<\/p>\n<blockquote>\n<h3>Vecinos manifestaron que el accidente lo sufri\u00f3 un muchacho, que fue derivado por una ambulancia al hospital y se encuentra internado en Terapia Intensiva, ya que seg\u00fan el parte m\u00e9dico sufri\u00f3 un traumatismo de cr\u00e1neo con p\u00e9rdida de conocimiento.<\/h3>\n<\/blockquote>\n<p>El muchacho que sufri\u00f3 el accidente, es <strong>Braian Alvarez\u00a0<\/strong>de24 a\u00f1os de edad, domiciliado en el Barrio 30 de Mayo.<\/p>\n<p>(imagen ilustrativa)<\/p>\n<p>&nbsp;<\/p>\n<p>&nbsp;<\/p>\n","protected":false},"excerpt":{"rendered":"<div class=\"mh-excerpt\"><p>CHASCOM\u00daS &#8211;\u00a0 Durante la ma\u00f1ana de hoy, se dio aviso que hab\u00eda un joven tirado con su moto en la intersecci\u00f3n de Lastra e Yrigoyen, por lo que se hizo presente personal policial, observando que <a class=\"mh-excerpt-more\" href=\"https:\/\/larevistadigital.com.ar\/blog\/joven-se-accidento-con-su-moto-en-la-rotonda-frente-al-hospital-y-fue-internado\/\" title=\"JOVEN SE ACCIDENT\u00d3 CON SU MOTO EN LA ROTONDA FRENTE AL HOSPITAL Y FUE INTERNADO.\">[Leer M\u00e1s]<\/a><\/p>\n<\/div>","protected":false},"author":3,"featured_media":25248,"comment_status":"open","ping_status":"open","sticky":false,"template":"","format":"standard","meta":{"_jetpack_memberships_contains_paid_content":false,"footnotes":"","jetpack_publicize_message":"","jetpack_publicize_feature_enabled":true,"jetpack_social_post_already_shared":true,"jetpack_social_options":{"image_generator_settings":{"template":"highway","default_image_id":0,"font":"","enabled":false},"version":2}},"categories":[6],"tags":[],"class_list":{"0":"post-25245","1":"post","2":"type-post","3":"status-publish","4":"format-standard","5":"has-post-thumbnail","7":"category-chascomus"},"jetpack_publicize_connections":[],"jetpack_featured_media_url":"https:\/\/i0.wp.com\/larevistadigital.com.ar\/blog\/wp-content\/uploads\/2021_12_24_00_14_26_8514094.jpeg?fit=600%2C450&ssl=1","jetpack_sharing_enabled":true,"jetpack_shortlink":"https:\/\/wp.me\/p8qtrQ-6zb","jetpack-related-posts":[{"id":27451,"url":"https:\/\/larevistadigital.com.ar\/blog\/chascomus-fallecio-una-joven-que-ayer-sufrio-un-accidente\/","url_meta":{"origin":25245,"position":0},"title":"CHASCOM\u00daS: FALLECI\u00d3 UNA JOVEN QUE AYER SUFRI\u00d3 UN ACCIDENTE","author":"Alejandro Sosa Ruda","date":"1 septiembre, 2022","format":false,"excerpt":"Durante la tarde de ayer se accident\u00f3 colisionando en su moto con un autom\u00f3vil en Alfons\u00edn y M\u00e1rquez. Estaba grave y lamentablemente falleci\u00f3. 01 de septiembre de 2022 CHASCOM\u00daS -\u00a0 Lamentablemente, informamos que falleci\u00f3 una joven de 23 a\u00f1os de edad, a ra\u00edz de las consecuencias de un choque que\u2026","rel":"","context":"En \u00abDESTACADAS\u00bb","block_context":{"text":"DESTACADAS","link":"https:\/\/larevistadigital.com.ar\/blog\/category\/destacadas\/"},"img":{"alt_text":"","src":"https:\/\/i0.wp.com\/larevistadigital.com.ar\/blog\/wp-content\/uploads\/302750129_375759488094183_1039692111407876884_n.jpg?fit=843%2C1124&ssl=1&resize=350%2C200","width":350,"height":200,"srcset":"https:\/\/i0.wp.com\/larevistadigital.com.ar\/blog\/wp-content\/uploads\/302750129_375759488094183_1039692111407876884_n.jpg?fit=843%2C1124&ssl=1&resize=350%2C200 1x, https:\/\/i0.wp.com\/larevistadigital.com.ar\/blog\/wp-content\/uploads\/302750129_375759488094183_1039692111407876884_n.jpg?fit=843%2C1124&ssl=1&resize=525%2C300 1.5x, https:\/\/i0.wp.com\/larevistadigital.com.ar\/blog\/wp-content\/uploads\/302750129_375759488094183_1039692111407876884_n.jpg?fit=843%2C1124&ssl=1&resize=700%2C400 2x"},"classes":[]},{"id":17658,"url":"https:\/\/larevistadigital.com.ar\/blog\/chascomus-un-muchacho-se-atrinchero-con-intenciones-de-prenderse-fuego-y-se-vivio-una-terrible-situacion-durante-tres-horas\/","url_meta":{"origin":25245,"position":1},"title":"CHASCOM\u00daS: UN MUCHACHO SE ATRINCHER\u00d3 CON INTENCIONES DE PRENDERSE FUEGO Y SE VIVI\u00d3 UNA TERRIBLE SITUACI\u00d3N DURANTE TRES HORAS","author":"Alejandro Sosa Ruda","date":"12 noviembre, 2020","format":false,"excerpt":"Sucedi\u00f3 a media tarde, aproximadamente a las 15 hs. y puso en alerta a la polic\u00eda, bomberos y el grupo GAD, que se hicieron presentes en el lugar. La situaci\u00f3n: un joven, de aproximadamente 25 a\u00f1os, se atrincher\u00f3 en una casa ubicada en el barrio El Hueco. M\u00e1s precisamente en\u2026","rel":"","context":"En \u00abDESTACADAS\u00bb","block_context":{"text":"DESTACADAS","link":"https:\/\/larevistadigital.com.ar\/blog\/category\/destacadas\/"},"img":{"alt_text":"","src":"https:\/\/i0.wp.com\/larevistadigital.com.ar\/blog\/wp-content\/uploads\/Polic%C3%ADa-Bonaerense-Patrulleros-3.jpg?fit=772%2C434&ssl=1&resize=350%2C200","width":350,"height":200,"srcset":"https:\/\/i0.wp.com\/larevistadigital.com.ar\/blog\/wp-content\/uploads\/Polic%C3%ADa-Bonaerense-Patrulleros-3.jpg?fit=772%2C434&ssl=1&resize=350%2C200 1x, https:\/\/i0.wp.com\/larevistadigital.com.ar\/blog\/wp-content\/uploads\/Polic%C3%ADa-Bonaerense-Patrulleros-3.jpg?fit=772%2C434&ssl=1&resize=525%2C300 1.5x, https:\/\/i0.wp.com\/larevistadigital.com.ar\/blog\/wp-content\/uploads\/Polic%C3%ADa-Bonaerense-Patrulleros-3.jpg?fit=772%2C434&ssl=1&resize=700%2C400 2x"},"classes":[]},{"id":45890,"url":"https:\/\/larevistadigital.com.ar\/blog\/chascomus-una-mujer-sufrio-una-fractura-tras-un-choque-entre-una-moto-y-un-auto\/","url_meta":{"origin":25245,"position":2},"title":"Chascom\u00fas: Una mujer sufri\u00f3 una fractura tras un choque entre una moto y un auto","author":"Alejandro Sosa Ruda","date":"29 mayo, 2026","format":false,"excerpt":"El accidente ocurri\u00f3 en la ma\u00f1ana de este viernes en la intersecci\u00f3n de Brown y Per\u00f3n. La conductora de una Honda Wave fue trasladada consciente al Hospital Municipal con una grave lesi\u00f3n en una de sus piernas. 29 de mayo de 2026 CHASCOM\u00daS -\u00a0 \u00a0Un fuerte accidente de tr\u00e1nsito se\u2026","rel":"","context":"En \u00abINTERES GENERAL\u00bb","block_context":{"text":"INTERES GENERAL","link":"https:\/\/larevistadigital.com.ar\/blog\/category\/interes-general\/"},"img":{"alt_text":"","src":"https:\/\/i0.wp.com\/larevistadigital.com.ar\/blog\/wp-content\/uploads\/Gemini_Generated_Image_slrz0zslrz0zslrz.png?fit=1200%2C626&ssl=1&resize=350%2C200","width":350,"height":200,"srcset":"https:\/\/i0.wp.com\/larevistadigital.com.ar\/blog\/wp-content\/uploads\/Gemini_Generated_Image_slrz0zslrz0zslrz.png?fit=1200%2C626&ssl=1&resize=350%2C200 1x, https:\/\/i0.wp.com\/larevistadigital.com.ar\/blog\/wp-content\/uploads\/Gemini_Generated_Image_slrz0zslrz0zslrz.png?fit=1200%2C626&ssl=1&resize=525%2C300 1.5x, https:\/\/i0.wp.com\/larevistadigital.com.ar\/blog\/wp-content\/uploads\/Gemini_Generated_Image_slrz0zslrz0zslrz.png?fit=1200%2C626&ssl=1&resize=700%2C400 2x, https:\/\/i0.wp.com\/larevistadigital.com.ar\/blog\/wp-content\/uploads\/Gemini_Generated_Image_slrz0zslrz0zslrz.png?fit=1200%2C626&ssl=1&resize=1050%2C600 3x"},"classes":[]},{"id":18000,"url":"https:\/\/larevistadigital.com.ar\/blog\/chascomus-un-chico-pierde-la-vida-con-su-moto\/","url_meta":{"origin":25245,"position":3},"title":"CHASCOM\u00daS: UN CHICO PIERDE LA VIDA CON SU MOTO","author":"Alejandro Sosa Ruda","date":"6 diciembre, 2020","format":false,"excerpt":"Lamentablemente un chico, sufri\u00f3 un accidente de moto que le cost\u00f3 la vida. No hay muchos datos, por lo que la noticia est\u00e1 en desarrollo. Se trata de Braian Pascual, de 19 a\u00f1os de edad, y jugador de f\u00fatbol de Tiro Federal. El muchacho falleci\u00f3 en el acto. Aparentemente, habr\u00eda\u2026","rel":"","context":"En \u00abDESTACADAS\u00bb","block_context":{"text":"DESTACADAS","link":"https:\/\/larevistadigital.com.ar\/blog\/category\/destacadas\/"},"img":{"alt_text":"","src":"https:\/\/i0.wp.com\/larevistadigital.com.ar\/blog\/wp-content\/uploads\/2017\/10\/CRESP%C3%93N-NEGRO.jpg?fit=900%2C900&ssl=1&resize=350%2C200","width":350,"height":200,"srcset":"https:\/\/i0.wp.com\/larevistadigital.com.ar\/blog\/wp-content\/uploads\/2017\/10\/CRESP%C3%93N-NEGRO.jpg?fit=900%2C900&ssl=1&resize=350%2C200 1x, https:\/\/i0.wp.com\/larevistadigital.com.ar\/blog\/wp-content\/uploads\/2017\/10\/CRESP%C3%93N-NEGRO.jpg?fit=900%2C900&ssl=1&resize=525%2C300 1.5x, https:\/\/i0.wp.com\/larevistadigital.com.ar\/blog\/wp-content\/uploads\/2017\/10\/CRESP%C3%93N-NEGRO.jpg?fit=900%2C900&ssl=1&resize=700%2C400 2x"},"classes":[]},{"id":45606,"url":"https:\/\/larevistadigital.com.ar\/blog\/chascomus-accidente-entre-moto-y-camioneta-en-el-acceso-con-una-mujer-fue-hospitalizada\/","url_meta":{"origin":25245,"position":4},"title":"Chascom\u00fas: Accidente entre moto y camioneta en el Acceso con una mujer fue hospitalizada","author":"Alejandro Sosa Ruda","date":"11 mayo, 2026","format":false,"excerpt":"El siniestro ocurri\u00f3 en la esquina de Tucum\u00e1n y Juan Manuel de Rosas. Una mujer que viajaba en una motocicleta sufri\u00f3 lesiones y debi\u00f3 ser trasladada en ambulancia al Hospital Municipal. 11 de Mayo de 2026 Un accidente de tr\u00e1nsito se registr\u00f3 este lunes alrededor de las 18:10 en la\u2026","rel":"","context":"En \u00abDESTACADAS\u00bb","block_context":{"text":"DESTACADAS","link":"https:\/\/larevistadigital.com.ar\/blog\/category\/destacadas\/"},"img":{"alt_text":"","src":"https:\/\/i0.wp.com\/larevistadigital.com.ar\/blog\/wp-content\/uploads\/1-27.jpg?fit=1200%2C983&ssl=1&resize=350%2C200","width":350,"height":200,"srcset":"https:\/\/i0.wp.com\/larevistadigital.com.ar\/blog\/wp-content\/uploads\/1-27.jpg?fit=1200%2C983&ssl=1&resize=350%2C200 1x, https:\/\/i0.wp.com\/larevistadigital.com.ar\/blog\/wp-content\/uploads\/1-27.jpg?fit=1200%2C983&ssl=1&resize=525%2C300 1.5x, https:\/\/i0.wp.com\/larevistadigital.com.ar\/blog\/wp-content\/uploads\/1-27.jpg?fit=1200%2C983&ssl=1&resize=700%2C400 2x, https:\/\/i0.wp.com\/larevistadigital.com.ar\/blog\/wp-content\/uploads\/1-27.jpg?fit=1200%2C983&ssl=1&resize=1050%2C600 3x"},"classes":[]},{"id":29986,"url":"https:\/\/larevistadigital.com.ar\/blog\/un-nene-de-7-anos-sufrio-un-grave-accidente-cuando-manejaba-una-moto-de-agua-en-la-laguna-sauce-grande\/","url_meta":{"origin":25245,"position":5},"title":"UN NENE DE 7 A\u00d1OS SUFRI\u00d3 UN GRAVE ACCIDENTE CUANDO MANEJABA UNA MOTO DE AGUA EN LA LAGUNA \u00abSAUCE GRANDE\u00bb","author":"Alejandro Sosa Ruda","date":"6 febrero, 2023","format":false,"excerpt":"Un nene bahiense, de 7 a\u00f1os de edad, sufri\u00f3 un grave accidente mientras conduc\u00eda una moto de agua en la laguna Sauce Grande, en Monte Hermoso. El peque\u00f1o, se encuentra internado, con serias lesiones, en el sector de Terapia Intensiva pedi\u00e1trica del Hospital Penna, de Bah\u00eda Blanca. MONTE HERMOSO -\u00a0\u2026","rel":"","context":"En \u00abINTERES GENERAL\u00bb","block_context":{"text":"INTERES GENERAL","link":"https:\/\/larevistadigital.com.ar\/blog\/category\/interes-general\/"},"img":{"alt_text":"","src":"https:\/\/i0.wp.com\/larevistadigital.com.ar\/blog\/wp-content\/uploads\/20230205083424_laguna-sauce-grande-monte-hermoso-nino-moto-agua-mmh.jpg?fit=880%2C512&ssl=1&resize=350%2C200","width":350,"height":200,"srcset":"https:\/\/i0.wp.com\/larevistadigital.com.ar\/blog\/wp-content\/uploads\/20230205083424_laguna-sauce-grande-monte-hermoso-nino-moto-agua-mmh.jpg?fit=880%2C512&ssl=1&resize=350%2C200 1x, https:\/\/i0.wp.com\/larevistadigital.com.ar\/blog\/wp-content\/uploads\/20230205083424_laguna-sauce-grande-monte-hermoso-nino-moto-agua-mmh.jpg?fit=880%2C512&ssl=1&resize=525%2C300 1.5x, https:\/\/i0.wp.com\/larevistadigital.com.ar\/blog\/wp-content\/uploads\/20230205083424_laguna-sauce-grande-monte-hermoso-nino-moto-agua-mmh.jpg?fit=880%2C512&ssl=1&resize=700%2C400 2x"},"classes":[]}],"_links":{"self":[{"href":"https:\/\/larevistadigital.com.ar\/blog\/wp-json\/wp\/v2\/posts\/25245","targetHints":{"allow":["GET"]}}],"collection":[{"href":"https:\/\/larevistadigital.com.ar\/blog\/wp-json\/wp\/v2\/posts"}],"about":[{"href":"https:\/\/larevistadigital.com.ar\/blog\/wp-json\/wp\/v2\/types\/post"}],"author":[{"embeddable":true,"href":"https:\/\/larevistadigital.com.ar\/blog\/wp-json\/wp\/v2\/users\/3"}],"replies":[{"embeddable":true,"href":"https:\/\/larevistadigital.com.ar\/blog\/wp-json\/wp\/v2\/comments?post=25245"}],"version-history":[{"count":3,"href":"https:\/\/larevistadigital.com.ar\/blog\/wp-json\/wp\/v2\/posts\/25245\/revisions"}],"predecessor-version":[{"id":25250,"href":"https:\/\/larevistadigital.com.ar\/blog\/wp-json\/wp\/v2\/posts\/25245\/revisions\/25250"}],"wp:featuredmedia":[{"embeddable":true,"href":"https:\/\/larevistadigital.com.ar\/blog\/wp-json\/wp\/v2\/media\/25248"}],"wp:attachment":[{"href":"https:\/\/larevistadigital.com.ar\/blog\/wp-json\/wp\/v2\/media?parent=25245"}],"wp:term":[{"taxonomy":"category","embeddable":true,"href":"https:\/\/larevistadigital.com.ar\/blog\/wp-json\/wp\/v2\/categories?post=25245"},{"taxonomy":"post_tag","embeddable":true,"href":"https:\/\/larevistadigital.com.ar\/blog\/wp-json\/wp\/v2\/tags?post=25245"}],"curies":[{"name":"wp","href":"https:\/\/api.w.org\/{rel}","templated":true}]}}