{"id":25309,"date":"2022-05-01T14:56:12","date_gmt":"2022-05-01T14:56:12","guid":{"rendered":"https:\/\/larevistadigital.com.ar\/blog\/?p=25309"},"modified":"2022-05-01T14:56:12","modified_gmt":"2022-05-01T14:56:12","slug":"ruta-74-un-auto-circulo-de-contramano-de-magdalena-a-pinamar","status":"publish","type":"post","link":"https:\/\/larevistadigital.com.ar\/blog\/ruta-74-un-auto-circulo-de-contramano-de-magdalena-a-pinamar\/","title":{"rendered":"RUTA 74&#8230;UN AUTO CIRCUL\u00d3 DE CONTRAMANO DE MAGDALENA A PINAMAR"},"content":{"rendered":"<h2 class=\"nota__hero__summary\">Circul\u00f3 30 kil\u00f3metros por la mano contraria y fue detenido.<\/h2>\n<p>Esta ma\u00f1ana, automovilistas que circulaban por la Ruta 74 se sorprendieron y\u00a0filmaron a un VW Bora<strong> que iba en contramano.<\/strong><\/p>\n<blockquote>\n<h3>El veh\u00edculo\u00a0<strong>recorri\u00f3 todo el trayecto entre Madariaga y Pinamar por la mano contraria,\u00a0<\/strong> poniendo en una situaci\u00f3n de peligro a quienes circulaban en ese momento por esa zona del ruta.<\/h3>\n<\/blockquote>\n<p>De inmediato, fue alertada la Polic\u00eda Vial de Pinamar, quienes lograron detener al auto en la ruta 11, en direcci\u00f3n al Partido de la Costa,\u00a0<strong> luego de que circulaba 30km a contramano por la Ruta 74.<\/strong><\/p>\n<p>fuente entrelineas<\/p>\n","protected":false},"excerpt":{"rendered":"<div class=\"mh-excerpt\"><p>Circul\u00f3 30 kil\u00f3metros por la mano contraria y fue detenido. Esta ma\u00f1ana, automovilistas que circulaban por la Ruta 74 se sorprendieron y\u00a0filmaron a un VW Bora que iba en contramano. El veh\u00edculo\u00a0recorri\u00f3 todo el trayecto <a class=\"mh-excerpt-more\" href=\"https:\/\/larevistadigital.com.ar\/blog\/ruta-74-un-auto-circulo-de-contramano-de-magdalena-a-pinamar\/\" title=\"RUTA 74&#8230;UN AUTO CIRCUL\u00d3 DE CONTRAMANO DE MAGDALENA A PINAMAR\">[Leer M\u00e1s]<\/a><\/p>\n<\/div>","protected":false},"author":3,"featured_media":25310,"comment_status":"open","ping_status":"open","sticky":false,"template":"","format":"standard","meta":{"_jetpack_memberships_contains_paid_content":false,"footnotes":"","jetpack_publicize_message":"","jetpack_publicize_feature_enabled":true,"jetpack_social_post_already_shared":true,"jetpack_social_options":{"image_generator_settings":{"template":"highway","default_image_id":0,"font":"","enabled":false},"version":2}},"categories":[50],"tags":[],"class_list":{"0":"post-25309","1":"post","2":"type-post","3":"status-publish","4":"format-standard","5":"has-post-thumbnail","7":"category-interes-general"},"jetpack_publicize_connections":[],"jetpack_featured_media_url":"https:\/\/i0.wp.com\/larevistadigital.com.ar\/blog\/wp-content\/uploads\/DB23DBEA-975F-4C10-A75C-C9B6980304AA.jpeg?fit=1140%2C636&ssl=1","jetpack_sharing_enabled":true,"jetpack_shortlink":"https:\/\/wp.me\/p8qtrQ-6Ad","jetpack-related-posts":[{"id":12456,"url":"https:\/\/larevistadigital.com.ar\/blog\/despiste-y-vuelco-en-la-ruta-74-provoca-restricciones-en-la-circulacion\/","url_meta":{"origin":25309,"position":0},"title":"DESPISTE Y VUELCO EN LA RUTA 74 PROVOCA RESTRICCIONES EN LA CIRCULACI\u00d3N","author":"Alejandro Sosa Ruda","date":"4 octubre, 2019","format":false,"excerpt":"Ocurri\u00f3 hace instantes a la altura del KM 1 y el conductor fue trasladado a el Hospital de Pinamar. El tr\u00e1nsito se encuentra interrumpido y se espera la llegada de los peritos. Por motivos que se tratan de establecer, un Renault Logan despist\u00f3 y volc\u00f3 en la ruta 74 a\u2026","rel":"","context":"En \u00abREGIONALES\u00bb","block_context":{"text":"REGIONALES","link":"https:\/\/larevistadigital.com.ar\/blog\/category\/regionales\/"},"img":{"alt_text":"","src":"https:\/\/i0.wp.com\/larevistadigital.com.ar\/blog\/wp-content\/uploads\/Screenshot_3-17.jpg?fit=861%2C470&ssl=1&resize=350%2C200","width":350,"height":200,"srcset":"https:\/\/i0.wp.com\/larevistadigital.com.ar\/blog\/wp-content\/uploads\/Screenshot_3-17.jpg?fit=861%2C470&ssl=1&resize=350%2C200 1x, https:\/\/i0.wp.com\/larevistadigital.com.ar\/blog\/wp-content\/uploads\/Screenshot_3-17.jpg?fit=861%2C470&ssl=1&resize=525%2C300 1.5x, https:\/\/i0.wp.com\/larevistadigital.com.ar\/blog\/wp-content\/uploads\/Screenshot_3-17.jpg?fit=861%2C470&ssl=1&resize=700%2C400 2x"},"classes":[]},{"id":46224,"url":"https:\/\/larevistadigital.com.ar\/blog\/condujo-mas-de-50-kilometros-en-contramano-por-la-ruta-2-y-fue-interceptado-antes-de-provocar-una-tragedia\/","url_meta":{"origin":25309,"position":1},"title":"Condujo m\u00e1s de 50 kil\u00f3metros en contramano por la Ruta 2 y fue interceptado antes de provocar una tragedia","author":"Alejandro Sosa Ruda","date":"22 junio, 2026","format":false,"excerpt":"Un importante operativo coordinado entre fuerzas de seguridad de Lezama, Castelli y Dolores permiti\u00f3 detener a un automovilista que circulaba en sentido contrario sobre la Autov\u00eda 2. Afortunadamente, no se registraron accidentes ni personas heridas. 22 de junio de 2026 BUENOS AIRES\u00a0 -\u00a0 \u00a0 Momentos de extrema tensi\u00f3n se vivieron\u2026","rel":"","context":"En \u00abPOLICIALES\u00bb","block_context":{"text":"POLICIALES","link":"https:\/\/larevistadigital.com.ar\/blog\/category\/policiales\/"},"img":{"alt_text":"","src":"https:\/\/i0.wp.com\/larevistadigital.com.ar\/blog\/wp-content\/uploads\/Captura-de-pantalla-2026-06-22-000555.jpg?fit=783%2C369&ssl=1&resize=350%2C200","width":350,"height":200,"srcset":"https:\/\/i0.wp.com\/larevistadigital.com.ar\/blog\/wp-content\/uploads\/Captura-de-pantalla-2026-06-22-000555.jpg?fit=783%2C369&ssl=1&resize=350%2C200 1x, https:\/\/i0.wp.com\/larevistadigital.com.ar\/blog\/wp-content\/uploads\/Captura-de-pantalla-2026-06-22-000555.jpg?fit=783%2C369&ssl=1&resize=525%2C300 1.5x, https:\/\/i0.wp.com\/larevistadigital.com.ar\/blog\/wp-content\/uploads\/Captura-de-pantalla-2026-06-22-000555.jpg?fit=783%2C369&ssl=1&resize=700%2C400 2x"},"classes":[]},{"id":11122,"url":"https:\/\/larevistadigital.com.ar\/blog\/auto-circulaba-de-contramano-en-la-autovia-2\/","url_meta":{"origin":25309,"position":2},"title":"AUTO CIRCULABA DE CONTRAMANO EN LA AUTOV\u00cdA 2","author":"Alejandro Sosa Ruda","date":"7 julio, 2019","format":false,"excerpt":"En la ma\u00f1ana del s\u00e1bado, personal de la Delegaci\u00f3n Dolores de la Polic\u00eda Federal Argentina, observ\u00f3 un veh\u00edculo Renault Clio que circulaba en contramano por la Autovia 2. El autom\u00f3vil iba a alta velocidad en direcci\u00f3n a Mar del Plata, generando una situaci\u00f3n de peligro tanto para su conductora como\u2026","rel":"","context":"En \u00abREGIONALES\u00bb","block_context":{"text":"REGIONALES","link":"https:\/\/larevistadigital.com.ar\/blog\/category\/regionales\/"},"img":{"alt_text":"","src":"https:\/\/i0.wp.com\/larevistadigital.com.ar\/blog\/wp-content\/uploads\/uto-conramano-ruta-2-1.jpg?fit=960%2C540&ssl=1&resize=350%2C200","width":350,"height":200,"srcset":"https:\/\/i0.wp.com\/larevistadigital.com.ar\/blog\/wp-content\/uploads\/uto-conramano-ruta-2-1.jpg?fit=960%2C540&ssl=1&resize=350%2C200 1x, https:\/\/i0.wp.com\/larevistadigital.com.ar\/blog\/wp-content\/uploads\/uto-conramano-ruta-2-1.jpg?fit=960%2C540&ssl=1&resize=525%2C300 1.5x, https:\/\/i0.wp.com\/larevistadigital.com.ar\/blog\/wp-content\/uploads\/uto-conramano-ruta-2-1.jpg?fit=960%2C540&ssl=1&resize=700%2C400 2x"},"classes":[]},{"id":46231,"url":"https:\/\/larevistadigital.com.ar\/blog\/conmocion-en-la-ruta-hallaron-sin-vida-a-dos-jovenes-tras-despistar-y-caer-en-una-zanja\/","url_meta":{"origin":25309,"position":3},"title":"Conmoci\u00f3n en la Ruta: hallaron sin vida a dos j\u00f3venes tras despistar, y caer en una zanja","author":"Alejandro Sosa Ruda","date":"22 junio, 2026","format":false,"excerpt":"Las v\u00edctimas viajaban hacia Pinamar por la ruta 74 cuando, por causas que se investigan, el veh\u00edculo en el que se desplazaban termin\u00f3 fuera de la calzada. El auto qued\u00f3 parcialmente sumergido en una zanja y fue descubierto reci\u00e9n con las primeras luces del d\u00eda. 22 de junio de 2026\u2026","rel":"","context":"En \u00abPOLICIALES\u00bb","block_context":{"text":"POLICIALES","link":"https:\/\/larevistadigital.com.ar\/blog\/category\/policiales\/"},"img":{"alt_text":"","src":"https:\/\/i0.wp.com\/larevistadigital.com.ar\/blog\/wp-content\/uploads\/Accidente-ruta-zanja.jpg?fit=814%2C428&ssl=1&resize=350%2C200","width":350,"height":200,"srcset":"https:\/\/i0.wp.com\/larevistadigital.com.ar\/blog\/wp-content\/uploads\/Accidente-ruta-zanja.jpg?fit=814%2C428&ssl=1&resize=350%2C200 1x, https:\/\/i0.wp.com\/larevistadigital.com.ar\/blog\/wp-content\/uploads\/Accidente-ruta-zanja.jpg?fit=814%2C428&ssl=1&resize=525%2C300 1.5x, https:\/\/i0.wp.com\/larevistadigital.com.ar\/blog\/wp-content\/uploads\/Accidente-ruta-zanja.jpg?fit=814%2C428&ssl=1&resize=700%2C400 2x"},"classes":[]},{"id":23433,"url":"https:\/\/larevistadigital.com.ar\/blog\/triple-accidente-en-la-ruta-74\/","url_meta":{"origin":25309,"position":4},"title":"TRIPLE ACCIDENTE EN LA RUTA 74","author":"Alejandro Sosa Ruda","date":"17 enero, 2022","format":false,"excerpt":"Tres veh\u00edculos protagonizados un accidente este lunes a la ma\u00f1ana en ruta 74, entre las rotondas de 50 y 29. Como consecuencia del mismo, 3 ocupantes de los 5 que iban en un Peugeot 207 que retornaba de Pinamar y ten\u00eda destino Buenos Aires, tuvieron que ser trasladadas al \u00a0hospital\u2026","rel":"","context":"En \u00abPOLICIALES\u00bb","block_context":{"text":"POLICIALES","link":"https:\/\/larevistadigital.com.ar\/blog\/category\/policiales\/"},"img":{"alt_text":"","src":"https:\/\/i0.wp.com\/larevistadigital.com.ar\/blog\/wp-content\/uploads\/37116A3F-75AD-4DC4-A7E0-64F13F144789.jpeg?fit=640%2C480&ssl=1&resize=350%2C200","width":350,"height":200,"srcset":"https:\/\/i0.wp.com\/larevistadigital.com.ar\/blog\/wp-content\/uploads\/37116A3F-75AD-4DC4-A7E0-64F13F144789.jpeg?fit=640%2C480&ssl=1&resize=350%2C200 1x, https:\/\/i0.wp.com\/larevistadigital.com.ar\/blog\/wp-content\/uploads\/37116A3F-75AD-4DC4-A7E0-64F13F144789.jpeg?fit=640%2C480&ssl=1&resize=525%2C300 1.5x"},"classes":[]},{"id":42088,"url":"https:\/\/larevistadigital.com.ar\/blog\/violento-vuelco-en-la-ruta-74-un-hombre-fue-rescatado-por-los-bomberos-en-general-madariaga\/","url_meta":{"origin":25309,"position":5},"title":"Violento vuelco en la Ruta 74: un hombre fue rescatado por los bomberos en General Madariaga","author":"Alejandro Sosa Ruda","date":"19 octubre, 2025","format":false,"excerpt":"El accidente ocurri\u00f3 este s\u00e1bado a la altura del kil\u00f3metro 12, en direcci\u00f3n a Pinamar. El conductor del veh\u00edculo perdi\u00f3 el control y termin\u00f3 volcando. Fue trasladado al hospital con heridas. 19 de Octubre de 2025 BUENOS AIRES\u00a0 -\u00a0 \u00a0Un fuerte accidente de tr\u00e1nsito se registr\u00f3 este s\u00e1bado en el\u2026","rel":"","context":"En \u00abPOLICIALES\u00bb","block_context":{"text":"POLICIALES","link":"https:\/\/larevistadigital.com.ar\/blog\/category\/policiales\/"},"img":{"alt_text":"","src":"https:\/\/i0.wp.com\/larevistadigital.com.ar\/blog\/wp-content\/uploads\/70d730c690df241f6cecf68fe30a0e13dfa6a0ba.jpg?fit=900%2C900&ssl=1&resize=350%2C200","width":350,"height":200,"srcset":"https:\/\/i0.wp.com\/larevistadigital.com.ar\/blog\/wp-content\/uploads\/70d730c690df241f6cecf68fe30a0e13dfa6a0ba.jpg?fit=900%2C900&ssl=1&resize=350%2C200 1x, https:\/\/i0.wp.com\/larevistadigital.com.ar\/blog\/wp-content\/uploads\/70d730c690df241f6cecf68fe30a0e13dfa6a0ba.jpg?fit=900%2C900&ssl=1&resize=525%2C300 1.5x, https:\/\/i0.wp.com\/larevistadigital.com.ar\/blog\/wp-content\/uploads\/70d730c690df241f6cecf68fe30a0e13dfa6a0ba.jpg?fit=900%2C900&ssl=1&resize=700%2C400 2x"},"classes":[]}],"_links":{"self":[{"href":"https:\/\/larevistadigital.com.ar\/blog\/wp-json\/wp\/v2\/posts\/25309","targetHints":{"allow":["GET"]}}],"collection":[{"href":"https:\/\/larevistadigital.com.ar\/blog\/wp-json\/wp\/v2\/posts"}],"about":[{"href":"https:\/\/larevistadigital.com.ar\/blog\/wp-json\/wp\/v2\/types\/post"}],"author":[{"embeddable":true,"href":"https:\/\/larevistadigital.com.ar\/blog\/wp-json\/wp\/v2\/users\/3"}],"replies":[{"embeddable":true,"href":"https:\/\/larevistadigital.com.ar\/blog\/wp-json\/wp\/v2\/comments?post=25309"}],"version-history":[{"count":1,"href":"https:\/\/larevistadigital.com.ar\/blog\/wp-json\/wp\/v2\/posts\/25309\/revisions"}],"predecessor-version":[{"id":25311,"href":"https:\/\/larevistadigital.com.ar\/blog\/wp-json\/wp\/v2\/posts\/25309\/revisions\/25311"}],"wp:featuredmedia":[{"embeddable":true,"href":"https:\/\/larevistadigital.com.ar\/blog\/wp-json\/wp\/v2\/media\/25310"}],"wp:attachment":[{"href":"https:\/\/larevistadigital.com.ar\/blog\/wp-json\/wp\/v2\/media?parent=25309"}],"wp:term":[{"taxonomy":"category","embeddable":true,"href":"https:\/\/larevistadigital.com.ar\/blog\/wp-json\/wp\/v2\/categories?post=25309"},{"taxonomy":"post_tag","embeddable":true,"href":"https:\/\/larevistadigital.com.ar\/blog\/wp-json\/wp\/v2\/tags?post=25309"}],"curies":[{"name":"wp","href":"https:\/\/api.w.org\/{rel}","templated":true}]}}