{"id":2534,"date":"2017-06-26T12:25:11","date_gmt":"2017-06-26T12:25:11","guid":{"rendered":"https:\/\/larevistadigital.com.ar\/blog\/?p=2534"},"modified":"2017-06-26T14:23:57","modified_gmt":"2017-06-26T14:23:57","slug":"ramiro-ferranteacepte-este-desafio-porque-quiero-ser-parte-del-cambio-necesario-en-la-politica","status":"publish","type":"post","link":"https:\/\/larevistadigital.com.ar\/blog\/ramiro-ferranteacepte-este-desafio-porque-quiero-ser-parte-del-cambio-necesario-en-la-politica\/","title":{"rendered":"RAMIRO FERRANTE:\u00bbACEPT\u00c9 ESTE DESAF\u00cdO PORQUE QUIERO SER PARTE DEL CAMBIO NECESARIO EN LA POL\u00cdTICA\u00bb"},"content":{"rendered":"<h2>El ex presidente de la C\u00e1mara de Comercio y flamante candidato del PRO en Cambiemos, para las pr\u00f3ximas PASO del mes de agosto en Chascom\u00fas, <strong>Ramiro Ferrante<\/strong>, entre otras cosas responsabiliz\u00f3 a la lista que enfrentar\u00e1 en agosto por no alcanzar un acuerdo, \u00a0en una nota exclusiva para el programa \u201cAtaque de Radio\u201d que se emite por la FM 101.5 de esa ciudad.<\/h2>\n<p>En primer lugar, <strong>Ferrante<\/strong> se mostr\u00f3 muy comprometido con este nuevo desaf\u00edo que enfrenta de \u201chacer pol\u00edtica desde lo partidario\u201d, ya que en realidad desde hace a\u00f1os viene haciendo pol\u00edtica desde el lugar que le toque ocupar en la C\u00e1mara de Comercio, trabajando junto a una excelente comisi\u00f3n que dio un verdadero vuelco en la forma de encarar la responsabilidad institucional, a partir de una conformaci\u00f3n altamente comprometida no solo con sus afiliados, sino tambi\u00e9n con la ciudadan\u00eda en general.<\/p>\n<p>Hoy, gracias a esa gesti\u00f3n, la ciudad cuenta entre otras cosas con el PEAJE DIFERENCIAL, por ser residentes de Chascom\u00fas, lo que en s\u00ed mismo es uno de los logros m\u00e1s importantes para nuestra ciudad en los \u00faltimos a\u00f1os.<\/p>\n<blockquote>\n<h3>Con respecto a la pr\u00f3xima elecci\u00f3n, destac\u00f3 que <strong><em>\u201cen estas PASO, vamos a estar por un lado la lista de Cambiemos, representada por varios sectores que la componen, representando un grupo nuevo, mientras que del otro lado est\u00e1 la lista del radicalismo m\u00e1s duro, que cuenta con el peso de todo el aparato partidario\u201d<\/em><\/strong> sentenci\u00f3.<\/h3>\n<\/blockquote>\n<p>Cuando se lo consult\u00f3 acerca de por qu\u00e9 no se alcanz\u00f3 la unidad, expres\u00f3 que <strong><em>\u201cdeber\u00edamos ser m\u00e1s previsibles, y esto cuesta en la pol\u00edtica. No se puede llegar a consensos dos d\u00edas antes del cierre de listas. Nosotros, con la gente que nos acompa\u00f1a siempre quisimos llegar a un acuerdo, pero reci\u00e9n nos llamaron dos d\u00edas antes del cierre, lo que l\u00f3gicamente hace que sea muy dif\u00edcil llegar a alg\u00fan acuerdo\u201d<\/em><\/strong>. Y continu\u00f3 afirmando que <strong><em>\u201cTampoco se puede llegar a nada cuando no hay conversaci\u00f3n. Simplemente y de manera unilateral te proponen algo desde el otro sector, sin conversarlo, solo porque ellos lo disponen. Es hora de darle previsibilidad a las cuestiones pol\u00edticas\u201d<\/em><\/strong> concluy\u00f3.<\/p>\n<blockquote>\n<h3>Hizo directamente responsables de no alcanzar consensos a un sector del radicalismo, \u00a0diciendo que <strong><em>\u201cNo s\u00e9 porque, pero de enfrente estiraron las cosas hasta que ya no hubo posibilidades de nada. Hay cinco fuerzas que integran cambiemos, y el consenso debe salir de todos, no de un solo sector que diga y disponga como son las cosas. Eso lo conseguimos en nuestra lista, que representa realmente al Frente Cambiemos\u201d<\/em><\/strong>.<\/h3>\n<\/blockquote>\n<p>Por \u00faltimo, asegur\u00f3 que <strong><em>\u201c\u00e9sta no fue una decisi\u00f3n f\u00e1cil\u201d. <\/em><\/strong>Dijo que se charl\u00f3 a nivel familiar, por lo que cuenta con todo el apoyo de los suyos, y que est\u00e1 totalmente convencido que <strong><em>\u201cvaldr\u00e1 la pena el participar por el bien de todos y cada uno de los chascomunenses\u201d<\/em><\/strong>.<\/p>\n<p>&nbsp;<\/p>\n","protected":false},"excerpt":{"rendered":"<div class=\"mh-excerpt\"><p>El ex presidente de la C\u00e1mara de Comercio y flamante candidato del PRO en Cambiemos, para las pr\u00f3ximas PASO del mes de agosto en Chascom\u00fas, Ramiro Ferrante, entre otras cosas responsabiliz\u00f3 a la lista que <a class=\"mh-excerpt-more\" href=\"https:\/\/larevistadigital.com.ar\/blog\/ramiro-ferranteacepte-este-desafio-porque-quiero-ser-parte-del-cambio-necesario-en-la-politica\/\" title=\"RAMIRO FERRANTE:\u00bbACEPT\u00c9 ESTE DESAF\u00cdO PORQUE QUIERO SER PARTE DEL CAMBIO NECESARIO EN LA POL\u00cdTICA\u00bb\">[Leer M\u00e1s]<\/a><\/p>\n<\/div>","protected":false},"author":3,"featured_media":2535,"comment_status":"open","ping_status":"open","sticky":false,"template":"","format":"standard","meta":{"_jetpack_memberships_contains_paid_content":false,"footnotes":"","jetpack_publicize_message":"","jetpack_publicize_feature_enabled":true,"jetpack_social_post_already_shared":true,"jetpack_social_options":{"image_generator_settings":{"template":"highway","default_image_id":0,"font":"","enabled":false},"version":2}},"categories":[6,41,12,23],"tags":[],"class_list":{"0":"post-2534","1":"post","2":"type-post","3":"status-publish","4":"format-standard","5":"has-post-thumbnail","7":"category-chascomus","8":"category-destacadas","9":"category-politica","10":"category-politica-local"},"jetpack_publicize_connections":[],"jetpack_featured_media_url":"https:\/\/i0.wp.com\/larevistadigital.com.ar\/blog\/wp-content\/uploads\/2017\/06\/DSC_0016.jpg?fit=4928%2C3210&ssl=1","jetpack_sharing_enabled":true,"jetpack_shortlink":"https:\/\/wp.me\/p8qtrQ-ES","jetpack-related-posts":[{"id":32678,"url":"https:\/\/larevistadigital.com.ar\/blog\/chascomus-ramiro-ferrante-la-renovacion-en-la-politica-es-la-clave\/","url_meta":{"origin":2534,"position":0},"title":"CHASCOM\u00daS: RAMIRO FERRANTE \u00abLA RENOVACI\u00d3N EN LA POL\u00cdTICA ES LA CLAVE\u00bb","author":"Alejandro Sosa Ruda","date":"31 julio, 2023","format":false,"excerpt":"El precandidato a intendente Ramiro Ferrante reflexion\u00f3 luego del triunfo de Ignacio Torres de Juntos por el Cambio en Chubut. 31 de julio de 2023 CHASCOM\u00daS -\u00a0 La aguda crisis socio-econ\u00f3mica y el descreimiento de la gente, presentan un escenario adverso y al mismo tiempo de oportunidades en este a\u00f1o\u2026","rel":"","context":"En \u00abINTERES GENERAL\u00bb","block_context":{"text":"INTERES GENERAL","link":"https:\/\/larevistadigital.com.ar\/blog\/category\/interes-general\/"},"img":{"alt_text":"","src":"https:\/\/i0.wp.com\/larevistadigital.com.ar\/blog\/wp-content\/uploads\/WhatsApp-Image-2023-07-31-at-13.21.49-1.jpeg?fit=905%2C510&ssl=1&resize=350%2C200","width":350,"height":200,"srcset":"https:\/\/i0.wp.com\/larevistadigital.com.ar\/blog\/wp-content\/uploads\/WhatsApp-Image-2023-07-31-at-13.21.49-1.jpeg?fit=905%2C510&ssl=1&resize=350%2C200 1x, https:\/\/i0.wp.com\/larevistadigital.com.ar\/blog\/wp-content\/uploads\/WhatsApp-Image-2023-07-31-at-13.21.49-1.jpeg?fit=905%2C510&ssl=1&resize=525%2C300 1.5x, https:\/\/i0.wp.com\/larevistadigital.com.ar\/blog\/wp-content\/uploads\/WhatsApp-Image-2023-07-31-at-13.21.49-1.jpeg?fit=905%2C510&ssl=1&resize=700%2C400 2x"},"classes":[]},{"id":3536,"url":"https:\/\/larevistadigital.com.ar\/blog\/chascomus-molesto-actitudes-competidores-ramiro-ferrante-emitio-comunicado-la-sociedad\/","url_meta":{"origin":2534,"position":1},"title":"CHASCOM\u00daS: MOLESTO CON ACTITUDES DE SUS COMPETIDORES, RAMIRO FERRANTE EMITI\u00d3 UN COMUNICADO A LA SOCIEDAD","author":"Alejandro Sosa Ruda","date":"20 octubre, 2017","format":false,"excerpt":"Notablemente molesto por algunas situaciones que tienen que ver con los repartos de boletas a los vecinos, el candidato que encabeza la lista de Cambiemos en Chascom\u00fas, Ramiro Ferrante, hizo p\u00fablico un comunicado en el que apunta al oficialismo y al partido vecinalista \"Juntos por Chascom\u00fas\". AQU\u00cd EL TEXTO COMPLETO\u2026","rel":"","context":"En \u00abCHASCOM\u00daS\u00bb","block_context":{"text":"CHASCOM\u00daS","link":"https:\/\/larevistadigital.com.ar\/blog\/category\/chascomus\/"},"img":{"alt_text":"","src":"https:\/\/i0.wp.com\/larevistadigital.com.ar\/blog\/wp-content\/uploads\/2017\/10\/d509ce0e-2c7a-4de7-bcb9-8b09cb3b31f4-1.jpg?fit=359%2C405&ssl=1&resize=350%2C200","width":350,"height":200},"classes":[]},{"id":3179,"url":"https:\/\/larevistadigital.com.ar\/blog\/chascomus-sergio-bergman-y-alex-campbell-recorrieron-junto-a-ramiro-ferrante-el-intech\/","url_meta":{"origin":2534,"position":2},"title":"CHASCOMUS: SERGIO BERGMAN Y ALEX CAMPBELL RECORRIERON JUNTO A RAMIRO FERRANTE EL INTECH","author":"Alejandro Sosa Ruda","date":"25 agosto, 2017","format":false,"excerpt":"El ministro de Ambiente y Desarrollo Sustentable de la naci\u00f3n, Sergio Bergman, y el subsecretario de Gobierno y Asuntos Municipales, Alex Campbell; visitaron hoy la ciudad de chascom\u00fas. Acompa\u00f1ados por Ramiro Ferrante, candidato a concejal por Cambiemos en Chascom\u00fas, recorrieron el INTECH donde observaron el trabajo que se realiza en\u2026","rel":"","context":"En \u00abCHASCOM\u00daS\u00bb","block_context":{"text":"CHASCOM\u00daS","link":"https:\/\/larevistadigital.com.ar\/blog\/category\/chascomus\/"},"img":{"alt_text":"","src":"https:\/\/i0.wp.com\/larevistadigital.com.ar\/blog\/wp-content\/uploads\/2017\/08\/Foto-1-Bergman-Campbell-y-Ferrante.jpg?fit=1200%2C900&ssl=1&resize=350%2C200","width":350,"height":200,"srcset":"https:\/\/i0.wp.com\/larevistadigital.com.ar\/blog\/wp-content\/uploads\/2017\/08\/Foto-1-Bergman-Campbell-y-Ferrante.jpg?fit=1200%2C900&ssl=1&resize=350%2C200 1x, https:\/\/i0.wp.com\/larevistadigital.com.ar\/blog\/wp-content\/uploads\/2017\/08\/Foto-1-Bergman-Campbell-y-Ferrante.jpg?fit=1200%2C900&ssl=1&resize=525%2C300 1.5x, https:\/\/i0.wp.com\/larevistadigital.com.ar\/blog\/wp-content\/uploads\/2017\/08\/Foto-1-Bergman-Campbell-y-Ferrante.jpg?fit=1200%2C900&ssl=1&resize=700%2C400 2x, https:\/\/i0.wp.com\/larevistadigital.com.ar\/blog\/wp-content\/uploads\/2017\/08\/Foto-1-Bergman-Campbell-y-Ferrante.jpg?fit=1200%2C900&ssl=1&resize=1050%2C600 3x"},"classes":[]},{"id":3022,"url":"https:\/\/larevistadigital.com.ar\/blog\/chascomus-ramiro-ferrante-escribio-una-carta-abierta-a-los-vecinos-de-la-ciudad\/","url_meta":{"origin":2534,"position":3},"title":"CHASCOM\u00daS: RAMIRO FERRANTE ESCRIBI\u00d3 UNA CARTA ABIERTA A LOS VECINOS DE LA CIUDAD","author":"Alejandro Sosa Ruda","date":"6 agosto, 2017","format":false,"excerpt":"El precandidato a concejal de Cambiemos, Ramiro Ferrante, hizo llegar a los medios una carta abierta a la sociedad de Chascom\u00fas en la que explica entre otras cosas los motivos que lo han llevado a incursionar en pol\u00edtica, adem\u00e1s de agradecer el cari\u00f1o y apoyo de sus seres queridos. CARTA\u2026","rel":"","context":"En \u00abCHASCOM\u00daS\u00bb","block_context":{"text":"CHASCOM\u00daS","link":"https:\/\/larevistadigital.com.ar\/blog\/category\/chascomus\/"},"img":{"alt_text":"","src":"https:\/\/i0.wp.com\/larevistadigital.com.ar\/blog\/wp-content\/uploads\/2017\/08\/DSC_0452-1.jpg?fit=1200%2C795&ssl=1&resize=350%2C200","width":350,"height":200,"srcset":"https:\/\/i0.wp.com\/larevistadigital.com.ar\/blog\/wp-content\/uploads\/2017\/08\/DSC_0452-1.jpg?fit=1200%2C795&ssl=1&resize=350%2C200 1x, https:\/\/i0.wp.com\/larevistadigital.com.ar\/blog\/wp-content\/uploads\/2017\/08\/DSC_0452-1.jpg?fit=1200%2C795&ssl=1&resize=525%2C300 1.5x, https:\/\/i0.wp.com\/larevistadigital.com.ar\/blog\/wp-content\/uploads\/2017\/08\/DSC_0452-1.jpg?fit=1200%2C795&ssl=1&resize=700%2C400 2x, https:\/\/i0.wp.com\/larevistadigital.com.ar\/blog\/wp-content\/uploads\/2017\/08\/DSC_0452-1.jpg?fit=1200%2C795&ssl=1&resize=1050%2C600 3x"},"classes":[]},{"id":33139,"url":"https:\/\/larevistadigital.com.ar\/blog\/chascomus-dos-santos-se-reunio-con-gustavo-lopez-y-ramiro-ferrante-y-acordaron-trabajar-en-conjunto\/","url_meta":{"origin":2534,"position":4},"title":"CHASCOM\u00daS: DOS SANTOS SE REUNI\u00d3 CON GUSTAVO L\u00d3PEZ Y RAMIRO FERRANTE, Y ACORDARON TRABAJAR EN CONJUNTO","author":"Alejandro Sosa Ruda","date":"30 agosto, 2023","format":false,"excerpt":"Tanto el dirigente radical, como el lider del PRO, acordaron con el candidato el trabajo conjunto para ganar las elecciones de Octubre y dise\u00f1ar una gesti\u00f3n de gobierno municipal. 30 de agosto de 2023 CHASCOM\u00daS -\u00a0 Luego de conversar con Gustavo Lopez y Ramiro Ferrante el candidato a intendente y\u2026","rel":"","context":"En \u00abINTERES GENERAL\u00bb","block_context":{"text":"INTERES GENERAL","link":"https:\/\/larevistadigital.com.ar\/blog\/category\/interes-general\/"},"img":{"alt_text":"","src":"https:\/\/i0.wp.com\/larevistadigital.com.ar\/blog\/wp-content\/uploads\/Captura-de-pantalla-2023-08-30-092917.jpg?fit=700%2C473&ssl=1&resize=350%2C200","width":350,"height":200,"srcset":"https:\/\/i0.wp.com\/larevistadigital.com.ar\/blog\/wp-content\/uploads\/Captura-de-pantalla-2023-08-30-092917.jpg?fit=700%2C473&ssl=1&resize=350%2C200 1x, https:\/\/i0.wp.com\/larevistadigital.com.ar\/blog\/wp-content\/uploads\/Captura-de-pantalla-2023-08-30-092917.jpg?fit=700%2C473&ssl=1&resize=525%2C300 1.5x, https:\/\/i0.wp.com\/larevistadigital.com.ar\/blog\/wp-content\/uploads\/Captura-de-pantalla-2023-08-30-092917.jpg?fit=700%2C473&ssl=1&resize=700%2C400 2x"},"classes":[]},{"id":4180,"url":"https:\/\/larevistadigital.com.ar\/blog\/chascomus-ramiro-ferrante-aseguro-voy-seguir-siendo-siempre\/","url_meta":{"origin":2534,"position":5},"title":"CHASCOMUS: RAMIRO FERRANTE ASEGUR\u00d3&#8230; \u00abVOY A SEGUIR SIENDO EL MISMO DE SIEMPRE\u00bb","author":"Alejandro Sosa Ruda","date":"12 diciembre, 2017","format":false,"excerpt":"Como primera medida, Ferrante agradeci\u00f3 a la cantidad de vecinos que lo saludan, le dan fuerza y lo felicitan, agregando que nunca pens\u00f3 tener tanto apoyo, aunque era el escenario que so\u00f1aba. Adem\u00e1s, dijo no estar ansioso por lo que va a ocurrir, ni por el trabajo que tiene por\u2026","rel":"","context":"En \u00abCHASCOM\u00daS\u00bb","block_context":{"text":"CHASCOM\u00daS","link":"https:\/\/larevistadigital.com.ar\/blog\/category\/chascomus\/"},"img":{"alt_text":"","src":"https:\/\/i0.wp.com\/larevistadigital.com.ar\/blog\/wp-content\/uploads\/2017\/12\/images.jpg?fit=218%2C231&ssl=1&resize=350%2C200","width":350,"height":200},"classes":[]}],"_links":{"self":[{"href":"https:\/\/larevistadigital.com.ar\/blog\/wp-json\/wp\/v2\/posts\/2534","targetHints":{"allow":["GET"]}}],"collection":[{"href":"https:\/\/larevistadigital.com.ar\/blog\/wp-json\/wp\/v2\/posts"}],"about":[{"href":"https:\/\/larevistadigital.com.ar\/blog\/wp-json\/wp\/v2\/types\/post"}],"author":[{"embeddable":true,"href":"https:\/\/larevistadigital.com.ar\/blog\/wp-json\/wp\/v2\/users\/3"}],"replies":[{"embeddable":true,"href":"https:\/\/larevistadigital.com.ar\/blog\/wp-json\/wp\/v2\/comments?post=2534"}],"version-history":[{"count":4,"href":"https:\/\/larevistadigital.com.ar\/blog\/wp-json\/wp\/v2\/posts\/2534\/revisions"}],"predecessor-version":[{"id":2540,"href":"https:\/\/larevistadigital.com.ar\/blog\/wp-json\/wp\/v2\/posts\/2534\/revisions\/2540"}],"wp:featuredmedia":[{"embeddable":true,"href":"https:\/\/larevistadigital.com.ar\/blog\/wp-json\/wp\/v2\/media\/2535"}],"wp:attachment":[{"href":"https:\/\/larevistadigital.com.ar\/blog\/wp-json\/wp\/v2\/media?parent=2534"}],"wp:term":[{"taxonomy":"category","embeddable":true,"href":"https:\/\/larevistadigital.com.ar\/blog\/wp-json\/wp\/v2\/categories?post=2534"},{"taxonomy":"post_tag","embeddable":true,"href":"https:\/\/larevistadigital.com.ar\/blog\/wp-json\/wp\/v2\/tags?post=2534"}],"curies":[{"name":"wp","href":"https:\/\/api.w.org\/{rel}","templated":true}]}}