{"id":25389,"date":"2022-05-24T15:17:36","date_gmt":"2022-05-24T15:17:36","guid":{"rendered":"https:\/\/larevistadigital.com.ar\/blog\/?p=25389"},"modified":"2022-05-24T15:17:36","modified_gmt":"2022-05-24T15:17:36","slug":"nene-de-8-anos-llevo-un-arma-a-la-escuela","status":"publish","type":"post","link":"https:\/\/larevistadigital.com.ar\/blog\/nene-de-8-anos-llevo-un-arma-a-la-escuela\/","title":{"rendered":"NENE DE 8 A\u00d1OS LLEV\u00d3 UN ARMA A LA ESCUELA"},"content":{"rendered":"<h2 class=\"fparrafo ctext fz18 lh25\">Sucedi\u00f3 en el establecimiento ubicado en Pu\u00e1n y Alejandro Korn. El arma era del t\u00edo y la hab\u00eda dejado guardada en un altillo de su casa en el barrio Nuevo Golf.<\/h2>\n<p class=\"selectionShareable\">Un llamado al 911 por parte de los directivos de la escuela ubicada en Pu\u00e1n y Alejandro Korn, permiti\u00f3 secuestrar un arma de fuego que un menor de 8 a\u00f1os llev\u00f3 al establecimiento oculta en una mochila.<\/p>\n<blockquote>\n<h3 class=\"selectionShareable\">Seg\u00fan da cuenta el portal marplatense 0223, desde la Jefatura Departamental confirmaron que personal de la comisar\u00eda quinta lleg\u00f3 a la Escuela 4 y entrevist\u00f3 a la maestra que hizo entrega de una mochila con un rev\u00f3lver calibre .22 y cinco municiones.<\/h3>\n<\/blockquote>\n<p class=\"selectionShareable\"><em><strong>\u201cLa maestra dijo que mientras daba clases un alumno de 8 a\u00f1os le dijo que ten\u00eda un arma en la mochila y que al revisarla constat\u00f3 que los dichos eran verdad, por lo que dio aviso a las autoridades y luego al 911\u201d<\/strong><\/em>, se\u00f1alaron.<\/p>\n<p class=\"selectionShareable\">Tras confirmar que no ten\u00edan autorizaci\u00f3n para la portaci\u00f3n del arma, desde la fiscal\u00eda en turno del Fuero de Responsabilidad Penal Juvenil ordenaron la formaci\u00f3n de una causa por\u00a0portaci\u00f3n ileg\u00edtima de arma de fuego de uso civil, se le tome declaraci\u00f3n a la madre y se identifique al t\u00edo del menor. (<b>InfoGEI<\/b>)Jd<\/p>\n","protected":false},"excerpt":{"rendered":"<div class=\"mh-excerpt\"><p>Sucedi\u00f3 en el establecimiento ubicado en Pu\u00e1n y Alejandro Korn. El arma era del t\u00edo y la hab\u00eda dejado guardada en un altillo de su casa en el barrio Nuevo Golf. Un llamado al 911 <a class=\"mh-excerpt-more\" href=\"https:\/\/larevistadigital.com.ar\/blog\/nene-de-8-anos-llevo-un-arma-a-la-escuela\/\" title=\"NENE DE 8 A\u00d1OS LLEV\u00d3 UN ARMA A LA ESCUELA\">[Leer M\u00e1s]<\/a><\/p>\n<\/div>","protected":false},"author":3,"featured_media":25390,"comment_status":"open","ping_status":"open","sticky":false,"template":"","format":"standard","meta":{"_jetpack_memberships_contains_paid_content":false,"footnotes":"","jetpack_publicize_message":"","jetpack_publicize_feature_enabled":true,"jetpack_social_post_already_shared":true,"jetpack_social_options":{"image_generator_settings":{"template":"highway","default_image_id":0,"font":"","enabled":false},"version":2}},"categories":[44,51],"tags":[],"class_list":{"0":"post-25389","1":"post","2":"type-post","3":"status-publish","4":"format-standard","5":"has-post-thumbnail","7":"category-policiales","8":"category-regionales"},"jetpack_publicize_connections":[],"jetpack_featured_media_url":"https:\/\/i0.wp.com\/larevistadigital.com.ar\/blog\/wp-content\/uploads\/20220524100544_alumno-arma-escuela-4.jpg?fit=880%2C512&ssl=1","jetpack_sharing_enabled":true,"jetpack_shortlink":"https:\/\/wp.me\/p8qtrQ-6Bv","jetpack-related-posts":[{"id":37375,"url":"https:\/\/larevistadigital.com.ar\/blog\/la-plata-descubren-en-un-colegio-un-arma-en-la-mochila-de-una-nena-de-13-anos\/","url_meta":{"origin":25389,"position":0},"title":"La Plata: Descubren en un colegio un arma en la mochila de una nena de 13 a\u00f1os","author":"Alejandro Sosa Ruda","date":"1 octubre, 2024","format":false,"excerpt":"La denuncia fue realizada por los directivos del colegio. Seg\u00fan relat\u00f3 la chica, el rev\u00f3lver habr\u00eda sido ocultado por un compa\u00f1ero. 01 de Octubre de 2024 LA PLATA -\u00a0 Se\u00a0 vivieron momentos de tensi\u00f3n en un Colegio de La Plata, cuando una nena de 13 a\u00f1os de edad fue descubierta\u2026","rel":"","context":"En \u00abPOLICIALES\u00bb","block_context":{"text":"POLICIALES","link":"https:\/\/larevistadigital.com.ar\/blog\/category\/policiales\/"},"img":{"alt_text":"","src":"https:\/\/i0.wp.com\/larevistadigital.com.ar\/blog\/wp-content\/uploads\/Captura-de-pantalla-2024-09-30-203417.png?fit=894%2C504&ssl=1&resize=350%2C200","width":350,"height":200,"srcset":"https:\/\/i0.wp.com\/larevistadigital.com.ar\/blog\/wp-content\/uploads\/Captura-de-pantalla-2024-09-30-203417.png?fit=894%2C504&ssl=1&resize=350%2C200 1x, https:\/\/i0.wp.com\/larevistadigital.com.ar\/blog\/wp-content\/uploads\/Captura-de-pantalla-2024-09-30-203417.png?fit=894%2C504&ssl=1&resize=525%2C300 1.5x, https:\/\/i0.wp.com\/larevistadigital.com.ar\/blog\/wp-content\/uploads\/Captura-de-pantalla-2024-09-30-203417.png?fit=894%2C504&ssl=1&resize=700%2C400 2x"},"classes":[]},{"id":45297,"url":"https:\/\/larevistadigital.com.ar\/blog\/alarma-en-una-escuela-de-madariaga-un-alumno-llevo-un-arma-de-juguete-y-activaron-el-protocolo\/","url_meta":{"origin":25389,"position":1},"title":"Alarma en una escuela de Madariaga: un alumno llev\u00f3 un arma de juguete y activaron el protocolo","author":"Alejandro Sosa Ruda","date":"24 abril, 2026","format":false,"excerpt":"El episodio ocurri\u00f3 en el colegio Sagrado Coraz\u00f3n y se suma a una seguidilla de amenazas en establecimientos educativos de la ciudad. Investiga la DDI. 24 de abril de 2026 General Madariaga.- BUENOS AIRES\u00a0 -\u00a0 \u00a0Un adolescente de 15 a\u00f1os gener\u00f3 preocupaci\u00f3n en el colegio Sagrado Coraz\u00f3n de General Madariaga\u2026","rel":"","context":"En \u00abREGIONALES\u00bb","block_context":{"text":"REGIONALES","link":"https:\/\/larevistadigital.com.ar\/blog\/category\/regionales\/"},"img":{"alt_text":"","src":"https:\/\/i0.wp.com\/larevistadigital.com.ar\/blog\/wp-content\/uploads\/a5fd626675d86cd492d6534dd2c1bcf7864a289c.jpg?fit=1140%2C715&ssl=1&resize=350%2C200","width":350,"height":200,"srcset":"https:\/\/i0.wp.com\/larevistadigital.com.ar\/blog\/wp-content\/uploads\/a5fd626675d86cd492d6534dd2c1bcf7864a289c.jpg?fit=1140%2C715&ssl=1&resize=350%2C200 1x, https:\/\/i0.wp.com\/larevistadigital.com.ar\/blog\/wp-content\/uploads\/a5fd626675d86cd492d6534dd2c1bcf7864a289c.jpg?fit=1140%2C715&ssl=1&resize=525%2C300 1.5x, https:\/\/i0.wp.com\/larevistadigital.com.ar\/blog\/wp-content\/uploads\/a5fd626675d86cd492d6534dd2c1bcf7864a289c.jpg?fit=1140%2C715&ssl=1&resize=700%2C400 2x, https:\/\/i0.wp.com\/larevistadigital.com.ar\/blog\/wp-content\/uploads\/a5fd626675d86cd492d6534dd2c1bcf7864a289c.jpg?fit=1140%2C715&ssl=1&resize=1050%2C600 3x"},"classes":[]},{"id":11211,"url":"https:\/\/larevistadigital.com.ar\/blog\/menor-denuncia-que-su-primo-abuso-de-el-amenazandolo-con-un-arma-blanca\/","url_meta":{"origin":25389,"position":2},"title":"MENOR DENUNCIA QUE SU PRIMO ABUS\u00d3 DE \u00c9L, AMENAZ\u00c1NDOLO CON UN ARMA BLANCA","author":"Alejandro Sosa Ruda","date":"11 julio, 2019","format":false,"excerpt":"Un joven de 17 a\u00f1os, denunci\u00f3 que fue v\u00edctima de abuso sexual en una casa de Alejandro Korn. Seg\u00fan el relato que hizo ante los efectivos de la comisaria segunda, su primo de 23 a\u00f1os,\u00a0 lo habr\u00eda amenazado con un arma blanca para que le practicara sexo oral. Seg\u00fan consta\u2026","rel":"","context":"En \u00abREGIONALES\u00bb","block_context":{"text":"REGIONALES","link":"https:\/\/larevistadigital.com.ar\/blog\/category\/regionales\/"},"img":{"alt_text":"","src":"https:\/\/i0.wp.com\/larevistadigital.com.ar\/blog\/wp-content\/uploads\/Screenshot_1-25.jpg?fit=1016%2C619&ssl=1&resize=350%2C200","width":350,"height":200,"srcset":"https:\/\/i0.wp.com\/larevistadigital.com.ar\/blog\/wp-content\/uploads\/Screenshot_1-25.jpg?fit=1016%2C619&ssl=1&resize=350%2C200 1x, https:\/\/i0.wp.com\/larevistadigital.com.ar\/blog\/wp-content\/uploads\/Screenshot_1-25.jpg?fit=1016%2C619&ssl=1&resize=525%2C300 1.5x, https:\/\/i0.wp.com\/larevistadigital.com.ar\/blog\/wp-content\/uploads\/Screenshot_1-25.jpg?fit=1016%2C619&ssl=1&resize=700%2C400 2x"},"classes":[]},{"id":29184,"url":"https:\/\/larevistadigital.com.ar\/blog\/detienen-a-un-menor-por-robar-las-tablets-en-alejandro-korn\/","url_meta":{"origin":25389,"position":3},"title":"DETIENEN A UN MENOR POR ROBAR LAS TABLETS DE UN COLEGIO EN ALEJANDRO KORN","author":"Alejandro Sosa Ruda","date":"30 noviembre, 2022","format":false,"excerpt":"El hecho fue denunciado por los directivos del establecimiento educativo. La detenci\u00f3n de un adolescente de 15 a\u00f1os se produjo cuando sal\u00eda de su domicilio. Se requis\u00f3 la vivienda y en el interior se hallaron las Tablet robadas. 30 de noviembre de 2022 ALEJANDRO KORN -\u00a0 El pasado mi\u00e9rcoles los\u2026","rel":"","context":"En \u00abPOLICIALES\u00bb","block_context":{"text":"POLICIALES","link":"https:\/\/larevistadigital.com.ar\/blog\/category\/policiales\/"},"img":{"alt_text":"","src":"https:\/\/i0.wp.com\/larevistadigital.com.ar\/blog\/wp-content\/uploads\/b5aec028a50f74e470abc68bebeb16d31469c6f1.jpg?fit=880%2C512&ssl=1&resize=350%2C200","width":350,"height":200,"srcset":"https:\/\/i0.wp.com\/larevistadigital.com.ar\/blog\/wp-content\/uploads\/b5aec028a50f74e470abc68bebeb16d31469c6f1.jpg?fit=880%2C512&ssl=1&resize=350%2C200 1x, https:\/\/i0.wp.com\/larevistadigital.com.ar\/blog\/wp-content\/uploads\/b5aec028a50f74e470abc68bebeb16d31469c6f1.jpg?fit=880%2C512&ssl=1&resize=525%2C300 1.5x, https:\/\/i0.wp.com\/larevistadigital.com.ar\/blog\/wp-content\/uploads\/b5aec028a50f74e470abc68bebeb16d31469c6f1.jpg?fit=880%2C512&ssl=1&resize=700%2C400 2x"},"classes":[]},{"id":27154,"url":"https:\/\/larevistadigital.com.ar\/blog\/lujan-un-nino-amenazo-a-otro-con-un-arma-blanca-en-un-colectivo\/","url_meta":{"origin":25389,"position":4},"title":"LUJAN: UN NI\u00d1O AMENAZ\u00d3 A OTRO CON UN ARMA BLANCA EN UN COLECTIVO","author":"Alejandro Sosa Ruda","date":"19 agosto, 2022","format":false,"excerpt":"En Luj\u00e1n un ni\u00f1o de 12 a\u00f1os amenaz\u00f3 a otro de 13 con un cuchillo y una punta cuando viajaban en el colectivo 501. El episodio ocurri\u00f3 en calle San Vicente al 1700 del barrio Lanusse, por donde circulaba el transporte p\u00fablico de pasajeros que se convirti\u00f3 en el escenario\u2026","rel":"","context":"En \u00abPOLICIALES\u00bb","block_context":{"text":"POLICIALES","link":"https:\/\/larevistadigital.com.ar\/blog\/category\/policiales\/"},"img":{"alt_text":"","src":"https:\/\/i0.wp.com\/larevistadigital.com.ar\/blog\/wp-content\/uploads\/20220819113024_un-nino-amenazo-a-otro-con-arma-blanca-en-el-colectivo-501.jpg?fit=880%2C512&ssl=1&resize=350%2C200","width":350,"height":200,"srcset":"https:\/\/i0.wp.com\/larevistadigital.com.ar\/blog\/wp-content\/uploads\/20220819113024_un-nino-amenazo-a-otro-con-arma-blanca-en-el-colectivo-501.jpg?fit=880%2C512&ssl=1&resize=350%2C200 1x, https:\/\/i0.wp.com\/larevistadigital.com.ar\/blog\/wp-content\/uploads\/20220819113024_un-nino-amenazo-a-otro-con-arma-blanca-en-el-colectivo-501.jpg?fit=880%2C512&ssl=1&resize=525%2C300 1.5x, https:\/\/i0.wp.com\/larevistadigital.com.ar\/blog\/wp-content\/uploads\/20220819113024_un-nino-amenazo-a-otro-con-arma-blanca-en-el-colectivo-501.jpg?fit=880%2C512&ssl=1&resize=700%2C400 2x"},"classes":[]},{"id":11729,"url":"https:\/\/larevistadigital.com.ar\/blog\/dolores-tres-jovenes-detenidos-por-robar-moto-hay-dos-heridos-por-arma-de-fuego\/","url_meta":{"origin":25389,"position":5},"title":"DOLORES: TRES JOVENES DETENIDOS POR ROBAR MOTO. HAY DOS HERIDOS POR ARMA DE FUEGO","author":"Alejandro Sosa Ruda","date":"6 agosto, 2019","format":false,"excerpt":"En la tarde del pasado s\u00e1bado, siendo alrededor de las 19 hs., en la intersecci\u00f3n de las calles Belgrano y Monse\u00f1or de Andrea, tres j\u00f3venes (dos\u00a0mayores y un menor de edad), interceptaron otro joven que circulaba en una moto Gilera Smash, y luego de increparlo y golpearlo le robaron la\u2026","rel":"","context":"En \u00abDOLORES\u00bb","block_context":{"text":"DOLORES","link":"https:\/\/larevistadigital.com.ar\/blog\/category\/dolores\/"},"img":{"alt_text":"","src":"https:\/\/i0.wp.com\/larevistadigital.com.ar\/blog\/wp-content\/uploads\/Tiroteo1-660x330.jpg?fit=660%2C330&ssl=1&resize=350%2C200","width":350,"height":200,"srcset":"https:\/\/i0.wp.com\/larevistadigital.com.ar\/blog\/wp-content\/uploads\/Tiroteo1-660x330.jpg?fit=660%2C330&ssl=1&resize=350%2C200 1x, https:\/\/i0.wp.com\/larevistadigital.com.ar\/blog\/wp-content\/uploads\/Tiroteo1-660x330.jpg?fit=660%2C330&ssl=1&resize=525%2C300 1.5x"},"classes":[]}],"_links":{"self":[{"href":"https:\/\/larevistadigital.com.ar\/blog\/wp-json\/wp\/v2\/posts\/25389","targetHints":{"allow":["GET"]}}],"collection":[{"href":"https:\/\/larevistadigital.com.ar\/blog\/wp-json\/wp\/v2\/posts"}],"about":[{"href":"https:\/\/larevistadigital.com.ar\/blog\/wp-json\/wp\/v2\/types\/post"}],"author":[{"embeddable":true,"href":"https:\/\/larevistadigital.com.ar\/blog\/wp-json\/wp\/v2\/users\/3"}],"replies":[{"embeddable":true,"href":"https:\/\/larevistadigital.com.ar\/blog\/wp-json\/wp\/v2\/comments?post=25389"}],"version-history":[{"count":1,"href":"https:\/\/larevistadigital.com.ar\/blog\/wp-json\/wp\/v2\/posts\/25389\/revisions"}],"predecessor-version":[{"id":25391,"href":"https:\/\/larevistadigital.com.ar\/blog\/wp-json\/wp\/v2\/posts\/25389\/revisions\/25391"}],"wp:featuredmedia":[{"embeddable":true,"href":"https:\/\/larevistadigital.com.ar\/blog\/wp-json\/wp\/v2\/media\/25390"}],"wp:attachment":[{"href":"https:\/\/larevistadigital.com.ar\/blog\/wp-json\/wp\/v2\/media?parent=25389"}],"wp:term":[{"taxonomy":"category","embeddable":true,"href":"https:\/\/larevistadigital.com.ar\/blog\/wp-json\/wp\/v2\/categories?post=25389"},{"taxonomy":"post_tag","embeddable":true,"href":"https:\/\/larevistadigital.com.ar\/blog\/wp-json\/wp\/v2\/tags?post=25389"}],"curies":[{"name":"wp","href":"https:\/\/api.w.org\/{rel}","templated":true}]}}