{"id":25392,"date":"2022-05-24T15:26:02","date_gmt":"2022-05-24T15:26:02","guid":{"rendered":"https:\/\/larevistadigital.com.ar\/blog\/?p=25392"},"modified":"2022-05-24T15:26:02","modified_gmt":"2022-05-24T15:26:02","slug":"profesionales-de-la-salud-en-estado-de-alerta-por-reclamos-regionales-y-municipales","status":"publish","type":"post","link":"https:\/\/larevistadigital.com.ar\/blog\/profesionales-de-la-salud-en-estado-de-alerta-por-reclamos-regionales-y-municipales\/","title":{"rendered":"PROFESIONALES DE LA SALUD EN ESTADO DE ALERTA POR RECLAMOS REGIONALES Y MUNICIPALES"},"content":{"rendered":"<h2 class=\"fparrafo ctext fz18 lh25\">La CICOP esta vez reparti\u00f3 sus reclamos: al gobernador bonaerense, por el \u00abdesgaste laboral\u00bb, a la Legislatura por las \u00ableyes de excepci\u00f3n\u00bb y a los municipios, por la \u00abequiparaci\u00f3n salarial\u00bb. Asimismo, la entidad gremial propuso \u00abprovincializar los hospitales municipales\u00bb. Tambi\u00e9n alertaron por la suba de casos de Covid 19.<\/h2>\n<p class=\"selectionShareable\">La Asociaci\u00f3n Sindical de Profesionales de la Salud de la Provincia de Buenos Aires (CICOP) entr\u00f3 en \u00abestado de alerta\u00bb para reclamar al gobernador <strong>Axel Kicillof <em>\u00abla urgente aplicaci\u00f3n del Desgaste Laboral\u00bb<\/em><\/strong>, adem\u00e1s del <em><strong>\u00abingreso de las leyes de excepci\u00f3n a la Legislatura bonaerense\u00bb<\/strong><\/em>, y tambi\u00e9n exigen a todos los municipios provinciales <em><strong>\u00abla reapertura de la negociaci\u00f3n salarial\u00bb<\/strong><\/em>.<\/p>\n<blockquote>\n<h3 class=\"selectionShareable\">Mediante un comunicado, el gremio CICOP propone al respecto de este \u00faltimo punto, la <em>\u00abprovincializaci\u00f3n de todos los hospitales municipales para revertir la enorme fragmentaci\u00f3n del sistema p\u00fablico de salud y la desigualdad en el acceso de la poblaci\u00f3n\u00bb<\/em>.<\/h3>\n<\/blockquote>\n<p class=\"selectionShareable\"><em><strong>\u00abNuestro sindicato mantiene el estado de alerta con reclamos provinciales, municipales y nacionales. Exigimos al gobernador Kicillof la aplicaci\u00f3n del Desgaste Laboral. La resoluci\u00f3n de nuestra situaci\u00f3n previsional est\u00e1 en manos del gobernador y su resoluci\u00f3n constituye un justo reconocimiento al equipo de salud, que viene sufriendo un desgaste laboral incrementado por la emergencia sanitaria vigente desde el 2020\u00bb<\/strong><\/em>, argumentaron.<\/p>\n<p class=\"selectionShareable\">Los reclamos se dan en el marco de <strong><em>\u00abuna sobrecarga laboral que vuelve sentirse con el aumento de las consultas en las guardias por cuadros compatibles con Covid 19 y por la demanda de problem\u00e1ticas de salud preexistentes a la pandemia\u00bb.<\/em><\/strong><\/p>\n<p class=\"selectionShareable\"><b>Reapertura de la paritaria<\/b><\/p>\n<p class=\"selectionShareable\"><em><strong>\u00abEn el marco del estado de alerta gremial, reiteramos nuestra demanda hacia el estado nacional y los estados municipales para reabrir las negociaciones salariales con los profesionales de la salud frente al atraso salarial provocado por la inflaci\u00f3n. Las enormes asimetr\u00edas salariales existentes entre efectores de salud provinciales y municipales, genera enormes problemas para sostener el funcionamiento de guardias y servicios esenciales\u00bb<\/strong><\/em>, explicaron.<\/p>\n<p class=\"selectionShareable\"><b>Precarizaci\u00f3n laboral<\/b><\/p>\n<p class=\"selectionShareable\"><em><strong>\u00abA esto se suma la precarizaci\u00f3n laboral y el pluriempleo que golpea fuertemente a nuestro sector. La erradicaci\u00f3n de la figura del monotributo y otras formas precarias de contrataci\u00f3n son parte central de nuestras demandas. Exigimos cargos genuinos con plenos derechos laborales y avanzar hacia la dedicaci\u00f3n exclusiva. Creemos que este debe ser el camino junto al aumento del presupuesto y la provincializaci\u00f3n de todos los hospitales municipales para revertir la enorme fragmentaci\u00f3n del sistema p\u00fablico de salud y la desigualdad en el acceso de la poblaci\u00f3n\u00bb<\/strong><\/em>, propusieron.<\/p>\n<p class=\"selectionShareable\"><b>Proyectos de ley de excepci\u00f3n<\/b><\/p>\n<p class=\"selectionShareable\">Por \u00faltimo, destacaron que siguen<em><strong> \u00abreclamando el inmediato env\u00edo de los proyectos de leyes de excepci\u00f3n a la Legislatura bonaerense para avanzar en regularizar nuestra carrera, superar la desigualdad salarial y mejorar las condiciones laborales de m\u00e1s de 2.200 licenciados\/as en Enfermer\u00eda y otras profesionales que revistan en el marco de la ley 10.430 que enmarca a Estatales, y que deben pasar a la ley 10.471 de la Carrera Profesional Hospitalaria\u00bb.<\/strong><\/em><\/p>\n","protected":false},"excerpt":{"rendered":"<div class=\"mh-excerpt\"><p>La CICOP esta vez reparti\u00f3 sus reclamos: al gobernador bonaerense, por el \u00abdesgaste laboral\u00bb, a la Legislatura por las \u00ableyes de excepci\u00f3n\u00bb y a los municipios, por la \u00abequiparaci\u00f3n salarial\u00bb. Asimismo, la entidad gremial propuso <a class=\"mh-excerpt-more\" href=\"https:\/\/larevistadigital.com.ar\/blog\/profesionales-de-la-salud-en-estado-de-alerta-por-reclamos-regionales-y-municipales\/\" title=\"PROFESIONALES DE LA SALUD EN ESTADO DE ALERTA POR RECLAMOS REGIONALES Y MUNICIPALES\">[Leer M\u00e1s]<\/a><\/p>\n<\/div>","protected":false},"author":3,"featured_media":25393,"comment_status":"open","ping_status":"open","sticky":false,"template":"","format":"standard","meta":{"_jetpack_memberships_contains_paid_content":false,"footnotes":"","jetpack_publicize_message":"","jetpack_publicize_feature_enabled":true,"jetpack_social_post_already_shared":true,"jetpack_social_options":{"image_generator_settings":{"template":"highway","default_image_id":0,"font":"","enabled":false},"version":2}},"categories":[50],"tags":[],"class_list":{"0":"post-25392","1":"post","2":"type-post","3":"status-publish","4":"format-standard","5":"has-post-thumbnail","7":"category-interes-general"},"jetpack_publicize_connections":[],"jetpack_featured_media_url":"https:\/\/i0.wp.com\/larevistadigital.com.ar\/blog\/wp-content\/uploads\/20220523084337_cicop-reclamos.jpg?fit=880%2C512&ssl=1","jetpack_sharing_enabled":true,"jetpack_shortlink":"https:\/\/wp.me\/p8qtrQ-6By","jetpack-related-posts":[{"id":29148,"url":"https:\/\/larevistadigital.com.ar\/blog\/cicop-para-los-dias-1-y-7-de-diciembre\/","url_meta":{"origin":25392,"position":0},"title":"CICOP PARA A LOS PROFESIONALES DE LA SALUD, LOS D\u00cdAS 1\u00b0 Y 7 DE DICIEMBRE","author":"Alejandro Sosa Ruda","date":"29 noviembre, 2022","format":false,"excerpt":"El gremio de profesionales de la salud p\u00fablica bonaerense comienza diciembre con dos paros \"por recomposici\u00f3n salarial en salud, aprobaci\u00f3n del proyecto de pase de Ley 10.430 a 10.471, por pase a planta de todos los becarios y becarias, contra el Impuesto a las Ganancias, por la extensi\u00f3n del Desgaste\u2026","rel":"","context":"En \u00abGREMIALES\u00bb","block_context":{"text":"GREMIALES","link":"https:\/\/larevistadigital.com.ar\/blog\/category\/gremiales\/"},"img":{"alt_text":"","src":"https:\/\/i0.wp.com\/larevistadigital.com.ar\/blog\/wp-content\/uploads\/mail-1.png?fit=1200%2C1199&ssl=1&resize=350%2C200","width":350,"height":200,"srcset":"https:\/\/i0.wp.com\/larevistadigital.com.ar\/blog\/wp-content\/uploads\/mail-1.png?fit=1200%2C1199&ssl=1&resize=350%2C200 1x, https:\/\/i0.wp.com\/larevistadigital.com.ar\/blog\/wp-content\/uploads\/mail-1.png?fit=1200%2C1199&ssl=1&resize=525%2C300 1.5x, https:\/\/i0.wp.com\/larevistadigital.com.ar\/blog\/wp-content\/uploads\/mail-1.png?fit=1200%2C1199&ssl=1&resize=700%2C400 2x, https:\/\/i0.wp.com\/larevistadigital.com.ar\/blog\/wp-content\/uploads\/mail-1.png?fit=1200%2C1199&ssl=1&resize=1050%2C600 3x"},"classes":[]},{"id":13207,"url":"https:\/\/larevistadigital.com.ar\/blog\/cicop-los-profesionales-de-la-salud-exigen-al-gobierno-provincial-actualizar-los-salarios-en-noviembre\/","url_meta":{"origin":25392,"position":1},"title":"CICOP: LOS PROFESIONALES DE LA SALUD EXIGEN AL GOBIERNO PROVINCIAL ACTUALIZAR LOS SALARIOS EN NOVIEMBRE","author":"Alejandro Sosa Ruda","date":"17 noviembre, 2019","format":false,"excerpt":"El Consejo Directivo de la Asociaci\u00f3n Sindical de Profesionales de la Salud de la Provincia de Buenos Aires (CICOP) realiz\u00f3 este mi\u00e9rcoles\u00a0una presentaci\u00f3n formal ante el Ministerio de Trabajo bonaerense, que encabeza Marcelo Villegas, para exigir el cumplimiento de los distintos compromisos asumidos por el gobierno de Mar\u00eda Eugenia Vidal\u2026","rel":"","context":"En \u00abGREMIALES\u00bb","block_context":{"text":"GREMIALES","link":"https:\/\/larevistadigital.com.ar\/blog\/category\/gremiales\/"},"img":{"alt_text":"","src":"https:\/\/i0.wp.com\/larevistadigital.com.ar\/blog\/wp-content\/uploads\/nota-1583357-cicop-pidio-kicillof-asuma-compromiso-detener-deterioro-sistema-salud-publica-924718.jpg?fit=1200%2C630&ssl=1&resize=350%2C200","width":350,"height":200,"srcset":"https:\/\/i0.wp.com\/larevistadigital.com.ar\/blog\/wp-content\/uploads\/nota-1583357-cicop-pidio-kicillof-asuma-compromiso-detener-deterioro-sistema-salud-publica-924718.jpg?fit=1200%2C630&ssl=1&resize=350%2C200 1x, https:\/\/i0.wp.com\/larevistadigital.com.ar\/blog\/wp-content\/uploads\/nota-1583357-cicop-pidio-kicillof-asuma-compromiso-detener-deterioro-sistema-salud-publica-924718.jpg?fit=1200%2C630&ssl=1&resize=525%2C300 1.5x, https:\/\/i0.wp.com\/larevistadigital.com.ar\/blog\/wp-content\/uploads\/nota-1583357-cicop-pidio-kicillof-asuma-compromiso-detener-deterioro-sistema-salud-publica-924718.jpg?fit=1200%2C630&ssl=1&resize=700%2C400 2x, https:\/\/i0.wp.com\/larevistadigital.com.ar\/blog\/wp-content\/uploads\/nota-1583357-cicop-pidio-kicillof-asuma-compromiso-detener-deterioro-sistema-salud-publica-924718.jpg?fit=1200%2C630&ssl=1&resize=1050%2C600 3x"},"classes":[]},{"id":19966,"url":"https:\/\/larevistadigital.com.ar\/blog\/cicop-los-trabajadores-de-la-salud-acamparon-frente-a-la-municipalidad-de-pinamar\/","url_meta":{"origin":25392,"position":2},"title":"CICOP: LOS TRABAJADORES DE LA SALUD ACAMPARON FRENTE A LA MUNICIPALIDAD DE PINAMAR","author":"Alejandro Sosa Ruda","date":"30 abril, 2021","format":false,"excerpt":"Fue para rechazar la oferta salarial del ejecutivo local. Desde CICOP Seccional Pinamar advirtieron que\u00a0\u201cestamos dando la pelea en el peor momento de la pandemia y el intendente Yeza se nos r\u00ede en la cara con una magra propuesta de aumento de apenas 17,5% para el primer trimestre del 2021\u201d.\u2026","rel":"","context":"En \u00abGREMIALES\u00bb","block_context":{"text":"GREMIALES","link":"https:\/\/larevistadigital.com.ar\/blog\/category\/gremiales\/"},"img":{"alt_text":"","src":"https:\/\/i0.wp.com\/larevistadigital.com.ar\/blog\/wp-content\/uploads\/CICOP.png?fit=1200%2C797&ssl=1&resize=350%2C200","width":350,"height":200,"srcset":"https:\/\/i0.wp.com\/larevistadigital.com.ar\/blog\/wp-content\/uploads\/CICOP.png?fit=1200%2C797&ssl=1&resize=350%2C200 1x, https:\/\/i0.wp.com\/larevistadigital.com.ar\/blog\/wp-content\/uploads\/CICOP.png?fit=1200%2C797&ssl=1&resize=525%2C300 1.5x, https:\/\/i0.wp.com\/larevistadigital.com.ar\/blog\/wp-content\/uploads\/CICOP.png?fit=1200%2C797&ssl=1&resize=700%2C400 2x, https:\/\/i0.wp.com\/larevistadigital.com.ar\/blog\/wp-content\/uploads\/CICOP.png?fit=1200%2C797&ssl=1&resize=1050%2C600 3x"},"classes":[]},{"id":28623,"url":"https:\/\/larevistadigital.com.ar\/blog\/historica-conquista-los-trabajadores-de-la-salud-pueden-jubilarse-a-los-50-por-desgaste-laboral\/","url_meta":{"origin":25392,"position":3},"title":"HIST\u00d3RICA CONQUISTA: LOS TRABAJADORES DE LA SALUD PUEDEN JUBILARSE A LOS 50 POR \u00abDESGASTE LABORAL\u00bb","author":"Alejandro Sosa Ruda","date":"27 octubre, 2022","format":false,"excerpt":"Desde el lunes 24 de octubre entr\u00f3 en vigencia el Decreto de Desgaste Laboral que hab\u00eda acordado el gremio luego de la Mesa T\u00e9cnica de Desgaste, en el marco de la paritaria Ley 10.471. \u201cSin dudas, es un logro hist\u00f3rico de nuestro gremio que tras muchos a\u00f1os de pelea para\u2026","rel":"","context":"En \u00abGREMIALES\u00bb","block_context":{"text":"GREMIALES","link":"https:\/\/larevistadigital.com.ar\/blog\/category\/gremiales\/"},"img":{"alt_text":"","src":"https:\/\/i0.wp.com\/larevistadigital.com.ar\/blog\/wp-content\/uploads\/20221026190013_hospi.jpg?fit=880%2C512&ssl=1&resize=350%2C200","width":350,"height":200,"srcset":"https:\/\/i0.wp.com\/larevistadigital.com.ar\/blog\/wp-content\/uploads\/20221026190013_hospi.jpg?fit=880%2C512&ssl=1&resize=350%2C200 1x, https:\/\/i0.wp.com\/larevistadigital.com.ar\/blog\/wp-content\/uploads\/20221026190013_hospi.jpg?fit=880%2C512&ssl=1&resize=525%2C300 1.5x, https:\/\/i0.wp.com\/larevistadigital.com.ar\/blog\/wp-content\/uploads\/20221026190013_hospi.jpg?fit=880%2C512&ssl=1&resize=700%2C400 2x"},"classes":[]},{"id":27594,"url":"https:\/\/larevistadigital.com.ar\/blog\/aumento-para-los-profesionales-de-la-salud-del-255-en-septiembre-y-reapertura-de-paritarias-en-octubre\/","url_meta":{"origin":25392,"position":4},"title":"AUMENTO PARA LOS PROFESIONALES DE LA SALUD DEL 25,5 EN SEPTIEMBRE Y REAPERTURA DE PARITARIAS EN OCTUBRE","author":"Alejandro Sosa Ruda","date":"7 septiembre, 2022","format":false,"excerpt":"Inform\u00f3 la Cicop, a trav\u00e9s de prensa 07 de septiembre de 2022 La Asociaci\u00f3n Sindical de Profesionales de la Salud de la Provincia de Buenos Aires (CICOP) fue convocada el d\u00eda martes 6 de septiembre por el gobernador bonaerense, Axel Kicillof, en el marco de la Cl\u00e1usula de Revisi\u00f3n y\u2026","rel":"","context":"En \u00abGREMIALES\u00bb","block_context":{"text":"GREMIALES","link":"https:\/\/larevistadigital.com.ar\/blog\/category\/gremiales\/"},"img":{"alt_text":"","src":"https:\/\/i0.wp.com\/larevistadigital.com.ar\/blog\/wp-content\/uploads\/mail-4.jpg?fit=1200%2C799&ssl=1&resize=350%2C200","width":350,"height":200,"srcset":"https:\/\/i0.wp.com\/larevistadigital.com.ar\/blog\/wp-content\/uploads\/mail-4.jpg?fit=1200%2C799&ssl=1&resize=350%2C200 1x, https:\/\/i0.wp.com\/larevistadigital.com.ar\/blog\/wp-content\/uploads\/mail-4.jpg?fit=1200%2C799&ssl=1&resize=525%2C300 1.5x, https:\/\/i0.wp.com\/larevistadigital.com.ar\/blog\/wp-content\/uploads\/mail-4.jpg?fit=1200%2C799&ssl=1&resize=700%2C400 2x, https:\/\/i0.wp.com\/larevistadigital.com.ar\/blog\/wp-content\/uploads\/mail-4.jpg?fit=1200%2C799&ssl=1&resize=1050%2C600 3x"},"classes":[]},{"id":44508,"url":"https:\/\/larevistadigital.com.ar\/blog\/profesionales-de-la-salud-de-cicop-aceptaron-el-aumento-salarial-propuesto-por-la-provincia\/","url_meta":{"origin":25392,"position":5},"title":"Profesionales de la salud de CICOP aceptaron el aumento salarial propuesto por la Provincia","author":"Alejandro Sosa Ruda","date":"15 marzo, 2026","format":false,"excerpt":"La oferta del Gobierno bonaerense contempla una suba del 9% en tres tramos, con instancia de revisi\u00f3n en mayo y reapertura de las negociaciones en junio. Se comenzar\u00e1n a discutir recategorizaciones. 15 de marzo de 2026 La\u00a0Asociaci\u00f3n Sindical de Profesionales de la\u00a0Salud\u00a0de la provincia de Buenos Aires (CICOP)\u00a0aprob\u00f3 este viernes\u2026","rel":"","context":"En \u00abGREMIALES\u00bb","block_context":{"text":"GREMIALES","link":"https:\/\/larevistadigital.com.ar\/blog\/category\/gremiales\/"},"img":{"alt_text":"","src":"https:\/\/i0.wp.com\/larevistadigital.com.ar\/blog\/wp-content\/uploads\/Captura-de-pantalla-2026-03-15-011338.jpg?fit=628%2C406&ssl=1&resize=350%2C200","width":350,"height":200,"srcset":"https:\/\/i0.wp.com\/larevistadigital.com.ar\/blog\/wp-content\/uploads\/Captura-de-pantalla-2026-03-15-011338.jpg?fit=628%2C406&ssl=1&resize=350%2C200 1x, https:\/\/i0.wp.com\/larevistadigital.com.ar\/blog\/wp-content\/uploads\/Captura-de-pantalla-2026-03-15-011338.jpg?fit=628%2C406&ssl=1&resize=525%2C300 1.5x"},"classes":[]}],"_links":{"self":[{"href":"https:\/\/larevistadigital.com.ar\/blog\/wp-json\/wp\/v2\/posts\/25392","targetHints":{"allow":["GET"]}}],"collection":[{"href":"https:\/\/larevistadigital.com.ar\/blog\/wp-json\/wp\/v2\/posts"}],"about":[{"href":"https:\/\/larevistadigital.com.ar\/blog\/wp-json\/wp\/v2\/types\/post"}],"author":[{"embeddable":true,"href":"https:\/\/larevistadigital.com.ar\/blog\/wp-json\/wp\/v2\/users\/3"}],"replies":[{"embeddable":true,"href":"https:\/\/larevistadigital.com.ar\/blog\/wp-json\/wp\/v2\/comments?post=25392"}],"version-history":[{"count":1,"href":"https:\/\/larevistadigital.com.ar\/blog\/wp-json\/wp\/v2\/posts\/25392\/revisions"}],"predecessor-version":[{"id":25394,"href":"https:\/\/larevistadigital.com.ar\/blog\/wp-json\/wp\/v2\/posts\/25392\/revisions\/25394"}],"wp:featuredmedia":[{"embeddable":true,"href":"https:\/\/larevistadigital.com.ar\/blog\/wp-json\/wp\/v2\/media\/25393"}],"wp:attachment":[{"href":"https:\/\/larevistadigital.com.ar\/blog\/wp-json\/wp\/v2\/media?parent=25392"}],"wp:term":[{"taxonomy":"category","embeddable":true,"href":"https:\/\/larevistadigital.com.ar\/blog\/wp-json\/wp\/v2\/categories?post=25392"},{"taxonomy":"post_tag","embeddable":true,"href":"https:\/\/larevistadigital.com.ar\/blog\/wp-json\/wp\/v2\/tags?post=25392"}],"curies":[{"name":"wp","href":"https:\/\/api.w.org\/{rel}","templated":true}]}}