{"id":25397,"date":"2022-05-24T22:35:16","date_gmt":"2022-05-24T22:35:16","guid":{"rendered":"https:\/\/larevistadigital.com.ar\/blog\/?p=25397"},"modified":"2022-05-24T22:35:16","modified_gmt":"2022-05-24T22:35:16","slug":"cnel-dorrego-un-muerto-tras-explosion-en-rotiseria","status":"publish","type":"post","link":"https:\/\/larevistadigital.com.ar\/blog\/cnel-dorrego-un-muerto-tras-explosion-en-rotiseria\/","title":{"rendered":"CNEL. DORREGO: UN MUERTO TRAS EXPLOSI\u00d3N EN ROTISER\u00cdA"},"content":{"rendered":"<h2 class=\"fparrafo ctext fz18 lh25\">Una persona muri\u00f3 este martes luego de registrarse una explosi\u00f3n en un local que funcionaba como rotiser\u00eda y poller\u00eda ubicado en el balneario de Oriente, en el partido bonaerense de Coronel Dorrego, y de acuerdo a las investigaciones preliminares fue resultado de una fuga de gas, seg\u00fan informaron fuentes policiales.<\/h2>\n<p class=\"selectionShareable\"><strong>CORONEL DORREGO &#8211;\u00a0<\/strong> La explosi\u00f3n provoc\u00f3 el derrumbe del local y distintos da\u00f1os materiales de viviendas linderas al comercio sobre la avenida San Mart\u00edn, entre Santamarina y Lucio L\u00f3pez de dicho balneario.<\/p>\n<p class=\"selectionShareable\">Fuentes policiales indicaron que \u00abel hecho ocurri\u00f3 pasadas las 7.30 en el local del rubro poller\u00eda y rotiser\u00eda donde seg\u00fan las primeras investigaciones se debi\u00f3 a una p\u00e9rdida de gas\u00bb.<\/p>\n<blockquote>\n<h3 class=\"selectionShareable\"><em>\u00abLa explosi\u00f3n provoc\u00f3 el derrumbe del techo y de las paredes del local como as\u00ed tambi\u00e9n rotura de los vidrios de viviendas vecinas debido a la onda expansiva\u00bb<\/em>, agregaron.<\/h3>\n<\/blockquote>\n<p class=\"selectionShareable\">Tras el episodio acudieron al lugar integrantes de cuartel de bomberos voluntarios junto con personal policial. Seg\u00fan se indic\u00f3 <em><strong>\u00abuna persona que trabajaba en el lugar fue hallada sin vida entre los escombros\u00bb<\/strong><\/em>.<\/p>\n<p class=\"selectionShareable\">Por su parte el comisario<strong> Mart\u00edn Otero<\/strong>, jefe distrital de Coronel Dorrego, con jurisdicci\u00f3n en la zona, indic\u00f3 que \u00a0a las 7.30 tom\u00f3 conocimiento de la explosi\u00f3n en la rotiser\u00eda y poller\u00eda donde la edificaci\u00f3n <em><strong>\u201cqued\u00f3 totalmente destruida. Hubo una onda expansiva que abarc\u00f3 toda la cuadra, hay vidrieras rotas\u00bb<\/strong><\/em>, agreg\u00f3 el jefe policial, quien precis\u00f3 que la persona fallecida ten\u00eda 48 a\u00f1os y era empleada en el lugar, a donde hab\u00eda llegado temprano.<\/p>\n<blockquote>\n<h3 class=\"selectionShareable\">El comisario se\u00f1al\u00f3 que <em>\u00abse presume que podr\u00eda haber sido por un escape de gas porque ha quedado todo destruido\u00bb, pero indic\u00f3 que eso \u00abser\u00e1 determinado por peritos de bomberos y de la polic\u00eda cient\u00edfica\u00bb.<\/em><\/h3>\n<\/blockquote>\n<p class=\"selectionShareable\"><em><strong>\u00abHabitualmente esta persona siempre llega a ese horario de la ma\u00f1ana y ah\u00ed es cuando arranc\u00f3 todo, por lo que deducimos que pudo haber sido una p\u00e9rdida de gas\u00bb<\/strong><\/em>, agreg\u00f3 <strong>Otero<\/strong> a Radio La Br\u00fajula.<\/p>\n<p class=\"selectionShareable\">El jefe policial coment\u00f3 que la onda expansiva producto de la explosi\u00f3n<em><strong> \u00ababarca toda la cuadra de vidrieras rotas\u00bb<\/strong><\/em> al indicar que no se registraron otros heridos pero s\u00ed da\u00f1os materiales.<\/p>\n<p class=\"selectionShareable\">El hecho es investigado por la ayudant\u00eda de Fiscal de Coronel Dorrego, con jurisdicci\u00f3n en la zona.<\/p>\n<p class=\"selectionShareable\"><span style=\"color: #ff0000\"><b>Testimonio<\/b><\/span><\/p>\n<p class=\"selectionShareable\"><strong>Patricio Bertone<\/strong> vive a escasos metros de la poller\u00eda de Oriente donde esta ma\u00f1ana se produjo la tr\u00e1gica explosi\u00f3n que se cobr\u00f3 la vida de una mujer de 46 a\u00f1os, identificada como Laura Pozos.<\/p>\n<blockquote>\n<h3 class=\"selectionShareable\"><em>\u201cSe escuch\u00f3 una terrible explosi\u00f3n y una onda expansiva impresionante, vivo a una casa de por medio, pero en ese momento estaba en la delegaci\u00f3n municipal que est\u00e1 a la vuelta. Se cayeron los tubos fluorescentes de la oficina, me fui r\u00e1pido a mi casa para sacar a mis hijos de mi casa\u201d<\/em>, dijo Bertone, en su charla con el periodista Germ\u00e1n Sasso.<\/h3>\n<\/blockquote>\n<p class=\"selectionShareable\">Adem\u00e1s, confirm\u00f3 que <strong><em>\u201cse escucharon hasta tres explosiones. No sabemos si fue producto del gas envasado o el que llega a trav\u00e9s de la red. Los bomberos tomaron todos los recaudos porque tambi\u00e9n se cort\u00f3 la corriente el\u00e9ctrica para evitar un desastre a\u00fan peor. A la persona fallecida la conozco desde mi \u00e9poca de jard\u00edn de infantes y trabajaba en la poller\u00eda\u201d.<\/em><\/strong><\/p>\n<p class=\"selectionShareable\"><span style=\"color: #ff0000\"><b>Pueblo conmocionado<\/b><\/span><\/p>\n<p class=\"selectionShareable\"><em><strong>\u201cTodo el pueblo est\u00e1 conmocionado y pudo haber sido mucho peor porque 15 minutos m\u00e1s tarde pasan los chicos que van a la escuela. El due\u00f1o de la poller\u00eda est\u00e1 conmocionado, es un muchacho joven que se la pasa llorando, tratando de consolar a la familia de la mujer fallecida\u201d<\/strong><\/em>, destac\u00f3 en otro tramo de la entrevista radial.<\/p>\n<p class=\"selectionShareable\">Por \u00faltimo, confirm\u00f3 que <strong><em>\u201csu cuerpo qued\u00f3 debajo de los escombros. La mujer que vive en la casa de atr\u00e1s se salv\u00f3 porque justo instantes antes hab\u00eda salido. Fue como si hubiese ca\u00eddo una bomba, no hay ning\u00fan antecedente de esta naturaleza\u201d<\/em><\/strong>.(<b>InfoGEI<\/b>)Jd<\/p>\n","protected":false},"excerpt":{"rendered":"<div class=\"mh-excerpt\"><p>Una persona muri\u00f3 este martes luego de registrarse una explosi\u00f3n en un local que funcionaba como rotiser\u00eda y poller\u00eda ubicado en el balneario de Oriente, en el partido bonaerense de Coronel Dorrego, y de acuerdo <a class=\"mh-excerpt-more\" href=\"https:\/\/larevistadigital.com.ar\/blog\/cnel-dorrego-un-muerto-tras-explosion-en-rotiseria\/\" title=\"CNEL. DORREGO: UN MUERTO TRAS EXPLOSI\u00d3N EN ROTISER\u00cdA\">[Leer M\u00e1s]<\/a><\/p>\n<\/div>","protected":false},"author":3,"featured_media":25398,"comment_status":"open","ping_status":"open","sticky":false,"template":"","format":"standard","meta":{"_jetpack_memberships_contains_paid_content":false,"footnotes":"","jetpack_publicize_message":"","jetpack_publicize_feature_enabled":true,"jetpack_social_post_already_shared":true,"jetpack_social_options":{"image_generator_settings":{"template":"highway","default_image_id":0,"font":"","enabled":false},"version":2}},"categories":[50,44],"tags":[],"class_list":{"0":"post-25397","1":"post","2":"type-post","3":"status-publish","4":"format-standard","5":"has-post-thumbnail","7":"category-interes-general","8":"category-policiales"},"jetpack_publicize_connections":[],"jetpack_featured_media_url":"https:\/\/i0.wp.com\/larevistadigital.com.ar\/blog\/wp-content\/uploads\/20220524161827_explosion-polleria-oriente.png?fit=880%2C512&ssl=1","jetpack_sharing_enabled":true,"jetpack_shortlink":"https:\/\/wp.me\/p8qtrQ-6BD","jetpack-related-posts":[{"id":26210,"url":"https:\/\/larevistadigital.com.ar\/blog\/coronel-dorrego-otro-camionero-atacado-por-eludir-el-piquete\/","url_meta":{"origin":25397,"position":0},"title":"CORONEL DORREGO: OTRO CAMIONERO ATACADO POR ELUDIR EL PIQUETE.","author":"Alejandro Sosa Ruda","date":"30 junio, 2022","format":false,"excerpt":"Mientras la justicia resuelve la causa por el camionero asesinado sobre la Ruta Provincial 65, a la altura de Daireaux, manifestantes del ret\u00e9n que se encuentra en el cruce de las rutas N\u00b03 y N\u00b0 72, a la altura de Coronel Dorrego, atacaron con neum\u00e1ticos a otro transportista cuando quiso\u2026","rel":"","context":"En \u00abINTERES GENERAL\u00bb","block_context":{"text":"INTERES GENERAL","link":"https:\/\/larevistadigital.com.ar\/blog\/category\/interes-general\/"},"img":{"alt_text":"","src":"https:\/\/i0.wp.com\/larevistadigital.com.ar\/blog\/wp-content\/uploads\/20220630172420_camionataque-dorrego.jpg?fit=880%2C512&ssl=1&resize=350%2C200","width":350,"height":200,"srcset":"https:\/\/i0.wp.com\/larevistadigital.com.ar\/blog\/wp-content\/uploads\/20220630172420_camionataque-dorrego.jpg?fit=880%2C512&ssl=1&resize=350%2C200 1x, https:\/\/i0.wp.com\/larevistadigital.com.ar\/blog\/wp-content\/uploads\/20220630172420_camionataque-dorrego.jpg?fit=880%2C512&ssl=1&resize=525%2C300 1.5x, https:\/\/i0.wp.com\/larevistadigital.com.ar\/blog\/wp-content\/uploads\/20220630172420_camionataque-dorrego.jpg?fit=880%2C512&ssl=1&resize=700%2C400 2x"},"classes":[]},{"id":23549,"url":"https:\/\/larevistadigital.com.ar\/blog\/miedo-y-preocupacion-por-un-puma-que-fue-visto-en-el-centro-de-coronel-dorrego\/","url_meta":{"origin":25397,"position":1},"title":"MIEDO Y PREOCUPACI\u00d3N POR UN PUMA QUE FUE VISTO EN EL CENTRO DE CORONEL DORREGO","author":"Alejandro Sosa Ruda","date":"25 enero, 2022","format":false,"excerpt":"El felino, de gran porte, fue observado por vecinos en momentos en que se trasladaban a bordo de un veh\u00edculo. \"Probablemente el animal que fue observado en la localidad ya se encuentre en alg\u00fan sector rural a pocos kil\u00f3metros del casco c\u00e9ntrico\", explicaron intentando llevar tranquilidad a los vecinos. CORONEL\u2026","rel":"","context":"En \u00abINTERES GENERAL\u00bb","block_context":{"text":"INTERES GENERAL","link":"https:\/\/larevistadigital.com.ar\/blog\/category\/interes-general\/"},"img":{"alt_text":"","src":"https:\/\/i0.wp.com\/larevistadigital.com.ar\/blog\/wp-content\/uploads\/20220124174109_puma.jpg?fit=880%2C512&ssl=1&resize=350%2C200","width":350,"height":200,"srcset":"https:\/\/i0.wp.com\/larevistadigital.com.ar\/blog\/wp-content\/uploads\/20220124174109_puma.jpg?fit=880%2C512&ssl=1&resize=350%2C200 1x, https:\/\/i0.wp.com\/larevistadigital.com.ar\/blog\/wp-content\/uploads\/20220124174109_puma.jpg?fit=880%2C512&ssl=1&resize=525%2C300 1.5x, https:\/\/i0.wp.com\/larevistadigital.com.ar\/blog\/wp-content\/uploads\/20220124174109_puma.jpg?fit=880%2C512&ssl=1&resize=700%2C400 2x"},"classes":[]},{"id":36396,"url":"https:\/\/larevistadigital.com.ar\/blog\/impactante-vuelco-de-un-camion-en-la-ruta\/","url_meta":{"origin":25397,"position":2},"title":"IMPACTANTE VUELCO DE UN CAMI\u00d3N EN LA RUTA","author":"Alejandro Sosa Ruda","date":"21 junio, 2024","format":false,"excerpt":"Sucedi\u00f3 hoy, y fue realmente violento. Transportaba cebollas hacia Mar del Plata. 21 de Junio de 2024 BUENOS AIRES -\u00a0 El accidente, ocurri\u00f3 en el kil\u00f3metro 632 de la ruta 3, jurisdicci\u00f3n de Coronel Dorrego, se produjo el vuelco de un cami\u00f3n que transportaba cebollas desde Mayor Buratovich con destino\u2026","rel":"","context":"En \u00abPOLICIALES\u00bb","block_context":{"text":"POLICIALES","link":"https:\/\/larevistadigital.com.ar\/blog\/category\/policiales\/"},"img":{"alt_text":"","src":"https:\/\/i0.wp.com\/larevistadigital.com.ar\/blog\/wp-content\/uploads\/448802050_885210823644051_4827700571129504572_n.jpg?fit=1200%2C900&ssl=1&resize=350%2C200","width":350,"height":200,"srcset":"https:\/\/i0.wp.com\/larevistadigital.com.ar\/blog\/wp-content\/uploads\/448802050_885210823644051_4827700571129504572_n.jpg?fit=1200%2C900&ssl=1&resize=350%2C200 1x, https:\/\/i0.wp.com\/larevistadigital.com.ar\/blog\/wp-content\/uploads\/448802050_885210823644051_4827700571129504572_n.jpg?fit=1200%2C900&ssl=1&resize=525%2C300 1.5x, https:\/\/i0.wp.com\/larevistadigital.com.ar\/blog\/wp-content\/uploads\/448802050_885210823644051_4827700571129504572_n.jpg?fit=1200%2C900&ssl=1&resize=700%2C400 2x, https:\/\/i0.wp.com\/larevistadigital.com.ar\/blog\/wp-content\/uploads\/448802050_885210823644051_4827700571129504572_n.jpg?fit=1200%2C900&ssl=1&resize=1050%2C600 3x"},"classes":[]},{"id":11941,"url":"https:\/\/larevistadigital.com.ar\/blog\/identificaron-a-una-mujer-que-fue-hallada-muerta-en-la-playa\/","url_meta":{"origin":25397,"position":3},"title":"IDENTIFICARON A UNA MUJER QUE FUE HALLADA MUERTA EN LA PLAYA","author":"Alejandro Sosa Ruda","date":"20 agosto, 2019","format":false,"excerpt":"Se trata de Silvia Beatriz Garc\u00eda, de 52 a\u00f1os, quien viv\u00eda en el barrio Coronel Dorrego. La v\u00edctima hab\u00eda dejado una carta para despedirse de su familia, por lo que la principal hip\u00f3tesis es que se trat\u00f3 de un suicidio. La mujer que fue hallada muerta\u00a0en la playa Bah\u00eda Bonita\u2026","rel":"","context":"En \u00abINTERES GENERAL\u00bb","block_context":{"text":"INTERES GENERAL","link":"https:\/\/larevistadigital.com.ar\/blog\/category\/interes-general\/"},"img":{"alt_text":"","src":"https:\/\/i0.wp.com\/larevistadigital.com.ar\/blog\/wp-content\/uploads\/Screenshot_1-39.jpg?fit=1010%2C469&ssl=1&resize=350%2C200","width":350,"height":200,"srcset":"https:\/\/i0.wp.com\/larevistadigital.com.ar\/blog\/wp-content\/uploads\/Screenshot_1-39.jpg?fit=1010%2C469&ssl=1&resize=350%2C200 1x, https:\/\/i0.wp.com\/larevistadigital.com.ar\/blog\/wp-content\/uploads\/Screenshot_1-39.jpg?fit=1010%2C469&ssl=1&resize=525%2C300 1.5x, https:\/\/i0.wp.com\/larevistadigital.com.ar\/blog\/wp-content\/uploads\/Screenshot_1-39.jpg?fit=1010%2C469&ssl=1&resize=700%2C400 2x"},"classes":[]},{"id":29087,"url":"https:\/\/larevistadigital.com.ar\/blog\/maschwitz-explosion-en-supermercado-una-mujer-esta-grave\/","url_meta":{"origin":25397,"position":4},"title":"MASCHWITZ: EXPLOSI\u00d3N EN SUPERMERCADO. UNA MUJER EST\u00c1 GRAVE.","author":"Alejandro Sosa Ruda","date":"26 noviembre, 2022","format":false,"excerpt":"El hecho ocurri\u00f3 sobre la ruta 26, camino a Dique Luj\u00e1n, por una fuga de gas. La v\u00edctima es de nacionalidad china y fue llevada en estado cr\u00edtico al hospital Erill, con quemaduras en casi todo su cuerpo. 26 de noviembre de 2022 ING. MASCHWITZ -\u00a0 Una explosi\u00f3n provocada por\u2026","rel":"","context":"En \u00abPOLICIALES\u00bb","block_context":{"text":"POLICIALES","link":"https:\/\/larevistadigital.com.ar\/blog\/category\/policiales\/"},"img":{"alt_text":"","src":"https:\/\/i0.wp.com\/larevistadigital.com.ar\/blog\/wp-content\/uploads\/20221125191257_super.jpg?fit=880%2C512&ssl=1&resize=350%2C200","width":350,"height":200,"srcset":"https:\/\/i0.wp.com\/larevistadigital.com.ar\/blog\/wp-content\/uploads\/20221125191257_super.jpg?fit=880%2C512&ssl=1&resize=350%2C200 1x, https:\/\/i0.wp.com\/larevistadigital.com.ar\/blog\/wp-content\/uploads\/20221125191257_super.jpg?fit=880%2C512&ssl=1&resize=525%2C300 1.5x, https:\/\/i0.wp.com\/larevistadigital.com.ar\/blog\/wp-content\/uploads\/20221125191257_super.jpg?fit=880%2C512&ssl=1&resize=700%2C400 2x"},"classes":[]},{"id":34483,"url":"https:\/\/larevistadigital.com.ar\/blog\/ruta-3-incendio-de-un-camion-que-provoco-una-fuerte-explosion-que-afecto-a-un-micro\/","url_meta":{"origin":25397,"position":5},"title":"RUTA 3: INCENDIO DE UN CAMI\u00d3N QUE PROVOC\u00d3 UNA FUERTE EXPLOSI\u00d3N QUE AFECT\u00d3 A UN MICRO","author":"Alejandro Sosa Ruda","date":"10 noviembre, 2023","format":false,"excerpt":"El micro sufri\u00f3 la rotura de cuatro ventanales. Afortunadamente, no se reportaron heridos entre los pasajeros del micro, que se hab\u00eda salido de la ciudad de Azul y se dirig\u00eda a La Plata. 10 de Noviembre de 2023 LAS FLORES -\u00a0 En la ma\u00f1ana de este jueves aproximadamente a las\u2026","rel":"","context":"En \u00abPOLICIALES\u00bb","block_context":{"text":"POLICIALES","link":"https:\/\/larevistadigital.com.ar\/blog\/category\/policiales\/"},"img":{"alt_text":"","src":"https:\/\/i0.wp.com\/larevistadigital.com.ar\/blog\/wp-content\/uploads\/20231109180711_camion.jpg?fit=880%2C512&ssl=1&resize=350%2C200","width":350,"height":200,"srcset":"https:\/\/i0.wp.com\/larevistadigital.com.ar\/blog\/wp-content\/uploads\/20231109180711_camion.jpg?fit=880%2C512&ssl=1&resize=350%2C200 1x, https:\/\/i0.wp.com\/larevistadigital.com.ar\/blog\/wp-content\/uploads\/20231109180711_camion.jpg?fit=880%2C512&ssl=1&resize=525%2C300 1.5x, https:\/\/i0.wp.com\/larevistadigital.com.ar\/blog\/wp-content\/uploads\/20231109180711_camion.jpg?fit=880%2C512&ssl=1&resize=700%2C400 2x"},"classes":[]}],"_links":{"self":[{"href":"https:\/\/larevistadigital.com.ar\/blog\/wp-json\/wp\/v2\/posts\/25397","targetHints":{"allow":["GET"]}}],"collection":[{"href":"https:\/\/larevistadigital.com.ar\/blog\/wp-json\/wp\/v2\/posts"}],"about":[{"href":"https:\/\/larevistadigital.com.ar\/blog\/wp-json\/wp\/v2\/types\/post"}],"author":[{"embeddable":true,"href":"https:\/\/larevistadigital.com.ar\/blog\/wp-json\/wp\/v2\/users\/3"}],"replies":[{"embeddable":true,"href":"https:\/\/larevistadigital.com.ar\/blog\/wp-json\/wp\/v2\/comments?post=25397"}],"version-history":[{"count":2,"href":"https:\/\/larevistadigital.com.ar\/blog\/wp-json\/wp\/v2\/posts\/25397\/revisions"}],"predecessor-version":[{"id":25414,"href":"https:\/\/larevistadigital.com.ar\/blog\/wp-json\/wp\/v2\/posts\/25397\/revisions\/25414"}],"wp:featuredmedia":[{"embeddable":true,"href":"https:\/\/larevistadigital.com.ar\/blog\/wp-json\/wp\/v2\/media\/25398"}],"wp:attachment":[{"href":"https:\/\/larevistadigital.com.ar\/blog\/wp-json\/wp\/v2\/media?parent=25397"}],"wp:term":[{"taxonomy":"category","embeddable":true,"href":"https:\/\/larevistadigital.com.ar\/blog\/wp-json\/wp\/v2\/categories?post=25397"},{"taxonomy":"post_tag","embeddable":true,"href":"https:\/\/larevistadigital.com.ar\/blog\/wp-json\/wp\/v2\/tags?post=25397"}],"curies":[{"name":"wp","href":"https:\/\/api.w.org\/{rel}","templated":true}]}}