{"id":25404,"date":"2022-05-26T00:21:03","date_gmt":"2022-05-26T00:21:03","guid":{"rendered":"https:\/\/larevistadigital.com.ar\/blog\/?p=25404"},"modified":"2022-05-26T00:21:03","modified_gmt":"2022-05-26T00:21:03","slug":"comienzan-a-aplicar-dosis-de-resfuerzo-en-chicos-de-5-a-11-a","status":"publish","type":"post","link":"https:\/\/larevistadigital.com.ar\/blog\/comienzan-a-aplicar-dosis-de-resfuerzo-en-chicos-de-5-a-11-a\/","title":{"rendered":"COMIENZAN A APLICAR D\u00d3SIS DE RESFUERZO EN CHICOS DE 5 A 11 A"},"content":{"rendered":"<h2 class=\"fparrafo ctext fz18 lh25\">A partir de hoy se aplicar\u00e1n, de forma libre y federal, 120 d\u00edas despu\u00e9s de completado el esquema de vacunaci\u00f3n inicial. Lo acordaron ministros y ministras de Salud de todo el pa\u00eds en el COFESA.<\/h2>\n<p class=\"selectionShareable\">Tras el consenso establecido en el Consejo Federal de Salud, el Gobierno de la Provincia de Buenos Aires, a trav\u00e9s del Ministerio de Salud, inicia hoy la aplicaci\u00f3n de dosis de refuerzo COVID-19 en chicos y chicas de entre 5 a 11 a\u00f1os, y despu\u00e9s, de 120 d\u00edas de completado el esquema de vacunaci\u00f3n inicial.<\/p>\n<p class=\"selectionShareable\">Esta nueva etapa en la campa\u00f1a de vacunaci\u00f3n se considera al contar con suficiente informaci\u00f3n sobre la seguridad de estas vacunas en poblaci\u00f3n infantil y la llegada del fr\u00edo que trae el aumento de enfermedades respiratorias, por lo que se vuelve primordial reforzar los esquemas de vacunaci\u00f3n contra el COVID.<\/p>\n<blockquote>\n<h3 class=\"selectionShareable\">Es por esto que se acord\u00f3 la necesidad de avanzar con los refuerzos ya que la efectividad de los esquemas primarios disminuyen su efectividad con el tiempo, incluso en poblaci\u00f3n pedi\u00e1trica.<\/h3>\n<\/blockquote>\n<p class=\"selectionShareable\">Expertos y expertas remarcaron que la carga de enfermedad COVID-19 en ni\u00f1as y ni\u00f1os no es tan leve como se estimaba al comienzo. Esto fue constatado con la variante \u00d3micron, y existe evidencia de la posibilidad de casos con secuelas a largo plazo, incluso en cuadros iniciales leves.<\/p>\n<p class=\"selectionShareable\">Pod\u00e9s encontrar el vacunatorio m\u00e1s pr\u00f3ximo a tu domicilio en:\u00a0<a href=\"https:\/\/bit.ly\/3Nztgtz\">https:\/\/bit.ly\/3Nztgtz<\/a>\u00a0(<b>InfoGEI<\/b>)Jd<\/p>\n","protected":false},"excerpt":{"rendered":"<div class=\"mh-excerpt\"><p>A partir de hoy se aplicar\u00e1n, de forma libre y federal, 120 d\u00edas despu\u00e9s de completado el esquema de vacunaci\u00f3n inicial. Lo acordaron ministros y ministras de Salud de todo el pa\u00eds en el COFESA. <a class=\"mh-excerpt-more\" href=\"https:\/\/larevistadigital.com.ar\/blog\/comienzan-a-aplicar-dosis-de-resfuerzo-en-chicos-de-5-a-11-a\/\" title=\"COMIENZAN A APLICAR D\u00d3SIS DE RESFUERZO EN CHICOS DE 5 A 11 A\">[Leer M\u00e1s]<\/a><\/p>\n<\/div>","protected":false},"author":3,"featured_media":25406,"comment_status":"open","ping_status":"open","sticky":false,"template":"","format":"standard","meta":{"_jetpack_memberships_contains_paid_content":false,"footnotes":"","jetpack_publicize_message":"","jetpack_publicize_feature_enabled":true,"jetpack_social_post_already_shared":true,"jetpack_social_options":{"image_generator_settings":{"template":"highway","default_image_id":0,"font":"","enabled":false},"version":2}},"categories":[50],"tags":[],"class_list":{"0":"post-25404","1":"post","2":"type-post","3":"status-publish","4":"format-standard","5":"has-post-thumbnail","7":"category-interes-general"},"jetpack_publicize_connections":[],"jetpack_featured_media_url":"https:\/\/i0.wp.com\/larevistadigital.com.ar\/blog\/wp-content\/uploads\/20220525140006_vacunacion-refuerzo.jpg?fit=880%2C512&ssl=1","jetpack_sharing_enabled":true,"jetpack_shortlink":"https:\/\/wp.me\/p8qtrQ-6BK","jetpack-related-posts":[{"id":28035,"url":"https:\/\/larevistadigital.com.ar\/blog\/hoy-jornada-de-salud-vacunacion-y-salud-bucal-en-el-barrio-san-cayetano\/","url_meta":{"origin":25404,"position":0},"title":"HOY: JORNADA DE SALUD, VACUNACI\u00d3N Y SALUD BUCAL EN EL BARRIO SAN CAYETANO","author":"Alejandro Sosa Ruda","date":"23 septiembre, 2022","format":false,"excerpt":"CHASCOMUS -\u00a0 \u00a0Se realiza en el marco de un convenio entre el Ministerio de Salud y el Club Atl\u00e9tico Boca J\u00faniors, para realizar \"jornadas de salud\". Consiste en lo que es \"vacunaci\u00f3n Covid\" del nuevo calendario, y talleres de salud bucal, dirigido principalmente a los ni\u00f1os. En este caso, el\u2026","rel":"","context":"En \u00abSin categor\u00eda\u00bb","block_context":{"text":"Sin categor\u00eda","link":"https:\/\/larevistadigital.com.ar\/blog\/category\/sin-categoria\/"},"img":{"alt_text":"","src":"https:\/\/i0.wp.com\/larevistadigital.com.ar\/blog\/wp-content\/uploads\/WhatsApp-Image-2022-09-23-at-11.58.15.jpeg?fit=1200%2C900&ssl=1&resize=350%2C200","width":350,"height":200,"srcset":"https:\/\/i0.wp.com\/larevistadigital.com.ar\/blog\/wp-content\/uploads\/WhatsApp-Image-2022-09-23-at-11.58.15.jpeg?fit=1200%2C900&ssl=1&resize=350%2C200 1x, https:\/\/i0.wp.com\/larevistadigital.com.ar\/blog\/wp-content\/uploads\/WhatsApp-Image-2022-09-23-at-11.58.15.jpeg?fit=1200%2C900&ssl=1&resize=525%2C300 1.5x, https:\/\/i0.wp.com\/larevistadigital.com.ar\/blog\/wp-content\/uploads\/WhatsApp-Image-2022-09-23-at-11.58.15.jpeg?fit=1200%2C900&ssl=1&resize=700%2C400 2x, https:\/\/i0.wp.com\/larevistadigital.com.ar\/blog\/wp-content\/uploads\/WhatsApp-Image-2022-09-23-at-11.58.15.jpeg?fit=1200%2C900&ssl=1&resize=1050%2C600 3x"},"classes":[]},{"id":18462,"url":"https:\/\/larevistadigital.com.ar\/blog\/gral-paz-comienza-la-vacunacion-contra-el-covid-en-el-distrito\/","url_meta":{"origin":25404,"position":1},"title":"GRAL. PAZ: COMIENZA LA VACUNACI\u00d3N CONTRA EL COVID EN EL DISTRITO","author":"Alejandro Sosa Ruda","date":"4 enero, 2021","format":false,"excerpt":"Esta ma\u00f1ana, desde las 8:00 hs en el Centro de Jubilados y Pensionados, se aplicaron las primeras dosis de la vacuna contra el Covid-19, en el marco del plan de vacunaci\u00f3n m\u00e1s importante de la historia de la Rep\u00fablica Argentina. Inicialmente, los primeros en recibirla fueron el Director M\u00e9dico, Santiago\u2026","rel":"","context":"En \u00abRANCHOS\u00bb","block_context":{"text":"RANCHOS","link":"https:\/\/larevistadigital.com.ar\/blog\/category\/ranchos\/"},"img":{"alt_text":"","src":"https:\/\/i0.wp.com\/larevistadigital.com.ar\/blog\/wp-content\/uploads\/136149757_2616485201924419_6959147213029908619_n.jpg?fit=960%2C640&ssl=1&resize=350%2C200","width":350,"height":200,"srcset":"https:\/\/i0.wp.com\/larevistadigital.com.ar\/blog\/wp-content\/uploads\/136149757_2616485201924419_6959147213029908619_n.jpg?fit=960%2C640&ssl=1&resize=350%2C200 1x, https:\/\/i0.wp.com\/larevistadigital.com.ar\/blog\/wp-content\/uploads\/136149757_2616485201924419_6959147213029908619_n.jpg?fit=960%2C640&ssl=1&resize=525%2C300 1.5x, https:\/\/i0.wp.com\/larevistadigital.com.ar\/blog\/wp-content\/uploads\/136149757_2616485201924419_6959147213029908619_n.jpg?fit=960%2C640&ssl=1&resize=700%2C400 2x"},"classes":[]},{"id":23471,"url":"https:\/\/larevistadigital.com.ar\/blog\/chascomus-el-municipio-informa-la-nueva-modalidad-de-hisopados\/","url_meta":{"origin":25404,"position":2},"title":"CHASCOM\u00daS: EL MUNICIPIO INFORMA LA \u00abNUEVA MODALIDAD DE HISOPADOS\u00bb&#8230;","author":"Alejandro Sosa Ruda","date":"19 enero, 2022","format":false,"excerpt":"CHASCOM\u00daS -\u00a0 Luego de la pol\u00e9mica por la decisi\u00f3n del Municipio de no realizar testeos hasta nuevo aviso por \"falta de insumos\", desde el \u00e1rea de prensa nos env\u00edan un comunicado donde dan cuenta de lo que llaman la \"Nueva modalidad de Hisopados\", que a continuaci\u00f3n compartimos para su difusi\u00f3n.\u2026","rel":"","context":"En \u00abINTERES GENERAL\u00bb","block_context":{"text":"INTERES GENERAL","link":"https:\/\/larevistadigital.com.ar\/blog\/category\/interes-general\/"},"img":{"alt_text":"","src":"https:\/\/i0.wp.com\/larevistadigital.com.ar\/blog\/wp-content\/uploads\/WhatsApp-Image-2022-01-19-at-14.21.21.jpeg?fit=1200%2C1200&ssl=1&resize=350%2C200","width":350,"height":200,"srcset":"https:\/\/i0.wp.com\/larevistadigital.com.ar\/blog\/wp-content\/uploads\/WhatsApp-Image-2022-01-19-at-14.21.21.jpeg?fit=1200%2C1200&ssl=1&resize=350%2C200 1x, https:\/\/i0.wp.com\/larevistadigital.com.ar\/blog\/wp-content\/uploads\/WhatsApp-Image-2022-01-19-at-14.21.21.jpeg?fit=1200%2C1200&ssl=1&resize=525%2C300 1.5x, https:\/\/i0.wp.com\/larevistadigital.com.ar\/blog\/wp-content\/uploads\/WhatsApp-Image-2022-01-19-at-14.21.21.jpeg?fit=1200%2C1200&ssl=1&resize=700%2C400 2x, https:\/\/i0.wp.com\/larevistadigital.com.ar\/blog\/wp-content\/uploads\/WhatsApp-Image-2022-01-19-at-14.21.21.jpeg?fit=1200%2C1200&ssl=1&resize=1050%2C600 3x"},"classes":[]},{"id":21189,"url":"https:\/\/larevistadigital.com.ar\/blog\/gollan-aseguro-que-la-vacuna-contra-el-covid-deberia-ser-obligatoria-se-viene\/","url_meta":{"origin":25404,"position":3},"title":"GOLLAN ASEGUR\u00d3 QUE LA VACUNA CONTRA EL COVID DEBER\u00cdA SER OBLIGATORIA&#8230; \u00bfSE VIENE?","author":"Alejandro Sosa Ruda","date":"20 julio, 2021","format":false,"excerpt":"El ministro de Salud destac\u00f3 la cultura de la vacunaci\u00f3n en el pa\u00eds y consider\u00f3 las inoculaciones deber\u00edan formar parte del calendario obligatorio. El ministro de Salud de la provincia de Buenos Aires,\u00a0Daniel\u00a0Gollan, se pronunci\u00f3 acerca de la situaci\u00f3n epidemiol\u00f3gica y\u00a0afirm\u00f3 que \"la vacuna deber\u00eda ser obligatoria\". En esta l\u00ednea,\u2026","rel":"","context":"En \u00abPOLITICA PROVINCIAL\u00bb","block_context":{"text":"POLITICA PROVINCIAL","link":"https:\/\/larevistadigital.com.ar\/blog\/category\/politica\/politica-provincial\/"},"img":{"alt_text":"","src":"https:\/\/i0.wp.com\/larevistadigital.com.ar\/blog\/wp-content\/uploads\/daniel-gollan-ministro-de-salud-bonaerense-1058625.jpg?fit=1140%2C641&ssl=1&resize=350%2C200","width":350,"height":200,"srcset":"https:\/\/i0.wp.com\/larevistadigital.com.ar\/blog\/wp-content\/uploads\/daniel-gollan-ministro-de-salud-bonaerense-1058625.jpg?fit=1140%2C641&ssl=1&resize=350%2C200 1x, https:\/\/i0.wp.com\/larevistadigital.com.ar\/blog\/wp-content\/uploads\/daniel-gollan-ministro-de-salud-bonaerense-1058625.jpg?fit=1140%2C641&ssl=1&resize=525%2C300 1.5x, https:\/\/i0.wp.com\/larevistadigital.com.ar\/blog\/wp-content\/uploads\/daniel-gollan-ministro-de-salud-bonaerense-1058625.jpg?fit=1140%2C641&ssl=1&resize=700%2C400 2x, https:\/\/i0.wp.com\/larevistadigital.com.ar\/blog\/wp-content\/uploads\/daniel-gollan-ministro-de-salud-bonaerense-1058625.jpg?fit=1140%2C641&ssl=1&resize=1050%2C600 3x"},"classes":[]},{"id":22915,"url":"https:\/\/larevistadigital.com.ar\/blog\/habra-centros-de-vacunacion-libre-contra-el-covid-en-la-costa-bonaerense\/","url_meta":{"origin":25404,"position":4},"title":"HABR\u00c1 CENTROS DE VACUNACI\u00d3N LIBRE CONTRA EL COVID EN LA COSTA BONAERENSE","author":"Alejandro Sosa Ruda","date":"8 diciembre, 2021","format":false,"excerpt":"As\u00ed lo anunci\u00f3 el Gobierno bonaerense. Se habilitar\u00e1n a partir del 21 de diciembre. \"Si al turista le falta alguna de las vacunas, se podr\u00e1 vacunar la provincia Buenos Aires. El objetivo no es obstaculizar y por eso habr\u00e1 vacunaci\u00f3n itinerante\", seg\u00fan desde el Ministerio de Salud bonaerense. Desde el\u2026","rel":"","context":"En \u00abREGIONALES\u00bb","block_context":{"text":"REGIONALES","link":"https:\/\/larevistadigital.com.ar\/blog\/category\/regionales\/"},"img":{"alt_text":"","src":"https:\/\/i0.wp.com\/larevistadigital.com.ar\/blog\/wp-content\/uploads\/20211208161600_covid.jpg?fit=880%2C512&ssl=1&resize=350%2C200","width":350,"height":200,"srcset":"https:\/\/i0.wp.com\/larevistadigital.com.ar\/blog\/wp-content\/uploads\/20211208161600_covid.jpg?fit=880%2C512&ssl=1&resize=350%2C200 1x, https:\/\/i0.wp.com\/larevistadigital.com.ar\/blog\/wp-content\/uploads\/20211208161600_covid.jpg?fit=880%2C512&ssl=1&resize=525%2C300 1.5x, https:\/\/i0.wp.com\/larevistadigital.com.ar\/blog\/wp-content\/uploads\/20211208161600_covid.jpg?fit=880%2C512&ssl=1&resize=700%2C400 2x"},"classes":[]},{"id":33210,"url":"https:\/\/larevistadigital.com.ar\/blog\/mar-del-plata-aumentaron-los-casos-de-covid-y-las-autoridades-insisten-con-la-vacunacion\/","url_meta":{"origin":25404,"position":5},"title":"MAR DEL PLATA: AUMENTARON LOS CASOS DE COVID Y LAS AUTORIDADES INSISTEN CON LA VACUNACI\u00d3N","author":"Alejandro Sosa Ruda","date":"1 septiembre, 2023","format":false,"excerpt":"Desde Zona Sanitaria VIII confirmaron un aumento de contagios en las \u00faltimas semanas. Admiten que ha disminuido notablemente la cantidad de marplatenses que se van a vacunar. 1\u00b0 de septiembre de 2023 MAR DEL PLATA\u00a0 -\u00a0 A pesar de que la Organizaci\u00f3n Mundial de la Salud (OMS) levant\u00f3 en mayo\u2026","rel":"","context":"En \u00abREGIONALES\u00bb","block_context":{"text":"REGIONALES","link":"https:\/\/larevistadigital.com.ar\/blog\/category\/regionales\/"},"img":{"alt_text":"","src":"https:\/\/i0.wp.com\/larevistadigital.com.ar\/blog\/wp-content\/uploads\/casos-covid-12-22-1466171.jpg?fit=1200%2C675&ssl=1&resize=350%2C200","width":350,"height":200,"srcset":"https:\/\/i0.wp.com\/larevistadigital.com.ar\/blog\/wp-content\/uploads\/casos-covid-12-22-1466171.jpg?fit=1200%2C675&ssl=1&resize=350%2C200 1x, https:\/\/i0.wp.com\/larevistadigital.com.ar\/blog\/wp-content\/uploads\/casos-covid-12-22-1466171.jpg?fit=1200%2C675&ssl=1&resize=525%2C300 1.5x, https:\/\/i0.wp.com\/larevistadigital.com.ar\/blog\/wp-content\/uploads\/casos-covid-12-22-1466171.jpg?fit=1200%2C675&ssl=1&resize=700%2C400 2x, https:\/\/i0.wp.com\/larevistadigital.com.ar\/blog\/wp-content\/uploads\/casos-covid-12-22-1466171.jpg?fit=1200%2C675&ssl=1&resize=1050%2C600 3x"},"classes":[]}],"_links":{"self":[{"href":"https:\/\/larevistadigital.com.ar\/blog\/wp-json\/wp\/v2\/posts\/25404","targetHints":{"allow":["GET"]}}],"collection":[{"href":"https:\/\/larevistadigital.com.ar\/blog\/wp-json\/wp\/v2\/posts"}],"about":[{"href":"https:\/\/larevistadigital.com.ar\/blog\/wp-json\/wp\/v2\/types\/post"}],"author":[{"embeddable":true,"href":"https:\/\/larevistadigital.com.ar\/blog\/wp-json\/wp\/v2\/users\/3"}],"replies":[{"embeddable":true,"href":"https:\/\/larevistadigital.com.ar\/blog\/wp-json\/wp\/v2\/comments?post=25404"}],"version-history":[{"count":2,"href":"https:\/\/larevistadigital.com.ar\/blog\/wp-json\/wp\/v2\/posts\/25404\/revisions"}],"predecessor-version":[{"id":25407,"href":"https:\/\/larevistadigital.com.ar\/blog\/wp-json\/wp\/v2\/posts\/25404\/revisions\/25407"}],"wp:featuredmedia":[{"embeddable":true,"href":"https:\/\/larevistadigital.com.ar\/blog\/wp-json\/wp\/v2\/media\/25406"}],"wp:attachment":[{"href":"https:\/\/larevistadigital.com.ar\/blog\/wp-json\/wp\/v2\/media?parent=25404"}],"wp:term":[{"taxonomy":"category","embeddable":true,"href":"https:\/\/larevistadigital.com.ar\/blog\/wp-json\/wp\/v2\/categories?post=25404"},{"taxonomy":"post_tag","embeddable":true,"href":"https:\/\/larevistadigital.com.ar\/blog\/wp-json\/wp\/v2\/tags?post=25404"}],"curies":[{"name":"wp","href":"https:\/\/api.w.org\/{rel}","templated":true}]}}