{"id":25409,"date":"2022-05-26T12:38:09","date_gmt":"2022-05-26T12:38:09","guid":{"rendered":"https:\/\/larevistadigital.com.ar\/blog\/?p=25409"},"modified":"2022-05-26T12:38:09","modified_gmt":"2022-05-26T12:38:09","slug":"chascomus-tercer-procedimiento-importante-de-drogas-en-los-ultimos-tres-meses","status":"publish","type":"post","link":"https:\/\/larevistadigital.com.ar\/blog\/chascomus-tercer-procedimiento-importante-de-drogas-en-los-ultimos-tres-meses\/","title":{"rendered":"CHASCOM\u00daS: TERCER PROCEDIMIENTO IMPORTANTE DE DROGAS EN LOS \u00daLTIMOS TRES MESES"},"content":{"rendered":"<h2>Se logr\u00f3 resultado positivo, en distintos allanamientos y se detuvo una persona por comercializaci\u00f3n de estupefacientes, consiguiendo otro buen resultado en la materia.<\/h2>\n<p>La subdelegaci\u00f3n departamental de investigaciones del tr\u00e1fico de drogas il\u00edcitas de Chascom\u00fas, inform\u00f3 que se llevaron a cabo tres allanamientos por infracci\u00f3n a la ley 23.737.<\/p>\n<p>Tras haber tomado conocimiento sobre tres posibles lugares donde se estar\u00edan comercializando estupefacientes, se dio intervenci\u00f3n a la UFIJ 3, descentralizada de Chascom\u00fas a cargo del <strong>Dr. Jorge Larrarte<\/strong>, quien autoriz\u00f3 las correspondientes tareas investigativas, las cuales concluyeron en que, el Juzgado de Garant\u00edas Nro. 5 a cargo de <strong>S.Sa. Dr. Cristian Gasquet<\/strong> otorgara las correspondientes ordenes de allanamiento.<\/p>\n<blockquote>\n<h3>Las mismas, se realizaron el d\u00eda de ayer, 25\/5 por la tarde en un vivienda ubicada en la calle Grito de Dolores y Costa Rica y otras dos en el denominado barrio 30 de Mayo.<\/h3>\n<\/blockquote>\n<p>Para los allanamientos, se cont\u00f3 con apoyo de personal de la <strong>Estaci\u00f3n de Polic\u00eda Comunal Chascom\u00fas, Direcci\u00f3n de inteligencia Dolores, y la colaboraci\u00f3n de la municipalidad de Chascom\u00fas. <\/strong><\/p>\n<blockquote>\n<h3>Como consecuencia de ello se procedi\u00f3 al secuestro de varias bochitas de coca\u00edna fraccionadas para la venta en dos de los domicilios, marihuana en forma de cogollos, tel\u00e9fonos celulares y dinero en efectivo fruto de la comercializaci\u00f3n.<\/h3>\n<\/blockquote>\n<p>Consecuentemente se procedi\u00f3 a la <strong>aprehensi\u00f3n de una persona del sexo femenino mayor de edad<\/strong> en orden al delito de <strong>TENENCIA DE ESTUPEFACIENTES CON FINES DE COMERCIALIZACION<\/strong>, debiendo ser trasladada a sede tribunalicia el d\u00eda 26\/5 a primera audiencia, la mencionada persona, se encontraba gozando el beneficio de arresto domicilio con supervisi\u00f3n electr\u00f3nica desde enero del a\u00f1o 2021, en dicha ocasi\u00f3n tambi\u00e9n en orden al delito de tenencia de estupefacientes con fines de comercializaci\u00f3n.<\/p>\n<p>La Subdelegaci\u00f3n de Investigaciones del Tr\u00e1fico de Drogas Il\u00edcitas y Crimen Organizado Chascom\u00fas, con asiento en la calle Hip\u00f3lito Irigoyen 1209 inform\u00f3 que <em><strong>\u00abSe contin\u00faa con las tareas inherentes a su especializaci\u00f3n, y redobla los esfuerzos con la finalidad de desarticular toda expresi\u00f3n y actividad vinculada al narcotr\u00e1fico, desde la represi\u00f3n de la venta de estupefacientes como en \u00e9ste caso en particular, hasta los operativos callejeros tendientes desalentar el consumo de drogas en la v\u00eda p\u00fablica, atacando la \u201coferta\u201d, sin descuidar la tarea Preventiva, compartiendo informaci\u00f3n mediante reuniones frecuentes con la municipalidad a los efectos de disminuir la demanda en el consumo de drogas\u00bb.<\/strong><\/em><\/p>\n<p><img data-recalc-dims=\"1\" loading=\"lazy\" decoding=\"async\" class=\"alignnone  wp-image-25410\" src=\"https:\/\/i0.wp.com\/larevistadigital.com.ar\/blog\/wp-content\/uploads\/WhatsApp-Image-2022-05-26-at-8.02.24-AM-2.jpeg?resize=823%2C948&#038;ssl=1\" alt=\"\" width=\"823\" height=\"948\" srcset=\"https:\/\/i0.wp.com\/larevistadigital.com.ar\/blog\/wp-content\/uploads\/WhatsApp-Image-2022-05-26-at-8.02.24-AM-2.jpeg?w=750&amp;ssl=1 750w, https:\/\/i0.wp.com\/larevistadigital.com.ar\/blog\/wp-content\/uploads\/WhatsApp-Image-2022-05-26-at-8.02.24-AM-2.jpeg?resize=260%2C300&amp;ssl=1 260w\" sizes=\"auto, (max-width: 823px) 100vw, 823px\" \/><\/p>\n<p><img data-recalc-dims=\"1\" loading=\"lazy\" decoding=\"async\" class=\"alignnone size-full wp-image-25412\" src=\"https:\/\/i0.wp.com\/larevistadigital.com.ar\/blog\/wp-content\/uploads\/WhatsApp-Image-2022-05-26-at-8.02.24-AM.jpeg?resize=1600%2C1200&#038;ssl=1\" alt=\"\" width=\"1600\" height=\"1200\" srcset=\"https:\/\/i0.wp.com\/larevistadigital.com.ar\/blog\/wp-content\/uploads\/WhatsApp-Image-2022-05-26-at-8.02.24-AM.jpeg?w=1600&amp;ssl=1 1600w, https:\/\/i0.wp.com\/larevistadigital.com.ar\/blog\/wp-content\/uploads\/WhatsApp-Image-2022-05-26-at-8.02.24-AM.jpeg?resize=300%2C225&amp;ssl=1 300w, https:\/\/i0.wp.com\/larevistadigital.com.ar\/blog\/wp-content\/uploads\/WhatsApp-Image-2022-05-26-at-8.02.24-AM.jpeg?resize=1024%2C768&amp;ssl=1 1024w, https:\/\/i0.wp.com\/larevistadigital.com.ar\/blog\/wp-content\/uploads\/WhatsApp-Image-2022-05-26-at-8.02.24-AM.jpeg?resize=768%2C576&amp;ssl=1 768w, https:\/\/i0.wp.com\/larevistadigital.com.ar\/blog\/wp-content\/uploads\/WhatsApp-Image-2022-05-26-at-8.02.24-AM.jpeg?resize=1536%2C1152&amp;ssl=1 1536w, https:\/\/i0.wp.com\/larevistadigital.com.ar\/blog\/wp-content\/uploads\/WhatsApp-Image-2022-05-26-at-8.02.24-AM.jpeg?resize=678%2C509&amp;ssl=1 678w, https:\/\/i0.wp.com\/larevistadigital.com.ar\/blog\/wp-content\/uploads\/WhatsApp-Image-2022-05-26-at-8.02.24-AM.jpeg?resize=326%2C245&amp;ssl=1 326w, https:\/\/i0.wp.com\/larevistadigital.com.ar\/blog\/wp-content\/uploads\/WhatsApp-Image-2022-05-26-at-8.02.24-AM.jpeg?resize=80%2C60&amp;ssl=1 80w\" sizes=\"auto, (max-width: 1000px) 100vw, 1000px\" \/><\/p>\n","protected":false},"excerpt":{"rendered":"<div class=\"mh-excerpt\"><p>Se logr\u00f3 resultado positivo, en distintos allanamientos y se detuvo una persona por comercializaci\u00f3n de estupefacientes, consiguiendo otro buen resultado en la materia. La subdelegaci\u00f3n departamental de investigaciones del tr\u00e1fico de drogas il\u00edcitas de Chascom\u00fas, <a class=\"mh-excerpt-more\" href=\"https:\/\/larevistadigital.com.ar\/blog\/chascomus-tercer-procedimiento-importante-de-drogas-en-los-ultimos-tres-meses\/\" title=\"CHASCOM\u00daS: TERCER PROCEDIMIENTO IMPORTANTE DE DROGAS EN LOS \u00daLTIMOS TRES MESES\">[Leer M\u00e1s]<\/a><\/p>\n<\/div>","protected":false},"author":3,"featured_media":25411,"comment_status":"open","ping_status":"open","sticky":false,"template":"","format":"standard","meta":{"_jetpack_memberships_contains_paid_content":false,"footnotes":"","jetpack_publicize_message":"","jetpack_publicize_feature_enabled":true,"jetpack_social_post_already_shared":true,"jetpack_social_options":{"image_generator_settings":{"template":"highway","default_image_id":0,"font":"","enabled":false},"version":2}},"categories":[41,44],"tags":[],"class_list":{"0":"post-25409","1":"post","2":"type-post","3":"status-publish","4":"format-standard","5":"has-post-thumbnail","7":"category-destacadas","8":"category-policiales"},"jetpack_publicize_connections":[],"jetpack_featured_media_url":"https:\/\/i0.wp.com\/larevistadigital.com.ar\/blog\/wp-content\/uploads\/WhatsApp-Image-2022-05-26-at-8.02.24-AM-1.jpeg?fit=1600%2C1200&ssl=1","jetpack_sharing_enabled":true,"jetpack_shortlink":"https:\/\/wp.me\/p8qtrQ-6BP","jetpack-related-posts":[{"id":26403,"url":"https:\/\/larevistadigital.com.ar\/blog\/chascomus-tres-allanamientos-con-resultado-positivo-dos-aprehendidos-y-secuestro-de-marihuana-y-cocaina\/","url_meta":{"origin":25409,"position":0},"title":"CHASCOM\u00daS: TRES ALLANAMIENTOS CON RESULTADO POSITIVO, DOS APREHENDIDOS Y SECUESTRO DE MARIHUANA Y COCA\u00cdNA","author":"Alejandro Sosa Ruda","date":"7 julio, 2022","format":false,"excerpt":"CHASCOM\u00daS -\u00a0 Durante el d\u00eda de ayer, 6 de julio, se llevaron a cabo tres allanamientos por infracci\u00f3n a la ley 23.737 (estupefacientes), luego de que se tom\u00f3 conocimiento de que en tres lugares se estar\u00edan comercializando drogas. De esta manera se dio conocimiento a la UFI 3 a cargo\u2026","rel":"","context":"En \u00abDESTACADAS\u00bb","block_context":{"text":"DESTACADAS","link":"https:\/\/larevistadigital.com.ar\/blog\/category\/destacadas\/"},"img":{"alt_text":"","src":"https:\/\/i0.wp.com\/larevistadigital.com.ar\/blog\/wp-content\/uploads\/WhatsApp-Image-2022-07-06-at-11.11.42-PM-1.jpeg?fit=850%2C813&ssl=1&resize=350%2C200","width":350,"height":200,"srcset":"https:\/\/i0.wp.com\/larevistadigital.com.ar\/blog\/wp-content\/uploads\/WhatsApp-Image-2022-07-06-at-11.11.42-PM-1.jpeg?fit=850%2C813&ssl=1&resize=350%2C200 1x, https:\/\/i0.wp.com\/larevistadigital.com.ar\/blog\/wp-content\/uploads\/WhatsApp-Image-2022-07-06-at-11.11.42-PM-1.jpeg?fit=850%2C813&ssl=1&resize=525%2C300 1.5x, https:\/\/i0.wp.com\/larevistadigital.com.ar\/blog\/wp-content\/uploads\/WhatsApp-Image-2022-07-06-at-11.11.42-PM-1.jpeg?fit=850%2C813&ssl=1&resize=700%2C400 2x"},"classes":[]},{"id":44812,"url":"https:\/\/larevistadigital.com.ar\/blog\/allanamientos-por-venta-de-estupefacientes-en-chascomus-cinco-personas-detenidas-en-operativos-simultaneos\/","url_meta":{"origin":25409,"position":1},"title":"Allanamientos por venta de estupefacientes en Chascom\u00fas: cinco personas detenidas en operativos simult\u00e1neos","author":"Alejandro Sosa Ruda","date":"30 marzo, 2026","format":false,"excerpt":"Los procedimientos se realizaron en dos domicilios y permitieron secuestrar marihuana, coca\u00edna y una moto con pedido de captura. 30 de marzo de 2026 CHASCOM\u00daS -\u00a0 \u00a0La pasada semana se llevaron a cabo dos allanamientos en el marco de una causa por venta de estupefacientes impulsada por la Secretar\u00eda de\u2026","rel":"","context":"En \u00abINTERES GENERAL\u00bb","block_context":{"text":"INTERES GENERAL","link":"https:\/\/larevistadigital.com.ar\/blog\/category\/interes-general\/"},"img":{"alt_text":"","src":"https:\/\/i0.wp.com\/larevistadigital.com.ar\/blog\/wp-content\/uploads\/69cab7115be6f.png?fit=668%2C445&ssl=1&resize=350%2C200","width":350,"height":200,"srcset":"https:\/\/i0.wp.com\/larevistadigital.com.ar\/blog\/wp-content\/uploads\/69cab7115be6f.png?fit=668%2C445&ssl=1&resize=350%2C200 1x, https:\/\/i0.wp.com\/larevistadigital.com.ar\/blog\/wp-content\/uploads\/69cab7115be6f.png?fit=668%2C445&ssl=1&resize=525%2C300 1.5x"},"classes":[]},{"id":33046,"url":"https:\/\/larevistadigital.com.ar\/blog\/chascomus-allanan-y-aprehenden-a-un-hombre-y-su-hija-por-tenencia-y-comercializacion-de-estupefacientes\/","url_meta":{"origin":25409,"position":2},"title":"CHASCOM\u00daS:  ALLANAN Y APREHENDEN A UN HOMBRE Y SU HIJA POR TENENCIA Y COMERCIALIZACI\u00d3N DE ESTUPEFACIENTES","author":"Alejandro Sosa Ruda","date":"26 agosto, 2023","format":false,"excerpt":"En los allanamientos secuestraron coca\u00edna, tel\u00e9fonos y dinero. 26 de agosto de 2023 CHASCOM\u00daS -\u00a0 La Subdelegaci\u00f3n Departamental de Investigaciones del Tr\u00e1fico de Drogas Il\u00edcitas Chascom\u00fas, en la noche del jueves llev\u00f3 a cabo dos allanamientos por infracci\u00f3n a la ley de estupefacientes. El mismo se debi\u00f3 a que un\u2026","rel":"","context":"En \u00abINTERES GENERAL\u00bb","block_context":{"text":"INTERES GENERAL","link":"https:\/\/larevistadigital.com.ar\/blog\/category\/interes-general\/"},"img":{"alt_text":"","src":"https:\/\/i0.wp.com\/larevistadigital.com.ar\/blog\/wp-content\/uploads\/2019\/02\/esposado.jpg?fit=1024%2C768&ssl=1&resize=350%2C200","width":350,"height":200,"srcset":"https:\/\/i0.wp.com\/larevistadigital.com.ar\/blog\/wp-content\/uploads\/2019\/02\/esposado.jpg?fit=1024%2C768&ssl=1&resize=350%2C200 1x, https:\/\/i0.wp.com\/larevistadigital.com.ar\/blog\/wp-content\/uploads\/2019\/02\/esposado.jpg?fit=1024%2C768&ssl=1&resize=525%2C300 1.5x, https:\/\/i0.wp.com\/larevistadigital.com.ar\/blog\/wp-content\/uploads\/2019\/02\/esposado.jpg?fit=1024%2C768&ssl=1&resize=700%2C400 2x"},"classes":[]},{"id":37787,"url":"https:\/\/larevistadigital.com.ar\/blog\/chascomus-detienen-a-un-sujeto-que-comercializaba-cocaina-en-el-barrio-30-de-mayo\/","url_meta":{"origin":25409,"position":3},"title":"Chascom\u00fas: Detienen a un sujeto que comercializaba coca\u00edna en el Barrio 30 de Mayo","author":"Alejandro Sosa Ruda","date":"7 noviembre, 2024","format":false,"excerpt":"Todo se inici\u00f3 con un llamado al Call Center del 911, y se logr\u00f3 dar con el sujeto y aprehenderlo luego de allanamientos con resultado positivo. 7 de Noviembre de 2024 CHASCOM\u00daS\u00a0 -\u00a0 \u00a0A ra\u00edz de una denuncia an\u00f3nima realizada al 911, personal de la subdelegaci\u00f3n de investigaciones del Tr\u00e1fico\u2026","rel":"","context":"En \u00abDESTACADAS\u00bb","block_context":{"text":"DESTACADAS","link":"https:\/\/larevistadigital.com.ar\/blog\/category\/destacadas\/"},"img":{"alt_text":"","src":"https:\/\/i0.wp.com\/larevistadigital.com.ar\/blog\/wp-content\/uploads\/WhatsApp-Image-2024-11-07-at-12.28.46.jpeg?fit=910%2C1200&ssl=1&resize=350%2C200","width":350,"height":200,"srcset":"https:\/\/i0.wp.com\/larevistadigital.com.ar\/blog\/wp-content\/uploads\/WhatsApp-Image-2024-11-07-at-12.28.46.jpeg?fit=910%2C1200&ssl=1&resize=350%2C200 1x, https:\/\/i0.wp.com\/larevistadigital.com.ar\/blog\/wp-content\/uploads\/WhatsApp-Image-2024-11-07-at-12.28.46.jpeg?fit=910%2C1200&ssl=1&resize=525%2C300 1.5x, https:\/\/i0.wp.com\/larevistadigital.com.ar\/blog\/wp-content\/uploads\/WhatsApp-Image-2024-11-07-at-12.28.46.jpeg?fit=910%2C1200&ssl=1&resize=700%2C400 2x"},"classes":[]},{"id":34549,"url":"https:\/\/larevistadigital.com.ar\/blog\/chascomus-desarticulan-un-kiosco-que-se-dedicaba-a-la-venta-de-drogas-al-menudeo\/","url_meta":{"origin":25409,"position":4},"title":"CHASCOM\u00daS: DESARTICULAN UN KIOSCO QUE SE DEDICABA A LA VENTA DE DROGAS AL \u00abMENUDEO\u00bb","author":"Alejandro Sosa Ruda","date":"16 noviembre, 2023","format":false,"excerpt":"Fue un trabajo de la Sub Delegaci\u00f3n Chascom\u00fas del tr\u00e1fico de Drogas Il\u00edcitas. Colabor\u00f3 Inspecci\u00f3n Municipal de Chascom\u00fas. 16 de Noviembre de 2023 CHASCOM\u00daS -\u00a0\u00a0El grupo de hombres, a cargo del comisario Abel De La Cruz,\u00a0consigui\u00f3 desarticular una organizaci\u00f3n criminal que utilizaba un comercio del rubro kiosco como fachada para\u2026","rel":"","context":"En \u00abDESTACADAS\u00bb","block_context":{"text":"DESTACADAS","link":"https:\/\/larevistadigital.com.ar\/blog\/category\/destacadas\/"},"img":{"alt_text":"","src":"https:\/\/i0.wp.com\/larevistadigital.com.ar\/blog\/wp-content\/uploads\/Policia-Local-Dolores-678x381.jpg?fit=678%2C381&ssl=1&resize=350%2C200","width":350,"height":200,"srcset":"https:\/\/i0.wp.com\/larevistadigital.com.ar\/blog\/wp-content\/uploads\/Policia-Local-Dolores-678x381.jpg?fit=678%2C381&ssl=1&resize=350%2C200 1x, https:\/\/i0.wp.com\/larevistadigital.com.ar\/blog\/wp-content\/uploads\/Policia-Local-Dolores-678x381.jpg?fit=678%2C381&ssl=1&resize=525%2C300 1.5x"},"classes":[]},{"id":39046,"url":"https:\/\/larevistadigital.com.ar\/blog\/allanamientos-en-pila-desarticulan-una-red-de-venta-de-marihuana\/","url_meta":{"origin":25409,"position":5},"title":"Allanamientos en Pila: desarticulan una red de venta de marihuana","author":"Alejandro Sosa Ruda","date":"16 marzo, 2025","format":false,"excerpt":"Se investig\u00f3 en Chascom\u00fas, y se lleg\u00f3 a la ciudad de Pila. 16 de Marzo de 2025 PILA -\u00a0 En un importante operativo antidrogas, efectivos de la Subdelegaci\u00f3n de Drogas Il\u00edcitas de Chascom\u00fas llevaron a cabo tres allanamientos simult\u00e1neos en la ciudad de Pila, en el marco de una investigaci\u00f3n\u2026","rel":"","context":"En \u00abINTERES GENERAL\u00bb","block_context":{"text":"INTERES GENERAL","link":"https:\/\/larevistadigital.com.ar\/blog\/category\/interes-general\/"},"img":{"alt_text":"","src":"https:\/\/i0.wp.com\/larevistadigital.com.ar\/blog\/wp-content\/uploads\/6c7c0997641286160d140cb73c28243fdeac6631.jpg?fit=1140%2C641&ssl=1&resize=350%2C200","width":350,"height":200,"srcset":"https:\/\/i0.wp.com\/larevistadigital.com.ar\/blog\/wp-content\/uploads\/6c7c0997641286160d140cb73c28243fdeac6631.jpg?fit=1140%2C641&ssl=1&resize=350%2C200 1x, https:\/\/i0.wp.com\/larevistadigital.com.ar\/blog\/wp-content\/uploads\/6c7c0997641286160d140cb73c28243fdeac6631.jpg?fit=1140%2C641&ssl=1&resize=525%2C300 1.5x, https:\/\/i0.wp.com\/larevistadigital.com.ar\/blog\/wp-content\/uploads\/6c7c0997641286160d140cb73c28243fdeac6631.jpg?fit=1140%2C641&ssl=1&resize=700%2C400 2x, https:\/\/i0.wp.com\/larevistadigital.com.ar\/blog\/wp-content\/uploads\/6c7c0997641286160d140cb73c28243fdeac6631.jpg?fit=1140%2C641&ssl=1&resize=1050%2C600 3x"},"classes":[]}],"_links":{"self":[{"href":"https:\/\/larevistadigital.com.ar\/blog\/wp-json\/wp\/v2\/posts\/25409","targetHints":{"allow":["GET"]}}],"collection":[{"href":"https:\/\/larevistadigital.com.ar\/blog\/wp-json\/wp\/v2\/posts"}],"about":[{"href":"https:\/\/larevistadigital.com.ar\/blog\/wp-json\/wp\/v2\/types\/post"}],"author":[{"embeddable":true,"href":"https:\/\/larevistadigital.com.ar\/blog\/wp-json\/wp\/v2\/users\/3"}],"replies":[{"embeddable":true,"href":"https:\/\/larevistadigital.com.ar\/blog\/wp-json\/wp\/v2\/comments?post=25409"}],"version-history":[{"count":1,"href":"https:\/\/larevistadigital.com.ar\/blog\/wp-json\/wp\/v2\/posts\/25409\/revisions"}],"predecessor-version":[{"id":25413,"href":"https:\/\/larevistadigital.com.ar\/blog\/wp-json\/wp\/v2\/posts\/25409\/revisions\/25413"}],"wp:featuredmedia":[{"embeddable":true,"href":"https:\/\/larevistadigital.com.ar\/blog\/wp-json\/wp\/v2\/media\/25411"}],"wp:attachment":[{"href":"https:\/\/larevistadigital.com.ar\/blog\/wp-json\/wp\/v2\/media?parent=25409"}],"wp:term":[{"taxonomy":"category","embeddable":true,"href":"https:\/\/larevistadigital.com.ar\/blog\/wp-json\/wp\/v2\/categories?post=25409"},{"taxonomy":"post_tag","embeddable":true,"href":"https:\/\/larevistadigital.com.ar\/blog\/wp-json\/wp\/v2\/tags?post=25409"}],"curies":[{"name":"wp","href":"https:\/\/api.w.org\/{rel}","templated":true}]}}