{"id":25415,"date":"2022-05-26T12:53:45","date_gmt":"2022-05-26T12:53:45","guid":{"rendered":"https:\/\/larevistadigital.com.ar\/blog\/?p=25415"},"modified":"2022-05-26T12:53:45","modified_gmt":"2022-05-26T12:53:45","slug":"dolores-fuerte-accidente-con-dos-heridos","status":"publish","type":"post","link":"https:\/\/larevistadigital.com.ar\/blog\/dolores-fuerte-accidente-con-dos-heridos\/","title":{"rendered":"DOLORES: FUERTE ACCIDENTE CON DOS HERIDOS"},"content":{"rendered":"<p><strong>DOLORES &#8211;\u00a0<\/strong> Un accidente de importancia, se produjo ayer<strong>\u00a0<\/strong>en la esquina de las calles Olabarr\u00eda y Chascom\u00fas de Dolores.<\/p>\n<p>Por cuestiones que se trataban\u00a0de establecer\u00a0<strong>chocaron una camioneta EcoSport y un autom\u00f3vil Peugeot.<\/strong>\u00a0Por el fuerte impacto el auto qued\u00f3 sobre la vereda a unos metros de donde se produjo el choque.<\/p>\n<blockquote>\n<h3>Afortunadamente nadie caminaba por esa zona en el momento del accidente, aunque<strong>\u00a0dos ocupantes sufrieron\u00a0algunos golpes\u00a0<\/strong>y debieron\u00a0ser trasladados\u00a0para su atenci\u00f3n m\u00e9dica.<\/h3>\n<\/blockquote>\n<p>Hay que agregar que, si bien en esa esquina hay sem\u00e1foros se encontraban en estado intermitente. Trabajaron en el lugar efectivos de Comisar\u00eda, personal de Polic\u00eda Cient\u00edfica y Guardia Urbana.<\/p>\n","protected":false},"excerpt":{"rendered":"<div class=\"mh-excerpt\"><p>DOLORES &#8211;\u00a0 Un accidente de importancia, se produjo ayer\u00a0en la esquina de las calles Olabarr\u00eda y Chascom\u00fas de Dolores. Por cuestiones que se trataban\u00a0de establecer\u00a0chocaron una camioneta EcoSport y un autom\u00f3vil Peugeot.\u00a0Por el fuerte impacto <a class=\"mh-excerpt-more\" href=\"https:\/\/larevistadigital.com.ar\/blog\/dolores-fuerte-accidente-con-dos-heridos\/\" title=\"DOLORES: FUERTE ACCIDENTE CON DOS HERIDOS\">[Leer M\u00e1s]<\/a><\/p>\n<\/div>","protected":false},"author":3,"featured_media":25416,"comment_status":"open","ping_status":"open","sticky":false,"template":"","format":"standard","meta":{"_jetpack_memberships_contains_paid_content":false,"footnotes":"","jetpack_publicize_message":"","jetpack_publicize_feature_enabled":true,"jetpack_social_post_already_shared":true,"jetpack_social_options":{"image_generator_settings":{"template":"highway","default_image_id":0,"font":"","enabled":false},"version":2}},"categories":[44,51],"tags":[],"class_list":{"0":"post-25415","1":"post","2":"type-post","3":"status-publish","4":"format-standard","5":"has-post-thumbnail","7":"category-policiales","8":"category-regionales"},"jetpack_publicize_connections":[],"jetpack_featured_media_url":"https:\/\/i0.wp.com\/larevistadigital.com.ar\/blog\/wp-content\/uploads\/accidente-dolores.jpg?fit=1140%2C716&ssl=1","jetpack_sharing_enabled":true,"jetpack_shortlink":"https:\/\/wp.me\/p8qtrQ-6BV","jetpack-related-posts":[{"id":11322,"url":"https:\/\/larevistadigital.com.ar\/blog\/dolores-violento-accidente-en-quadri-y-bucetich\/","url_meta":{"origin":25415,"position":0},"title":"DOLORES: VIOLENTO ACCIDENTE EN QUADRI Y BUCETICH","author":"Alejandro Sosa Ruda","date":"16 julio, 2019","format":false,"excerpt":"En la madrugada de ayer se produjo un fuerte accidente de tr\u00e1nsito en la ciudad. En esta oportunidad fue en la esquina de las calles Ing. Quadri y Vucetich; cuando por causas que se tratan de establecer chocaron un Peugeot 408 y una camioneta Ford Ranger. Afortunadamente y pese al\u2026","rel":"","context":"En \u00abREGIONALES\u00bb","block_context":{"text":"REGIONALES","link":"https:\/\/larevistadigital.com.ar\/blog\/category\/regionales\/"},"img":{"alt_text":"","src":"https:\/\/i0.wp.com\/larevistadigital.com.ar\/blog\/wp-content\/uploads\/Accidente1-Noticiero-Diario.jpg?fit=700%2C525&ssl=1&resize=350%2C200","width":350,"height":200,"srcset":"https:\/\/i0.wp.com\/larevistadigital.com.ar\/blog\/wp-content\/uploads\/Accidente1-Noticiero-Diario.jpg?fit=700%2C525&ssl=1&resize=350%2C200 1x, https:\/\/i0.wp.com\/larevistadigital.com.ar\/blog\/wp-content\/uploads\/Accidente1-Noticiero-Diario.jpg?fit=700%2C525&ssl=1&resize=525%2C300 1.5x, https:\/\/i0.wp.com\/larevistadigital.com.ar\/blog\/wp-content\/uploads\/Accidente1-Noticiero-Diario.jpg?fit=700%2C525&ssl=1&resize=700%2C400 2x"},"classes":[]},{"id":18257,"url":"https:\/\/larevistadigital.com.ar\/blog\/fuerte-choque-con-el-saldo-de-un-herido\/","url_meta":{"origin":25415,"position":1},"title":"FUERTE CHOQUE CON EL SALDO DE UN HERIDO","author":"Alejandro Sosa Ruda","date":"21 diciembre, 2020","format":false,"excerpt":"DOLORES - Ayer por la ma\u00f1ana se produjo un fuerte accidente de tr\u00e1nsito en la esquina de las calles Pellegrini y San Jos\u00e9 de Dolores. Por cuestiones que se tratan de establecer chocaron una camioneta Ford Ranger y una moto Honda Twister. Producto del impacto el joven que circulaba en\u2026","rel":"","context":"En \u00abDOLORES\u00bb","block_context":{"text":"DOLORES","link":"https:\/\/larevistadigital.com.ar\/blog\/category\/dolores\/"},"img":{"alt_text":"","src":"https:\/\/i0.wp.com\/larevistadigital.com.ar\/blog\/wp-content\/uploads\/8f6b2322d3f2235e0c157e420010539571c21760.jpg?fit=1140%2C825&ssl=1&resize=350%2C200","width":350,"height":200,"srcset":"https:\/\/i0.wp.com\/larevistadigital.com.ar\/blog\/wp-content\/uploads\/8f6b2322d3f2235e0c157e420010539571c21760.jpg?fit=1140%2C825&ssl=1&resize=350%2C200 1x, https:\/\/i0.wp.com\/larevistadigital.com.ar\/blog\/wp-content\/uploads\/8f6b2322d3f2235e0c157e420010539571c21760.jpg?fit=1140%2C825&ssl=1&resize=525%2C300 1.5x, https:\/\/i0.wp.com\/larevistadigital.com.ar\/blog\/wp-content\/uploads\/8f6b2322d3f2235e0c157e420010539571c21760.jpg?fit=1140%2C825&ssl=1&resize=700%2C400 2x, https:\/\/i0.wp.com\/larevistadigital.com.ar\/blog\/wp-content\/uploads\/8f6b2322d3f2235e0c157e420010539571c21760.jpg?fit=1140%2C825&ssl=1&resize=1050%2C600 3x"},"classes":[]},{"id":14362,"url":"https:\/\/larevistadigital.com.ar\/blog\/terrible-choque-en-cadena-en-la-ruta-2-hay-mas-de-diez-heridos\/","url_meta":{"origin":25415,"position":2},"title":"TERRIBLE CHOQUE EN CADENA EN LA RUTA 2: HAY M\u00c1S DE DIEZ HERIDOS","author":"Alejandro Sosa Ruda","date":"25 enero, 2020","format":false,"excerpt":"Pasado el mediod\u00eda se prdujo un fuerte accidente de tr\u00e1nsito en el kil\u00f3metro 205 de la Ruta 2, cerca de la ciudad de Dolores. Seg\u00fan se pudo saber fueron varios los veh\u00edculos que protagonizaron este choque en cadena. A ra\u00edz del accidente, doce personas debieron ser trasladadas al Hospital Municipal\u2026","rel":"","context":"En \u00abDESTACADAS\u00bb","block_context":{"text":"DESTACADAS","link":"https:\/\/larevistadigital.com.ar\/blog\/category\/destacadas\/"},"img":{"alt_text":"","src":"https:\/\/i0.wp.com\/larevistadigital.com.ar\/blog\/wp-content\/uploads\/choque-dolores-ruta-2-1140x570.jpg?fit=1140%2C570&ssl=1&resize=350%2C200","width":350,"height":200,"srcset":"https:\/\/i0.wp.com\/larevistadigital.com.ar\/blog\/wp-content\/uploads\/choque-dolores-ruta-2-1140x570.jpg?fit=1140%2C570&ssl=1&resize=350%2C200 1x, https:\/\/i0.wp.com\/larevistadigital.com.ar\/blog\/wp-content\/uploads\/choque-dolores-ruta-2-1140x570.jpg?fit=1140%2C570&ssl=1&resize=525%2C300 1.5x, https:\/\/i0.wp.com\/larevistadigital.com.ar\/blog\/wp-content\/uploads\/choque-dolores-ruta-2-1140x570.jpg?fit=1140%2C570&ssl=1&resize=700%2C400 2x, https:\/\/i0.wp.com\/larevistadigital.com.ar\/blog\/wp-content\/uploads\/choque-dolores-ruta-2-1140x570.jpg?fit=1140%2C570&ssl=1&resize=1050%2C600 3x"},"classes":[]},{"id":13985,"url":"https:\/\/larevistadigital.com.ar\/blog\/tres-heridos-tras-fuerte-accidente-en-la-ruta-63\/","url_meta":{"origin":25415,"position":3},"title":"TRES HERIDOS TRAS FUERTE ACCIDENTE EN LA RUTA 63","author":"Alejandro Sosa Ruda","date":"4 enero, 2020","format":false,"excerpt":"Seis autos protagonizaron un accidente de tr\u00e1nsito, ocurri\u00f3 en el kil\u00f3metro 29 de la Ruta 63, cerca de Esquina de Crotto. Debido al choque en cadena,\u00a0\u00a0tres personas debieron ser trasladadas al Hospital San Roque\u00a0de la ciudad de Dolores. El tr\u00e1nsito debi\u00f3 ser reducido y trabajaron en el lugar efectivos de\u2026","rel":"","context":"En \u00abREGIONALES\u00bb","block_context":{"text":"REGIONALES","link":"https:\/\/larevistadigital.com.ar\/blog\/category\/regionales\/"},"img":{"alt_text":"","src":"https:\/\/i0.wp.com\/larevistadigital.com.ar\/blog\/wp-content\/uploads\/f520143615082bd4a6e6194bdb9b13e3b6e62f1c.jpg?fit=1140%2C855&ssl=1&resize=350%2C200","width":350,"height":200,"srcset":"https:\/\/i0.wp.com\/larevistadigital.com.ar\/blog\/wp-content\/uploads\/f520143615082bd4a6e6194bdb9b13e3b6e62f1c.jpg?fit=1140%2C855&ssl=1&resize=350%2C200 1x, https:\/\/i0.wp.com\/larevistadigital.com.ar\/blog\/wp-content\/uploads\/f520143615082bd4a6e6194bdb9b13e3b6e62f1c.jpg?fit=1140%2C855&ssl=1&resize=525%2C300 1.5x, https:\/\/i0.wp.com\/larevistadigital.com.ar\/blog\/wp-content\/uploads\/f520143615082bd4a6e6194bdb9b13e3b6e62f1c.jpg?fit=1140%2C855&ssl=1&resize=700%2C400 2x, https:\/\/i0.wp.com\/larevistadigital.com.ar\/blog\/wp-content\/uploads\/f520143615082bd4a6e6194bdb9b13e3b6e62f1c.jpg?fit=1140%2C855&ssl=1&resize=1050%2C600 3x"},"classes":[]},{"id":27844,"url":"https:\/\/larevistadigital.com.ar\/blog\/violento-accidente-en-la-ruta-63-no-hubo-heridos\/","url_meta":{"origin":25415,"position":4},"title":"VIOLENTO ACCIDENTE EN LA RUTA 63. NO HUBO HERIDOS","author":"Alejandro Sosa Ruda","date":"19 septiembre, 2022","format":false,"excerpt":"Un dolorense conduc\u00eda el auto, y pudo salir por sus propios medios. 18 de septiembre de 2022 DOLORES -\u00a0 Un fuerte accidente de tr\u00e1nsito se produjo a la altura del kil\u00f3metro 1;5 de la Ruta 63 en jurisdicci\u00f3n de Dolores. Por cuestiones que se tratan de establecer, quien conduc\u00eda perdi\u00f3\u2026","rel":"","context":"En \u00abDOLORES\u00bb","block_context":{"text":"DOLORES","link":"https:\/\/larevistadigital.com.ar\/blog\/category\/dolores\/"},"img":{"alt_text":"","src":"https:\/\/i0.wp.com\/larevistadigital.com.ar\/blog\/wp-content\/uploads\/Diseno-sin-titulo-15.png?fit=1200%2C675&ssl=1&resize=350%2C200","width":350,"height":200,"srcset":"https:\/\/i0.wp.com\/larevistadigital.com.ar\/blog\/wp-content\/uploads\/Diseno-sin-titulo-15.png?fit=1200%2C675&ssl=1&resize=350%2C200 1x, https:\/\/i0.wp.com\/larevistadigital.com.ar\/blog\/wp-content\/uploads\/Diseno-sin-titulo-15.png?fit=1200%2C675&ssl=1&resize=525%2C300 1.5x, https:\/\/i0.wp.com\/larevistadigital.com.ar\/blog\/wp-content\/uploads\/Diseno-sin-titulo-15.png?fit=1200%2C675&ssl=1&resize=700%2C400 2x, https:\/\/i0.wp.com\/larevistadigital.com.ar\/blog\/wp-content\/uploads\/Diseno-sin-titulo-15.png?fit=1200%2C675&ssl=1&resize=1050%2C600 3x"},"classes":[]},{"id":25636,"url":"https:\/\/larevistadigital.com.ar\/blog\/dolores-despiste-y-vuelco-en-la-ruta-2\/","url_meta":{"origin":25415,"position":5},"title":"DOLORES: DESPISTE Y VUELCO EN LA RUTA 2","author":"Alejandro Sosa Ruda","date":"6 junio, 2022","format":false,"excerpt":"Afortunadamente no hubo que lamentar v\u00edctimas fatales. Durante la ma\u00f1ana de ayer, se produjo un fuerte accidente de tr\u00e1nsito sobre la Ruta 2, cerca del acceso a la ciudad de Dolores. Seg\u00fan se supo quien conduc\u00eda, habr\u00eda confundido el ingreso a Dolores y, al advertirlo, realiz\u00f3 una maniobra que gener\u00f3\u2026","rel":"","context":"En \u00abDOLORES\u00bb","block_context":{"text":"DOLORES","link":"https:\/\/larevistadigital.com.ar\/blog\/category\/dolores\/"},"img":{"alt_text":"","src":"https:\/\/i0.wp.com\/larevistadigital.com.ar\/blog\/wp-content\/uploads\/fff4c55b16c01be3bf5f60becedb21de763d0694.jpg?fit=1140%2C640&ssl=1&resize=350%2C200","width":350,"height":200,"srcset":"https:\/\/i0.wp.com\/larevistadigital.com.ar\/blog\/wp-content\/uploads\/fff4c55b16c01be3bf5f60becedb21de763d0694.jpg?fit=1140%2C640&ssl=1&resize=350%2C200 1x, https:\/\/i0.wp.com\/larevistadigital.com.ar\/blog\/wp-content\/uploads\/fff4c55b16c01be3bf5f60becedb21de763d0694.jpg?fit=1140%2C640&ssl=1&resize=525%2C300 1.5x, https:\/\/i0.wp.com\/larevistadigital.com.ar\/blog\/wp-content\/uploads\/fff4c55b16c01be3bf5f60becedb21de763d0694.jpg?fit=1140%2C640&ssl=1&resize=700%2C400 2x, https:\/\/i0.wp.com\/larevistadigital.com.ar\/blog\/wp-content\/uploads\/fff4c55b16c01be3bf5f60becedb21de763d0694.jpg?fit=1140%2C640&ssl=1&resize=1050%2C600 3x"},"classes":[]}],"_links":{"self":[{"href":"https:\/\/larevistadigital.com.ar\/blog\/wp-json\/wp\/v2\/posts\/25415","targetHints":{"allow":["GET"]}}],"collection":[{"href":"https:\/\/larevistadigital.com.ar\/blog\/wp-json\/wp\/v2\/posts"}],"about":[{"href":"https:\/\/larevistadigital.com.ar\/blog\/wp-json\/wp\/v2\/types\/post"}],"author":[{"embeddable":true,"href":"https:\/\/larevistadigital.com.ar\/blog\/wp-json\/wp\/v2\/users\/3"}],"replies":[{"embeddable":true,"href":"https:\/\/larevistadigital.com.ar\/blog\/wp-json\/wp\/v2\/comments?post=25415"}],"version-history":[{"count":1,"href":"https:\/\/larevistadigital.com.ar\/blog\/wp-json\/wp\/v2\/posts\/25415\/revisions"}],"predecessor-version":[{"id":25417,"href":"https:\/\/larevistadigital.com.ar\/blog\/wp-json\/wp\/v2\/posts\/25415\/revisions\/25417"}],"wp:featuredmedia":[{"embeddable":true,"href":"https:\/\/larevistadigital.com.ar\/blog\/wp-json\/wp\/v2\/media\/25416"}],"wp:attachment":[{"href":"https:\/\/larevistadigital.com.ar\/blog\/wp-json\/wp\/v2\/media?parent=25415"}],"wp:term":[{"taxonomy":"category","embeddable":true,"href":"https:\/\/larevistadigital.com.ar\/blog\/wp-json\/wp\/v2\/categories?post=25415"},{"taxonomy":"post_tag","embeddable":true,"href":"https:\/\/larevistadigital.com.ar\/blog\/wp-json\/wp\/v2\/tags?post=25415"}],"curies":[{"name":"wp","href":"https:\/\/api.w.org\/{rel}","templated":true}]}}