{"id":25418,"date":"2022-05-26T12:58:58","date_gmt":"2022-05-26T12:58:58","guid":{"rendered":"https:\/\/larevistadigital.com.ar\/blog\/?p=25418"},"modified":"2022-05-26T12:58:58","modified_gmt":"2022-05-26T12:58:58","slug":"dolor-en-la-plata-murio-un-nene-de-tres-anos-que-habia-caido-a-un-pozo-ciego","status":"publish","type":"post","link":"https:\/\/larevistadigital.com.ar\/blog\/dolor-en-la-plata-murio-un-nene-de-tres-anos-que-habia-caido-a-un-pozo-ciego\/","title":{"rendered":"DOLOR EN LA PLATA: MURI\u00d3 UN NENE DE TRES A\u00d1OS, QUE HAB\u00cdA CA\u00cdDO A UN POZO CIEGO"},"content":{"rendered":"<h2 class=\"nota__hero__summary\">El menor se encontraba grave desde el 16 de mayo, cuando ocurri\u00f3 el accidente en una vivienda de la localidad platense de \u00c1ngel Etcheverry.<\/h2>\n<p><strong>LA PLATA &#8211;\u00a0 <\/strong>Muri\u00f3 un nene de tres a\u00f1os que permaneci\u00f3 diez d\u00edas internado luego de caer a un pozo ciego, en la localidad de Echeverry.<\/p>\n<blockquote>\n<h3>El chiquito se encontraba en grave estado en el Hospital de Ni\u00f1os Sor Mar\u00eda Ludovica de la capital bonaerense, luego de haber ca\u00eddo a un pozo ciego de ocho metros de profundidad.<\/h3>\n<\/blockquote>\n<p>El tr\u00e1gico episodio ocurri\u00f3 el lunes \u200b16 de mayo, cuando el padre del chico advirti\u00f3 su ausencia y comenz\u00f3 a buscarlo.<\/p>\n<p>Minutos m\u00e1s tarde lo hall\u00f3 sumergido en un pozo ciego de la casa ubicada en 238 y 48, de la localidad del partido bonaerense de La Plata.<\/p>\n<blockquote>\n<h3>Seg\u00fan informaron fuentes policiales, fue el padre quien logr\u00f3 sacarlo del pozo, cuando el nene se encontraba en estado de inconsciencia.<\/h3>\n<\/blockquote>\n<p>Ante estas circunstancias, tras las primeras maniobras de reanimaci\u00f3n y dar aviso al 911, los polic\u00edas de la comisar\u00eda 15ta de La Plata trasladaron al peque\u00f1o al hospital de Romero, donde los profesionales lograron reanimarlo.<\/p>\n<p>Luego de estabilizarlo, los m\u00e9dicos dispusieron su derivaci\u00f3n al Hospital de Ni\u00f1os Sor Mar\u00eda Ludovica de la capital bonaerense, donde permaneci\u00f3 internado con un estado de salud reservado.<\/p>\n<blockquote>\n<h3>Lamentablemente, el cuadro del chiquito empeor\u00f3 en las \u00faltimas horas y falleci\u00f3. Se aguardan los resultados de la autopsia para determinar si muri\u00f3 por asfixia por sumersi\u00f3n.<\/h3>\n<\/blockquote>\n<p>En el hecho interviene la UFI N12 de La Plata, que lo calific\u00f3 como \u201clesiones por accidente\u201d y dispuso los primeros peritajes realizados en el lugar que determinaron que la excavaci\u00f3n no estaba cerrada de manera correcta, y s\u00f3lo estaba cubierta por maderas<\/p>\n<p>fuente entrel\u00edneas.info<\/p>\n","protected":false},"excerpt":{"rendered":"<div class=\"mh-excerpt\"><p>El menor se encontraba grave desde el 16 de mayo, cuando ocurri\u00f3 el accidente en una vivienda de la localidad platense de \u00c1ngel Etcheverry. LA PLATA &#8211;\u00a0 Muri\u00f3 un nene de tres a\u00f1os que permaneci\u00f3 <a class=\"mh-excerpt-more\" href=\"https:\/\/larevistadigital.com.ar\/blog\/dolor-en-la-plata-murio-un-nene-de-tres-anos-que-habia-caido-a-un-pozo-ciego\/\" title=\"DOLOR EN LA PLATA: MURI\u00d3 UN NENE DE TRES A\u00d1OS, QUE HAB\u00cdA CA\u00cdDO A UN POZO CIEGO\">[Leer M\u00e1s]<\/a><\/p>\n<\/div>","protected":false},"author":3,"featured_media":25419,"comment_status":"open","ping_status":"open","sticky":false,"template":"","format":"standard","meta":{"_jetpack_memberships_contains_paid_content":false,"footnotes":"","jetpack_publicize_message":"","jetpack_publicize_feature_enabled":true,"jetpack_social_post_already_shared":true,"jetpack_social_options":{"image_generator_settings":{"template":"highway","default_image_id":0,"font":"","enabled":false},"version":2}},"categories":[44,51],"tags":[],"class_list":{"0":"post-25418","1":"post","2":"type-post","3":"status-publish","4":"format-standard","5":"has-post-thumbnail","7":"category-policiales","8":"category-regionales"},"jetpack_publicize_connections":[],"jetpack_featured_media_url":"https:\/\/i0.wp.com\/larevistadigital.com.ar\/blog\/wp-content\/uploads\/45be67733f4dc2f54bcecb1866edd79de4e32b67.jpg?fit=1140%2C642&ssl=1","jetpack_sharing_enabled":true,"jetpack_shortlink":"https:\/\/wp.me\/p8qtrQ-6BY","jetpack-related-posts":[{"id":33337,"url":"https:\/\/larevistadigital.com.ar\/blog\/bahia-blanca-un-nene-de-3-anos-fue-rescatado-de-un-pozo-ciego\/","url_meta":{"origin":25418,"position":0},"title":"BAH\u00cdA BLANCA: UN NENE DE 3 A\u00d1OS FUE RESCATADO DE UN POZO CIEGO","author":"Alejandro Sosa Ruda","date":"7 septiembre, 2023","format":false,"excerpt":"Defensa Civil junto a personal policial procedi\u00f3 a llevar a cabo un rescate. El menor fue asistido por personal m\u00e9dico de una ambulancia del servicio de emergencias por traumatismos leves. 7 de Septiembre de 2023 BAH\u00cdA BLANCA -\u00a0 Un ni\u00f1o de tres a\u00f1os fue rescatado sano y salvo luego de\u2026","rel":"","context":"En \u00abPOLICIALES\u00bb","block_context":{"text":"POLICIALES","link":"https:\/\/larevistadigital.com.ar\/blog\/category\/policiales\/"},"img":{"alt_text":"","src":"https:\/\/i0.wp.com\/larevistadigital.com.ar\/blog\/wp-content\/uploads\/20230906161756_pozo.jpg?fit=880%2C512&ssl=1&resize=350%2C200","width":350,"height":200,"srcset":"https:\/\/i0.wp.com\/larevistadigital.com.ar\/blog\/wp-content\/uploads\/20230906161756_pozo.jpg?fit=880%2C512&ssl=1&resize=350%2C200 1x, https:\/\/i0.wp.com\/larevistadigital.com.ar\/blog\/wp-content\/uploads\/20230906161756_pozo.jpg?fit=880%2C512&ssl=1&resize=525%2C300 1.5x, https:\/\/i0.wp.com\/larevistadigital.com.ar\/blog\/wp-content\/uploads\/20230906161756_pozo.jpg?fit=880%2C512&ssl=1&resize=700%2C400 2x"},"classes":[]},{"id":34496,"url":"https:\/\/larevistadigital.com.ar\/blog\/un-nene-cayo-en-un-pozo-ciego-en-un-jardin-de-infantes-de-claypole\/","url_meta":{"origin":25418,"position":1},"title":"UN NENE CAY\u00d3 EN UN POZO CIEGO EN UN JARD\u00cdN DE INFANTES DE CLAYPOLE","author":"Alejandro Sosa Ruda","date":"10 noviembre, 2023","format":false,"excerpt":"Un nene de cinco a\u00f1os cay\u00f3 a un pozo ciego ubicado en el patio del Jard\u00edn de Infantes N\u00ba 916, de la localidad de Claypole. El menor, que tiene autismo, tuvo que ser rescatado por los bomberos. Lo ins\u00f3lito, es que el agujero estaba ubicado en el patio de juego\u2026","rel":"","context":"En \u00abINTERES GENERAL\u00bb","block_context":{"text":"INTERES GENERAL","link":"https:\/\/larevistadigital.com.ar\/blog\/category\/interes-general\/"},"img":{"alt_text":"","src":"https:\/\/i0.wp.com\/larevistadigital.com.ar\/blog\/wp-content\/uploads\/20231109140333_nene-cayo-a-unpozo-jardin-de-infantes.jpg?fit=880%2C512&ssl=1&resize=350%2C200","width":350,"height":200,"srcset":"https:\/\/i0.wp.com\/larevistadigital.com.ar\/blog\/wp-content\/uploads\/20231109140333_nene-cayo-a-unpozo-jardin-de-infantes.jpg?fit=880%2C512&ssl=1&resize=350%2C200 1x, https:\/\/i0.wp.com\/larevistadigital.com.ar\/blog\/wp-content\/uploads\/20231109140333_nene-cayo-a-unpozo-jardin-de-infantes.jpg?fit=880%2C512&ssl=1&resize=525%2C300 1.5x, https:\/\/i0.wp.com\/larevistadigital.com.ar\/blog\/wp-content\/uploads\/20231109140333_nene-cayo-a-unpozo-jardin-de-infantes.jpg?fit=880%2C512&ssl=1&resize=700%2C400 2x"},"classes":[]},{"id":30522,"url":"https:\/\/larevistadigital.com.ar\/blog\/olavarria-encuentran-muerta-dentro-de-un-pozo-ciego-a-la-joven-que-era-buscada-desde-el-sabado\/","url_meta":{"origin":25418,"position":2},"title":"OLAVARRIA: ENCUENTRAN MUERTA DENTRO DE UN POZO CIEGO A LA JOVEN QUE ERA BUSCADA DESDE EL S\u00c1BADO","author":"Alejandro Sosa Ruda","date":"10 marzo, 2023","format":false,"excerpt":"Una joven de 22 a\u00f1os que estaba desaparecida desde el s\u00e1bado \u00faltimo en el partido bonaerense de Olavarr\u00eda fue encontrada hoy muerta en el pozo ciego de un campo de ese distrito, y los investigadores creen que se trat\u00f3 de un femicidio, informaron fuentes de la investigaci\u00f3n. 10 de marzo\u2026","rel":"","context":"En \u00abPOLICIALES\u00bb","block_context":{"text":"POLICIALES","link":"https:\/\/larevistadigital.com.ar\/blog\/category\/policiales\/"},"img":{"alt_text":"","src":"https:\/\/i0.wp.com\/larevistadigital.com.ar\/blog\/wp-content\/uploads\/20230310095315_femicidio-olavarria.jpg?fit=880%2C512&ssl=1&resize=350%2C200","width":350,"height":200,"srcset":"https:\/\/i0.wp.com\/larevistadigital.com.ar\/blog\/wp-content\/uploads\/20230310095315_femicidio-olavarria.jpg?fit=880%2C512&ssl=1&resize=350%2C200 1x, https:\/\/i0.wp.com\/larevistadigital.com.ar\/blog\/wp-content\/uploads\/20230310095315_femicidio-olavarria.jpg?fit=880%2C512&ssl=1&resize=525%2C300 1.5x, https:\/\/i0.wp.com\/larevistadigital.com.ar\/blog\/wp-content\/uploads\/20230310095315_femicidio-olavarria.jpg?fit=880%2C512&ssl=1&resize=700%2C400 2x"},"classes":[]},{"id":24444,"url":"https:\/\/larevistadigital.com.ar\/blog\/cae-caballo-a-un-pozo-y-debio-ser-rescatado-por-los-bomberos-para-salvar-su-vida\/","url_meta":{"origin":25418,"position":3},"title":"CAE CABALLO A UN POZO Y DEBI\u00d3 SER RESCATADO POR LOS BOMBEROS PARA SALVAR SU VIDA","author":"Alejandro Sosa Ruda","date":"8 marzo, 2022","format":false,"excerpt":"Sucedi\u00f3 este martes en el barrio Hip\u00f3dromo. El animal tuvo que ser sedado para ser extra\u00eddo del lugar. Intenso trabajo de bomberos del Cuartel Monolito. MAR DEL PLATA -\u00a0 Un caballo\u00a0se\u00a0cay\u00f3\u00a0este martes dentro de un\u00a0pozo ciego\u00a0en\u00a0construcci\u00f3n lo que motiv\u00f3 un importante operativo por parte de personal de\u00a0bomberos, que tras varios\u2026","rel":"","context":"En \u00abCURIOSAS\u00bb","block_context":{"text":"CURIOSAS","link":"https:\/\/larevistadigital.com.ar\/blog\/category\/curiosas\/"},"img":{"alt_text":"","src":"https:\/\/i0.wp.com\/larevistadigital.com.ar\/blog\/wp-content\/uploads\/Captura-de-pantalla-2022-03-08-123308.jpg?fit=898%2C500&ssl=1&resize=350%2C200","width":350,"height":200,"srcset":"https:\/\/i0.wp.com\/larevistadigital.com.ar\/blog\/wp-content\/uploads\/Captura-de-pantalla-2022-03-08-123308.jpg?fit=898%2C500&ssl=1&resize=350%2C200 1x, https:\/\/i0.wp.com\/larevistadigital.com.ar\/blog\/wp-content\/uploads\/Captura-de-pantalla-2022-03-08-123308.jpg?fit=898%2C500&ssl=1&resize=525%2C300 1.5x, https:\/\/i0.wp.com\/larevistadigital.com.ar\/blog\/wp-content\/uploads\/Captura-de-pantalla-2022-03-08-123308.jpg?fit=898%2C500&ssl=1&resize=700%2C400 2x"},"classes":[]},{"id":34222,"url":"https:\/\/larevistadigital.com.ar\/blog\/trabajaba-en-un-pozo-se-desmorono-y-murio-sepultado\/","url_meta":{"origin":25418,"position":4},"title":"TRABAJABA EN UN POZO, SE DESMORON\u00d3 Y MURI\u00d3 SEPULTADO","author":"Alejandro Sosa Ruda","date":"26 octubre, 2023","format":false,"excerpt":"El accidente ocurri\u00f3 sobre la ruta 88, a pocos metros del Parque Industrial General Savio de Mar del Plata. La v\u00edctima qued\u00f3 tapada de tierra a tres metros de profundidad y, pese a que fue rescatada con signos vitales, falleci\u00f3 al ingresar al Higa. 25 de octubre de 2023 MAR\u2026","rel":"","context":"En \u00abREGIONALES\u00bb","block_context":{"text":"REGIONALES","link":"https:\/\/larevistadigital.com.ar\/blog\/category\/regionales\/"},"img":{"alt_text":"","src":"https:\/\/i0.wp.com\/larevistadigital.com.ar\/blog\/wp-content\/uploads\/20231025150020_perr.jpg?fit=880%2C512&ssl=1&resize=350%2C200","width":350,"height":200,"srcset":"https:\/\/i0.wp.com\/larevistadigital.com.ar\/blog\/wp-content\/uploads\/20231025150020_perr.jpg?fit=880%2C512&ssl=1&resize=350%2C200 1x, https:\/\/i0.wp.com\/larevistadigital.com.ar\/blog\/wp-content\/uploads\/20231025150020_perr.jpg?fit=880%2C512&ssl=1&resize=525%2C300 1.5x, https:\/\/i0.wp.com\/larevistadigital.com.ar\/blog\/wp-content\/uploads\/20231025150020_perr.jpg?fit=880%2C512&ssl=1&resize=700%2C400 2x"},"classes":[]},{"id":23522,"url":"https:\/\/larevistadigital.com.ar\/blog\/la-plata-nene-de-2-anos-murio-electrocutado\/","url_meta":{"origin":25418,"position":5},"title":"LA PLATA: NENE DE 2 A\u00d1OS MURI\u00d3 ELECTROCUTADO","author":"Alejandro Sosa Ruda","date":"22 enero, 2022","format":false,"excerpt":"En medio de la desesperaci\u00f3n, la criatura fue trasladada de urgencia a un centro de atenci\u00f3n primaria para reanimarlo pero no pudieron. LA PLATA -\u00a0 En las \u00faltimas horas se conoci\u00f3 que un nene de dos a\u00f1os de La Plata falleci\u00f3 luego de sufrir una descarga el\u00e9ctrica en su casa.\u2026","rel":"","context":"En \u00abREGIONALES\u00bb","block_context":{"text":"REGIONALES","link":"https:\/\/larevistadigital.com.ar\/blog\/category\/regionales\/"},"img":{"alt_text":"","src":"https:\/\/i0.wp.com\/larevistadigital.com.ar\/blog\/wp-content\/uploads\/image.png?fit=912%2C422&ssl=1&resize=350%2C200","width":350,"height":200,"srcset":"https:\/\/i0.wp.com\/larevistadigital.com.ar\/blog\/wp-content\/uploads\/image.png?fit=912%2C422&ssl=1&resize=350%2C200 1x, https:\/\/i0.wp.com\/larevistadigital.com.ar\/blog\/wp-content\/uploads\/image.png?fit=912%2C422&ssl=1&resize=525%2C300 1.5x, https:\/\/i0.wp.com\/larevistadigital.com.ar\/blog\/wp-content\/uploads\/image.png?fit=912%2C422&ssl=1&resize=700%2C400 2x"},"classes":[]}],"_links":{"self":[{"href":"https:\/\/larevistadigital.com.ar\/blog\/wp-json\/wp\/v2\/posts\/25418","targetHints":{"allow":["GET"]}}],"collection":[{"href":"https:\/\/larevistadigital.com.ar\/blog\/wp-json\/wp\/v2\/posts"}],"about":[{"href":"https:\/\/larevistadigital.com.ar\/blog\/wp-json\/wp\/v2\/types\/post"}],"author":[{"embeddable":true,"href":"https:\/\/larevistadigital.com.ar\/blog\/wp-json\/wp\/v2\/users\/3"}],"replies":[{"embeddable":true,"href":"https:\/\/larevistadigital.com.ar\/blog\/wp-json\/wp\/v2\/comments?post=25418"}],"version-history":[{"count":1,"href":"https:\/\/larevistadigital.com.ar\/blog\/wp-json\/wp\/v2\/posts\/25418\/revisions"}],"predecessor-version":[{"id":25420,"href":"https:\/\/larevistadigital.com.ar\/blog\/wp-json\/wp\/v2\/posts\/25418\/revisions\/25420"}],"wp:featuredmedia":[{"embeddable":true,"href":"https:\/\/larevistadigital.com.ar\/blog\/wp-json\/wp\/v2\/media\/25419"}],"wp:attachment":[{"href":"https:\/\/larevistadigital.com.ar\/blog\/wp-json\/wp\/v2\/media?parent=25418"}],"wp:term":[{"taxonomy":"category","embeddable":true,"href":"https:\/\/larevistadigital.com.ar\/blog\/wp-json\/wp\/v2\/categories?post=25418"},{"taxonomy":"post_tag","embeddable":true,"href":"https:\/\/larevistadigital.com.ar\/blog\/wp-json\/wp\/v2\/tags?post=25418"}],"curies":[{"name":"wp","href":"https:\/\/api.w.org\/{rel}","templated":true}]}}