{"id":2542,"date":"2017-06-27T00:39:15","date_gmt":"2017-06-27T00:39:15","guid":{"rendered":"https:\/\/larevistadigital.com.ar\/blog\/?p=2542"},"modified":"2017-06-27T00:40:11","modified_gmt":"2017-06-27T00:40:11","slug":"la-leyenda-continua-fernando-rampazzo-38-anos-y-un-nuevo-torneo-internacional-por-delante","status":"publish","type":"post","link":"https:\/\/larevistadigital.com.ar\/blog\/la-leyenda-continua-fernando-rampazzo-38-anos-y-un-nuevo-torneo-internacional-por-delante\/","title":{"rendered":"\u201cLA LEYENDA CONTIN\u00daA\u201d \u2026FERNANDO RAMPAZZO: 38 A\u00d1OS Y UN NUEVO TORNEO INTERNACIONAL POR DELANTE"},"content":{"rendered":"<h2>Para quienes lo venimos siguiendo hace tiempo, y lo conocemos en la intimidad, no es sorpresa que el exitoso abogado y destacado taekwondo\u00edsta<strong> Fernando<\/strong> <strong>Rampazzo<\/strong> se est\u00e9 preparando y tenga entre ojos una nueva competencia internacional que seguramente lo tendr\u00e1 como protagonista.<\/h2>\n<p>De fuerte personalidad y gran esp\u00edritu de sacrificio, <strong>Rampazzo<\/strong> aborda las artes marciales con la misma pasi\u00f3n que lo hace con su profesi\u00f3n. Realmente sin t\u00e9rminos medios y buscando alcanzar los m\u00e1s altos niveles en lo que emprende, de manera casi obsesiva y esforz\u00e1ndose hasta el l\u00edmite.<\/p>\n<p>Se podr\u00eda decir que vive su vida de esa manera, y no entiende otra f\u00f3rmula. Dedicaci\u00f3n, sacrificio, esfuerzo\u2026Lo que lo ha convertido en un destacado y exitoso profesional, tanto en la abogac\u00eda como en el deporte.<\/p>\n<blockquote>\n<h3><strong>Rampazzo<\/strong> viene compitiendo hace a\u00f1os, siempre con \u00e9xito y consiguiendo un logro tras otro, ganando varios t\u00edtulos internacionales, como por ejemplo el sub campeonato mundial logrado en Hungr\u00eda en 2016 lo que adem\u00e1s es un orgullo para Chascom\u00fas, ya que es un galard\u00f3n \u00fanico en la historia local.<\/h3>\n<\/blockquote>\n<p>Otro important\u00edsimo logro conseguido recientemente fue el lauro m\u00e1ximo del deporte de Chascom\u00fas: El Osborne de Oro, que precisamente distingue al deportista m\u00e1s destacado entre todos los premiados en distintas disciplinas. Algo que ten\u00eda largamente merecido.<\/p>\n<p>Hoy, se prepara para enfrentar un nuevo desaf\u00edo: competir en lucha representando a Chascom\u00fas y Argentina en el pr\u00f3ximo campeonato Sudamericano a disputarse en Per\u00fa del 1\u00b0 al 5 de septiembre de 2017.<\/p>\n<p><a href=\"https:\/\/i0.wp.com\/larevistadigital.com.ar\/blog\/wp-content\/uploads\/2017\/06\/WhatsApp-Image-2017-06-26-at-17.59.05.jpeg?ssl=1\"><img data-recalc-dims=\"1\" loading=\"lazy\" decoding=\"async\" class=\"size-full wp-image-2543 aligncenter\" src=\"https:\/\/i0.wp.com\/larevistadigital.com.ar\/blog\/wp-content\/uploads\/2017\/06\/WhatsApp-Image-2017-06-26-at-17.59.05.jpeg?resize=678%2C960&#038;ssl=1\" alt=\"\" width=\"678\" height=\"960\" srcset=\"https:\/\/i0.wp.com\/larevistadigital.com.ar\/blog\/wp-content\/uploads\/2017\/06\/WhatsApp-Image-2017-06-26-at-17.59.05.jpeg?w=678&amp;ssl=1 678w, https:\/\/i0.wp.com\/larevistadigital.com.ar\/blog\/wp-content\/uploads\/2017\/06\/WhatsApp-Image-2017-06-26-at-17.59.05.jpeg?resize=212%2C300&amp;ssl=1 212w\" sizes=\"auto, (max-width: 678px) 100vw, 678px\" \/><\/a><\/p>\n<p>En evento, participar\u00e1n 1.500 competidores de Sud Am\u00e9rica y ser\u00e1 una dura batalla, acaso una de las m\u00e1s dif\u00edciles que tendr\u00e1 que sortear.<\/p>\n<p>Como siempre, viajar\u00e1 acompa\u00f1ado de su amigo y coach, <strong>Pedro Andrade<\/strong>, el fiel entrenador que se ocupa de todos los detalles para que <strong>Rampazzo<\/strong> llegue en forma y totalmente listo para la batalla.<\/p>\n<blockquote>\n<h3>En la intimidad, cuando uno le pregunta porqu\u00e9 sigue adelante con la participaci\u00f3n en estos dif\u00edciles eventos, que lo mantienen durante meses sacrificando descansos y haciendo esfuerzos que van desde las privaciones en los alimentos siguiendo estrictas dietas a como jornadas eternas de exigentes entrenamientos, \u00e9l sonr\u00ede y asegura que es una de las cosas m\u00e1s importantes en su vida, y que mientras pueda lo seguir\u00e1 haciendo.<\/h3>\n<\/blockquote>\n<p>Nosotros, que lo conocemos, sabemos que tambi\u00e9n lo hace porque es una forma de dar el ejemplo a los j\u00f3venes practicantes del gimnasio que forman parte de la escuela de tae kwondo, ya que sigue adelante como el primer d\u00eda, poniendo todo de s\u00ed, pese al paso de los a\u00f1os y el arrastre de varias lesiones, algunas bastante complicadas.<\/p>\n<p>En definitiva, as\u00ed encara las cosas <strong>Fernando Rampazzo<\/strong>, quien parece eternizarse en las competencias y, a la vista de los hechos, a\u00fan no ha dispuesto \u201ccolgar los guantes\u201d.<\/p>\n<p>Creemos que por el empe\u00f1o que pone, Chascom\u00fas tiene representante para rato, por lo que podemos afirmar que \u201cla leyenda contin\u00faa\u201d.<\/p>\n<p>&nbsp;<\/p>\n<p>&nbsp;<\/p>\n","protected":false},"excerpt":{"rendered":"<div class=\"mh-excerpt\"><p>Para quienes lo venimos siguiendo hace tiempo, y lo conocemos en la intimidad, no es sorpresa que el exitoso abogado y destacado taekwondo\u00edsta Fernando Rampazzo se est\u00e9 preparando y tenga entre ojos una nueva competencia <a class=\"mh-excerpt-more\" href=\"https:\/\/larevistadigital.com.ar\/blog\/la-leyenda-continua-fernando-rampazzo-38-anos-y-un-nuevo-torneo-internacional-por-delante\/\" title=\"\u201cLA LEYENDA CONTIN\u00daA\u201d \u2026FERNANDO RAMPAZZO: 38 A\u00d1OS Y UN NUEVO TORNEO INTERNACIONAL POR DELANTE\">[Leer M\u00e1s]<\/a><\/p>\n<\/div>","protected":false},"author":3,"featured_media":2544,"comment_status":"open","ping_status":"open","sticky":false,"template":"","format":"standard","meta":{"_jetpack_memberships_contains_paid_content":false,"footnotes":"","jetpack_publicize_message":"","jetpack_publicize_feature_enabled":true,"jetpack_social_post_already_shared":true,"jetpack_social_options":{"image_generator_settings":{"template":"highway","default_image_id":0,"font":"","enabled":false},"version":2}},"categories":[6,8,41],"tags":[],"class_list":{"0":"post-2542","1":"post","2":"type-post","3":"status-publish","4":"format-standard","5":"has-post-thumbnail","7":"category-chascomus","8":"category-deportes","9":"category-destacadas"},"jetpack_publicize_connections":[],"jetpack_featured_media_url":"https:\/\/i0.wp.com\/larevistadigital.com.ar\/blog\/wp-content\/uploads\/2017\/06\/WhatsApp-Image-2017-06-26-at-18.01.13.jpeg?fit=640%2C640&ssl=1","jetpack_sharing_enabled":true,"jetpack_shortlink":"https:\/\/wp.me\/p8qtrQ-F0","jetpack-related-posts":[{"id":6299,"url":"https:\/\/larevistadigital.com.ar\/blog\/personajes-fernando-rampazzo-la-receta-del-exito\/","url_meta":{"origin":2542,"position":0},"title":"PERSONAJES: FERNANDO RAMPAZZO&#8230; LA RECETA DEL \u00c9XITO","author":"Alejandro Sosa Ruda","date":"20 agosto, 2018","format":false,"excerpt":"Desde hace rato que venimos siguiendo la trayectoria del abogado chascomunense Fernando Rampazzo, por lo que noticias como esta no nos sorprenden, ya que desde que se recibi\u00f3 ha tomado un camino que en base a trabajo y mucho sacrificio, fue en franco crecimiento. Pero lo m\u00e1s importante, y el\u2026","rel":"","context":"En \u00abDESTACADAS\u00bb","block_context":{"text":"DESTACADAS","link":"https:\/\/larevistadigital.com.ar\/blog\/category\/destacadas\/"},"img":{"alt_text":"","src":"https:\/\/i0.wp.com\/larevistadigital.com.ar\/blog\/wp-content\/uploads\/2018\/08\/35199152_1689702534400443_5345705880753012736_n.jpg?fit=854%2C853&ssl=1&resize=350%2C200","width":350,"height":200,"srcset":"https:\/\/i0.wp.com\/larevistadigital.com.ar\/blog\/wp-content\/uploads\/2018\/08\/35199152_1689702534400443_5345705880753012736_n.jpg?fit=854%2C853&ssl=1&resize=350%2C200 1x, https:\/\/i0.wp.com\/larevistadigital.com.ar\/blog\/wp-content\/uploads\/2018\/08\/35199152_1689702534400443_5345705880753012736_n.jpg?fit=854%2C853&ssl=1&resize=525%2C300 1.5x, https:\/\/i0.wp.com\/larevistadigital.com.ar\/blog\/wp-content\/uploads\/2018\/08\/35199152_1689702534400443_5345705880753012736_n.jpg?fit=854%2C853&ssl=1&resize=700%2C400 2x"},"classes":[]},{"id":9252,"url":"https:\/\/larevistadigital.com.ar\/blog\/nuevamente-el-abogado-fernando-rampazzo-en-los-medios-nacionales\/","url_meta":{"origin":2542,"position":1},"title":"NUEVAMENTE EL ABOGADO FERNANDO RAMPAZZO EN LOS MEDIOS NACIONALES","author":"Alejandro Sosa Ruda","date":"20 marzo, 2019","format":false,"excerpt":"Otra vez el abogado chascomunense Fernando Rampazzo ha aparecido en alg\u00fan medio de alcance nacional, y en este caso se trata del Diario Popular, que le hace una nota, en donde se destaca su especializaci\u00f3n en derecho previsional, adem\u00e1s de bautizarlo como \"El abogado de los famosos\". No es la\u2026","rel":"","context":"En \u00abCHASCOM\u00daS\u00bb","block_context":{"text":"CHASCOM\u00daS","link":"https:\/\/larevistadigital.com.ar\/blog\/category\/chascomus\/"},"img":{"alt_text":"","src":"https:\/\/i0.wp.com\/larevistadigital.com.ar\/blog\/wp-content\/uploads\/2018\/12\/WhatsApp-Image-2018-12-12-at-11.26.39.jpeg?fit=1200%2C800&ssl=1&resize=350%2C200","width":350,"height":200,"srcset":"https:\/\/i0.wp.com\/larevistadigital.com.ar\/blog\/wp-content\/uploads\/2018\/12\/WhatsApp-Image-2018-12-12-at-11.26.39.jpeg?fit=1200%2C800&ssl=1&resize=350%2C200 1x, https:\/\/i0.wp.com\/larevistadigital.com.ar\/blog\/wp-content\/uploads\/2018\/12\/WhatsApp-Image-2018-12-12-at-11.26.39.jpeg?fit=1200%2C800&ssl=1&resize=525%2C300 1.5x, https:\/\/i0.wp.com\/larevistadigital.com.ar\/blog\/wp-content\/uploads\/2018\/12\/WhatsApp-Image-2018-12-12-at-11.26.39.jpeg?fit=1200%2C800&ssl=1&resize=700%2C400 2x, https:\/\/i0.wp.com\/larevistadigital.com.ar\/blog\/wp-content\/uploads\/2018\/12\/WhatsApp-Image-2018-12-12-at-11.26.39.jpeg?fit=1200%2C800&ssl=1&resize=1050%2C600 3x"},"classes":[]},{"id":3223,"url":"https:\/\/larevistadigital.com.ar\/blog\/chascomus-una-leyenda-con-cuerda-para-rato-fernando-rampazzo-se-corono-subcampeon-sudamericano-de-tae-kwon-do\/","url_meta":{"origin":2542,"position":2},"title":"CHASCOM\u00daS: \u201cUNA LEYENDA CON CUERDA PARA RATO\u201d FERNANDO RAMPAZZO SE CORON\u00d3 SUBCAMPEON SUDAMERICANO DE TAE KWON DO","author":"Alejandro Sosa Ruda","date":"4 septiembre, 2017","format":false,"excerpt":"Joven. Exitoso profesional de la abogac\u00eda, de solo 38 a\u00f1os de edad, Fernando Rampazzo parece conseguir cada cosa que se propone, y es un verdadero ejemplo de constancia y sacrificio en pos de lograr una meta. Recibido en 2009, Rampazzo logr\u00f3 un impresionante ascenso en su profesi\u00f3n, especializ\u00e1ndose en el\u2026","rel":"","context":"En \u00abCHASCOM\u00daS\u00bb","block_context":{"text":"CHASCOM\u00daS","link":"https:\/\/larevistadigital.com.ar\/blog\/category\/chascomus\/"},"img":{"alt_text":"","src":"https:\/\/i0.wp.com\/larevistadigital.com.ar\/blog\/wp-content\/uploads\/2017\/09\/rampazzo-e1504535016712.jpg?fit=621%2C458&ssl=1&resize=350%2C200","width":350,"height":200,"srcset":"https:\/\/i0.wp.com\/larevistadigital.com.ar\/blog\/wp-content\/uploads\/2017\/09\/rampazzo-e1504535016712.jpg?fit=621%2C458&ssl=1&resize=350%2C200 1x, https:\/\/i0.wp.com\/larevistadigital.com.ar\/blog\/wp-content\/uploads\/2017\/09\/rampazzo-e1504535016712.jpg?fit=621%2C458&ssl=1&resize=525%2C300 1.5x"},"classes":[]},{"id":23228,"url":"https:\/\/larevistadigital.com.ar\/blog\/personajes-hoy-fernando-rampazzo-un-exitoso-profesional-que-logro-todo-empezando-de-cero\/","url_meta":{"origin":2542,"position":3},"title":"PERSONAJES: HOY FERNANDO RAMPAZZO, UN EXITOSO PROFESIONAL QUE LOGR\u00d3 TODO, EMPEZANDO DE CERO","author":"Alejandro Sosa Ruda","date":"10 enero, 2022","format":false,"excerpt":"Fernando Rampazzo, es un joven abogado, que adem\u00e1s de haber tenido un crecimiento mete\u00f3rico en su carrera, es multicampe\u00f3n de tae kwondo, hoy entrenador, formador de valores en la profesi\u00f3n y el deporte, y en poco tiempo se convirti\u00f3 en el asesor n\u00famero uno en televisi\u00f3n acerca de temas previsionales,\u2026","rel":"","context":"En \u00abINTERES GENERAL\u00bb","block_context":{"text":"INTERES GENERAL","link":"https:\/\/larevistadigital.com.ar\/blog\/category\/interes-general\/"},"img":{"alt_text":"","src":"https:\/\/i0.wp.com\/larevistadigital.com.ar\/blog\/wp-content\/uploads\/Captura-de-pantalla-2022-01-07-165630-e1641831578157.jpg?fit=626%2C432&ssl=1&resize=350%2C200","width":350,"height":200,"srcset":"https:\/\/i0.wp.com\/larevistadigital.com.ar\/blog\/wp-content\/uploads\/Captura-de-pantalla-2022-01-07-165630-e1641831578157.jpg?fit=626%2C432&ssl=1&resize=350%2C200 1x, https:\/\/i0.wp.com\/larevistadigital.com.ar\/blog\/wp-content\/uploads\/Captura-de-pantalla-2022-01-07-165630-e1641831578157.jpg?fit=626%2C432&ssl=1&resize=525%2C300 1.5x"},"classes":[]},{"id":15006,"url":"https:\/\/larevistadigital.com.ar\/blog\/video-destacan-en-el-diario-clarin-una-iniciativa-del-abogado-chascomunense-fernando-rampazzo\/","url_meta":{"origin":2542,"position":4},"title":"[VIDEO] DESTACAN EN EL DIARIO CLARIN UNA INICIATIVA DEL ABOGADO CHASCOMUNENSE FERNANDO RAMPAZZO","author":"Alejandro Sosa Ruda","date":"30 marzo, 2020","format":false,"excerpt":"VIDEO AL FINAL DE LA NOTA (hacer click en el enlace) El diario Clar\u00edn, public\u00f3 en su p\u00e1gina un video en el que el abogado chascomunense Fernando Rampazzo explica en qu\u00e9 consiste su iniciativa para ayudar a quienes m\u00e1s lo necesitan en esta situaci\u00f3n ocasionada por la pandemia de Coronavirus\u2026","rel":"","context":"En \u00abINTERES GENERAL\u00bb","block_context":{"text":"INTERES GENERAL","link":"https:\/\/larevistadigital.com.ar\/blog\/category\/interes-general\/"},"img":{"alt_text":"","src":"https:\/\/i0.wp.com\/larevistadigital.com.ar\/blog\/wp-content\/uploads\/Screenshot_1-107.jpg?fit=685%2C429&ssl=1&resize=350%2C200","width":350,"height":200,"srcset":"https:\/\/i0.wp.com\/larevistadigital.com.ar\/blog\/wp-content\/uploads\/Screenshot_1-107.jpg?fit=685%2C429&ssl=1&resize=350%2C200 1x, https:\/\/i0.wp.com\/larevistadigital.com.ar\/blog\/wp-content\/uploads\/Screenshot_1-107.jpg?fit=685%2C429&ssl=1&resize=525%2C300 1.5x"},"classes":[]},{"id":6761,"url":"https:\/\/larevistadigital.com.ar\/blog\/rampazzo-imparable-en-la-tv-gano-en-el-rating-en-su-franja-horaria-de-cronica-tv-a-la-propuesta-de-a24-y-tn\/","url_meta":{"origin":2542,"position":5},"title":"\u00a1RAMPAZZO IMPARABLE EN LA TV! GAN\u00d3 EN EL RATING EN SU FRANJA HORARIA DE CR\u00d3NICA TV A LA PROPUESTA DE A24 Y TN","author":"Alejandro Sosa Ruda","date":"8 octubre, 2018","format":false,"excerpt":"El joven abogado chascomunense Fernando Rampazzo, parece convertir en oro todo lo que toca y confirma su obsesi\u00f3n por triunfar en cada cosa que encara. A su pasi\u00f3n por su profesi\u00f3n, le sum\u00f3 su amor por el deporte, participando de los torneos m\u00e1s importantes, (mundial inclusive) en la disciplina del\u2026","rel":"","context":"En \u00abCHASCOM\u00daS\u00bb","block_context":{"text":"CHASCOM\u00daS","link":"https:\/\/larevistadigital.com.ar\/blog\/category\/chascomus\/"},"img":{"alt_text":"","src":"https:\/\/i0.wp.com\/larevistadigital.com.ar\/blog\/wp-content\/uploads\/2018\/10\/WhatsApp-Image-2018-10-07-at-20.27.21.jpeg?fit=1152%2C864&ssl=1&resize=350%2C200","width":350,"height":200,"srcset":"https:\/\/i0.wp.com\/larevistadigital.com.ar\/blog\/wp-content\/uploads\/2018\/10\/WhatsApp-Image-2018-10-07-at-20.27.21.jpeg?fit=1152%2C864&ssl=1&resize=350%2C200 1x, https:\/\/i0.wp.com\/larevistadigital.com.ar\/blog\/wp-content\/uploads\/2018\/10\/WhatsApp-Image-2018-10-07-at-20.27.21.jpeg?fit=1152%2C864&ssl=1&resize=525%2C300 1.5x, https:\/\/i0.wp.com\/larevistadigital.com.ar\/blog\/wp-content\/uploads\/2018\/10\/WhatsApp-Image-2018-10-07-at-20.27.21.jpeg?fit=1152%2C864&ssl=1&resize=700%2C400 2x, https:\/\/i0.wp.com\/larevistadigital.com.ar\/blog\/wp-content\/uploads\/2018\/10\/WhatsApp-Image-2018-10-07-at-20.27.21.jpeg?fit=1152%2C864&ssl=1&resize=1050%2C600 3x"},"classes":[]}],"_links":{"self":[{"href":"https:\/\/larevistadigital.com.ar\/blog\/wp-json\/wp\/v2\/posts\/2542","targetHints":{"allow":["GET"]}}],"collection":[{"href":"https:\/\/larevistadigital.com.ar\/blog\/wp-json\/wp\/v2\/posts"}],"about":[{"href":"https:\/\/larevistadigital.com.ar\/blog\/wp-json\/wp\/v2\/types\/post"}],"author":[{"embeddable":true,"href":"https:\/\/larevistadigital.com.ar\/blog\/wp-json\/wp\/v2\/users\/3"}],"replies":[{"embeddable":true,"href":"https:\/\/larevistadigital.com.ar\/blog\/wp-json\/wp\/v2\/comments?post=2542"}],"version-history":[{"count":1,"href":"https:\/\/larevistadigital.com.ar\/blog\/wp-json\/wp\/v2\/posts\/2542\/revisions"}],"predecessor-version":[{"id":2545,"href":"https:\/\/larevistadigital.com.ar\/blog\/wp-json\/wp\/v2\/posts\/2542\/revisions\/2545"}],"wp:featuredmedia":[{"embeddable":true,"href":"https:\/\/larevistadigital.com.ar\/blog\/wp-json\/wp\/v2\/media\/2544"}],"wp:attachment":[{"href":"https:\/\/larevistadigital.com.ar\/blog\/wp-json\/wp\/v2\/media?parent=2542"}],"wp:term":[{"taxonomy":"category","embeddable":true,"href":"https:\/\/larevistadigital.com.ar\/blog\/wp-json\/wp\/v2\/categories?post=2542"},{"taxonomy":"post_tag","embeddable":true,"href":"https:\/\/larevistadigital.com.ar\/blog\/wp-json\/wp\/v2\/tags?post=2542"}],"curies":[{"name":"wp","href":"https:\/\/api.w.org\/{rel}","templated":true}]}}