{"id":25421,"date":"2022-05-26T13:50:18","date_gmt":"2022-05-26T13:50:18","guid":{"rendered":"https:\/\/larevistadigital.com.ar\/blog\/?p=25421"},"modified":"2022-05-26T13:50:18","modified_gmt":"2022-05-26T13:50:18","slug":"imperdible-seminario-sobre-el-rol-del-estado-en-la-seguridad-privada","status":"publish","type":"post","link":"https:\/\/larevistadigital.com.ar\/blog\/imperdible-seminario-sobre-el-rol-del-estado-en-la-seguridad-privada\/","title":{"rendered":"IMPERDIBLE SEMINARIO SOBRE EL ROL DEL ESTADO EN LA SEGURIDAD PRIVADA"},"content":{"rendered":"<p>En el marco de la segunda edici\u00f3n de la Diplomatura en Seguridad Privada que se realizar\u00e1 el d\u00eda lunes 30\/5 desde las 17 hs.\u00a0 se llevar\u00e1 a cabo el primer seminario bajo la modalidad \u00aba distancia\u00bb.(<a href=\"http:\/\/www.ucalp.edu.ar\/seguridadprivada\/\">http:\/\/www.ucalp.edu.ar\/seguridadprivada\/ <\/a>)<\/p>\n<blockquote>\n<h3>El encuentro, se har\u00e1 efectivo por la plataforma ZOOM, y ser\u00e1 \u00a1GRATUITO!<\/h3>\n<\/blockquote>\n<p>Expondr\u00e1 la Doctora <strong>Silvia Paola La Rufa<\/strong>, acerca de \u00abEl Rol del Estado en la Seguridad Privada Como Pol\u00edtica P\u00fablica\u00bb, An\u00e1lisis pol\u00edtico.<\/p>\n<p>Sobre los temas \u00abDesarrollo empresarial y nuevos desaf\u00edos en materia de Seguridad Privada\u00bb (Disertantes; Licenciado <strong>Walter Smith<\/strong> -CAESBA- Ingeniero <strong>Alberto Zabala<\/strong> <strong>CEMARA<\/strong>)<\/p>\n<p><strong>Coordinador:<\/strong> Licenciado <strong>Alejandro Javier Pereyra<\/strong> (director de la Diplomatura en Seguridad Privada UCALP)<\/p>\n<p><strong>PARA UNIRSE AL SEMINARIO: ID DE LA REUNI\u00d3N: 967 3667 7130 C\u00d3DIGO DE ACCESO: 624547<\/strong><\/p>\n<p>&nbsp;<\/p>\n<p>&nbsp;<\/p>\n","protected":false},"excerpt":{"rendered":"<div class=\"mh-excerpt\"><p>En el marco de la segunda edici\u00f3n de la Diplomatura en Seguridad Privada que se realizar\u00e1 el d\u00eda lunes 30\/5 desde las 17 hs.\u00a0 se llevar\u00e1 a cabo el primer seminario bajo la modalidad \u00aba <a class=\"mh-excerpt-more\" href=\"https:\/\/larevistadigital.com.ar\/blog\/imperdible-seminario-sobre-el-rol-del-estado-en-la-seguridad-privada\/\" title=\"IMPERDIBLE SEMINARIO SOBRE EL ROL DEL ESTADO EN LA SEGURIDAD PRIVADA\">[Leer M\u00e1s]<\/a><\/p>\n<\/div>","protected":false},"author":3,"featured_media":24882,"comment_status":"open","ping_status":"open","sticky":false,"template":"","format":"standard","meta":{"_jetpack_memberships_contains_paid_content":false,"footnotes":"","jetpack_publicize_message":"","jetpack_publicize_feature_enabled":true,"jetpack_social_post_already_shared":true,"jetpack_social_options":{"image_generator_settings":{"template":"highway","default_image_id":0,"font":"","enabled":false},"version":2}},"categories":[50],"tags":[],"class_list":{"0":"post-25421","1":"post","2":"type-post","3":"status-publish","4":"format-standard","5":"has-post-thumbnail","7":"category-interes-general"},"jetpack_publicize_connections":[],"jetpack_featured_media_url":"https:\/\/i0.wp.com\/larevistadigital.com.ar\/blog\/wp-content\/uploads\/Diplomatura-Universitaria-en-Seguridad-Privada-segunda-edicion.png?fit=751%2C501&ssl=1","jetpack_sharing_enabled":true,"jetpack_shortlink":"https:\/\/wp.me\/p8qtrQ-6C1","jetpack-related-posts":[{"id":24521,"url":"https:\/\/larevistadigital.com.ar\/blog\/la-universidad-catolica-de-la-plata-dicta-nuevamente-una-novedosa-diplomatura-en-seguridad-privada\/","url_meta":{"origin":25421,"position":0},"title":"LA UNIVERSIDAD CAT\u00d3LICA DE LA PLATA DICTA NUEVAMENTE UNA NOVEDOSA DIPLOMATURA EN SEGURIDAD PRIVADA","author":"Alejandro Sosa Ruda","date":"11 marzo, 2022","format":false,"excerpt":"La Universidad Cat\u00f3lica de La Plata (UCALP) dictara nuevamente a partir del 4 de abril la \u201cDiplomatura en Seguridad Privada\u201d, que entre otros objetivos tendr\u00e1 el de brindar los lineamientos fundamentales para una formaci\u00f3n interdisciplinaria en materias de prevenci\u00f3n del delito. Otros de los aspectos que se estudiar\u00e1n en la\u2026","rel":"","context":"En \u00abREGIONALES\u00bb","block_context":{"text":"REGIONALES","link":"https:\/\/larevistadigital.com.ar\/blog\/category\/regionales\/"},"img":{"alt_text":"","src":"https:\/\/i0.wp.com\/larevistadigital.com.ar\/blog\/wp-content\/uploads\/WhatsApp-Image-2022-03-11-at-19.26.50-1.jpeg?fit=805%2C805&ssl=1&resize=350%2C200","width":350,"height":200,"srcset":"https:\/\/i0.wp.com\/larevistadigital.com.ar\/blog\/wp-content\/uploads\/WhatsApp-Image-2022-03-11-at-19.26.50-1.jpeg?fit=805%2C805&ssl=1&resize=350%2C200 1x, https:\/\/i0.wp.com\/larevistadigital.com.ar\/blog\/wp-content\/uploads\/WhatsApp-Image-2022-03-11-at-19.26.50-1.jpeg?fit=805%2C805&ssl=1&resize=525%2C300 1.5x, https:\/\/i0.wp.com\/larevistadigital.com.ar\/blog\/wp-content\/uploads\/WhatsApp-Image-2022-03-11-at-19.26.50-1.jpeg?fit=805%2C805&ssl=1&resize=700%2C400 2x"},"classes":[]},{"id":30738,"url":"https:\/\/larevistadigital.com.ar\/blog\/importante-capacitacion-virtual-con-salida-laboral\/","url_meta":{"origin":25421,"position":1},"title":"IMPORTANTE CAPACITACI\u00d3N VIRTUAL CON SALIDA LABORAL","author":"Alejandro Sosa Ruda","date":"28 marzo, 2023","format":false,"excerpt":"Se trata de una carrera con grandes posibilidades de salida laboral, que se lleva a cabo de manera virtual. 28 de marzo de 2023 Desde el d\u00eda 03\/04\/23 se comenzar\u00e1 a dictar la tercera edici\u00f3n de la carrera de \"Diplomatura Universitaria en Seguridad Privada\", a cargo de la Facultad de\u2026","rel":"","context":"En \u00abINTERES GENERAL\u00bb","block_context":{"text":"INTERES GENERAL","link":"https:\/\/larevistadigital.com.ar\/blog\/category\/interes-general\/"},"img":{"alt_text":"","src":"https:\/\/i0.wp.com\/larevistadigital.com.ar\/blog\/wp-content\/uploads\/Diplomatura-Universitaria-en-Seguridad-Privada-segunda-edicion.png?fit=751%2C501&ssl=1&resize=350%2C200","width":350,"height":200,"srcset":"https:\/\/i0.wp.com\/larevistadigital.com.ar\/blog\/wp-content\/uploads\/Diplomatura-Universitaria-en-Seguridad-Privada-segunda-edicion.png?fit=751%2C501&ssl=1&resize=350%2C200 1x, https:\/\/i0.wp.com\/larevistadigital.com.ar\/blog\/wp-content\/uploads\/Diplomatura-Universitaria-en-Seguridad-Privada-segunda-edicion.png?fit=751%2C501&ssl=1&resize=525%2C300 1.5x, https:\/\/i0.wp.com\/larevistadigital.com.ar\/blog\/wp-content\/uploads\/Diplomatura-Universitaria-en-Seguridad-Privada-segunda-edicion.png?fit=751%2C501&ssl=1&resize=700%2C400 2x"},"classes":[]},{"id":24881,"url":"https:\/\/larevistadigital.com.ar\/blog\/lanzan-la-2da-edicion-de-una-diplomatura-con-interesante-salida-laboral-dictados-por-el-lic-alejandro-javier-pereyra\/","url_meta":{"origin":25421,"position":2},"title":"LANZAN LA 2DA. EDICI\u00d3N DE UNA DIPLOMATURA  CON INTERESANTE SALIDA LABORAL DICTADOS POR EL LIC. ALEJANDRO JAVIER PEREYRA","author":"Alejandro Sosa Ruda","date":"29 marzo, 2022","format":false,"excerpt":"Es una interesante diplomatura universitaria en seguridad que adem\u00e1s de formar, perfeccionar y mejorar notablemente a quienes forman parte de la seguridad estatal o privada, que otorga grandes posibilidades de salida laboral En un momento de la realidad del pa\u00eds en el que es dif\u00edcil conseguir empleo, se ha lanzado\u2026","rel":"","context":"En \u00abINTERES GENERAL\u00bb","block_context":{"text":"INTERES GENERAL","link":"https:\/\/larevistadigital.com.ar\/blog\/category\/interes-general\/"},"img":{"alt_text":"","src":"https:\/\/i0.wp.com\/larevistadigital.com.ar\/blog\/wp-content\/uploads\/Diplomatura-Universitaria-en-Seguridad-Privada-segunda-edicion.png?fit=751%2C501&ssl=1&resize=350%2C200","width":350,"height":200,"srcset":"https:\/\/i0.wp.com\/larevistadigital.com.ar\/blog\/wp-content\/uploads\/Diplomatura-Universitaria-en-Seguridad-Privada-segunda-edicion.png?fit=751%2C501&ssl=1&resize=350%2C200 1x, https:\/\/i0.wp.com\/larevistadigital.com.ar\/blog\/wp-content\/uploads\/Diplomatura-Universitaria-en-Seguridad-Privada-segunda-edicion.png?fit=751%2C501&ssl=1&resize=525%2C300 1.5x, https:\/\/i0.wp.com\/larevistadigital.com.ar\/blog\/wp-content\/uploads\/Diplomatura-Universitaria-en-Seguridad-Privada-segunda-edicion.png?fit=751%2C501&ssl=1&resize=700%2C400 2x"},"classes":[]},{"id":17548,"url":"https:\/\/larevistadigital.com.ar\/blog\/la-plata-upsra-consigue-que-se-pidan-informes-sobre-la-seguridad-privada\/","url_meta":{"origin":25421,"position":3},"title":"LA PLATA: UPSRA CONSIGUE QUE SE PIDAN INFORMES SOBRE LA SEGURIDAD PRIVADA","author":"Alejandro Sosa Ruda","date":"9 noviembre, 2020","format":false,"excerpt":"LA PLATA - Gracias a la tenacidad de la dirigencia de la Uni\u00f3n del Personal de Seguridad Privada (U.P.S.R.A), sobre todo del Delegado Regional y miembro de Comisi\u00f3n Directiva Nacional Pablo Otero, y el expreso mandato del Secretario General del Gremio, Leonidas Requelme, el Concejo Deliberante comenz\u00f3 a intervenir\u00a0en el\u2026","rel":"","context":"En \u00abGREMIALES\u00bb","block_context":{"text":"GREMIALES","link":"https:\/\/larevistadigital.com.ar\/blog\/category\/gremiales\/"},"img":{"alt_text":"","src":"https:\/\/i0.wp.com\/larevistadigital.com.ar\/blog\/wp-content\/uploads\/Palacio_Municipal_Ciudad_de_La_Plata.jpg?fit=1200%2C875&ssl=1&resize=350%2C200","width":350,"height":200,"srcset":"https:\/\/i0.wp.com\/larevistadigital.com.ar\/blog\/wp-content\/uploads\/Palacio_Municipal_Ciudad_de_La_Plata.jpg?fit=1200%2C875&ssl=1&resize=350%2C200 1x, https:\/\/i0.wp.com\/larevistadigital.com.ar\/blog\/wp-content\/uploads\/Palacio_Municipal_Ciudad_de_La_Plata.jpg?fit=1200%2C875&ssl=1&resize=525%2C300 1.5x, https:\/\/i0.wp.com\/larevistadigital.com.ar\/blog\/wp-content\/uploads\/Palacio_Municipal_Ciudad_de_La_Plata.jpg?fit=1200%2C875&ssl=1&resize=700%2C400 2x, https:\/\/i0.wp.com\/larevistadigital.com.ar\/blog\/wp-content\/uploads\/Palacio_Municipal_Ciudad_de_La_Plata.jpg?fit=1200%2C875&ssl=1&resize=1050%2C600 3x"},"classes":[]},{"id":17623,"url":"https:\/\/larevistadigital.com.ar\/blog\/la-plata-el-municipio-precariza-a-los-trabajadores-de-seguridad\/","url_meta":{"origin":25421,"position":4},"title":"LA PLATA: \u00abEL MUNICIPIO PRECARIZA A LOS TRABAJADORES DE SEGURIDAD\u00bb","author":"Alejandro Sosa Ruda","date":"11 noviembre, 2020","format":false,"excerpt":"Seg\u00fan (U.P.S.R.A.) uni\u00f3n del Personal de Seguridad de la Rep\u00fablica Argentina, Garro los tiene contratados como cooperativa. Este mi\u00e9rcoles, la concejal Victoria Tolosa Paz, presenta un pedido de informe al Concejo Deliberante en reclamo de detalles sobre la situaci\u00f3n de quienes tienen a cargo la seguridad de los edificios de\u2026","rel":"","context":"En \u00abGREMIALES\u00bb","block_context":{"text":"GREMIALES","link":"https:\/\/larevistadigital.com.ar\/blog\/category\/gremiales\/"},"img":{"alt_text":"","src":"https:\/\/i0.wp.com\/larevistadigital.com.ar\/blog\/wp-content\/uploads\/5-2-2-768x427-1.jpg?fit=1000%2C556&ssl=1&resize=350%2C200","width":350,"height":200,"srcset":"https:\/\/i0.wp.com\/larevistadigital.com.ar\/blog\/wp-content\/uploads\/5-2-2-768x427-1.jpg?fit=1000%2C556&ssl=1&resize=350%2C200 1x, https:\/\/i0.wp.com\/larevistadigital.com.ar\/blog\/wp-content\/uploads\/5-2-2-768x427-1.jpg?fit=1000%2C556&ssl=1&resize=525%2C300 1.5x, https:\/\/i0.wp.com\/larevistadigital.com.ar\/blog\/wp-content\/uploads\/5-2-2-768x427-1.jpg?fit=1000%2C556&ssl=1&resize=700%2C400 2x"},"classes":[]},{"id":24251,"url":"https:\/\/larevistadigital.com.ar\/blog\/se-habrian-producido-tres-robos-en-puerto-chascomus-que-no-fueron-denunciados\/","url_meta":{"origin":25421,"position":5},"title":"SE HABR\u00cdAN PRODUCIDO TRES ROBOS EN \u00abPUERTO CHASCOM\u00daS\u00bb QUE NO FUERON DENUNCIADOS","author":"Alejandro Sosa Ruda","date":"27 febrero, 2022","format":false,"excerpt":"La Revista Digital tuvo acceso a trav\u00e9s del llamado de algunos vecinos preocupados por la situaci\u00f3n, y alarmados porque por alg\u00fan motivo, ninguno de los afectados realiz\u00f3 la denuncia. El rol de la seguridad privada. CHASCOM\u00daS -\u00a0 Durante la jornada de ayer, hemos podido confirmar por distintos testimonios de vecinos\u2026","rel":"","context":"En \u00abDESTACADAS\u00bb","block_context":{"text":"DESTACADAS","link":"https:\/\/larevistadigital.com.ar\/blog\/category\/destacadas\/"},"img":{"alt_text":"","src":"https:\/\/i0.wp.com\/larevistadigital.com.ar\/blog\/wp-content\/uploads\/269929952_7011115758913483_7063758540668094660_n.jpg?fit=1200%2C900&ssl=1&resize=350%2C200","width":350,"height":200,"srcset":"https:\/\/i0.wp.com\/larevistadigital.com.ar\/blog\/wp-content\/uploads\/269929952_7011115758913483_7063758540668094660_n.jpg?fit=1200%2C900&ssl=1&resize=350%2C200 1x, https:\/\/i0.wp.com\/larevistadigital.com.ar\/blog\/wp-content\/uploads\/269929952_7011115758913483_7063758540668094660_n.jpg?fit=1200%2C900&ssl=1&resize=525%2C300 1.5x, https:\/\/i0.wp.com\/larevistadigital.com.ar\/blog\/wp-content\/uploads\/269929952_7011115758913483_7063758540668094660_n.jpg?fit=1200%2C900&ssl=1&resize=700%2C400 2x, https:\/\/i0.wp.com\/larevistadigital.com.ar\/blog\/wp-content\/uploads\/269929952_7011115758913483_7063758540668094660_n.jpg?fit=1200%2C900&ssl=1&resize=1050%2C600 3x"},"classes":[]}],"_links":{"self":[{"href":"https:\/\/larevistadigital.com.ar\/blog\/wp-json\/wp\/v2\/posts\/25421","targetHints":{"allow":["GET"]}}],"collection":[{"href":"https:\/\/larevistadigital.com.ar\/blog\/wp-json\/wp\/v2\/posts"}],"about":[{"href":"https:\/\/larevistadigital.com.ar\/blog\/wp-json\/wp\/v2\/types\/post"}],"author":[{"embeddable":true,"href":"https:\/\/larevistadigital.com.ar\/blog\/wp-json\/wp\/v2\/users\/3"}],"replies":[{"embeddable":true,"href":"https:\/\/larevistadigital.com.ar\/blog\/wp-json\/wp\/v2\/comments?post=25421"}],"version-history":[{"count":1,"href":"https:\/\/larevistadigital.com.ar\/blog\/wp-json\/wp\/v2\/posts\/25421\/revisions"}],"predecessor-version":[{"id":25422,"href":"https:\/\/larevistadigital.com.ar\/blog\/wp-json\/wp\/v2\/posts\/25421\/revisions\/25422"}],"wp:featuredmedia":[{"embeddable":true,"href":"https:\/\/larevistadigital.com.ar\/blog\/wp-json\/wp\/v2\/media\/24882"}],"wp:attachment":[{"href":"https:\/\/larevistadigital.com.ar\/blog\/wp-json\/wp\/v2\/media?parent=25421"}],"wp:term":[{"taxonomy":"category","embeddable":true,"href":"https:\/\/larevistadigital.com.ar\/blog\/wp-json\/wp\/v2\/categories?post=25421"},{"taxonomy":"post_tag","embeddable":true,"href":"https:\/\/larevistadigital.com.ar\/blog\/wp-json\/wp\/v2\/tags?post=25421"}],"curies":[{"name":"wp","href":"https:\/\/api.w.org\/{rel}","templated":true}]}}