{"id":25424,"date":"2022-05-27T12:19:58","date_gmt":"2022-05-27T12:19:58","guid":{"rendered":"https:\/\/larevistadigital.com.ar\/blog\/?p=25424"},"modified":"2022-05-27T12:19:58","modified_gmt":"2022-05-27T12:19:58","slug":"genereal-conesa-muere-un-veterinario-de-dolores-por-una-descarga-electrica-en-la-zona-rural","status":"publish","type":"post","link":"https:\/\/larevistadigital.com.ar\/blog\/genereal-conesa-muere-un-veterinario-de-dolores-por-una-descarga-electrica-en-la-zona-rural\/","title":{"rendered":"GENEREAL CONESA: MUERE UN VETERINARIO DE DOLORES, POR UNA DESCARGA EL\u00c9CTRICA EN LA ZONA RURAL"},"content":{"rendered":"<h2 class=\"nota__hero__summary\">El carro que tiraba con su camioneta se habr\u00eda enredado en cables de electricidad.<\/h2>\n<p><strong>GENERAL CONESA &#8211;<\/strong>\u00a0 Un joven veterinario dolorense <strong>muri\u00f3 en un campo de General Conesa<\/strong>\u00a0al recibir una descarga el\u00e9ctrica.<\/p>\n<p><strong>Juan Mart\u00edn Harisgart<\/strong>, de 30 a\u00f1os, muri\u00f3 ayer cuando el carro en el que transportaba ganado tirado por una camioneta\u00a0<strong>toc\u00f3 el cable del tendido el\u00e9ctrico que estaba en el lugar<\/strong>. Aparentemente, <strong>Harisgarat<\/strong> habr\u00eda descendido del rodado y de esa manera habr\u00eda sufrido la electrocuci\u00f3n.<\/p>\n<blockquote>\n<h3>Al lugar llegaron efectivos de Patrullas Rurales y del hospital de General Conesa constataron el deceso. Posteriormente, personal de Polic\u00eda Cient\u00edfica e id\u00f3neos en electricidad\u00a0<strong>comenzaron a realizar las pericias correspondientes\u00a0<\/strong>para determinar la mec\u00e1nica del accidente.<\/h3>\n<\/blockquote>\n<p>El colegio de Veterinarios de Dolores tambi\u00e9n manifest\u00f3 el dolor por la muerte de <strong>Harisgarat<\/strong> y en toda la ciudad se registr\u00f3 profundo dolor por el hecho.<\/p>\n","protected":false},"excerpt":{"rendered":"<div class=\"mh-excerpt\"><p>El carro que tiraba con su camioneta se habr\u00eda enredado en cables de electricidad. GENERAL CONESA &#8211;\u00a0 Un joven veterinario dolorense muri\u00f3 en un campo de General Conesa\u00a0al recibir una descarga el\u00e9ctrica. Juan Mart\u00edn Harisgart, <a class=\"mh-excerpt-more\" href=\"https:\/\/larevistadigital.com.ar\/blog\/genereal-conesa-muere-un-veterinario-de-dolores-por-una-descarga-electrica-en-la-zona-rural\/\" title=\"GENEREAL CONESA: MUERE UN VETERINARIO DE DOLORES, POR UNA DESCARGA EL\u00c9CTRICA EN LA ZONA RURAL\">[Leer M\u00e1s]<\/a><\/p>\n<\/div>","protected":false},"author":3,"featured_media":25425,"comment_status":"open","ping_status":"open","sticky":false,"template":"","format":"standard","meta":{"_jetpack_memberships_contains_paid_content":false,"footnotes":"","jetpack_publicize_message":"","jetpack_publicize_feature_enabled":true,"jetpack_social_post_already_shared":true,"jetpack_social_options":{"image_generator_settings":{"template":"highway","default_image_id":0,"font":"","enabled":false},"version":2}},"categories":[12,51],"tags":[],"class_list":{"0":"post-25424","1":"post","2":"type-post","3":"status-publish","4":"format-standard","5":"has-post-thumbnail","7":"category-politica","8":"category-regionales"},"jetpack_publicize_connections":[],"jetpack_featured_media_url":"https:\/\/i0.wp.com\/larevistadigital.com.ar\/blog\/wp-content\/uploads\/CONESA.jpg?fit=1140%2C759&ssl=1","jetpack_sharing_enabled":true,"jetpack_shortlink":"https:\/\/wp.me\/p8qtrQ-6C4","jetpack-related-posts":[{"id":30333,"url":"https:\/\/larevistadigital.com.ar\/blog\/general-conesa-tres-policias-se-accidentaron-en-la-ruta-11-una-agente-esta-grave\/","url_meta":{"origin":25424,"position":0},"title":"GENERAL CONESA: TRES POLIC\u00cdAS SE ACCIDENTARON EN LA RUTA 11. UNA AGENTE EST\u00c1 GRAVE&#8230;","author":"Alejandro Sosa Ruda","date":"2 marzo, 2023","format":false,"excerpt":"El accidente ocurri\u00f3 a la altura del kil\u00f3metro\u00a0231 de la Ruta 11, en jurisdicci\u00f3n de General Conesa. Regresaban de cumplir funciones en el Partido de La Costa en el marco del operativo de Sol a Sol. 2 de marzo de 2023 GENERAL CONESA -\u00a0 Tres efectivos de la\u00a0Polic\u00eda Bonaerense\u00a0(dos hombres\u2026","rel":"","context":"En \u00abPOLICIALES\u00bb","block_context":{"text":"POLICIALES","link":"https:\/\/larevistadigital.com.ar\/blog\/category\/policiales\/"},"img":{"alt_text":"","src":"https:\/\/i0.wp.com\/larevistadigital.com.ar\/blog\/wp-content\/uploads\/19a66484aa15667e4345fbf09d097b0f5e9bed14.jpeg?fit=1140%2C686&ssl=1&resize=350%2C200","width":350,"height":200,"srcset":"https:\/\/i0.wp.com\/larevistadigital.com.ar\/blog\/wp-content\/uploads\/19a66484aa15667e4345fbf09d097b0f5e9bed14.jpeg?fit=1140%2C686&ssl=1&resize=350%2C200 1x, https:\/\/i0.wp.com\/larevistadigital.com.ar\/blog\/wp-content\/uploads\/19a66484aa15667e4345fbf09d097b0f5e9bed14.jpeg?fit=1140%2C686&ssl=1&resize=525%2C300 1.5x, https:\/\/i0.wp.com\/larevistadigital.com.ar\/blog\/wp-content\/uploads\/19a66484aa15667e4345fbf09d097b0f5e9bed14.jpeg?fit=1140%2C686&ssl=1&resize=700%2C400 2x, https:\/\/i0.wp.com\/larevistadigital.com.ar\/blog\/wp-content\/uploads\/19a66484aa15667e4345fbf09d097b0f5e9bed14.jpeg?fit=1140%2C686&ssl=1&resize=1050%2C600 3x"},"classes":[]},{"id":29788,"url":"https:\/\/larevistadigital.com.ar\/blog\/ruta-11-accidente-fatal-murio-una-mujer-y-hay-varios-heridos-graves\/","url_meta":{"origin":25424,"position":1},"title":"RUTA 11: ACCIDENTE FATAL. MURI\u00d3 UNA MUJER Y HAY VARIOS HERIDOS GRAVES","author":"Alejandro Sosa Ruda","date":"16 enero, 2023","format":false,"excerpt":"Fue un choque, a la altura de General Conesa. Los veh\u00edculos involucrados circulaban en el mismo sentido. 16 de enero de 2023 CONESA -\u00a0 En pleno recambio de quincena se produjo un\u00a0fatal accidente en la ruta 11, a la altura de General Conesa, donde colisionaron dos veh\u00edculos que circulaban en\u2026","rel":"","context":"En \u00abINTERES GENERAL\u00bb","block_context":{"text":"INTERES GENERAL","link":"https:\/\/larevistadigital.com.ar\/blog\/category\/interes-general\/"},"img":{"alt_text":"","src":"https:\/\/i0.wp.com\/larevistadigital.com.ar\/blog\/wp-content\/uploads\/36befbf924f55720e65aa3b3987517c254b83b16.jpg?fit=1140%2C712&ssl=1&resize=350%2C200","width":350,"height":200,"srcset":"https:\/\/i0.wp.com\/larevistadigital.com.ar\/blog\/wp-content\/uploads\/36befbf924f55720e65aa3b3987517c254b83b16.jpg?fit=1140%2C712&ssl=1&resize=350%2C200 1x, https:\/\/i0.wp.com\/larevistadigital.com.ar\/blog\/wp-content\/uploads\/36befbf924f55720e65aa3b3987517c254b83b16.jpg?fit=1140%2C712&ssl=1&resize=525%2C300 1.5x, https:\/\/i0.wp.com\/larevistadigital.com.ar\/blog\/wp-content\/uploads\/36befbf924f55720e65aa3b3987517c254b83b16.jpg?fit=1140%2C712&ssl=1&resize=700%2C400 2x, https:\/\/i0.wp.com\/larevistadigital.com.ar\/blog\/wp-content\/uploads\/36befbf924f55720e65aa3b3987517c254b83b16.jpg?fit=1140%2C712&ssl=1&resize=1050%2C600 3x"},"classes":[]},{"id":25531,"url":"https:\/\/larevistadigital.com.ar\/blog\/la-plata-murio-una-chica-de-24-anos-tras-recibir-una-descarga-electrica-en-su-casa\/","url_meta":{"origin":25424,"position":2},"title":"LA PLATA: MURI\u00d3 UNA CHICA DE 24 A\u00d1OS TRAS RECIBIR UNA DESCARGA EL\u00c9CTRICA EN SU CASA","author":"Alejandro Sosa Ruda","date":"1 junio, 2022","format":false,"excerpt":"Ocurri\u00f3 el martes por la noche en una vivienda de Arturo Segu\u00ed. De acuerdo a fuentes policiales,\u00a0\"habr\u00eda tocado la llave el\u00e9ctrica al salir de ba\u00f1arse\". Una joven de 24 a\u00f1os muri\u00f3 durante las \u00faltimas horas tras recibir una descarga el\u00e9ctrica en su casa de Arturo Segu\u00ed. Seg\u00fan inform\u00f3 el portal\u2026","rel":"","context":"En \u00abPOLICIALES\u00bb","block_context":{"text":"POLICIALES","link":"https:\/\/larevistadigital.com.ar\/blog\/category\/policiales\/"},"img":{"alt_text":"","src":"https:\/\/i0.wp.com\/larevistadigital.com.ar\/blog\/wp-content\/uploads\/1654110107417.jpg?fit=1200%2C594&ssl=1&resize=350%2C200","width":350,"height":200,"srcset":"https:\/\/i0.wp.com\/larevistadigital.com.ar\/blog\/wp-content\/uploads\/1654110107417.jpg?fit=1200%2C594&ssl=1&resize=350%2C200 1x, https:\/\/i0.wp.com\/larevistadigital.com.ar\/blog\/wp-content\/uploads\/1654110107417.jpg?fit=1200%2C594&ssl=1&resize=525%2C300 1.5x, https:\/\/i0.wp.com\/larevistadigital.com.ar\/blog\/wp-content\/uploads\/1654110107417.jpg?fit=1200%2C594&ssl=1&resize=700%2C400 2x, https:\/\/i0.wp.com\/larevistadigital.com.ar\/blog\/wp-content\/uploads\/1654110107417.jpg?fit=1200%2C594&ssl=1&resize=1050%2C600 3x"},"classes":[]},{"id":16707,"url":"https:\/\/larevistadigital.com.ar\/blog\/alerta-meteorologico-por-fuertes-vientos-y-lluvias-para-la-region-dolores-la-costa-gral-conesa-pinamar-y-villa-gesell\/","url_meta":{"origin":25424,"position":3},"title":"ALERTA METEOROL\u00d3GICO POR FUERTES VIENTOS Y LLUVIAS PARA LA REGI\u00d3N (DOLORES, LA COSTA, GRAL. CONESA, PINAMAR Y VILLA GESELL)","author":"Alejandro Sosa Ruda","date":"5 octubre, 2020","format":false,"excerpt":"El Servicio Meteorol\u00f3gico Nacional emiti\u00f3 dos alertas que alcanzan al este y sudeste de la Provincia de Buenos Aires. En uno se pronostica vientos intensos y el otro\u00a0lluvias y tormentas. Seg\u00fan el reporte se esperan r\u00e1fagas de viento con una intensidad de entre 50 y 70 kil\u00f3metros por hora y\u2026","rel":"","context":"En \u00abREGIONALES\u00bb","block_context":{"text":"REGIONALES","link":"https:\/\/larevistadigital.com.ar\/blog\/category\/regionales\/"},"img":{"alt_text":"","src":"https:\/\/i0.wp.com\/larevistadigital.com.ar\/blog\/wp-content\/uploads\/ALERTA-METEOROLOGICO.jpg?fit=1140%2C758&ssl=1&resize=350%2C200","width":350,"height":200,"srcset":"https:\/\/i0.wp.com\/larevistadigital.com.ar\/blog\/wp-content\/uploads\/ALERTA-METEOROLOGICO.jpg?fit=1140%2C758&ssl=1&resize=350%2C200 1x, https:\/\/i0.wp.com\/larevistadigital.com.ar\/blog\/wp-content\/uploads\/ALERTA-METEOROLOGICO.jpg?fit=1140%2C758&ssl=1&resize=525%2C300 1.5x, https:\/\/i0.wp.com\/larevistadigital.com.ar\/blog\/wp-content\/uploads\/ALERTA-METEOROLOGICO.jpg?fit=1140%2C758&ssl=1&resize=700%2C400 2x, https:\/\/i0.wp.com\/larevistadigital.com.ar\/blog\/wp-content\/uploads\/ALERTA-METEOROLOGICO.jpg?fit=1140%2C758&ssl=1&resize=1050%2C600 3x"},"classes":[]},{"id":729,"url":"https:\/\/larevistadigital.com.ar\/blog\/la-construccion-la-autovia-conesa-san-clemente-del-tuyu-generara-190-puestos-trabajo\/","url_meta":{"origin":25424,"position":4},"title":"La construcci\u00f3n de la Autov\u00eda Conesa \u2013 San Clemente del Tuy\u00fa generar\u00e1 190 puestos de trabajo","author":"editor","date":"8 marzo, 2017","format":false,"excerpt":"INFORM\u00d3 EL INTENDENTE DE DOLORES- El Intendente Camilo Etchevarren, recibi\u00f3 al Secretario de Organizaci\u00f3n de la UOCRA Regional Dolores Miguel M\u00e1rquez, quien lo interioriz\u00f3 sobre la Autov\u00eda en la Ruta 11 que construir\u00e1 la Provincia de Buenos Aires desde General Conesa a San Clemente del Tuy\u00fa. La Regional Dolores a\u2026","rel":"","context":"En \u00abDOLORES\u00bb","block_context":{"text":"DOLORES","link":"https:\/\/larevistadigital.com.ar\/blog\/category\/dolores\/"},"img":{"alt_text":"","src":"https:\/\/i0.wp.com\/larevistadigital.com.ar\/blog\/wp-content\/uploads\/2017\/03\/170307-ETCHEVARREN-M%C3%81RQUEZ-251.jpg?fit=800%2C533&ssl=1&resize=350%2C200","width":350,"height":200,"srcset":"https:\/\/i0.wp.com\/larevistadigital.com.ar\/blog\/wp-content\/uploads\/2017\/03\/170307-ETCHEVARREN-M%C3%81RQUEZ-251.jpg?fit=800%2C533&ssl=1&resize=350%2C200 1x, https:\/\/i0.wp.com\/larevistadigital.com.ar\/blog\/wp-content\/uploads\/2017\/03\/170307-ETCHEVARREN-M%C3%81RQUEZ-251.jpg?fit=800%2C533&ssl=1&resize=525%2C300 1.5x, https:\/\/i0.wp.com\/larevistadigital.com.ar\/blog\/wp-content\/uploads\/2017\/03\/170307-ETCHEVARREN-M%C3%81RQUEZ-251.jpg?fit=800%2C533&ssl=1&resize=700%2C400 2x"},"classes":[]},{"id":19727,"url":"https:\/\/larevistadigital.com.ar\/blog\/coloco-alambre-electrificado-para-proteger-sus-plantas-de-marihuana-murio-electrocutado\/","url_meta":{"origin":25424,"position":5},"title":"COLOC\u00d3 ALAMBRE ELECTRIFICADO PARA PROTEGER SUS PLANTAS DE MARIHUANA. MURI\u00d3 ELECTROCUTADO","author":"Alejandro Sosa Ruda","date":"19 abril, 2021","format":false,"excerpt":"El hecho ocurri\u00f3 en una vivienda del barrio General San Mart\u00edn. Dos amigos de la v\u00edctima lo cargaron en una camioneta para llevarlo a un centro asistencial, pero no pudieron salvarlo. MAR DEL PLATA - Un tr\u00e1gico episodio se produjo el domingo por la noche en una vivienda del\u00a0barrio General\u2026","rel":"","context":"En \u00abPOLICIALES\u00bb","block_context":{"text":"POLICIALES","link":"https:\/\/larevistadigital.com.ar\/blog\/category\/policiales\/"},"img":{"alt_text":"","src":"https:\/\/i0.wp.com\/larevistadigital.com.ar\/blog\/wp-content\/uploads\/PLANTAS-SECUESTRADAS.png?fit=1000%2C565&ssl=1&resize=350%2C200","width":350,"height":200,"srcset":"https:\/\/i0.wp.com\/larevistadigital.com.ar\/blog\/wp-content\/uploads\/PLANTAS-SECUESTRADAS.png?fit=1000%2C565&ssl=1&resize=350%2C200 1x, https:\/\/i0.wp.com\/larevistadigital.com.ar\/blog\/wp-content\/uploads\/PLANTAS-SECUESTRADAS.png?fit=1000%2C565&ssl=1&resize=525%2C300 1.5x, https:\/\/i0.wp.com\/larevistadigital.com.ar\/blog\/wp-content\/uploads\/PLANTAS-SECUESTRADAS.png?fit=1000%2C565&ssl=1&resize=700%2C400 2x"},"classes":[]}],"_links":{"self":[{"href":"https:\/\/larevistadigital.com.ar\/blog\/wp-json\/wp\/v2\/posts\/25424","targetHints":{"allow":["GET"]}}],"collection":[{"href":"https:\/\/larevistadigital.com.ar\/blog\/wp-json\/wp\/v2\/posts"}],"about":[{"href":"https:\/\/larevistadigital.com.ar\/blog\/wp-json\/wp\/v2\/types\/post"}],"author":[{"embeddable":true,"href":"https:\/\/larevistadigital.com.ar\/blog\/wp-json\/wp\/v2\/users\/3"}],"replies":[{"embeddable":true,"href":"https:\/\/larevistadigital.com.ar\/blog\/wp-json\/wp\/v2\/comments?post=25424"}],"version-history":[{"count":1,"href":"https:\/\/larevistadigital.com.ar\/blog\/wp-json\/wp\/v2\/posts\/25424\/revisions"}],"predecessor-version":[{"id":25426,"href":"https:\/\/larevistadigital.com.ar\/blog\/wp-json\/wp\/v2\/posts\/25424\/revisions\/25426"}],"wp:featuredmedia":[{"embeddable":true,"href":"https:\/\/larevistadigital.com.ar\/blog\/wp-json\/wp\/v2\/media\/25425"}],"wp:attachment":[{"href":"https:\/\/larevistadigital.com.ar\/blog\/wp-json\/wp\/v2\/media?parent=25424"}],"wp:term":[{"taxonomy":"category","embeddable":true,"href":"https:\/\/larevistadigital.com.ar\/blog\/wp-json\/wp\/v2\/categories?post=25424"},{"taxonomy":"post_tag","embeddable":true,"href":"https:\/\/larevistadigital.com.ar\/blog\/wp-json\/wp\/v2\/tags?post=25424"}],"curies":[{"name":"wp","href":"https:\/\/api.w.org\/{rel}","templated":true}]}}