{"id":25427,"date":"2022-05-27T13:27:11","date_gmt":"2022-05-27T13:27:11","guid":{"rendered":"https:\/\/larevistadigital.com.ar\/blog\/?p=25427"},"modified":"2022-05-28T01:56:12","modified_gmt":"2022-05-28T01:56:12","slug":"campana-de-afiliaciones-del-movimiento-libres-del-sur-logro-mas-de-50-000-nuevos-afiliados","status":"publish","type":"post","link":"https:\/\/larevistadigital.com.ar\/blog\/campana-de-afiliaciones-del-movimiento-libres-del-sur-logro-mas-de-50-000-nuevos-afiliados\/","title":{"rendered":"CAMPA\u00d1A DE AFILIACIONES DEL  MOVIMIENTO LIBRES DEL SUR LOGR\u00d3 M\u00c1S DE 50.000 NUEVOS AFILIADOS"},"content":{"rendered":"<h2>El Movimiento Libres del Sur, con su campa\u00f1a de afiliaciones consigui\u00f3 un excelente resultado, logrando 50.000 nuevos afiliados en la Provincia de Buenos Aires, en un momento en el que la sociedad parece estar \u00abpeleada\u00bb con la pol\u00edtica, lo que hace m\u00e1s exitoso el resultado.<\/h2>\n<p>Gran alegr\u00eda se vivi\u00f3 en el Movimiento Libres del Sur, por el resultado de la campa\u00f1a de afiliaci\u00f3n que llevaron a cabo, destacando que <em><strong>\u00abEs doblemente valioso, no solo por el elegir formar parte, sino por hacerlo en un momento en el que la pol\u00edtica y los partidos tradicionales son fuertemente cuestionados\u00bb.<\/strong><\/em><\/p>\n<blockquote>\n<h3>En el partido de Chascom\u00fas, la referente <strong>Mar\u00eda Beatriz De Le\u00f3n<\/strong>, se mostr\u00f3 muy satisfecha por el trabajo realizado, y el aporte que pudo hacerse para llegar a ese n\u00famero, destacando el trabajo de la militancia donde pese a la poca predisposici\u00f3n de las personas en la actualidad a afiliarse a un partido, se han sumado muchos al sector, que se muestra en franco crecimiento.<\/h3>\n<\/blockquote>\n<p>En Chascom\u00fas, independientemente de estar o no de acuerdo con \u00abLibres del Sur\u00bb, nadie puede negar que es un espacio en el que se trabaja y milita todo el a\u00f1o, y no solo en cercan\u00edas de alg\u00fan acto electoral. Sus afiliados y militantes realizan distintos trabajos, ayudando y colaborando con quienes m\u00e1s lo necesitan, y participando de cada iniciativa, propia o no, que est\u00e9 enfocada a las necesidades de los vecinos.<\/p>\n<blockquote>\n<h3>Tambi\u00e9n es destacable, que pese a no tener representaci\u00f3n en el legislativo local, De Le\u00f3n cuenta con un caudal aproximado de un millar de votantes, que la convierten en un interesante aliado, para distintos espacios como el oficialismo local, o para influir en una interna que se viene, entre el PRO y los sectores RADICALES .<\/h3>\n<\/blockquote>\n<p>Ser\u00e1 una de las personas que seguramente de ambos lados intentar\u00e1n seducir.<\/p>\n","protected":false},"excerpt":{"rendered":"<div class=\"mh-excerpt\"><p>El Movimiento Libres del Sur, con su campa\u00f1a de afiliaciones consigui\u00f3 un excelente resultado, logrando 50.000 nuevos afiliados en la Provincia de Buenos Aires, en un momento en el que la sociedad parece estar \u00abpeleada\u00bb <a class=\"mh-excerpt-more\" href=\"https:\/\/larevistadigital.com.ar\/blog\/campana-de-afiliaciones-del-movimiento-libres-del-sur-logro-mas-de-50-000-nuevos-afiliados\/\" title=\"CAMPA\u00d1A DE AFILIACIONES DEL  MOVIMIENTO LIBRES DEL SUR LOGR\u00d3 M\u00c1S DE 50.000 NUEVOS AFILIADOS\">[Leer M\u00e1s]<\/a><\/p>\n<\/div>","protected":false},"author":3,"featured_media":25453,"comment_status":"open","ping_status":"open","sticky":false,"template":"","format":"standard","meta":{"_jetpack_memberships_contains_paid_content":false,"footnotes":"","jetpack_publicize_message":"","jetpack_publicize_feature_enabled":true,"jetpack_social_post_already_shared":true,"jetpack_social_options":{"image_generator_settings":{"template":"highway","default_image_id":0,"font":"","enabled":false},"version":2}},"categories":[6],"tags":[],"class_list":{"0":"post-25427","1":"post","2":"type-post","3":"status-publish","4":"format-standard","5":"has-post-thumbnail","7":"category-chascomus"},"jetpack_publicize_connections":[],"jetpack_featured_media_url":"https:\/\/i0.wp.com\/larevistadigital.com.ar\/blog\/wp-content\/uploads\/WhatsApp-Image-2022-05-27-at-10.27.21-PM.jpeg?fit=1032%2C774&ssl=1","jetpack_sharing_enabled":true,"jetpack_shortlink":"https:\/\/wp.me\/p8qtrQ-6C7","jetpack-related-posts":[{"id":25524,"url":"https:\/\/larevistadigital.com.ar\/blog\/libres-del-sur-logro-en-el-pais-mas-de-100-000-nuevos-afiliados\/","url_meta":{"origin":25427,"position":0},"title":"LIBRES DEL SUR LOGR\u00d3 EN EL PA\u00cdS M\u00c1S DE 100.000 NUEVOS AFILIADOS","author":"Alejandro Sosa Ruda","date":"1 junio, 2022","format":false,"excerpt":"El Movimiento Libres del Sur, festej\u00f3 con sus militantes el logro de conseguir m\u00e1s de 100.000 afiliados en la campa\u00f1a de afiliaci\u00f3n que se realiza en todo el pa\u00eds. La Revista Digital tuvo acceso a un comunicado interno, donde se hace un racconto de los nuevos afiliados al movimiento, hasta\u2026","rel":"","context":"En \u00abPOLITICA LOCAL\u00bb","block_context":{"text":"POLITICA LOCAL","link":"https:\/\/larevistadigital.com.ar\/blog\/category\/politica\/politica-local\/"},"img":{"alt_text":"","src":"https:\/\/i0.wp.com\/larevistadigital.com.ar\/blog\/wp-content\/uploads\/campana-afiliaciones-libres-del-sur.jpg?fit=700%2C519&ssl=1&resize=350%2C200","width":350,"height":200,"srcset":"https:\/\/i0.wp.com\/larevistadigital.com.ar\/blog\/wp-content\/uploads\/campana-afiliaciones-libres-del-sur.jpg?fit=700%2C519&ssl=1&resize=350%2C200 1x, https:\/\/i0.wp.com\/larevistadigital.com.ar\/blog\/wp-content\/uploads\/campana-afiliaciones-libres-del-sur.jpg?fit=700%2C519&ssl=1&resize=525%2C300 1.5x, https:\/\/i0.wp.com\/larevistadigital.com.ar\/blog\/wp-content\/uploads\/campana-afiliaciones-libres-del-sur.jpg?fit=700%2C519&ssl=1&resize=700%2C400 2x"},"classes":[]},{"id":27811,"url":"https:\/\/larevistadigital.com.ar\/blog\/leon-gieco-y-distintas-personalidades-firmaron-y-apoyaron-la-iniciativa-del-partido-libres-del-sur-de-conseguir-un-millon-de-firmas-para-congelar-los-precios\/","url_meta":{"origin":25427,"position":1},"title":"LE\u00d3N GIECO Y DISTINTAS PERSONALIDADES FIRMARON Y APOYARON LA INICIATIVA DEL PARTIDO LIBRES DEL SUR DE CONSEGUIR UN MILL\u00d3N DE FIRMAS PARA CONGELAR LOS PRECIOS","author":"Alejandro Sosa Ruda","date":"16 septiembre, 2022","format":false,"excerpt":"Mientras sigue la convocatoria del partido Libres del Sur, distintas personalidades se suman a la iniciativa que si bien admiten \"no es la soluci\u00f3n, pero sirve para paliar las urgencias de las personas\". En Chascom\u00fas, de la mano de la referente Mar\u00eda Beatriz De Le\u00f3n, ma\u00f1ana contin\u00faa la campa\u00f1a con\u2026","rel":"","context":"En \u00abINTERES GENERAL\u00bb","block_context":{"text":"INTERES GENERAL","link":"https:\/\/larevistadigital.com.ar\/blog\/category\/interes-general\/"},"img":{"alt_text":"","src":"https:\/\/i0.wp.com\/larevistadigital.com.ar\/blog\/wp-content\/uploads\/WhatsApp-Image-2022-09-16-at-18.48.09.jpeg?fit=1080%2C1080&ssl=1&resize=350%2C200","width":350,"height":200,"srcset":"https:\/\/i0.wp.com\/larevistadigital.com.ar\/blog\/wp-content\/uploads\/WhatsApp-Image-2022-09-16-at-18.48.09.jpeg?fit=1080%2C1080&ssl=1&resize=350%2C200 1x, https:\/\/i0.wp.com\/larevistadigital.com.ar\/blog\/wp-content\/uploads\/WhatsApp-Image-2022-09-16-at-18.48.09.jpeg?fit=1080%2C1080&ssl=1&resize=525%2C300 1.5x, https:\/\/i0.wp.com\/larevistadigital.com.ar\/blog\/wp-content\/uploads\/WhatsApp-Image-2022-09-16-at-18.48.09.jpeg?fit=1080%2C1080&ssl=1&resize=700%2C400 2x, https:\/\/i0.wp.com\/larevistadigital.com.ar\/blog\/wp-content\/uploads\/WhatsApp-Image-2022-09-16-at-18.48.09.jpeg?fit=1080%2C1080&ssl=1&resize=1050%2C600 3x"},"classes":[]},{"id":27574,"url":"https:\/\/larevistadigital.com.ar\/blog\/exitosa-campana-libres-del-sur-llego-al-millon-de-firmas-por-el-congelamiento-de-precios\/","url_meta":{"origin":25427,"position":2},"title":"EXITOSA CAMPA\u00d1A: LIBRES DEL SUR LLEG\u00d3 AL MILL\u00d3N DE FIRMAS POR EL CONGELAMIENTO DE PRECIOS","author":"Alejandro Sosa Ruda","date":"7 septiembre, 2022","format":false,"excerpt":"Con un gran trabajo de la gente que lidera la referente Mar\u00eda Beatriz De Le\u00f3n, se aport\u00f3 a la campa\u00f1a que buscaba la recolecci\u00f3n de firmas para congelar los precios y tarifas por un a\u00f1o. 07 de septiembre de 2022 A solo dos semanas del cierre de la recolecci\u00f3n de\u2026","rel":"","context":"En \u00abINTERES GENERAL\u00bb","block_context":{"text":"INTERES GENERAL","link":"https:\/\/larevistadigital.com.ar\/blog\/category\/interes-general\/"},"img":{"alt_text":"","src":"https:\/\/i0.wp.com\/larevistadigital.com.ar\/blog\/wp-content\/uploads\/WhatsApp-Image-2022-09-06-at-19.30.28.jpeg?fit=1200%2C900&ssl=1&resize=350%2C200","width":350,"height":200,"srcset":"https:\/\/i0.wp.com\/larevistadigital.com.ar\/blog\/wp-content\/uploads\/WhatsApp-Image-2022-09-06-at-19.30.28.jpeg?fit=1200%2C900&ssl=1&resize=350%2C200 1x, https:\/\/i0.wp.com\/larevistadigital.com.ar\/blog\/wp-content\/uploads\/WhatsApp-Image-2022-09-06-at-19.30.28.jpeg?fit=1200%2C900&ssl=1&resize=525%2C300 1.5x, https:\/\/i0.wp.com\/larevistadigital.com.ar\/blog\/wp-content\/uploads\/WhatsApp-Image-2022-09-06-at-19.30.28.jpeg?fit=1200%2C900&ssl=1&resize=700%2C400 2x, https:\/\/i0.wp.com\/larevistadigital.com.ar\/blog\/wp-content\/uploads\/WhatsApp-Image-2022-09-06-at-19.30.28.jpeg?fit=1200%2C900&ssl=1&resize=1050%2C600 3x"},"classes":[]},{"id":24148,"url":"https:\/\/larevistadigital.com.ar\/blog\/la-referente-de-libres-del-sur-beatriz-de-leon-y-sus-companeros-realizan-una-campana-contra-el-acuerdo-con-el-fmi\/","url_meta":{"origin":25427,"position":3},"title":"LA REFERENTE DE \u00abLIBRES DEL SUR\u00bb, BEATRIZ DE LEON Y SUS COMPA\u00d1EROS REALIZAN UNA CAMPA\u00d1A CONTRA EL ACUERDO CON EL FMI","author":"Alejandro Sosa Ruda","date":"23 febrero, 2022","format":false,"excerpt":"CHASCOM\u00daS -\u00a0 Bajo la conducci\u00f3n de Mar\u00eda Beatriz De Le\u00f3n, referente del partido Libres del Sur, se est\u00e1 haciendo una fuerte campa\u00f1a para que no se apoye el acuerdo con el Fondo Monetario Nacional. La presencia en las calles de la gente de Libres del Sur que responde a De\u2026","rel":"","context":"En \u00abCHASCOM\u00daS\u00bb","block_context":{"text":"CHASCOM\u00daS","link":"https:\/\/larevistadigital.com.ar\/blog\/category\/chascomus\/"},"img":{"alt_text":"","src":"https:\/\/i0.wp.com\/larevistadigital.com.ar\/blog\/wp-content\/uploads\/WhatsApp-Image-2022-02-21-at-14.21.34.jpeg?fit=1200%2C900&ssl=1&resize=350%2C200","width":350,"height":200,"srcset":"https:\/\/i0.wp.com\/larevistadigital.com.ar\/blog\/wp-content\/uploads\/WhatsApp-Image-2022-02-21-at-14.21.34.jpeg?fit=1200%2C900&ssl=1&resize=350%2C200 1x, https:\/\/i0.wp.com\/larevistadigital.com.ar\/blog\/wp-content\/uploads\/WhatsApp-Image-2022-02-21-at-14.21.34.jpeg?fit=1200%2C900&ssl=1&resize=525%2C300 1.5x, https:\/\/i0.wp.com\/larevistadigital.com.ar\/blog\/wp-content\/uploads\/WhatsApp-Image-2022-02-21-at-14.21.34.jpeg?fit=1200%2C900&ssl=1&resize=700%2C400 2x, https:\/\/i0.wp.com\/larevistadigital.com.ar\/blog\/wp-content\/uploads\/WhatsApp-Image-2022-02-21-at-14.21.34.jpeg?fit=1200%2C900&ssl=1&resize=1050%2C600 3x"},"classes":[]},{"id":23378,"url":"https:\/\/larevistadigital.com.ar\/blog\/el-movimiento-libres-del-sur-y-mumala-chascomus-piden-ser-concientes-con-los-incendios-de-pastos\/","url_meta":{"origin":25427,"position":4},"title":"EL MOVIMIENTO LIBRES DEL SUR, Y MUMALA CHASCOM\u00daS PIDEN SER CONCIENTES CON LOS INCENDIOS DE PASTOS","author":"Alejandro Sosa Ruda","date":"15 enero, 2022","format":false,"excerpt":"CHASCOOM\u00daS - La ola de calor, y los reiterados incendios que se vienen provocando por la agobiante sequ\u00eda, motivan la preocupaci\u00f3n\u00a0- de vecinos y vecinas, como en este caso, la dirigencia local y la militancia de ambos espacios, concordaron en visibilizar algunos consejos que pueden ser un gran aporte para\u2026","rel":"","context":"En \u00abINTERES GENERAL\u00bb","block_context":{"text":"INTERES GENERAL","link":"https:\/\/larevistadigital.com.ar\/blog\/category\/interes-general\/"},"img":{"alt_text":"","src":"https:\/\/i0.wp.com\/larevistadigital.com.ar\/blog\/wp-content\/uploads\/Captura-de-pantalla-2022-01-15-112054-e1642256877546.jpg?fit=752%2C351&ssl=1&resize=350%2C200","width":350,"height":200,"srcset":"https:\/\/i0.wp.com\/larevistadigital.com.ar\/blog\/wp-content\/uploads\/Captura-de-pantalla-2022-01-15-112054-e1642256877546.jpg?fit=752%2C351&ssl=1&resize=350%2C200 1x, https:\/\/i0.wp.com\/larevistadigital.com.ar\/blog\/wp-content\/uploads\/Captura-de-pantalla-2022-01-15-112054-e1642256877546.jpg?fit=752%2C351&ssl=1&resize=525%2C300 1.5x, https:\/\/i0.wp.com\/larevistadigital.com.ar\/blog\/wp-content\/uploads\/Captura-de-pantalla-2022-01-15-112054-e1642256877546.jpg?fit=752%2C351&ssl=1&resize=700%2C400 2x"},"classes":[]},{"id":28389,"url":"https:\/\/larevistadigital.com.ar\/blog\/libres-del-sur-lo-hizo-por-primera-vez-una-iniciativa-popular-llega-a-la-camara-nacional-electoral\/","url_meta":{"origin":25427,"position":5},"title":"LIBRES DEL SUR LO HIZO: POR PRIMERA VEZ UNA INICIATIVA POPULAR LLEGA A LA C\u00c1MARA NACIONAL ELECTORAL","author":"Alejandro Sosa Ruda","date":"13 octubre, 2022","format":false,"excerpt":"Las 1.850.000 firmas juntadas por Libres del Sur para congelar las tarifas de los servicios p\u00fablicos llegaron a la CNE. El organismo se encuentra en averiguaci\u00f3n del tr\u00e1mite, pues desde la reforma constitucional de 1994 nunca hubo una presentaci\u00f3n. 12 de Octubre de 2022 Desde Libres del Sur, a trav\u00e9s\u2026","rel":"","context":"En \u00abCHASCOM\u00daS\u00bb","block_context":{"text":"CHASCOM\u00daS","link":"https:\/\/larevistadigital.com.ar\/blog\/category\/chascomus\/"},"img":{"alt_text":"","src":"https:\/\/i0.wp.com\/larevistadigital.com.ar\/blog\/wp-content\/uploads\/1-5.jpg?fit=713%2C401&ssl=1&resize=350%2C200","width":350,"height":200,"srcset":"https:\/\/i0.wp.com\/larevistadigital.com.ar\/blog\/wp-content\/uploads\/1-5.jpg?fit=713%2C401&ssl=1&resize=350%2C200 1x, https:\/\/i0.wp.com\/larevistadigital.com.ar\/blog\/wp-content\/uploads\/1-5.jpg?fit=713%2C401&ssl=1&resize=525%2C300 1.5x, https:\/\/i0.wp.com\/larevistadigital.com.ar\/blog\/wp-content\/uploads\/1-5.jpg?fit=713%2C401&ssl=1&resize=700%2C400 2x"},"classes":[]}],"_links":{"self":[{"href":"https:\/\/larevistadigital.com.ar\/blog\/wp-json\/wp\/v2\/posts\/25427","targetHints":{"allow":["GET"]}}],"collection":[{"href":"https:\/\/larevistadigital.com.ar\/blog\/wp-json\/wp\/v2\/posts"}],"about":[{"href":"https:\/\/larevistadigital.com.ar\/blog\/wp-json\/wp\/v2\/types\/post"}],"author":[{"embeddable":true,"href":"https:\/\/larevistadigital.com.ar\/blog\/wp-json\/wp\/v2\/users\/3"}],"replies":[{"embeddable":true,"href":"https:\/\/larevistadigital.com.ar\/blog\/wp-json\/wp\/v2\/comments?post=25427"}],"version-history":[{"count":3,"href":"https:\/\/larevistadigital.com.ar\/blog\/wp-json\/wp\/v2\/posts\/25427\/revisions"}],"predecessor-version":[{"id":25454,"href":"https:\/\/larevistadigital.com.ar\/blog\/wp-json\/wp\/v2\/posts\/25427\/revisions\/25454"}],"wp:featuredmedia":[{"embeddable":true,"href":"https:\/\/larevistadigital.com.ar\/blog\/wp-json\/wp\/v2\/media\/25453"}],"wp:attachment":[{"href":"https:\/\/larevistadigital.com.ar\/blog\/wp-json\/wp\/v2\/media?parent=25427"}],"wp:term":[{"taxonomy":"category","embeddable":true,"href":"https:\/\/larevistadigital.com.ar\/blog\/wp-json\/wp\/v2\/categories?post=25427"},{"taxonomy":"post_tag","embeddable":true,"href":"https:\/\/larevistadigital.com.ar\/blog\/wp-json\/wp\/v2\/tags?post=25427"}],"curies":[{"name":"wp","href":"https:\/\/api.w.org\/{rel}","templated":true}]}}