{"id":25431,"date":"2022-05-27T13:38:27","date_gmt":"2022-05-27T13:38:27","guid":{"rendered":"https:\/\/larevistadigital.com.ar\/blog\/?p=25431"},"modified":"2022-05-27T13:38:27","modified_gmt":"2022-05-27T13:38:27","slug":"roland-garros-schwartzman-avanzo-a-octavos-y-probablemente-se-cruce-con-djokovic","status":"publish","type":"post","link":"https:\/\/larevistadigital.com.ar\/blog\/roland-garros-schwartzman-avanzo-a-octavos-y-probablemente-se-cruce-con-djokovic\/","title":{"rendered":"ROLAND GARR\u00d3S: SCHWARTZMAN AVANZ\u00d3 A OCTAVOS Y PROBABLEMENTE SE CRUCE CON DJOKOVIC"},"content":{"rendered":"<h2>El argentino se impuso en tres sets al b\u00falgaro Grigor Dimitrov y mantiene viva su ilusi\u00f3n en Roland Garros. En la siguiente ronda podr\u00eda encontrarse con el n\u00famero uno del mundo.<\/h2>\n<p><strong>PAR\u00cdS, FRANCIA &#8211;\u00a0<\/strong> El argentino<strong> Diego Schwartzman<\/strong> (15) arroll\u00f3 este viernes al b\u00falgaro <strong>Grigor Dimitrov<\/strong> (21 del mundo) en tres sets (6-3, 6-1 y 6-2) y dos horas y 15 minutos y aguarda su rival de octavos de Roland Garros, que saldr\u00e1 del duelo entre el n\u00famero uno mundial, <strong>Novak Djokovic<\/strong>, y el esloveno <strong>Aljaz Bedene<\/strong> (N\u00b0 195).<\/p>\n<blockquote>\n<h3>El mejor tenista argentino de la actualidad lleg\u00f3 a la segunda semana del Grand Slam franc\u00e9s por cuarta vez, despu\u00e9s de los cuartos de 2018 y 2021, y las semifinales de 2020.<\/h3>\n<\/blockquote>\n<p><strong>Schwartzman<\/strong>, quien hab\u00eda superado en las ronda previas al ruso <strong>Andrey Kuznetsov<\/strong> (228) en cuatro sets, y al espa\u00f1ol <strong>Jaume Munar<\/strong> (87), en cinco sets, mostr\u00f3 su mejor versi\u00f3n ante el b\u00falgaro, a quien no venc\u00eda desde la final de Estambul de 2016.<\/p>\n<blockquote>\n<h3>El argentino comenz\u00f3 el partido con dos quiebres de servicio y se puso 3-0 arriba, con tiros profundos y siempre buscando dominar a su rival, as\u00ed se llev\u00f3 el set por 6-3.<\/h3>\n<\/blockquote>\n<p>En el segundo parcial el dominio del \u201cPeque\u201d fue abrumador y por eso no extra\u00f1\u00f3 el 6-1 con que lo defini\u00f3 y la aprobaci\u00f3n desde la platea de su entrenador Juan Ignacio Chela, quien lo aplaud\u00eda y alentaba a no bajar el ritmo.<\/p>\n<p><strong>Schwartzman<\/strong> sigui\u00f3 concentrado y pese a quedar 2-0 abajo en el tercer set, se recuper\u00f3 tras ajustar su devoluci\u00f3n y con derechas profundas volvi\u00f3 a pasar al frente para llevarse el set por 6-2 y el partido.<\/p>\n<blockquote>\n<h3>El argentino no dio opci\u00f3n a un Dimitrov que ve\u00eda como una locomotora en el polvo de ladrillo parisino (victorias contundentes ante el estadounidense Marcos Gir\u00f3n y el croata Borna Coric).<\/h3>\n<\/blockquote>\n<p><em><strong>\u201cJugu\u00e9 en un nivel alt\u00edsimo, estoy muy contento. Las condiciones de la cancha, muy lenta, me favorecieron ante un rival que siempre me complica\u201d<\/strong><\/em>, expres\u00f3 el <strong>\u201cPeque\u201d<\/strong> en di\u00e1logo con la prensa ni bien termin\u00f3 el partido.<\/p>\n<p><strong>Schwartzman<\/strong>, semifinalista de Roland Garros en 2020 y cuartofinalista en 2021 (en ambas ocasiones perdi\u00f3 con el espa\u00f1ol <strong>Rafael Nadal<\/strong>), es el \u00fanico argentino que sigue adelante en el Grand Slam franc\u00e9s sobre un total de 11 que ingresaron al cuadro principal.<\/p>\n<p>fuente: lacapitaldiario<\/p>\n","protected":false},"excerpt":{"rendered":"<div class=\"mh-excerpt\"><p>El argentino se impuso en tres sets al b\u00falgaro Grigor Dimitrov y mantiene viva su ilusi\u00f3n en Roland Garros. En la siguiente ronda podr\u00eda encontrarse con el n\u00famero uno del mundo. PAR\u00cdS, FRANCIA &#8211;\u00a0 El <a class=\"mh-excerpt-more\" href=\"https:\/\/larevistadigital.com.ar\/blog\/roland-garros-schwartzman-avanzo-a-octavos-y-probablemente-se-cruce-con-djokovic\/\" title=\"ROLAND GARR\u00d3S: SCHWARTZMAN AVANZ\u00d3 A OCTAVOS Y PROBABLEMENTE SE CRUCE CON DJOKOVIC\">[Leer M\u00e1s]<\/a><\/p>\n<\/div>","protected":false},"author":3,"featured_media":25432,"comment_status":"open","ping_status":"open","sticky":false,"template":"","format":"standard","meta":{"_jetpack_memberships_contains_paid_content":false,"footnotes":"","jetpack_publicize_message":"","jetpack_publicize_feature_enabled":true,"jetpack_social_post_already_shared":true,"jetpack_social_options":{"image_generator_settings":{"template":"highway","default_image_id":0,"font":"","enabled":false},"version":2}},"categories":[8,50],"tags":[],"class_list":{"0":"post-25431","1":"post","2":"type-post","3":"status-publish","4":"format-standard","5":"has-post-thumbnail","7":"category-deportes","8":"category-interes-general"},"jetpack_publicize_connections":[],"jetpack_featured_media_url":"https:\/\/i0.wp.com\/larevistadigital.com.ar\/blog\/wp-content\/uploads\/PEQUE-SCHWARTZMAN.png?fit=779%2C508&ssl=1","jetpack_sharing_enabled":true,"jetpack_shortlink":"https:\/\/wp.me\/p8qtrQ-6Cb","jetpack-related-posts":[{"id":31913,"url":"https:\/\/larevistadigital.com.ar\/blog\/roland-garros-djokovic-campeon-y-una-marca-historica\/","url_meta":{"origin":25431,"position":0},"title":"ROLAND GARR\u00d3S: DJOKOVIC CAMPE\u00d3N Y UNA MARCA HIST\u00d3RICA","author":"Alejandro Sosa Ruda","date":"11 junio, 2023","format":false,"excerpt":"Se impuso en sets corridos a Ruud y obtuvo su t\u00edtulo 23 de Grand Slam, superando los 22 ganados por Nadal. 11 de junio de 2023 Par\u00eds, FRANCIA\u00a0 -\u00a0 El servio Novak Djokovic finalmente cumpli\u00f3 con los pron\u00f3sticos, se consagr\u00f3 campe\u00f3n en Par\u00eds y, con 23 t\u00edtulos, pas\u00f3 a ser\u2026","rel":"","context":"En \u00abDEPORTES\u00bb","block_context":{"text":"DEPORTES","link":"https:\/\/larevistadigital.com.ar\/blog\/category\/deportes\/"},"img":{"alt_text":"","src":"https:\/\/i0.wp.com\/larevistadigital.com.ar\/blog\/wp-content\/uploads\/Captura-de-pantalla-2023-06-11-151436.jpg?fit=938%2C540&ssl=1&resize=350%2C200","width":350,"height":200,"srcset":"https:\/\/i0.wp.com\/larevistadigital.com.ar\/blog\/wp-content\/uploads\/Captura-de-pantalla-2023-06-11-151436.jpg?fit=938%2C540&ssl=1&resize=350%2C200 1x, https:\/\/i0.wp.com\/larevistadigital.com.ar\/blog\/wp-content\/uploads\/Captura-de-pantalla-2023-06-11-151436.jpg?fit=938%2C540&ssl=1&resize=525%2C300 1.5x, https:\/\/i0.wp.com\/larevistadigital.com.ar\/blog\/wp-content\/uploads\/Captura-de-pantalla-2023-06-11-151436.jpg?fit=938%2C540&ssl=1&resize=700%2C400 2x"},"classes":[]},{"id":5755,"url":"https:\/\/larevistadigital.com.ar\/blog\/nadal-volvio-a-coronarse-en-roland-garros\/","url_meta":{"origin":25431,"position":1},"title":"NADAL VOLVI\u00d3 A CORONARSE EN ROLAND GARROS","author":"Alejandro Sosa Ruda","date":"10 junio, 2018","format":false,"excerpt":"Volvi\u00f3 a hacerlo. Pareciera que Roland Garros es un torneo hecho a medida de Rafael Nadal, que por 11\u00b0 vez se coron\u00f3 campe\u00f3n del Grand Slam de Francia.\u00a0Su mentalidad ganadora combinada con su excelente estado f\u00edsico, que parece haber dejado atr\u00e1s algunas lesiones evidenciadas a principio de a\u00f1o, suman a\u2026","rel":"","context":"En \u00abDESTACADAS\u00bb","block_context":{"text":"DESTACADAS","link":"https:\/\/larevistadigital.com.ar\/blog\/category\/destacadas\/"},"img":{"alt_text":"","src":"https:\/\/i0.wp.com\/larevistadigital.com.ar\/blog\/wp-content\/uploads\/2018\/06\/2703535h864.jpg?fit=1200%2C814&ssl=1&resize=350%2C200","width":350,"height":200,"srcset":"https:\/\/i0.wp.com\/larevistadigital.com.ar\/blog\/wp-content\/uploads\/2018\/06\/2703535h864.jpg?fit=1200%2C814&ssl=1&resize=350%2C200 1x, https:\/\/i0.wp.com\/larevistadigital.com.ar\/blog\/wp-content\/uploads\/2018\/06\/2703535h864.jpg?fit=1200%2C814&ssl=1&resize=525%2C300 1.5x, https:\/\/i0.wp.com\/larevistadigital.com.ar\/blog\/wp-content\/uploads\/2018\/06\/2703535h864.jpg?fit=1200%2C814&ssl=1&resize=700%2C400 2x, https:\/\/i0.wp.com\/larevistadigital.com.ar\/blog\/wp-content\/uploads\/2018\/06\/2703535h864.jpg?fit=1200%2C814&ssl=1&resize=1050%2C600 3x"},"classes":[]},{"id":1130,"url":"https:\/\/larevistadigital.com.ar\/blog\/del-potro-debuto-en-indian-wells-con-una-victoria-ante-delbonis\/","url_meta":{"origin":25431,"position":2},"title":"Del Potro debut\u00f3 en Indian Wells con una victoria ante Delbonis","author":"editor","date":"13 marzo, 2017","format":false,"excerpt":"Tras un primer set muy parejo (7-6), en el segundo (6-3) el tandilense hizo prevalecer toda su categor\u00eda ante el azule\u00f1o, en una hora y 52 minutos de juego, y en tercera ronda enfrentar\u00e1 al vencedor del serbio Novak Djokovic y el brit\u00e1nico Kyle Edmund. El argentino Juan Mart\u00edn Del\u2026","rel":"","context":"En \u00abDEPORTES\u00bb","block_context":{"text":"DEPORTES","link":"https:\/\/larevistadigital.com.ar\/blog\/category\/deportes\/"},"img":{"alt_text":"","src":"https:\/\/i0.wp.com\/larevistadigital.com.ar\/blog\/wp-content\/uploads\/2017\/03\/58b1f302dec72_324x182.jpg?fit=620%2C348&ssl=1&resize=350%2C200","width":350,"height":200,"srcset":"https:\/\/i0.wp.com\/larevistadigital.com.ar\/blog\/wp-content\/uploads\/2017\/03\/58b1f302dec72_324x182.jpg?fit=620%2C348&ssl=1&resize=350%2C200 1x, https:\/\/i0.wp.com\/larevistadigital.com.ar\/blog\/wp-content\/uploads\/2017\/03\/58b1f302dec72_324x182.jpg?fit=620%2C348&ssl=1&resize=525%2C300 1.5x"},"classes":[]},{"id":802,"url":"https:\/\/larevistadigital.com.ar\/blog\/indian-wells-djokovic-otra-vez-camino-del-potro-posible-cruce-federer-nadal\/","url_meta":{"origin":25431,"position":3},"title":"Indian Wells: Djokovic, otra vez en el camino de Del Potro, y el posible cruce entre Federer y Nadal","author":"editor","date":"8 marzo, 2017","format":false,"excerpt":"En el primer Masters 1000 del a\u00f1o, el tandilense debutar\u00e1 contra Delbonis o Kuznetsov, y en tercera se cruzar\u00eda con el serbio, en un desquite del reciente encuentro en Acapulco. sorteo del cuadro del torneo de Indian Wells , el primer Masters 1000 de la temporada que comenzar\u00e1 este jueves,\u2026","rel":"","context":"En \u00abDEPORTES\u00bb","block_context":{"text":"DEPORTES","link":"https:\/\/larevistadigital.com.ar\/blog\/category\/deportes\/"},"img":{"alt_text":"","src":"https:\/\/i0.wp.com\/larevistadigital.com.ar\/blog\/wp-content\/uploads\/2017\/03\/masters-1000-de-indian-wells-2373339w620.jpg?fit=620%2C348&ssl=1&resize=350%2C200","width":350,"height":200,"srcset":"https:\/\/i0.wp.com\/larevistadigital.com.ar\/blog\/wp-content\/uploads\/2017\/03\/masters-1000-de-indian-wells-2373339w620.jpg?fit=620%2C348&ssl=1&resize=350%2C200 1x, https:\/\/i0.wp.com\/larevistadigital.com.ar\/blog\/wp-content\/uploads\/2017\/03\/masters-1000-de-indian-wells-2373339w620.jpg?fit=620%2C348&ssl=1&resize=525%2C300 1.5x"},"classes":[]},{"id":16826,"url":"https:\/\/larevistadigital.com.ar\/blog\/podorovska-perdio-en-las-semifinales-de-roland-garros-con-la-polaca-swiatek-su-participacion-fue-historica\/","url_meta":{"origin":25431,"position":4},"title":"PODOROVSKA PERDI\u00d3 EN LAS SEMIFINALES DE ROLAND GARROS, CON LA POLACA SWIATEK. SU PARTICIPACI\u00d3N FUE HIST\u00d3RICA","author":"Alejandro Sosa Ruda","date":"8 octubre, 2020","format":false,"excerpt":"La argentina qued\u00f3 eliminada del tercer torneo de Grand Slam de 2020, al perder en las semifinales del cuadro femenino con la polaca Iga Swiatek por 6-2 y 6-1 luego de una hora y 10 minutos de juego La rosarina Nadia Podoroska, sensaci\u00f3n de Roland Garros con su acceso a\u2026","rel":"","context":"En \u00abDEPORTES\u00bb","block_context":{"text":"DEPORTES","link":"https:\/\/larevistadigital.com.ar\/blog\/category\/deportes\/"},"img":{"alt_text":"","src":"https:\/\/i0.wp.com\/larevistadigital.com.ar\/blog\/wp-content\/uploads\/20201008112852_5f79be3487d27_1004x565.jpg?fit=880%2C586&ssl=1&resize=350%2C200","width":350,"height":200,"srcset":"https:\/\/i0.wp.com\/larevistadigital.com.ar\/blog\/wp-content\/uploads\/20201008112852_5f79be3487d27_1004x565.jpg?fit=880%2C586&ssl=1&resize=350%2C200 1x, https:\/\/i0.wp.com\/larevistadigital.com.ar\/blog\/wp-content\/uploads\/20201008112852_5f79be3487d27_1004x565.jpg?fit=880%2C586&ssl=1&resize=525%2C300 1.5x, https:\/\/i0.wp.com\/larevistadigital.com.ar\/blog\/wp-content\/uploads\/20201008112852_5f79be3487d27_1004x565.jpg?fit=880%2C586&ssl=1&resize=700%2C400 2x"},"classes":[]},{"id":44542,"url":"https:\/\/larevistadigital.com.ar\/blog\/murio-marcelo-araujo-historica-voz-del-futbol-argentino-en-la-television\/","url_meta":{"origin":25431,"position":5},"title":"Muri\u00f3 Marcelo Araujo, hist\u00f3rica voz del f\u00fatbol argentino en la televisi\u00f3n","author":"Alejandro Sosa Ruda","date":"16 marzo, 2026","format":false,"excerpt":"Ten\u00eda 78 a\u00f1os y durante m\u00e1s de tres d\u00e9cadas fue uno de los relatores m\u00e1s influyentes del pa\u00eds. Su voz qued\u00f3 ligada a algunos de los momentos m\u00e1s recordados del f\u00fatbol argentino. 16 de marzo de 2026 Muri\u00f3 Marcelo Araujo, uno de los relatores m\u00e1s reconocidos de la televisi\u00f3n argentina\u2026","rel":"","context":"En \u00abINTERES GENERAL\u00bb","block_context":{"text":"INTERES GENERAL","link":"https:\/\/larevistadigital.com.ar\/blog\/category\/interes-general\/"},"img":{"alt_text":"","src":"https:\/\/i0.wp.com\/larevistadigital.com.ar\/blog\/wp-content\/uploads\/Captura-de-pantalla-2026-03-16-212727.jpg?fit=629%2C405&ssl=1&resize=350%2C200","width":350,"height":200,"srcset":"https:\/\/i0.wp.com\/larevistadigital.com.ar\/blog\/wp-content\/uploads\/Captura-de-pantalla-2026-03-16-212727.jpg?fit=629%2C405&ssl=1&resize=350%2C200 1x, https:\/\/i0.wp.com\/larevistadigital.com.ar\/blog\/wp-content\/uploads\/Captura-de-pantalla-2026-03-16-212727.jpg?fit=629%2C405&ssl=1&resize=525%2C300 1.5x"},"classes":[]}],"_links":{"self":[{"href":"https:\/\/larevistadigital.com.ar\/blog\/wp-json\/wp\/v2\/posts\/25431","targetHints":{"allow":["GET"]}}],"collection":[{"href":"https:\/\/larevistadigital.com.ar\/blog\/wp-json\/wp\/v2\/posts"}],"about":[{"href":"https:\/\/larevistadigital.com.ar\/blog\/wp-json\/wp\/v2\/types\/post"}],"author":[{"embeddable":true,"href":"https:\/\/larevistadigital.com.ar\/blog\/wp-json\/wp\/v2\/users\/3"}],"replies":[{"embeddable":true,"href":"https:\/\/larevistadigital.com.ar\/blog\/wp-json\/wp\/v2\/comments?post=25431"}],"version-history":[{"count":2,"href":"https:\/\/larevistadigital.com.ar\/blog\/wp-json\/wp\/v2\/posts\/25431\/revisions"}],"predecessor-version":[{"id":25434,"href":"https:\/\/larevistadigital.com.ar\/blog\/wp-json\/wp\/v2\/posts\/25431\/revisions\/25434"}],"wp:featuredmedia":[{"embeddable":true,"href":"https:\/\/larevistadigital.com.ar\/blog\/wp-json\/wp\/v2\/media\/25432"}],"wp:attachment":[{"href":"https:\/\/larevistadigital.com.ar\/blog\/wp-json\/wp\/v2\/media?parent=25431"}],"wp:term":[{"taxonomy":"category","embeddable":true,"href":"https:\/\/larevistadigital.com.ar\/blog\/wp-json\/wp\/v2\/categories?post=25431"},{"taxonomy":"post_tag","embeddable":true,"href":"https:\/\/larevistadigital.com.ar\/blog\/wp-json\/wp\/v2\/tags?post=25431"}],"curies":[{"name":"wp","href":"https:\/\/api.w.org\/{rel}","templated":true}]}}