{"id":25435,"date":"2022-05-27T13:49:58","date_gmt":"2022-05-27T13:49:58","guid":{"rendered":"https:\/\/larevistadigital.com.ar\/blog\/?p=25435"},"modified":"2022-05-27T13:49:58","modified_gmt":"2022-05-27T13:49:58","slug":"la-oms-no-recomienda-vacunaciones-masivas-contra-la-viruela-del-mono","status":"publish","type":"post","link":"https:\/\/larevistadigital.com.ar\/blog\/la-oms-no-recomienda-vacunaciones-masivas-contra-la-viruela-del-mono\/","title":{"rendered":"LA OMS NO RECOMIENDA VACUNACIONES MASIVAS CONTRA LA VIRUELA DEL MONO"},"content":{"rendered":"<h2>En los primeros d\u00edas de junio se analizar\u00e1 el actual brote y medidas para combatirla mediante tests, tratamientos y vacunas. Espa\u00f1a, Portugal, Reino Unido, Canad\u00e1 y Estados Unidos son los pa\u00edses con m\u00e1s casos registrados hasta el momento.<\/h2>\n<p>La Organizaci\u00f3n Mundial de la Salud no ve prioritario vacunar masivamente a poblaciones de ning\u00fan pa\u00eds contra la viruela del mono, una enfermedad de la que se registraron cerca de 200 casos en pa\u00edses no end\u00e9micos, se\u00f1alaron expertos de la organizaci\u00f3n.<\/p>\n<blockquote>\n<h3><em>\u201cEl rastreo de contactos, el estudio de los casos y el aislamiento son por ahora las principales herramientas para controlar la enfermedad\u201d<\/em>, a\u00f1adi\u00f3 la experta Rosamund Lewis, del departamento de viruela de la OMS, en una sesi\u00f3n t\u00e9cnica sobre el actual brote celebrada en la asamblea anual del organismo.<\/h3>\n<\/blockquote>\n<p>El director de Emergencias Sanitarias de la OMS, Mike Ryan, a\u00f1adi\u00f3 al respecto que \u201cprobablemente cada pa\u00eds necesitar\u00e1 un peque\u00f1o contingente de vacunas, no a gran escala\u201d.<\/p>\n<blockquote>\n<h3>Sobre los colectivos que podr\u00edan ser vacunados, Lewis indic\u00f3 que aunque cada pa\u00eds podr\u00eda establecer sus propias directivas ante la actual situaci\u00f3n, desde 2013 se recomienda para este tipo de virus sobre todo inmunizar a personal de laboratorio, trabajadores sanitarios y de primeros auxilios.<\/h3>\n<\/blockquote>\n<p><strong>La vacuna contra la viruela convencional<\/strong>, una enfermedad m\u00e1s grave pero erradicada en el planeta desde 1978,\u00a0<strong>es altamente efectiva<\/strong>, aunque la OMS reconoci\u00f3 que no tiene datos sobre las dosis almacenadas en el planeta y pidi\u00f3 a los pa\u00edses que las posean que informen de ello.<\/p>\n<blockquote>\n<h3>Paralelamente,<strong>\u00a0una vacuna m\u00e1s moderna contra la viruela del mono\u00a0fue aprobada por las autoridades sanitarias de Estados Unidos y Canad\u00e1<\/strong>, aunque todav\u00eda no\u00a0fue sometida a estudios de calificaci\u00f3n de la OMS, se\u00f1al\u00f3 Lewis.<\/h3>\n<\/blockquote>\n<p>La directora de Enfermedades Epid\u00e9micas y Pand\u00e9micas de la OMS, Sylvie Briand, a\u00f1adi\u00f3 por su parte que la organizaci\u00f3n excluye por ahora recomendar limitaciones de viajes en relaci\u00f3n con el actual brote.<\/p>\n<blockquote>\n<h3>Tambi\u00e9n anunci\u00f3 que los d\u00edas 2 y 3 de junio se celebrar\u00e1 una sesi\u00f3n de consultas con la participaci\u00f3n de m\u00e1s de 2.000 expertos en la que se analizar\u00e1 el actual brote de viruela del mono y medidas para combatirla mediante tests, tratamientos y vacunas.<\/h3>\n<\/blockquote>\n<p>La sesi\u00f3n t\u00e9cnica no dio datos espec\u00edficos de casos por pa\u00eds, si bien se apunt\u00f3 a Espa\u00f1a, Portugal, Reino Unido, Canad\u00e1 y Estados Unidos como los territorios con m\u00e1s contagios reportados por ahora.<\/p>\n<blockquote>\n<h3>Briand asegur\u00f3 que<strong>\u00a0la enfermedad \u201cno debe preocupar al p\u00fablico general tanto como otras de r\u00e1pida transmisi\u00f3n como el covid<\/strong>\u201d ni debe desatar ansiedad, pero s\u00ed reconoci\u00f3 la necesidad de aumentar la vigilancia sanitaria.<\/h3>\n<\/blockquote>\n<p>La experta se\u00f1al\u00f3 que\u00a0<strong>la tasa de letalidad en los pa\u00edses end\u00e9micos (\u00c1frica occidental y central) es de entre el 3 y el 6 %<\/strong>: \u201cEn general es una enfermedad de s\u00edntomas moderados, pero puede ser m\u00e1s grave en ni\u00f1os, mujeres embarazadas o personas con determinadas afecciones\u201d.<\/p>\n<blockquote>\n<h3>Generalmente dura entre dos y cuatro semanas, y suele empezar con fiebre, dolores de cabeza, fatiga o picores, para acabar derivando en erupciones cut\u00e1neas que generalmente comienzan en la cara pero pueden extenderse a otras partes del cuerpo, record\u00f3 Briand.<\/h3>\n<\/blockquote>\n<p>Como medidas preventivas, la OMS recomienda evitar el contacto f\u00edsico con infectados, llevar mascarilla al estar en contacto con ellos o con su ropa, y limpiar y desinfectar superficies posiblemente contaminadas.<\/p>\n<p><em>EFE.<\/em><\/p>\n","protected":false},"excerpt":{"rendered":"<div class=\"mh-excerpt\"><p>En los primeros d\u00edas de junio se analizar\u00e1 el actual brote y medidas para combatirla mediante tests, tratamientos y vacunas. Espa\u00f1a, Portugal, Reino Unido, Canad\u00e1 y Estados Unidos son los pa\u00edses con m\u00e1s casos registrados <a class=\"mh-excerpt-more\" href=\"https:\/\/larevistadigital.com.ar\/blog\/la-oms-no-recomienda-vacunaciones-masivas-contra-la-viruela-del-mono\/\" title=\"LA OMS NO RECOMIENDA VACUNACIONES MASIVAS CONTRA LA VIRUELA DEL MONO\">[Leer M\u00e1s]<\/a><\/p>\n<\/div>","protected":false},"author":3,"featured_media":25436,"comment_status":"open","ping_status":"open","sticky":false,"template":"","format":"standard","meta":{"_jetpack_memberships_contains_paid_content":false,"footnotes":"","jetpack_publicize_message":"","jetpack_publicize_feature_enabled":true,"jetpack_social_post_already_shared":true,"jetpack_social_options":{"image_generator_settings":{"template":"highway","default_image_id":0,"font":"","enabled":false},"version":2}},"categories":[50],"tags":[],"class_list":{"0":"post-25435","1":"post","2":"type-post","3":"status-publish","4":"format-standard","5":"has-post-thumbnail","7":"category-interes-general"},"jetpack_publicize_connections":[],"jetpack_featured_media_url":"https:\/\/i0.wp.com\/larevistadigital.com.ar\/blog\/wp-content\/uploads\/Captura-de-pantalla-2022-05-27-104201.png?fit=803%2C533&ssl=1","jetpack_sharing_enabled":true,"jetpack_shortlink":"https:\/\/wp.me\/p8qtrQ-6Cf","jetpack-related-posts":[{"id":26940,"url":"https:\/\/larevistadigital.com.ar\/blog\/escobar-detectan-en-un-hombre-el-primer-caso-de-viruela-del-mono\/","url_meta":{"origin":25435,"position":0},"title":"ESCOBAR: DETECTAN EN UN HOMBRE EL PRIMER CASO DE VIRUELA DEL MONO","author":"Alejandro Sosa Ruda","date":"2 agosto, 2022","format":false,"excerpt":"La Municipalidad de Escobar inform\u00f3 que fue confirmado un caso de viruela s\u00edmica. Se trata de un hombre de 43 a\u00f1os que se encuentra en buen estado de salud. Hace diez d\u00edas present\u00f3 fiebre y cuatro d\u00edas m\u00e1s tarde se le descubri\u00f3 la primera ampolla periumbilical. Con este caso, se\u2026","rel":"","context":"En \u00abREGIONALES\u00bb","block_context":{"text":"REGIONALES","link":"https:\/\/larevistadigital.com.ar\/blog\/category\/regionales\/"},"img":{"alt_text":"","src":"https:\/\/i0.wp.com\/larevistadigital.com.ar\/blog\/wp-content\/uploads\/20220801113400_detectan-el-primer-caso-de-viruela-del-mono-en-escobar.jpg?fit=880%2C512&ssl=1&resize=350%2C200","width":350,"height":200,"srcset":"https:\/\/i0.wp.com\/larevistadigital.com.ar\/blog\/wp-content\/uploads\/20220801113400_detectan-el-primer-caso-de-viruela-del-mono-en-escobar.jpg?fit=880%2C512&ssl=1&resize=350%2C200 1x, https:\/\/i0.wp.com\/larevistadigital.com.ar\/blog\/wp-content\/uploads\/20220801113400_detectan-el-primer-caso-de-viruela-del-mono-en-escobar.jpg?fit=880%2C512&ssl=1&resize=525%2C300 1.5x, https:\/\/i0.wp.com\/larevistadigital.com.ar\/blog\/wp-content\/uploads\/20220801113400_detectan-el-primer-caso-de-viruela-del-mono-en-escobar.jpg?fit=880%2C512&ssl=1&resize=700%2C400 2x"},"classes":[]},{"id":29156,"url":"https:\/\/larevistadigital.com.ar\/blog\/un-bonaerense-de-44-anos-es-el-primer-muerto-por-viruela-del-mono-en-el-pais\/","url_meta":{"origin":25435,"position":1},"title":"UN BONAERENSE DE 44 A\u00d1OS ES EL PRIMER MUERTO POR VIRUELA DEL MONO EN EL PA\u00cdS","author":"Alejandro Sosa Ruda","date":"29 noviembre, 2022","format":false,"excerpt":"El paciente, residente de la provincia de Buenos Aires, estaba internado en un establecimiento p\u00fablico de CABA desde el 17 de septiembre en terapia intensiva con asistencia respiratoria mec\u00e1nica y muri\u00f3 el pasado 22 de noviembre a ra\u00edz de un shock s\u00e9ptico 29 de noviembre de 2022 BUENOS AIRES -\u00a0\u2026","rel":"","context":"En \u00abINTERES GENERAL\u00bb","block_context":{"text":"INTERES GENERAL","link":"https:\/\/larevistadigital.com.ar\/blog\/category\/interes-general\/"},"img":{"alt_text":"","src":"https:\/\/i0.wp.com\/larevistadigital.com.ar\/blog\/wp-content\/uploads\/20221128181556_viruela-mono-2.jpg?fit=880%2C512&ssl=1&resize=350%2C200","width":350,"height":200,"srcset":"https:\/\/i0.wp.com\/larevistadigital.com.ar\/blog\/wp-content\/uploads\/20221128181556_viruela-mono-2.jpg?fit=880%2C512&ssl=1&resize=350%2C200 1x, https:\/\/i0.wp.com\/larevistadigital.com.ar\/blog\/wp-content\/uploads\/20221128181556_viruela-mono-2.jpg?fit=880%2C512&ssl=1&resize=525%2C300 1.5x, https:\/\/i0.wp.com\/larevistadigital.com.ar\/blog\/wp-content\/uploads\/20221128181556_viruela-mono-2.jpg?fit=880%2C512&ssl=1&resize=700%2C400 2x"},"classes":[]},{"id":33230,"url":"https:\/\/larevistadigital.com.ar\/blog\/vuelta-al-barbijo-la-oms-advierte-por-una-nueva-ola-de-covid-19\/","url_meta":{"origin":25435,"position":2},"title":"\u00bfVUELTA AL BARBIJO?: LA OMS ADVIERTE POR UNA NUEVA OLA DE COVID 19","author":"Alejandro Sosa Ruda","date":"3 septiembre, 2023","format":false,"excerpt":"Entre el 31 de julio y el 27 de agosto se han notificado a la Organizaci\u00f3n Mundial de la Salud (OMS) m\u00e1s de 1,4 millones de casos nuevos de covid-19, lo que supone un aumento del 38 % respecto a los 28 d\u00edas previos. Corea del Sur es el pa\u00eds\u2026","rel":"","context":"En \u00abINTERES GENERAL\u00bb","block_context":{"text":"INTERES GENERAL","link":"https:\/\/larevistadigital.com.ar\/blog\/category\/interes-general\/"},"img":{"alt_text":"","src":"https:\/\/i0.wp.com\/larevistadigital.com.ar\/blog\/wp-content\/uploads\/20230903161432_oms-alertaa-covid-bondi.jpg?fit=880%2C512&ssl=1&resize=350%2C200","width":350,"height":200,"srcset":"https:\/\/i0.wp.com\/larevistadigital.com.ar\/blog\/wp-content\/uploads\/20230903161432_oms-alertaa-covid-bondi.jpg?fit=880%2C512&ssl=1&resize=350%2C200 1x, https:\/\/i0.wp.com\/larevistadigital.com.ar\/blog\/wp-content\/uploads\/20230903161432_oms-alertaa-covid-bondi.jpg?fit=880%2C512&ssl=1&resize=525%2C300 1.5x, https:\/\/i0.wp.com\/larevistadigital.com.ar\/blog\/wp-content\/uploads\/20230903161432_oms-alertaa-covid-bondi.jpg?fit=880%2C512&ssl=1&resize=700%2C400 2x"},"classes":[]},{"id":35336,"url":"https:\/\/larevistadigital.com.ar\/blog\/la-plata-alerta-por-el-brote-de-dengue-que-sucede-si-una-persona-es-picada-una-segunda-vez\/","url_meta":{"origin":25435,"position":3},"title":"LA PLATA: ALERTA POR EL BROTE DE DENGUE. \u00bfQU\u00c9 SUCEDE SI UNA PERSONA ES PICADA UNA SEGUNDA VEZ?","author":"Alejandro Sosa Ruda","date":"28 febrero, 2024","format":false,"excerpt":"La Plata fue declarada \"en brote\" de dengue y los expertos pidieron extremar los cuidados, especialmente quienes ya sufrieron la enfermedad una vez. 28 de febrero de 2024 LA PLATA -\u00a0 El Ministerio de Salud de la Provincia de Buenos Aires inform\u00f3 el \u00faltimo martes que La Plata se convirti\u00f3\u2026","rel":"","context":"En \u00abREGIONALES\u00bb","block_context":{"text":"REGIONALES","link":"https:\/\/larevistadigital.com.ar\/blog\/category\/regionales\/"},"img":{"alt_text":"","src":"https:\/\/i0.wp.com\/larevistadigital.com.ar\/blog\/wp-content\/uploads\/20230324163045_dengue.jpg?fit=880%2C512&ssl=1&resize=350%2C200","width":350,"height":200,"srcset":"https:\/\/i0.wp.com\/larevistadigital.com.ar\/blog\/wp-content\/uploads\/20230324163045_dengue.jpg?fit=880%2C512&ssl=1&resize=350%2C200 1x, https:\/\/i0.wp.com\/larevistadigital.com.ar\/blog\/wp-content\/uploads\/20230324163045_dengue.jpg?fit=880%2C512&ssl=1&resize=525%2C300 1.5x, https:\/\/i0.wp.com\/larevistadigital.com.ar\/blog\/wp-content\/uploads\/20230324163045_dengue.jpg?fit=880%2C512&ssl=1&resize=700%2C400 2x"},"classes":[]},{"id":33306,"url":"https:\/\/larevistadigital.com.ar\/blog\/a-tener-cuidado-ya-hay-217-casos-confirmados-de-triquinosis-en-20-municipios-bonaerenses\/","url_meta":{"origin":25435,"position":4},"title":"A TENER CUIDADO: YA HAY 217 CASOS CONFIRMADOS DE TRIQUINOSIS EN 20 MUNICIPIOS BONAERENSES.","author":"Alejandro Sosa Ruda","date":"5 septiembre, 2023","format":false,"excerpt":"En tanto, hay otros 239 casos en estudio. Todos los casos evolucionaron favorablemente y se provey\u00f3 el tratamiento correspondiente. En la provincia de Buenos Aires, los brotes de triquinosis se producen en su mayor\u00eda durante la \u00e9poca de bajas temperaturas. 5 de Septiembre de 2023 BUENOS AIRES -\u00a0 La provincia\u2026","rel":"","context":"En \u00abREGIONALES\u00bb","block_context":{"text":"REGIONALES","link":"https:\/\/larevistadigital.com.ar\/blog\/category\/regionales\/"},"img":{"alt_text":"","src":"https:\/\/i0.wp.com\/larevistadigital.com.ar\/blog\/wp-content\/uploads\/20230905175519_triquinosis.jpg?fit=880%2C512&ssl=1&resize=350%2C200","width":350,"height":200,"srcset":"https:\/\/i0.wp.com\/larevistadigital.com.ar\/blog\/wp-content\/uploads\/20230905175519_triquinosis.jpg?fit=880%2C512&ssl=1&resize=350%2C200 1x, https:\/\/i0.wp.com\/larevistadigital.com.ar\/blog\/wp-content\/uploads\/20230905175519_triquinosis.jpg?fit=880%2C512&ssl=1&resize=525%2C300 1.5x, https:\/\/i0.wp.com\/larevistadigital.com.ar\/blog\/wp-content\/uploads\/20230905175519_triquinosis.jpg?fit=880%2C512&ssl=1&resize=700%2C400 2x"},"classes":[]},{"id":33210,"url":"https:\/\/larevistadigital.com.ar\/blog\/mar-del-plata-aumentaron-los-casos-de-covid-y-las-autoridades-insisten-con-la-vacunacion\/","url_meta":{"origin":25435,"position":5},"title":"MAR DEL PLATA: AUMENTARON LOS CASOS DE COVID Y LAS AUTORIDADES INSISTEN CON LA VACUNACI\u00d3N","author":"Alejandro Sosa Ruda","date":"1 septiembre, 2023","format":false,"excerpt":"Desde Zona Sanitaria VIII confirmaron un aumento de contagios en las \u00faltimas semanas. Admiten que ha disminuido notablemente la cantidad de marplatenses que se van a vacunar. 1\u00b0 de septiembre de 2023 MAR DEL PLATA\u00a0 -\u00a0 A pesar de que la Organizaci\u00f3n Mundial de la Salud (OMS) levant\u00f3 en mayo\u2026","rel":"","context":"En \u00abREGIONALES\u00bb","block_context":{"text":"REGIONALES","link":"https:\/\/larevistadigital.com.ar\/blog\/category\/regionales\/"},"img":{"alt_text":"","src":"https:\/\/i0.wp.com\/larevistadigital.com.ar\/blog\/wp-content\/uploads\/casos-covid-12-22-1466171.jpg?fit=1200%2C675&ssl=1&resize=350%2C200","width":350,"height":200,"srcset":"https:\/\/i0.wp.com\/larevistadigital.com.ar\/blog\/wp-content\/uploads\/casos-covid-12-22-1466171.jpg?fit=1200%2C675&ssl=1&resize=350%2C200 1x, https:\/\/i0.wp.com\/larevistadigital.com.ar\/blog\/wp-content\/uploads\/casos-covid-12-22-1466171.jpg?fit=1200%2C675&ssl=1&resize=525%2C300 1.5x, https:\/\/i0.wp.com\/larevistadigital.com.ar\/blog\/wp-content\/uploads\/casos-covid-12-22-1466171.jpg?fit=1200%2C675&ssl=1&resize=700%2C400 2x, https:\/\/i0.wp.com\/larevistadigital.com.ar\/blog\/wp-content\/uploads\/casos-covid-12-22-1466171.jpg?fit=1200%2C675&ssl=1&resize=1050%2C600 3x"},"classes":[]}],"_links":{"self":[{"href":"https:\/\/larevistadigital.com.ar\/blog\/wp-json\/wp\/v2\/posts\/25435","targetHints":{"allow":["GET"]}}],"collection":[{"href":"https:\/\/larevistadigital.com.ar\/blog\/wp-json\/wp\/v2\/posts"}],"about":[{"href":"https:\/\/larevistadigital.com.ar\/blog\/wp-json\/wp\/v2\/types\/post"}],"author":[{"embeddable":true,"href":"https:\/\/larevistadigital.com.ar\/blog\/wp-json\/wp\/v2\/users\/3"}],"replies":[{"embeddable":true,"href":"https:\/\/larevistadigital.com.ar\/blog\/wp-json\/wp\/v2\/comments?post=25435"}],"version-history":[{"count":1,"href":"https:\/\/larevistadigital.com.ar\/blog\/wp-json\/wp\/v2\/posts\/25435\/revisions"}],"predecessor-version":[{"id":25437,"href":"https:\/\/larevistadigital.com.ar\/blog\/wp-json\/wp\/v2\/posts\/25435\/revisions\/25437"}],"wp:featuredmedia":[{"embeddable":true,"href":"https:\/\/larevistadigital.com.ar\/blog\/wp-json\/wp\/v2\/media\/25436"}],"wp:attachment":[{"href":"https:\/\/larevistadigital.com.ar\/blog\/wp-json\/wp\/v2\/media?parent=25435"}],"wp:term":[{"taxonomy":"category","embeddable":true,"href":"https:\/\/larevistadigital.com.ar\/blog\/wp-json\/wp\/v2\/categories?post=25435"},{"taxonomy":"post_tag","embeddable":true,"href":"https:\/\/larevistadigital.com.ar\/blog\/wp-json\/wp\/v2\/tags?post=25435"}],"curies":[{"name":"wp","href":"https:\/\/api.w.org\/{rel}","templated":true}]}}