{"id":25440,"date":"2022-05-27T17:00:31","date_gmt":"2022-05-27T17:00:31","guid":{"rendered":"https:\/\/larevistadigital.com.ar\/blog\/?p=25440"},"modified":"2022-05-27T17:00:31","modified_gmt":"2022-05-27T17:00:31","slug":"se-sortearon-los-octavos-de-la-copa-libertadores-como-son-los-partidos-de-los-equipos-argentinos","status":"publish","type":"post","link":"https:\/\/larevistadigital.com.ar\/blog\/se-sortearon-los-octavos-de-la-copa-libertadores-como-son-los-partidos-de-los-equipos-argentinos\/","title":{"rendered":"SE SORTEARON LOS OCTAVOS DE LA COPA LIBERTADORES: \u00bfCOMO SON LOS PARTIDOS DE LOS EQUIPOS ARGENTINOS?"},"content":{"rendered":"<div class=\"row\">\n<div class=\"col-12\">\n<div class=\"titulo_bajada\">\n<div class=\"bajada\">\n<h2>River, Boca, Estudiantes, Col\u00f3n, Talleres y V\u00e9lez buscar\u00e1n el gran trofeo continental.<\/h2>\n<\/div>\n<\/div>\n<\/div>\n<\/div>\n<div class=\"row\">\n<div class=\"col-xs-12 col-sm-9 col-md-6 col-lg-8\">\n<p>River, Boca, Estudiantes, Col\u00f3n, V\u00e9lez y Talleres conocen sus rivales para los octavos de final de la Copa Libertadores 2022, tras el sorteo realizado este viernes en la sede de Conmebol ubicada en Luque, Paraguay.<\/p>\n<blockquote>\n<h3><strong>River<\/strong>, segundo mejor preclasificado (detr\u00e1s de Palmeiras), se enfrentar\u00e1 a\u00a0<strong>V\u00e9lez,\u00a0<\/strong>con definici\u00f3n en el Monumental.<\/h3>\n<\/blockquote>\n<p>El que avance se\u00a0topar\u00e1 con otro equipo argentino en cuartos, ya que por la misma llave se medir\u00e1n\u00a0<strong>Col\u00f3n de Santa Fe<\/strong>\u00a0y\u00a0<strong>Talleres de C\u00f3rdoba<\/strong>. La revancha ser\u00e1 en el \u201cCementerio de los Elefantes\u201d.<\/p>\n<blockquote>\n<h3><strong>Boca<\/strong>\u00a0tendr\u00e1 en el camino a un rival que ya enfrent\u00f3 en la fase de grupos:\u00a0<strong>Corinthians de Brasil<\/strong>. Primero jugar\u00e1n en Sao Paulo y despu\u00e9s en La Bombonera.\u00a0 Si pasa, el equipo de Battaglia podr\u00eda cruzarse en cuartos con Flamengo.<\/h3>\n<\/blockquote>\n<p><strong>Estudiantes<\/strong>\u00a0(4\u00b0) jugar\u00e1 frente a\u00a0<strong>Fortaleza de Brasil,\u00a0<\/strong>en una buena llave para los de La Plata: en caso de ganar se medir\u00e1n con Libertad de Paraguay o Athletico Paranaense de Brasil.<\/p>\n<h3><span style=\"color: #ff0000\"><strong><img data-recalc-dims=\"1\" loading=\"lazy\" decoding=\"async\" class=\"size-full wp-image-25441 aligncenter\" src=\"https:\/\/i0.wp.com\/larevistadigital.com.ar\/blog\/wp-content\/uploads\/Captura-de-pantalla-2022-05-27-134516.png?resize=808%2C544&#038;ssl=1\" alt=\"\" width=\"808\" height=\"544\" srcset=\"https:\/\/i0.wp.com\/larevistadigital.com.ar\/blog\/wp-content\/uploads\/Captura-de-pantalla-2022-05-27-134516.png?w=808&amp;ssl=1 808w, https:\/\/i0.wp.com\/larevistadigital.com.ar\/blog\/wp-content\/uploads\/Captura-de-pantalla-2022-05-27-134516.png?resize=300%2C202&amp;ssl=1 300w, https:\/\/i0.wp.com\/larevistadigital.com.ar\/blog\/wp-content\/uploads\/Captura-de-pantalla-2022-05-27-134516.png?resize=768%2C517&amp;ssl=1 768w\" sizes=\"auto, (max-width: 808px) 100vw, 808px\" \/><\/strong><\/span><\/h3>\n<h3><span style=\"color: #ff0000\"><strong>Cuadro<\/strong><\/span><\/h3>\n<p>Libertad (Paraguay)<br \/>\nAthletico Paranaense (Brasil)<\/p>\n<p>Estudiantes<br \/>\nFortaleza (Brasil)<\/p>\n<p>Palmeiras (Brasil)<br \/>\nCerro Porte\u00f1o (Paraguay)<\/p>\n<p>Atl\u00e9tico Mineiro (Brasil)<br \/>\nEmelec (Ecuador)<\/p>\n<p>\u2014<br \/>\nFlamengo (Brasil)<br \/>\nDeportes Tolima (Colombia)<\/p>\n<p>Boca<br \/>\nCorinthians (Brasil)<\/p>\n<p>Col\u00f3n<br \/>\nTalleres<\/p>\n<p>River<br \/>\nV\u00e9lez<\/p>\n<p>Los octavos de final se jugar\u00e1n entre el 28 de junio y el 7 de julio. Los cuartos est\u00e1n previstos para disputarse entre el 2 y el 11 de agosto, mientras que las semifinales ser\u00e1n entre el 30 de agosto y el 8 de septiembre.<\/p>\n<p>La final a partido \u00fanico, en el estadio Monumental de Guayaquil (Ecuador), se jugar\u00e1 el s\u00e1bado 29 de octubre.<\/p>\n<h4><span style=\"color: #ff0000\"><strong>Rivales dif\u00edciles para Uni\u00f3n y Lan\u00fas<\/strong><\/span><\/h4>\n<p>Tambi\u00e9n se sortearon los octavos de final de la Copa Sudamericana. Uni\u00f3n de Santa Fe se medir\u00e1 con Nacional de Uruguay y Lan\u00fas ante Independiente del Valle de Ecuador.<\/p>\n<p>Esta competencia se definir\u00e1 el s\u00e1bado 1 de octubre en el estadio Man\u00e9 Garrincha, de Brasilia, capital de Brasil.<\/p>\n<\/div>\n<\/div>\n","protected":false},"excerpt":{"rendered":"<div class=\"mh-excerpt\"><p>River, Boca, Estudiantes, Col\u00f3n, Talleres y V\u00e9lez buscar\u00e1n el gran trofeo continental. River, Boca, Estudiantes, Col\u00f3n, V\u00e9lez y Talleres conocen sus rivales para los octavos de final de la Copa Libertadores 2022, tras el sorteo <a class=\"mh-excerpt-more\" href=\"https:\/\/larevistadigital.com.ar\/blog\/se-sortearon-los-octavos-de-la-copa-libertadores-como-son-los-partidos-de-los-equipos-argentinos\/\" title=\"SE SORTEARON LOS OCTAVOS DE LA COPA LIBERTADORES: \u00bfCOMO SON LOS PARTIDOS DE LOS EQUIPOS ARGENTINOS?\">[Leer M\u00e1s]<\/a><\/p>\n<\/div>","protected":false},"author":3,"featured_media":25443,"comment_status":"open","ping_status":"open","sticky":false,"template":"","format":"standard","meta":{"_jetpack_memberships_contains_paid_content":false,"footnotes":"","jetpack_publicize_message":"","jetpack_publicize_feature_enabled":true,"jetpack_social_post_already_shared":true,"jetpack_social_options":{"image_generator_settings":{"template":"highway","default_image_id":0,"font":"","enabled":false},"version":2}},"categories":[41],"tags":[],"class_list":{"0":"post-25440","1":"post","2":"type-post","3":"status-publish","4":"format-standard","5":"has-post-thumbnail","7":"category-destacadas"},"jetpack_publicize_connections":[],"jetpack_featured_media_url":"https:\/\/i0.wp.com\/larevistadigital.com.ar\/blog\/wp-content\/uploads\/COPA.jpg?fit=1920%2C1080&ssl=1","jetpack_sharing_enabled":true,"jetpack_shortlink":"https:\/\/wp.me\/p8qtrQ-6Ck","jetpack-related-posts":[{"id":23305,"url":"https:\/\/larevistadigital.com.ar\/blog\/se-sorteo-la-copa-de-la-liga\/","url_meta":{"origin":25440,"position":0},"title":"SE SORTE\u00d3 LA COPA DE LA LIGA","author":"Alejandro Sosa Ruda","date":"12 enero, 2022","format":false,"excerpt":"Se realiz\u00f3 esta tarde el sorteo de las zonas y el fixture de la Copa de la Liga, el torneo de primera divisi\u00f3n del f\u00fatbol argentino que comenzar\u00e1 el fin de semana del 11 de febrero, una semana despu\u00e9s de lo pautado debido al aumento de contagios de Covid-19. En\u2026","rel":"","context":"En \u00abDEPORTES\u00bb","block_context":{"text":"DEPORTES","link":"https:\/\/larevistadigital.com.ar\/blog\/category\/deportes\/"},"img":{"alt_text":"","src":"https:\/\/i0.wp.com\/larevistadigital.com.ar\/blog\/wp-content\/uploads\/copa-de-la-liga-profesional-2022-sorteojpg.jpg?fit=1200%2C675&ssl=1&resize=350%2C200","width":350,"height":200,"srcset":"https:\/\/i0.wp.com\/larevistadigital.com.ar\/blog\/wp-content\/uploads\/copa-de-la-liga-profesional-2022-sorteojpg.jpg?fit=1200%2C675&ssl=1&resize=350%2C200 1x, https:\/\/i0.wp.com\/larevistadigital.com.ar\/blog\/wp-content\/uploads\/copa-de-la-liga-profesional-2022-sorteojpg.jpg?fit=1200%2C675&ssl=1&resize=525%2C300 1.5x, https:\/\/i0.wp.com\/larevistadigital.com.ar\/blog\/wp-content\/uploads\/copa-de-la-liga-profesional-2022-sorteojpg.jpg?fit=1200%2C675&ssl=1&resize=700%2C400 2x, https:\/\/i0.wp.com\/larevistadigital.com.ar\/blog\/wp-content\/uploads\/copa-de-la-liga-profesional-2022-sorteojpg.jpg?fit=1200%2C675&ssl=1&resize=1050%2C600 3x"},"classes":[]},{"id":24833,"url":"https:\/\/larevistadigital.com.ar\/blog\/copa-libertadores-aca-los-grupos-y-las-fechas-hasta-la-final-y-habra-choque-argentino\/","url_meta":{"origin":25440,"position":1},"title":"COPA LIBERTADORES, AC\u00c1 LOS GRUPOS Y LAS FECHAS HASTA LA FINAL (Y HABR\u00c1 CHOQUE ARGENTINO)","author":"Alejandro Sosa Ruda","date":"26 marzo, 2022","format":false,"excerpt":"El Xeneize y el Millonario son cabezas de serie de los grupos E y F; V\u00e9lez y Estudiantes comparten la zona C y el Sabalero fue al grupo G con Pe\u00f1arol y los dos grandes de Paraguay. Talleres al H, con Flamengo. La espera termin\u00f3: se realiz\u00f3 en Paraguay el\u2026","rel":"","context":"En \u00abDEPORTES\u00bb","block_context":{"text":"DEPORTES","link":"https:\/\/larevistadigital.com.ar\/blog\/category\/deportes\/"},"img":{"alt_text":"","src":"https:\/\/i0.wp.com\/larevistadigital.com.ar\/blog\/wp-content\/uploads\/libertadores-2022.jpg?fit=680%2C680&ssl=1&resize=350%2C200","width":350,"height":200,"srcset":"https:\/\/i0.wp.com\/larevistadigital.com.ar\/blog\/wp-content\/uploads\/libertadores-2022.jpg?fit=680%2C680&ssl=1&resize=350%2C200 1x, https:\/\/i0.wp.com\/larevistadigital.com.ar\/blog\/wp-content\/uploads\/libertadores-2022.jpg?fit=680%2C680&ssl=1&resize=525%2C300 1.5x"},"classes":[]},{"id":23011,"url":"https:\/\/larevistadigital.com.ar\/blog\/se-sorteo-la-copa-argentina-2022-aca-todos-los-cruces\/","url_meta":{"origin":25440,"position":2},"title":"SE SORTE\u00d3 LA COPA ARGENTINA 2022: AC\u00c1 TODOS LOS CRUCES","author":"Alejandro Sosa Ruda","date":"24 diciembre, 2021","format":false,"excerpt":"En el predio de la AFA se conoci\u00f3 el fixture del certamen que brinda una plaza para la Copa Libertadores de Am\u00e9rica 2023. River y Boca reci\u00e9n podr\u00edan cruzarse reci\u00e9n en semifinales. Se sorte\u00f3 la\u00a0Copa Argentina 2022, luego de lo que fue la\u00a0coronaci\u00f3n de Boca en la edici\u00f3n 2021. Desde\u00a0el\u2026","rel":"","context":"En \u00abDEPORTES\u00bb","block_context":{"text":"DEPORTES","link":"https:\/\/larevistadigital.com.ar\/blog\/category\/deportes\/"},"img":{"alt_text":"","src":"https:\/\/i0.wp.com\/larevistadigital.com.ar\/blog\/wp-content\/uploads\/copa-argentina-2020.jpg?fit=640%2C360&ssl=1&resize=350%2C200","width":350,"height":200,"srcset":"https:\/\/i0.wp.com\/larevistadigital.com.ar\/blog\/wp-content\/uploads\/copa-argentina-2020.jpg?fit=640%2C360&ssl=1&resize=350%2C200 1x, https:\/\/i0.wp.com\/larevistadigital.com.ar\/blog\/wp-content\/uploads\/copa-argentina-2020.jpg?fit=640%2C360&ssl=1&resize=525%2C300 1.5x"},"classes":[]},{"id":838,"url":"https:\/\/larevistadigital.com.ar\/blog\/ahora-llego-acuerdo-vuelve-futbol-todas-las-categorias\/","url_meta":{"origin":25440,"position":3},"title":"Ahora s\u00ed, lleg\u00f3 el acuerdo; Vuelve el f\u00fatbol en todas las categor\u00edas","author":"Alejandro Sosa Ruda","date":"8 marzo, 2017","format":false,"excerpt":"Finalmente las negociaciones que estaban estancadas tuvieron un buen final, y Agremiados levant\u00f3 el paro, Ma\u00f1ana se vuelve a jugar por el campeonato. Aqu\u00ed te informamos como ser\u00e1 la fecha. Luego de varias idas y vueltas, lleg\u00f3 el acuerdo que tantos\u00a0 (y sobre todo los hinchas) estaban esperando. A pesar\u2026","rel":"","context":"En \u00abDEPORTES\u00bb","block_context":{"text":"DEPORTES","link":"https:\/\/larevistadigital.com.ar\/blog\/category\/deportes\/"},"img":{"alt_text":"","src":"https:\/\/i0.wp.com\/larevistadigital.com.ar\/blog\/wp-content\/uploads\/2017\/03\/marchi2.jpg?fit=980%2C550&ssl=1&resize=350%2C200","width":350,"height":200,"srcset":"https:\/\/i0.wp.com\/larevistadigital.com.ar\/blog\/wp-content\/uploads\/2017\/03\/marchi2.jpg?fit=980%2C550&ssl=1&resize=350%2C200 1x, https:\/\/i0.wp.com\/larevistadigital.com.ar\/blog\/wp-content\/uploads\/2017\/03\/marchi2.jpg?fit=980%2C550&ssl=1&resize=525%2C300 1.5x, https:\/\/i0.wp.com\/larevistadigital.com.ar\/blog\/wp-content\/uploads\/2017\/03\/marchi2.jpg?fit=980%2C550&ssl=1&resize=700%2C400 2x"},"classes":[]},{"id":7474,"url":"https:\/\/larevistadigital.com.ar\/blog\/se-queda-en-river\/","url_meta":{"origin":25440,"position":4},"title":"SE QUEDA EN RIVER","author":"Alejandro Sosa Ruda","date":"30 diciembre, 2018","format":false,"excerpt":"Un jugador del Campe\u00f3n de Am\u00e9rica ser\u00e1 elegido el mejor de Sudam\u00e9rica en 2018 Como todos los a\u00f1os,\u00a0desde hace 33,el diario El Pa\u00eds, de Uruguay dar\u00e1 a conocer el nombre del mejor futbolista, seg\u00fan los votos de\u00a0varios periodistas del continente (premio\u00a0avalado\u00a0por la Conmebol y en la que participan m\u00e1s de\u2026","rel":"","context":"En \u00abDEPORTES\u00bb","block_context":{"text":"DEPORTES","link":"https:\/\/larevistadigital.com.ar\/blog\/category\/deportes\/"},"img":{"alt_text":"","src":"https:\/\/i0.wp.com\/larevistadigital.com.ar\/blog\/wp-content\/uploads\/2018\/12\/0005588859.jpg?fit=1140%2C750&ssl=1&resize=350%2C200","width":350,"height":200,"srcset":"https:\/\/i0.wp.com\/larevistadigital.com.ar\/blog\/wp-content\/uploads\/2018\/12\/0005588859.jpg?fit=1140%2C750&ssl=1&resize=350%2C200 1x, https:\/\/i0.wp.com\/larevistadigital.com.ar\/blog\/wp-content\/uploads\/2018\/12\/0005588859.jpg?fit=1140%2C750&ssl=1&resize=525%2C300 1.5x, https:\/\/i0.wp.com\/larevistadigital.com.ar\/blog\/wp-content\/uploads\/2018\/12\/0005588859.jpg?fit=1140%2C750&ssl=1&resize=700%2C400 2x, https:\/\/i0.wp.com\/larevistadigital.com.ar\/blog\/wp-content\/uploads\/2018\/12\/0005588859.jpg?fit=1140%2C750&ssl=1&resize=1050%2C600 3x"},"classes":[]},{"id":30103,"url":"https:\/\/larevistadigital.com.ar\/blog\/liga-profesional-de-futbol-todos-los-partidos-horarios-y-tv-de-la-tercera-fecha\/","url_meta":{"origin":25440,"position":5},"title":"LIGA PROFESIONAL DE F\u00daTBOL: TODOS LOS PARTIDOS, HORARIOS Y TV DE LA TERCERA FECHA","author":"Alejandro Sosa Ruda","date":"10 febrero, 2023","format":false,"excerpt":"Comienza hoy, con dos partidos. Se destaca el encuentro en el que River presentar\u00e1 la renovaci\u00f3n de su estadio ante Argentinos Juniors, y la visita de Godoy Cruz, unos de los l\u00edderes, a San Lorenzo. 10 de febrero de 2023 Todo listo para la 3\u00aa de las 27 fechas que\u2026","rel":"","context":"En \u00abDEPORTES\u00bb","block_context":{"text":"DEPORTES","link":"https:\/\/larevistadigital.com.ar\/blog\/category\/deportes\/"},"img":{"alt_text":"","src":"https:\/\/i0.wp.com\/larevistadigital.com.ar\/blog\/wp-content\/uploads\/r1070265_1296x518_5-2.jpg?fit=1200%2C480&ssl=1&resize=350%2C200","width":350,"height":200,"srcset":"https:\/\/i0.wp.com\/larevistadigital.com.ar\/blog\/wp-content\/uploads\/r1070265_1296x518_5-2.jpg?fit=1200%2C480&ssl=1&resize=350%2C200 1x, https:\/\/i0.wp.com\/larevistadigital.com.ar\/blog\/wp-content\/uploads\/r1070265_1296x518_5-2.jpg?fit=1200%2C480&ssl=1&resize=525%2C300 1.5x, https:\/\/i0.wp.com\/larevistadigital.com.ar\/blog\/wp-content\/uploads\/r1070265_1296x518_5-2.jpg?fit=1200%2C480&ssl=1&resize=700%2C400 2x, https:\/\/i0.wp.com\/larevistadigital.com.ar\/blog\/wp-content\/uploads\/r1070265_1296x518_5-2.jpg?fit=1200%2C480&ssl=1&resize=1050%2C600 3x"},"classes":[]}],"_links":{"self":[{"href":"https:\/\/larevistadigital.com.ar\/blog\/wp-json\/wp\/v2\/posts\/25440","targetHints":{"allow":["GET"]}}],"collection":[{"href":"https:\/\/larevistadigital.com.ar\/blog\/wp-json\/wp\/v2\/posts"}],"about":[{"href":"https:\/\/larevistadigital.com.ar\/blog\/wp-json\/wp\/v2\/types\/post"}],"author":[{"embeddable":true,"href":"https:\/\/larevistadigital.com.ar\/blog\/wp-json\/wp\/v2\/users\/3"}],"replies":[{"embeddable":true,"href":"https:\/\/larevistadigital.com.ar\/blog\/wp-json\/wp\/v2\/comments?post=25440"}],"version-history":[{"count":2,"href":"https:\/\/larevistadigital.com.ar\/blog\/wp-json\/wp\/v2\/posts\/25440\/revisions"}],"predecessor-version":[{"id":25444,"href":"https:\/\/larevistadigital.com.ar\/blog\/wp-json\/wp\/v2\/posts\/25440\/revisions\/25444"}],"wp:featuredmedia":[{"embeddable":true,"href":"https:\/\/larevistadigital.com.ar\/blog\/wp-json\/wp\/v2\/media\/25443"}],"wp:attachment":[{"href":"https:\/\/larevistadigital.com.ar\/blog\/wp-json\/wp\/v2\/media?parent=25440"}],"wp:term":[{"taxonomy":"category","embeddable":true,"href":"https:\/\/larevistadigital.com.ar\/blog\/wp-json\/wp\/v2\/categories?post=25440"},{"taxonomy":"post_tag","embeddable":true,"href":"https:\/\/larevistadigital.com.ar\/blog\/wp-json\/wp\/v2\/tags?post=25440"}],"curies":[{"name":"wp","href":"https:\/\/api.w.org\/{rel}","templated":true}]}}