{"id":25445,"date":"2022-05-27T23:01:56","date_gmt":"2022-05-27T23:01:56","guid":{"rendered":"https:\/\/larevistadigital.com.ar\/blog\/?p=25445"},"modified":"2022-05-27T23:01:56","modified_gmt":"2022-05-27T23:01:56","slug":"chascomus-fuerte-operativo-en-calle-julian-quintana-entre-salta-y-san-lorenzo","status":"publish","type":"post","link":"https:\/\/larevistadigital.com.ar\/blog\/chascomus-fuerte-operativo-en-calle-julian-quintana-entre-salta-y-san-lorenzo\/","title":{"rendered":"CHASCOM\u00daS: FUERTE OPERATIVO EN CALLE JULIAN QUINTANA ENTRE SALTA Y SAN LORENZO"},"content":{"rendered":"<p><strong>CHASCOM\u00daS &#8211;\u00a0<\/strong> En la tarde-noche de hoy, se produjo un importante procedimiento en calle Juli\u00e1n Quintana entre San Lorenzo y Salta del barrio Jard\u00edn.<\/p>\n<p>Seg\u00fan pudimos averiguar, habr\u00eda una persona detenida por temas de narcotr\u00e1fico, que adem\u00e1s ser\u00eda alguien vinculado a robos y distintos hechos delictivos.<\/p>\n<blockquote>\n<h3>Esto, seg\u00fan nos narraron, habr\u00eda provocado aplausos de algunos vecinos que obviamente se sent\u00edan agobiados por el accionar del sujeto en cuesti\u00f3n.<\/h3>\n<\/blockquote>\n<p>Hasta el momento no hay informaci\u00f3n oficial. AMPLIAREMOS<\/p>\n","protected":false},"excerpt":{"rendered":"<div class=\"mh-excerpt\"><p>CHASCOM\u00daS &#8211;\u00a0 En la tarde-noche de hoy, se produjo un importante procedimiento en calle Juli\u00e1n Quintana entre San Lorenzo y Salta del barrio Jard\u00edn. Seg\u00fan pudimos averiguar, habr\u00eda una persona detenida por temas de narcotr\u00e1fico, <a class=\"mh-excerpt-more\" href=\"https:\/\/larevistadigital.com.ar\/blog\/chascomus-fuerte-operativo-en-calle-julian-quintana-entre-salta-y-san-lorenzo\/\" title=\"CHASCOM\u00daS: FUERTE OPERATIVO EN CALLE JULIAN QUINTANA ENTRE SALTA Y SAN LORENZO\">[Leer M\u00e1s]<\/a><\/p>\n<\/div>","protected":false},"author":3,"featured_media":25446,"comment_status":"open","ping_status":"open","sticky":false,"template":"","format":"standard","meta":{"_jetpack_memberships_contains_paid_content":false,"footnotes":"","jetpack_publicize_message":"","jetpack_publicize_feature_enabled":true,"jetpack_social_post_already_shared":true,"jetpack_social_options":{"image_generator_settings":{"template":"highway","default_image_id":0,"font":"","enabled":false},"version":2}},"categories":[41,44],"tags":[],"class_list":{"0":"post-25445","1":"post","2":"type-post","3":"status-publish","4":"format-standard","5":"has-post-thumbnail","7":"category-destacadas","8":"category-policiales"},"jetpack_publicize_connections":[],"jetpack_featured_media_url":"https:\/\/i0.wp.com\/larevistadigital.com.ar\/blog\/wp-content\/uploads\/OPERATIVO-JULIAN-QUINTANA-Y-SALTA.jpg?fit=960%2C878&ssl=1","jetpack_sharing_enabled":true,"jetpack_shortlink":"https:\/\/wp.me\/p8qtrQ-6Cp","jetpack-related-posts":[{"id":25455,"url":"https:\/\/larevistadigital.com.ar\/blog\/chascomus-ampliando-informacion-importante-cantidad-de-droga-y-una-persona-detenida-en-el-procedimiento-de-anoche-en-calle-julian-quintana\/","url_meta":{"origin":25445,"position":0},"title":"CHASCOM\u00daS (AMPLIANDO INFORMACI\u00d3N): IMPORTANTE CANTIDAD DE DROGA Y UNA PERSONA DETENIDA EN EL PROCEDIMIENTO DE ANOCHE EN CALLE JULIAN QUINTANA","author":"Alejandro Sosa Ruda","date":"28 mayo, 2022","format":false,"excerpt":"CHASCOM\u00daS -\u00a0 \u00a0Tal como informamos en primicia en la tarde noche de ayer, se llev\u00f3 a cabo un allanamiento en calle Juli\u00e1n Quintana entre Salta y San Lorenzo, que arroj\u00f3 como resultado la detecci\u00f3n de marihuana en una importante cantidad, (m\u00e1s de un kilo) convirti\u00e9ndose en una de las detecciones\u2026","rel":"","context":"En \u00abDESTACADAS\u00bb","block_context":{"text":"DESTACADAS","link":"https:\/\/larevistadigital.com.ar\/blog\/category\/destacadas\/"},"img":{"alt_text":"","src":"https:\/\/i0.wp.com\/larevistadigital.com.ar\/blog\/wp-content\/uploads\/OPERATIVO-JULIAN-QUINTANA-Y-SALTA.jpg?fit=960%2C878&ssl=1&resize=350%2C200","width":350,"height":200,"srcset":"https:\/\/i0.wp.com\/larevistadigital.com.ar\/blog\/wp-content\/uploads\/OPERATIVO-JULIAN-QUINTANA-Y-SALTA.jpg?fit=960%2C878&ssl=1&resize=350%2C200 1x, https:\/\/i0.wp.com\/larevistadigital.com.ar\/blog\/wp-content\/uploads\/OPERATIVO-JULIAN-QUINTANA-Y-SALTA.jpg?fit=960%2C878&ssl=1&resize=525%2C300 1.5x, https:\/\/i0.wp.com\/larevistadigital.com.ar\/blog\/wp-content\/uploads\/OPERATIVO-JULIAN-QUINTANA-Y-SALTA.jpg?fit=960%2C878&ssl=1&resize=700%2C400 2x"},"classes":[]},{"id":12576,"url":"https:\/\/larevistadigital.com.ar\/blog\/accidente-entre-auto-y-moto-en-julian-quintana-y-escribano\/","url_meta":{"origin":25445,"position":1},"title":"ACCIDENTE ENTRE AUTO Y MOTO EN JULI\u00c1N QUINTANA Y ESCRIBANO","author":"Alejandro Sosa Ruda","date":"10 octubre, 2019","format":false,"excerpt":"En horas de la ma\u00f1ana de hoy se produjo un lamentable accidente entre una motocicleta Gilera 110cc y un utilitario marca Peugeot Partner, Seg\u00fan inform\u00f3 la FM Por Siempre (97.3). Seg\u00fan el conductor de la Partner, se dirig\u00eda hacia el centro por Juli\u00e1n Quintana, asegurando que lo hac\u00eda a baja\u2026","rel":"","context":"En \u00abCHASCOM\u00daS\u00bb","block_context":{"text":"CHASCOM\u00daS","link":"https:\/\/larevistadigital.com.ar\/blog\/category\/chascomus\/"},"img":{"alt_text":"","src":"https:\/\/i0.wp.com\/larevistadigital.com.ar\/blog\/wp-content\/uploads\/Screenshot_2-48.jpg?fit=600%2C880&ssl=1&resize=350%2C200","width":350,"height":200,"srcset":"https:\/\/i0.wp.com\/larevistadigital.com.ar\/blog\/wp-content\/uploads\/Screenshot_2-48.jpg?fit=600%2C880&ssl=1&resize=350%2C200 1x, https:\/\/i0.wp.com\/larevistadigital.com.ar\/blog\/wp-content\/uploads\/Screenshot_2-48.jpg?fit=600%2C880&ssl=1&resize=525%2C300 1.5x"},"classes":[]},{"id":12503,"url":"https:\/\/larevistadigital.com.ar\/blog\/choque-en-cadena-en-pleno-centro-de-chascomus\/","url_meta":{"origin":25445,"position":2},"title":"CHOQUE EN CADENA EN PLENO CENTRO DE CHASCOM\u00daS","author":"Alejandro Sosa Ruda","date":"8 octubre, 2019","format":false,"excerpt":"El siniestro ocurri\u00f3 por la tarde, y afect\u00f3 a cinco veh\u00edculos, en la esquina de Juli\u00e1n Quintana y Bolivar, donde colision\u00f3 una camioneta Ford Ranger con un Ford Fiesta, perdiendo el control la camioneta y chocando a tres autos m\u00e1s que estaban estacionados. Aparentemente no hubo heridos por el accidente\u2026","rel":"","context":"En \u00abINTERES GENERAL\u00bb","block_context":{"text":"INTERES GENERAL","link":"https:\/\/larevistadigital.com.ar\/blog\/category\/interes-general\/"},"img":{"alt_text":"","src":"https:\/\/i0.wp.com\/larevistadigital.com.ar\/blog\/wp-content\/uploads\/WhatsApp-Image-2019-10-07-at-12.12.41.jpeg?fit=1200%2C900&ssl=1&resize=350%2C200","width":350,"height":200,"srcset":"https:\/\/i0.wp.com\/larevistadigital.com.ar\/blog\/wp-content\/uploads\/WhatsApp-Image-2019-10-07-at-12.12.41.jpeg?fit=1200%2C900&ssl=1&resize=350%2C200 1x, https:\/\/i0.wp.com\/larevistadigital.com.ar\/blog\/wp-content\/uploads\/WhatsApp-Image-2019-10-07-at-12.12.41.jpeg?fit=1200%2C900&ssl=1&resize=525%2C300 1.5x, https:\/\/i0.wp.com\/larevistadigital.com.ar\/blog\/wp-content\/uploads\/WhatsApp-Image-2019-10-07-at-12.12.41.jpeg?fit=1200%2C900&ssl=1&resize=700%2C400 2x, https:\/\/i0.wp.com\/larevistadigital.com.ar\/blog\/wp-content\/uploads\/WhatsApp-Image-2019-10-07-at-12.12.41.jpeg?fit=1200%2C900&ssl=1&resize=1050%2C600 3x"},"classes":[]},{"id":4754,"url":"https:\/\/larevistadigital.com.ar\/blog\/chascomus-violento-robo-domicilio-dos-personas-heridas\/","url_meta":{"origin":25445,"position":3},"title":"CHASCOM\u00daS: VIOLENTO ROBO EN DOMICILIO CON DOS PERSONAS HERIDAS","author":"Alejandro Sosa Ruda","date":"6 febrero, 2018","format":false,"excerpt":"Un\u00a0 robo bastante violento se produjo en un domicilio ubicado en la calle Juli\u00e1n Quintana, entre Salta y San Lorenzo, en donde resultaron heridos dos hermanos. La hija de la v\u00edctima fue entrevistada por el m\u00f3vil de FM Por Siempre, en donde narr\u00f3 que en momentos que se alistaban a\u2026","rel":"","context":"En \u00abDESTACADAS\u00bb","block_context":{"text":"DESTACADAS","link":"https:\/\/larevistadigital.com.ar\/blog\/category\/destacadas\/"},"img":{"alt_text":"","src":"https:\/\/i0.wp.com\/larevistadigital.com.ar\/blog\/wp-content\/uploads\/2018\/02\/descarga-8.jpg?fit=650%2C440&ssl=1&resize=350%2C200","width":350,"height":200,"srcset":"https:\/\/i0.wp.com\/larevistadigital.com.ar\/blog\/wp-content\/uploads\/2018\/02\/descarga-8.jpg?fit=650%2C440&ssl=1&resize=350%2C200 1x, https:\/\/i0.wp.com\/larevistadigital.com.ar\/blog\/wp-content\/uploads\/2018\/02\/descarga-8.jpg?fit=650%2C440&ssl=1&resize=525%2C300 1.5x"},"classes":[]},{"id":4220,"url":"https:\/\/larevistadigital.com.ar\/blog\/chascomus-municipio-recuerda-enero-comienza-regir-la-ampliacion-del-estacionemiento-medido\/","url_meta":{"origin":25445,"position":4},"title":"CHASCOM\u00daS: EL MUNICIPIO RECUERDA QUE EN ENERO COMIENZA A REGIR LA AMPLIACI\u00d3N DEL ESTACIONEMIENTO MEDIDO","author":"Alejandro Sosa Ruda","date":"13 diciembre, 2017","format":false,"excerpt":"Desde la p\u00e1gina oficial de Facebook de la Municipalidad, se recuerda a los ciudadanos que desde el d\u00eda 1\u00b0 de enero, comienza a regir la ampliaci\u00f3n del Estacionamiento Medido. A PARTIR DEL 1\u00ba DE ENERO COMIENZA A REGIR LA AMPLIACI\u00d3N DEL ESTACIONAMIENTO MEDIDO Seg\u00fan lo establece la Ordenanza N\u00ba 5046\u2026","rel":"","context":"En \u00abCHASCOM\u00daS\u00bb","block_context":{"text":"CHASCOM\u00daS","link":"https:\/\/larevistadigital.com.ar\/blog\/category\/chascomus\/"},"img":{"alt_text":"","src":"https:\/\/i0.wp.com\/larevistadigital.com.ar\/blog\/wp-content\/uploads\/2017\/12\/25158398_1714869178533960_4369261589333084778_n.jpg?fit=960%2C544&ssl=1&resize=350%2C200","width":350,"height":200,"srcset":"https:\/\/i0.wp.com\/larevistadigital.com.ar\/blog\/wp-content\/uploads\/2017\/12\/25158398_1714869178533960_4369261589333084778_n.jpg?fit=960%2C544&ssl=1&resize=350%2C200 1x, https:\/\/i0.wp.com\/larevistadigital.com.ar\/blog\/wp-content\/uploads\/2017\/12\/25158398_1714869178533960_4369261589333084778_n.jpg?fit=960%2C544&ssl=1&resize=525%2C300 1.5x, https:\/\/i0.wp.com\/larevistadigital.com.ar\/blog\/wp-content\/uploads\/2017\/12\/25158398_1714869178533960_4369261589333084778_n.jpg?fit=960%2C544&ssl=1&resize=700%2C400 2x"},"classes":[]},{"id":3839,"url":"https:\/\/larevistadigital.com.ar\/blog\/chascomus-se-prohibira-la-venta-alcohol-las-fiestas-fin-ano\/","url_meta":{"origin":25445,"position":5},"title":"CHASCOM\u00daS: SE PROHIBIR\u00c1 LA VENTA DE ALCOHOL EN LAS FIESTAS DE FIN DE A\u00d1O","author":"Alejandro Sosa Ruda","date":"14 noviembre, 2017","format":false,"excerpt":"\u00a0 Entrevistado en la FM 101.5, el Sub Secretario de Seguridad del Municipio de Chascom\u00fas, Lucas Funes, se refiri\u00f3 a distintos temas de actualidad local. \u201cVUELTAS OL\u00cdMPICAS\u201d Respecto de las llamadas \u201cvueltas ol\u00edmpicas\u201d que realizan los estudiantes, dijo que se realiz\u00f3 una reuni\u00f3n el jueves pasado en el municipio, donde\u2026","rel":"","context":"En \u00abCHASCOM\u00daS\u00bb","block_context":{"text":"CHASCOM\u00daS","link":"https:\/\/larevistadigital.com.ar\/blog\/category\/chascomus\/"},"img":{"alt_text":"","src":"https:\/\/i0.wp.com\/larevistadigital.com.ar\/blog\/wp-content\/uploads\/2017\/11\/LEYSECA-1.jpg?fit=600%2C600&ssl=1&resize=350%2C200","width":350,"height":200,"srcset":"https:\/\/i0.wp.com\/larevistadigital.com.ar\/blog\/wp-content\/uploads\/2017\/11\/LEYSECA-1.jpg?fit=600%2C600&ssl=1&resize=350%2C200 1x, https:\/\/i0.wp.com\/larevistadigital.com.ar\/blog\/wp-content\/uploads\/2017\/11\/LEYSECA-1.jpg?fit=600%2C600&ssl=1&resize=525%2C300 1.5x"},"classes":[]}],"_links":{"self":[{"href":"https:\/\/larevistadigital.com.ar\/blog\/wp-json\/wp\/v2\/posts\/25445","targetHints":{"allow":["GET"]}}],"collection":[{"href":"https:\/\/larevistadigital.com.ar\/blog\/wp-json\/wp\/v2\/posts"}],"about":[{"href":"https:\/\/larevistadigital.com.ar\/blog\/wp-json\/wp\/v2\/types\/post"}],"author":[{"embeddable":true,"href":"https:\/\/larevistadigital.com.ar\/blog\/wp-json\/wp\/v2\/users\/3"}],"replies":[{"embeddable":true,"href":"https:\/\/larevistadigital.com.ar\/blog\/wp-json\/wp\/v2\/comments?post=25445"}],"version-history":[{"count":1,"href":"https:\/\/larevistadigital.com.ar\/blog\/wp-json\/wp\/v2\/posts\/25445\/revisions"}],"predecessor-version":[{"id":25447,"href":"https:\/\/larevistadigital.com.ar\/blog\/wp-json\/wp\/v2\/posts\/25445\/revisions\/25447"}],"wp:featuredmedia":[{"embeddable":true,"href":"https:\/\/larevistadigital.com.ar\/blog\/wp-json\/wp\/v2\/media\/25446"}],"wp:attachment":[{"href":"https:\/\/larevistadigital.com.ar\/blog\/wp-json\/wp\/v2\/media?parent=25445"}],"wp:term":[{"taxonomy":"category","embeddable":true,"href":"https:\/\/larevistadigital.com.ar\/blog\/wp-json\/wp\/v2\/categories?post=25445"},{"taxonomy":"post_tag","embeddable":true,"href":"https:\/\/larevistadigital.com.ar\/blog\/wp-json\/wp\/v2\/tags?post=25445"}],"curies":[{"name":"wp","href":"https:\/\/api.w.org\/{rel}","templated":true}]}}