{"id":2548,"date":"2017-06-27T12:14:18","date_gmt":"2017-06-27T12:14:18","guid":{"rendered":"https:\/\/larevistadigital.com.ar\/blog\/?p=2548"},"modified":"2017-06-27T12:14:18","modified_gmt":"2017-06-27T12:14:18","slug":"gabriel-macchi-candidato-de-unidad-ciudadana-en-chascomushoy-nuestra-unica-bandera-es-la-bandera-de-la-patria","status":"publish","type":"post","link":"https:\/\/larevistadigital.com.ar\/blog\/gabriel-macchi-candidato-de-unidad-ciudadana-en-chascomushoy-nuestra-unica-bandera-es-la-bandera-de-la-patria\/","title":{"rendered":"GABRIEL MACCHI, CANDIDATO DE UNIDAD CIUDADANA EN CHASCOM\u00daS:\u00bbHOY NUESTRA \u00daNICA BANDERA, ES LA BANDERA DE LA PATRIA\u00bb"},"content":{"rendered":"<p>El candidato a concejal por el frente Unidad Ciudadana <strong>Gabriel Macchi<\/strong>, sostuvo que se logr\u00f3 consensuar una lista que tiene gente nueva en la pol\u00edtica y que la conforman personas que est\u00e1n representando a toda la sociedad en su conjunto.<\/p>\n<p><strong>Macchi <\/strong>asegur\u00f3 que <strong><em>\u201ccreo que hemos sabido interpretar el mensaje de la sociedad y de nuestra conductora, por lo que dejamos de lado las apetencias de las agrupaciones y sectores internos poniendo personas que nos unifiquen y representen a nuestro pueblo y su gente\u201d <\/em><\/strong>agregando que<strong><em> \u201choy nuestra bandera, es la bandera de la patria\u201d<\/em><\/strong>.<\/p>\n<blockquote>\n<h3>En el \u00e1mbito local, sostuvo que <strong><em>\u201cen esta elecci\u00f3n, se dirimen las fuerzas que van a equilibrar, y oficiar de control del ejecutivo en el Concejo Deliberante, adem\u00e1s de trabajar para que las obras y soluciones no sean exclusivos de algunos sectores de la sociedad, sino que se repartan de manera m\u00e1s igualitaria y se contemplen las necesidades de quienes despu\u00e9s de las campa\u00f1as se transforman en los primeros olvidados\u201d<\/em><\/strong>. Y culmin\u00f3 diciendo que <strong><em>\u201cNosotros tenemos bien claro donde ubicarnos. Eso es al lado de la gente\u201d<\/em><\/strong>.<\/h3>\n<\/blockquote>\n<p><strong>Macchi<\/strong> es el actual vicepresidente del PJ y fue candidato a intendente en la \u00faltima elecci\u00f3n quedando en segundo lugar, detr\u00e1s del ganador Javier Gast\u00f3n de Unidad por Chascom\u00fas.<\/p>\n<p>Hoy representa a un amplio sector del peronismo e ir\u00eda para conseguir un segundo mandato como concejal.<\/p>\n<p>El gran desaf\u00edo ser\u00e1 como m\u00ednimo tratar de conservar el gran caudal que tuvo en la \u00faltima elecci\u00f3n, lo que autom\u00e1ticamente lo colocar\u00eda en posici\u00f3n ganadora, ya que las cosas son distintas que en 2015.<\/p>\n","protected":false},"excerpt":{"rendered":"<div class=\"mh-excerpt\"><p>El candidato a concejal por el frente Unidad Ciudadana Gabriel Macchi, sostuvo que se logr\u00f3 consensuar una lista que tiene gente nueva en la pol\u00edtica y que la conforman personas que est\u00e1n representando a toda <a class=\"mh-excerpt-more\" href=\"https:\/\/larevistadigital.com.ar\/blog\/gabriel-macchi-candidato-de-unidad-ciudadana-en-chascomushoy-nuestra-unica-bandera-es-la-bandera-de-la-patria\/\" title=\"GABRIEL MACCHI, CANDIDATO DE UNIDAD CIUDADANA EN CHASCOM\u00daS:\u00bbHOY NUESTRA \u00daNICA BANDERA, ES LA BANDERA DE LA PATRIA\u00bb\">[Leer M\u00e1s]<\/a><\/p>\n<\/div>","protected":false},"author":3,"featured_media":2549,"comment_status":"open","ping_status":"open","sticky":false,"template":"","format":"standard","meta":{"_jetpack_memberships_contains_paid_content":false,"footnotes":"","jetpack_publicize_message":"","jetpack_publicize_feature_enabled":true,"jetpack_social_post_already_shared":true,"jetpack_social_options":{"image_generator_settings":{"template":"highway","default_image_id":0,"font":"","enabled":false},"version":2}},"categories":[6,12,23],"tags":[],"class_list":{"0":"post-2548","1":"post","2":"type-post","3":"status-publish","4":"format-standard","5":"has-post-thumbnail","7":"category-chascomus","8":"category-politica","9":"category-politica-local"},"jetpack_publicize_connections":[],"jetpack_featured_media_url":"https:\/\/i0.wp.com\/larevistadigital.com.ar\/blog\/wp-content\/uploads\/2017\/06\/12791117_1123402557684222_4658401552988722687_n.jpg?fit=960%2C640&ssl=1","jetpack_sharing_enabled":true,"jetpack_shortlink":"https:\/\/wp.me\/p8qtrQ-F6","jetpack-related-posts":[{"id":2717,"url":"https:\/\/larevistadigital.com.ar\/blog\/chascomus-con-nutrida-concurrencia-gabriel-machi-presento-la-lista-que-lo-acompana-en-unidad-ciudadana\/","url_meta":{"origin":2548,"position":0},"title":"CHASCOM\u00daS: CON NUTRIDA CONCURRENCIA GABRIEL MACHI PRESENT\u00d3 LA LISTA QUE LO ACOMPA\u00d1A EN UNIDAD CIUDADANA","author":"Alejandro Sosa Ruda","date":"23 julio, 2017","format":false,"excerpt":"Con un importante marco de gente que lo acompa\u00f1\u00f3, el precandidato a concejal Gabriel Macchi present\u00f3 en un acto a quienes lo acompa\u00f1ar\u00e1n en la lista de Unidad Ciudadana. No fue una presentaci\u00f3n m\u00e1s. Muchos supon\u00edan que hab\u00eda pasado el momento de Macchi y su gente, pero al parecer la\u2026","rel":"","context":"En \u00abCHASCOM\u00daS\u00bb","block_context":{"text":"CHASCOM\u00daS","link":"https:\/\/larevistadigital.com.ar\/blog\/category\/chascomus\/"},"img":{"alt_text":"","src":"https:\/\/i0.wp.com\/larevistadigital.com.ar\/blog\/wp-content\/uploads\/2017\/07\/20229849_1513882471988102_6737175772459341343_o.jpg?fit=1024%2C524&ssl=1&resize=350%2C200","width":350,"height":200,"srcset":"https:\/\/i0.wp.com\/larevistadigital.com.ar\/blog\/wp-content\/uploads\/2017\/07\/20229849_1513882471988102_6737175772459341343_o.jpg?fit=1024%2C524&ssl=1&resize=350%2C200 1x, https:\/\/i0.wp.com\/larevistadigital.com.ar\/blog\/wp-content\/uploads\/2017\/07\/20229849_1513882471988102_6737175772459341343_o.jpg?fit=1024%2C524&ssl=1&resize=525%2C300 1.5x, https:\/\/i0.wp.com\/larevistadigital.com.ar\/blog\/wp-content\/uploads\/2017\/07\/20229849_1513882471988102_6737175772459341343_o.jpg?fit=1024%2C524&ssl=1&resize=700%2C400 2x"},"classes":[]},{"id":2514,"url":"https:\/\/larevistadigital.com.ar\/blog\/chascomus-gabriel-macchi-encabeza-la-lista-de-unidad-ciudadana\/","url_meta":{"origin":2548,"position":1},"title":"CHASCOMUS: GABRIEL MACCHI ENCABEZA LA LISTA DE UNIDAD CIUDADANA","author":"Alejandro Sosa Ruda","date":"25 junio, 2017","format":false,"excerpt":"Como era de esperarse, el vicepresidente del PJ de Chascom\u00fas y actual jefe de bloque de concejales del PJ, Gabriel Macchi ser\u00e1 quien encabece la lista de Unidad Ciudadana en Chascom\u00fas. Cabe destacar que ir\u00e1n a las PASO con esa \u00fanica lista representando el sector que lidera la ex presidente\u2026","rel":"","context":"En \u00abCHASCOM\u00daS\u00bb","block_context":{"text":"CHASCOM\u00daS","link":"https:\/\/larevistadigital.com.ar\/blog\/category\/chascomus\/"},"img":{"alt_text":"","src":"https:\/\/i0.wp.com\/larevistadigital.com.ar\/blog\/wp-content\/uploads\/2017\/04\/10419962_996489190375560_2726194559076702573_n.jpg?fit=960%2C960&ssl=1&resize=350%2C200","width":350,"height":200,"srcset":"https:\/\/i0.wp.com\/larevistadigital.com.ar\/blog\/wp-content\/uploads\/2017\/04\/10419962_996489190375560_2726194559076702573_n.jpg?fit=960%2C960&ssl=1&resize=350%2C200 1x, https:\/\/i0.wp.com\/larevistadigital.com.ar\/blog\/wp-content\/uploads\/2017\/04\/10419962_996489190375560_2726194559076702573_n.jpg?fit=960%2C960&ssl=1&resize=525%2C300 1.5x, https:\/\/i0.wp.com\/larevistadigital.com.ar\/blog\/wp-content\/uploads\/2017\/04\/10419962_996489190375560_2726194559076702573_n.jpg?fit=960%2C960&ssl=1&resize=700%2C400 2x"},"classes":[]},{"id":3628,"url":"https:\/\/larevistadigital.com.ar\/blog\/3628-2\/","url_meta":{"origin":2548,"position":2},"title":"CHASCOM\u00daS: PARA EL DIPUTADO ROSSI, EL PR\u00d3XIMO INTENDENTE SALE ENTRE MACCHI Y FERRANTE","author":"Alejandro Sosa Ruda","date":"30 octubre, 2017","format":false,"excerpt":"En una entrevista al programa radial \u201cDos Por M\u00e1s\u201d, que se emite por la FM 101.5, conducido por Alberto Morel y Mart\u00edn Palmero, el diputado provincial de la C\u00e1mpora, Jos\u00e9 Ignacio \u201cCote\u201d Rossi se refiri\u00f3 a algunos temas luego de la \u00faltima elecci\u00f3n legislativa. Con respecto al resultado de los\u2026","rel":"","context":"En \u00abPOLITICA\u00bb","block_context":{"text":"POLITICA","link":"https:\/\/larevistadigital.com.ar\/blog\/category\/politica\/"},"img":{"alt_text":"","src":"https:\/\/i0.wp.com\/larevistadigital.com.ar\/blog\/wp-content\/uploads\/2017\/10\/22688869_10212643159627886_5651293884378426406_n.jpg?fit=960%2C960&ssl=1&resize=350%2C200","width":350,"height":200,"srcset":"https:\/\/i0.wp.com\/larevistadigital.com.ar\/blog\/wp-content\/uploads\/2017\/10\/22688869_10212643159627886_5651293884378426406_n.jpg?fit=960%2C960&ssl=1&resize=350%2C200 1x, https:\/\/i0.wp.com\/larevistadigital.com.ar\/blog\/wp-content\/uploads\/2017\/10\/22688869_10212643159627886_5651293884378426406_n.jpg?fit=960%2C960&ssl=1&resize=525%2C300 1.5x, https:\/\/i0.wp.com\/larevistadigital.com.ar\/blog\/wp-content\/uploads\/2017\/10\/22688869_10212643159627886_5651293884378426406_n.jpg?fit=960%2C960&ssl=1&resize=700%2C400 2x"},"classes":[]},{"id":10699,"url":"https:\/\/larevistadigital.com.ar\/blog\/unidad-por-chascomus-fue-socorrida-por-massa-y-bajaron-la-lista-de-gabriel-macchi\/","url_meta":{"origin":2548,"position":3},"title":"UNIDAD POR CHASCOM\u00daS FUE SOCORRIDA POR MASSA, Y BAJARON LA LISTA DE GABRIEL MACCHI","author":"Alejandro Sosa Ruda","date":"22 junio, 2019","format":false,"excerpt":"Luego que ayer se habilitara la posibilidad (como correspond\u00eda) de que el presidente del PJ local Gabriel Macchi presentara su lista como pre candidato a Intendente de Chascom\u00fas, una ola de fr\u00edo se apoder\u00f3 del vecinalismo gobernante, que nunca tuvo intenciones de participar en una contienda interna, y vieron con\u2026","rel":"","context":"En \u00abDESTACADAS\u00bb","block_context":{"text":"DESTACADAS","link":"https:\/\/larevistadigital.com.ar\/blog\/category\/destacadas\/"},"img":{"alt_text":"","src":"https:\/\/i0.wp.com\/larevistadigital.com.ar\/blog\/wp-content\/uploads\/Gaston-macchi.jpg?fit=600%2C399&ssl=1&resize=350%2C200","width":350,"height":200,"srcset":"https:\/\/i0.wp.com\/larevistadigital.com.ar\/blog\/wp-content\/uploads\/Gaston-macchi.jpg?fit=600%2C399&ssl=1&resize=350%2C200 1x, https:\/\/i0.wp.com\/larevistadigital.com.ar\/blog\/wp-content\/uploads\/Gaston-macchi.jpg?fit=600%2C399&ssl=1&resize=525%2C300 1.5x"},"classes":[]},{"id":10689,"url":"https:\/\/larevistadigital.com.ar\/blog\/primicia-de-lrd-gabriel-macchi-firmando-ahora-su-lista-y-pronto-a-viajar-a-buenos-aires-habra-interna-con-unidad-por-chascomus\/","url_meta":{"origin":2548,"position":4},"title":"PRIMICIA DE LRD: GABRIEL MACCHI FIRMANDO AHORA SU LISTA Y PRONTO A VIAJAR A BUENOS AIRES. HABR\u00c1 INTERNA CON UNIDAD POR CHASCOM\u00daS","author":"Alejandro Sosa Ruda","date":"21 junio, 2019","format":false,"excerpt":"Esto se estar\u00eda desarrollando casi en este momento, donde el Presidente del\u00a0 PJ local estar\u00eda por viajar a Buenos Aires a presentar su lista que ser\u00e1 completa (es decir, con Axel Kicillof como candidato a gobernador de la Provincia de Buenos Aires, y Alberto Fernandez como candidato a presidente). Al\u2026","rel":"","context":"En \u00abDESTACADAS\u00bb","block_context":{"text":"DESTACADAS","link":"https:\/\/larevistadigital.com.ar\/blog\/category\/destacadas\/"},"img":{"alt_text":"","src":"https:\/\/i0.wp.com\/larevistadigital.com.ar\/blog\/wp-content\/uploads\/Sin-t%C3%ADtulo-1-1.jpg?fit=1000%2C800&ssl=1&resize=350%2C200","width":350,"height":200,"srcset":"https:\/\/i0.wp.com\/larevistadigital.com.ar\/blog\/wp-content\/uploads\/Sin-t%C3%ADtulo-1-1.jpg?fit=1000%2C800&ssl=1&resize=350%2C200 1x, https:\/\/i0.wp.com\/larevistadigital.com.ar\/blog\/wp-content\/uploads\/Sin-t%C3%ADtulo-1-1.jpg?fit=1000%2C800&ssl=1&resize=525%2C300 1.5x, https:\/\/i0.wp.com\/larevistadigital.com.ar\/blog\/wp-content\/uploads\/Sin-t%C3%ADtulo-1-1.jpg?fit=1000%2C800&ssl=1&resize=700%2C400 2x"},"classes":[]},{"id":10572,"url":"https:\/\/larevistadigital.com.ar\/blog\/gabriel-macchi-si-uxch-se-acopla-a-nuestro-proyecto-que-vaya-con-lista-corta-o-participe-de-las-paso\/","url_meta":{"origin":2548,"position":5},"title":"GABRIEL MACCHI: \u00abSI UXCH SE ACOPLA A NUESTRO PROYECTO, QUE VAYA CON LISTA CORTA O PARTICIPE DE LAS PASO\u00bb","author":"Alejandro Sosa Ruda","date":"12 junio, 2019","format":false,"excerpt":"El presidente del PJ de Chascom\u00fas, y actual precandidato a Intendente de Unidad Ciudadana, Gabriel Macchi, charl\u00f3 con La Revista Digital de distintos temas de actualidad a horas del vencimiento del plazo de inscripci\u00f3n de \"alianzas\" electorales, lo que ha generado todo tipo de versiones y movimientos, acuerdos y rupturas.\u2026","rel":"","context":"En \u00abDESTACADAS\u00bb","block_context":{"text":"DESTACADAS","link":"https:\/\/larevistadigital.com.ar\/blog\/category\/destacadas\/"},"img":{"alt_text":"","src":"https:\/\/i0.wp.com\/larevistadigital.com.ar\/blog\/wp-content\/uploads\/11124704_958204997537313_71834679123626722_n.jpg?fit=844%2C960&ssl=1&resize=350%2C200","width":350,"height":200,"srcset":"https:\/\/i0.wp.com\/larevistadigital.com.ar\/blog\/wp-content\/uploads\/11124704_958204997537313_71834679123626722_n.jpg?fit=844%2C960&ssl=1&resize=350%2C200 1x, https:\/\/i0.wp.com\/larevistadigital.com.ar\/blog\/wp-content\/uploads\/11124704_958204997537313_71834679123626722_n.jpg?fit=844%2C960&ssl=1&resize=525%2C300 1.5x, https:\/\/i0.wp.com\/larevistadigital.com.ar\/blog\/wp-content\/uploads\/11124704_958204997537313_71834679123626722_n.jpg?fit=844%2C960&ssl=1&resize=700%2C400 2x"},"classes":[]}],"_links":{"self":[{"href":"https:\/\/larevistadigital.com.ar\/blog\/wp-json\/wp\/v2\/posts\/2548","targetHints":{"allow":["GET"]}}],"collection":[{"href":"https:\/\/larevistadigital.com.ar\/blog\/wp-json\/wp\/v2\/posts"}],"about":[{"href":"https:\/\/larevistadigital.com.ar\/blog\/wp-json\/wp\/v2\/types\/post"}],"author":[{"embeddable":true,"href":"https:\/\/larevistadigital.com.ar\/blog\/wp-json\/wp\/v2\/users\/3"}],"replies":[{"embeddable":true,"href":"https:\/\/larevistadigital.com.ar\/blog\/wp-json\/wp\/v2\/comments?post=2548"}],"version-history":[{"count":1,"href":"https:\/\/larevistadigital.com.ar\/blog\/wp-json\/wp\/v2\/posts\/2548\/revisions"}],"predecessor-version":[{"id":2550,"href":"https:\/\/larevistadigital.com.ar\/blog\/wp-json\/wp\/v2\/posts\/2548\/revisions\/2550"}],"wp:featuredmedia":[{"embeddable":true,"href":"https:\/\/larevistadigital.com.ar\/blog\/wp-json\/wp\/v2\/media\/2549"}],"wp:attachment":[{"href":"https:\/\/larevistadigital.com.ar\/blog\/wp-json\/wp\/v2\/media?parent=2548"}],"wp:term":[{"taxonomy":"category","embeddable":true,"href":"https:\/\/larevistadigital.com.ar\/blog\/wp-json\/wp\/v2\/categories?post=2548"},{"taxonomy":"post_tag","embeddable":true,"href":"https:\/\/larevistadigital.com.ar\/blog\/wp-json\/wp\/v2\/tags?post=2548"}],"curies":[{"name":"wp","href":"https:\/\/api.w.org\/{rel}","templated":true}]}}