{"id":2551,"date":"2017-06-27T20:47:04","date_gmt":"2017-06-27T20:47:04","guid":{"rendered":"https:\/\/larevistadigital.com.ar\/blog\/?p=2551"},"modified":"2017-06-27T20:47:04","modified_gmt":"2017-06-27T20:47:04","slug":"vecinos-de-lomas-altas-furiosos-con-un-decreto","status":"publish","type":"post","link":"https:\/\/larevistadigital.com.ar\/blog\/vecinos-de-lomas-altas-furiosos-con-un-decreto\/","title":{"rendered":"VECINOS DE LOMAS ALTAS FURIOSOS CON UN DECRETO"},"content":{"rendered":"<p>Los vecinos de Lomas Altas, se reunieron para coordinar acciones a seguir en contra del decreto de la Intendente interina Rita Giusti\u00a0en el que les fija un aumento de las tasas.<\/p>\n<blockquote>\n<h3>El malestar es grande, ya que en algunos casos los aumentos son realmente exorbitantes, pero el enojo se debe por sobre todas las cosas a que se sienten totalmente desprotegidos, mencionando que no cuentan con servicio de recolecci\u00f3n de residuos, ni otros, diciendo que <strong>\u201cni siquiera nos pasan la m\u00e1quina\u201d<\/strong>.<\/h3>\n<\/blockquote>\n<p>Todo esto, podr\u00eda terminar en alguna medida de protesta, o plan de lucha seg\u00fan vayan ocurriendo las cosas.<\/p>\n<blockquote>\n<h3>El decreto al que hacen referencia, fue firmado por el Secretario General del municipio, <strong>Cipriano P\u00e9rez del Cerro<\/strong> y quien fuera intendente \u201cinterina\u201d <strong>Rita Giusti.<\/strong><\/h3>\n<\/blockquote>\n<p>De esta manera, <strong>sin pasar por el Concejo Deliberante y directamente por un decreto<\/strong>, que lleva el n\u00famero 150\/2017 se otorg\u00f3 este aumento que ha afectado seriamente a muchos vecinos del lugar.<\/p>\n<p>AQU\u00cd LAS IM\u00c1GENES DEL DECRETO&#8230;<\/p>\n<p><a href=\"https:\/\/i0.wp.com\/larevistadigital.com.ar\/blog\/wp-content\/uploads\/2017\/06\/WhatsApp-Image-2017-06-27-at-16.30.51.jpeg?ssl=1\"><img data-recalc-dims=\"1\" loading=\"lazy\" decoding=\"async\" class=\"alignnone  wp-image-2561\" src=\"https:\/\/i0.wp.com\/larevistadigital.com.ar\/blog\/wp-content\/uploads\/2017\/06\/WhatsApp-Image-2017-06-27-at-16.30.51.jpeg?resize=493%2C877&#038;ssl=1\" alt=\"\" width=\"493\" height=\"877\" srcset=\"https:\/\/i0.wp.com\/larevistadigital.com.ar\/blog\/wp-content\/uploads\/2017\/06\/WhatsApp-Image-2017-06-27-at-16.30.51.jpeg?w=720&amp;ssl=1 720w, https:\/\/i0.wp.com\/larevistadigital.com.ar\/blog\/wp-content\/uploads\/2017\/06\/WhatsApp-Image-2017-06-27-at-16.30.51.jpeg?resize=169%2C300&amp;ssl=1 169w, https:\/\/i0.wp.com\/larevistadigital.com.ar\/blog\/wp-content\/uploads\/2017\/06\/WhatsApp-Image-2017-06-27-at-16.30.51.jpeg?resize=576%2C1024&amp;ssl=1 576w\" sizes=\"auto, (max-width: 493px) 100vw, 493px\" \/><\/a><a href=\"https:\/\/i0.wp.com\/larevistadigital.com.ar\/blog\/wp-content\/uploads\/2017\/06\/WhatsApp-Image-2017-06-27-at-16.31.05.jpeg?ssl=1\"><img data-recalc-dims=\"1\" loading=\"lazy\" decoding=\"async\" class=\"alignnone  wp-image-2562\" src=\"https:\/\/i0.wp.com\/larevistadigital.com.ar\/blog\/wp-content\/uploads\/2017\/06\/WhatsApp-Image-2017-06-27-at-16.31.05.jpeg?resize=497%2C884&#038;ssl=1\" alt=\"\" width=\"497\" height=\"884\" srcset=\"https:\/\/i0.wp.com\/larevistadigital.com.ar\/blog\/wp-content\/uploads\/2017\/06\/WhatsApp-Image-2017-06-27-at-16.31.05.jpeg?w=720&amp;ssl=1 720w, https:\/\/i0.wp.com\/larevistadigital.com.ar\/blog\/wp-content\/uploads\/2017\/06\/WhatsApp-Image-2017-06-27-at-16.31.05.jpeg?resize=169%2C300&amp;ssl=1 169w, https:\/\/i0.wp.com\/larevistadigital.com.ar\/blog\/wp-content\/uploads\/2017\/06\/WhatsApp-Image-2017-06-27-at-16.31.05.jpeg?resize=576%2C1024&amp;ssl=1 576w\" sizes=\"auto, (max-width: 497px) 100vw, 497px\" \/><\/a><\/p>\n<p>&nbsp;<\/p>\n<p>&nbsp;<\/p>\n<p><strong><a href=\"https:\/\/i0.wp.com\/larevistadigital.com.ar\/blog\/wp-content\/uploads\/2017\/06\/WhatsApp-Image-2017-06-27-at-16.31.22-e1498596324691.jpeg?ssl=1\"><img data-recalc-dims=\"1\" loading=\"lazy\" decoding=\"async\" class=\"size-full wp-image-2563 aligncenter\" src=\"https:\/\/i0.wp.com\/larevistadigital.com.ar\/blog\/wp-content\/uploads\/2017\/06\/WhatsApp-Image-2017-06-27-at-16.31.22-e1498596324691.jpeg?resize=720%2C1280&#038;ssl=1\" alt=\"\" width=\"720\" height=\"1280\" srcset=\"https:\/\/i0.wp.com\/larevistadigital.com.ar\/blog\/wp-content\/uploads\/2017\/06\/WhatsApp-Image-2017-06-27-at-16.31.22-e1498596324691.jpeg?w=720&amp;ssl=1 720w, https:\/\/i0.wp.com\/larevistadigital.com.ar\/blog\/wp-content\/uploads\/2017\/06\/WhatsApp-Image-2017-06-27-at-16.31.22-e1498596324691.jpeg?resize=169%2C300&amp;ssl=1 169w, https:\/\/i0.wp.com\/larevistadigital.com.ar\/blog\/wp-content\/uploads\/2017\/06\/WhatsApp-Image-2017-06-27-at-16.31.22-e1498596324691.jpeg?resize=576%2C1024&amp;ssl=1 576w\" sizes=\"auto, (max-width: 720px) 100vw, 720px\" \/><\/a><\/strong><\/p>\n<p><strong>LRD<\/strong> pudo chequear que hubo vecinos que se acercaron a alg\u00fan bloque de oposici\u00f3n y que estar\u00edan buscando la forma de defender a los principales afectados por la leonina medida.<\/p>\n<p>&nbsp;<\/p>\n<p>&nbsp;<\/p>\n","protected":false},"excerpt":{"rendered":"<div class=\"mh-excerpt\"><p>Los vecinos de Lomas Altas, se reunieron para coordinar acciones a seguir en contra del decreto de la Intendente interina Rita Giusti\u00a0en el que les fija un aumento de las tasas. El malestar es grande, <a class=\"mh-excerpt-more\" href=\"https:\/\/larevistadigital.com.ar\/blog\/vecinos-de-lomas-altas-furiosos-con-un-decreto\/\" title=\"VECINOS DE LOMAS ALTAS FURIOSOS CON UN DECRETO\">[Leer M\u00e1s]<\/a><\/p>\n<\/div>","protected":false},"author":3,"featured_media":2552,"comment_status":"open","ping_status":"open","sticky":false,"template":"","format":"standard","meta":{"_jetpack_memberships_contains_paid_content":false,"footnotes":"","jetpack_publicize_message":"","jetpack_publicize_feature_enabled":true,"jetpack_social_post_already_shared":true,"jetpack_social_options":{"image_generator_settings":{"template":"highway","default_image_id":0,"font":"","enabled":false},"version":2}},"categories":[6,41,12,23],"tags":[],"class_list":{"0":"post-2551","1":"post","2":"type-post","3":"status-publish","4":"format-standard","5":"has-post-thumbnail","7":"category-chascomus","8":"category-destacadas","9":"category-politica","10":"category-politica-local"},"jetpack_publicize_connections":[],"jetpack_featured_media_url":"https:\/\/i0.wp.com\/larevistadigital.com.ar\/blog\/wp-content\/uploads\/2017\/06\/WhatsApp-Image-2017-06-25-at-21.25.14.jpeg?fit=1280%2C960&ssl=1","jetpack_sharing_enabled":true,"jetpack_shortlink":"https:\/\/wp.me\/p8qtrQ-F9","jetpack-related-posts":[{"id":5441,"url":"https:\/\/larevistadigital.com.ar\/blog\/vecinos-del-barrio-lomas-altas-se-reunieron-con-osvaldo-casalins\/","url_meta":{"origin":2551,"position":0},"title":"Vecinos del barrio Lomas Altas se reunieron con Osvaldo Casalins","author":"admin","date":"11 abril, 2018","format":false,"excerpt":"En la Presidencia Vecinos de la sociedad de fomento del barrio Lomas Altas se hicieron presentes en la presidencia del Concejo Deliberante, donde mantuvieron una reuni\u00f3n con el presidente Osvaldo Casalins. En el encuentro se plantearon distintas problem\u00e1ticas que afectan al barrio ubicado a la vera de nuestra laguna. Entre\u2026","rel":"","context":"En \u00abPOLITICA\u00bb","block_context":{"text":"POLITICA","link":"https:\/\/larevistadigital.com.ar\/blog\/category\/politica\/"},"img":{"alt_text":"","src":"https:\/\/i0.wp.com\/larevistadigital.com.ar\/blog\/wp-content\/uploads\/2018\/04\/lomas_11deabrilde2108_elfuerte.jpg?fit=737%2C415&ssl=1&resize=350%2C200","width":350,"height":200,"srcset":"https:\/\/i0.wp.com\/larevistadigital.com.ar\/blog\/wp-content\/uploads\/2018\/04\/lomas_11deabrilde2108_elfuerte.jpg?fit=737%2C415&ssl=1&resize=350%2C200 1x, https:\/\/i0.wp.com\/larevistadigital.com.ar\/blog\/wp-content\/uploads\/2018\/04\/lomas_11deabrilde2108_elfuerte.jpg?fit=737%2C415&ssl=1&resize=525%2C300 1.5x, https:\/\/i0.wp.com\/larevistadigital.com.ar\/blog\/wp-content\/uploads\/2018\/04\/lomas_11deabrilde2108_elfuerte.jpg?fit=737%2C415&ssl=1&resize=700%2C400 2x"},"classes":[]},{"id":32488,"url":"https:\/\/larevistadigital.com.ar\/blog\/de-cara-a-las-paso-ferrante-intensifica-su-agenda-de-campana\/","url_meta":{"origin":2551,"position":1},"title":"DE CARA A LAS PASO: FERRANTE INTENSIFICA SU AGENDA DE CAMPA\u00d1A","author":"Alejandro Sosa Ruda","date":"18 julio, 2023","format":false,"excerpt":"El precandidato a intendente por Juntos Chascom\u00fas mantuvo reuniones con vecinos de Parque Girado, Lomas Altas y El Porte\u00f1o. \u201cEstamos convencidos que para gobernar debemos escuchar, acompa\u00f1ar y empatizar. Apostamos a un municipio cercano a la gente\u201d, expres\u00f3. 18 de julio de 2023 CHASCOM\u00daS -\u00a0 \u00a0Acompa\u00f1ado por su equipo de\u2026","rel":"","context":"En \u00abINTERES GENERAL\u00bb","block_context":{"text":"INTERES GENERAL","link":"https:\/\/larevistadigital.com.ar\/blog\/category\/interes-general\/"},"img":{"alt_text":"","src":"https:\/\/i0.wp.com\/larevistadigital.com.ar\/blog\/wp-content\/uploads\/WhatsApp-Image-2023-07-18-at-17.22.18-1.jpeg?fit=675%2C1200&ssl=1&resize=350%2C200","width":350,"height":200,"srcset":"https:\/\/i0.wp.com\/larevistadigital.com.ar\/blog\/wp-content\/uploads\/WhatsApp-Image-2023-07-18-at-17.22.18-1.jpeg?fit=675%2C1200&ssl=1&resize=350%2C200 1x, https:\/\/i0.wp.com\/larevistadigital.com.ar\/blog\/wp-content\/uploads\/WhatsApp-Image-2023-07-18-at-17.22.18-1.jpeg?fit=675%2C1200&ssl=1&resize=525%2C300 1.5x"},"classes":[]},{"id":4090,"url":"https:\/\/larevistadigital.com.ar\/blog\/chascomus-finalmente-las-autoridades-municipales-le-entraron-las-balas\/","url_meta":{"origin":2551,"position":2},"title":"CHASCOM\u00daS: FINALMENTE A LAS AUTORIDADES MUNICIPALES \u201cLE ENTRARON LAS BALAS\u201d","author":"Alejandro Sosa Ruda","date":"1 diciembre, 2017","format":false,"excerpt":"Luego de los reiterados reclamos de los vecinos del barrio Lomas Altas, parece que el Municipio tom\u00f3 nota de la situaci\u00f3n, y envi\u00f3 personal a dar soluci\u00f3n a los problemas. Luego de una gran cantidad de reclamos por v\u00eda telef\u00f3nica, escrita y personalmente en la Secretar\u00eda de Obras y Servicios,\u2026","rel":"","context":"En \u00abCHASCOM\u00daS\u00bb","block_context":{"text":"CHASCOM\u00daS","link":"https:\/\/larevistadigital.com.ar\/blog\/category\/chascomus\/"},"img":{"alt_text":"","src":"https:\/\/i0.wp.com\/larevistadigital.com.ar\/blog\/wp-content\/uploads\/2017\/12\/24172973_1701686596518885_6670751717988241050_o.jpg?fit=1200%2C800&ssl=1&resize=350%2C200","width":350,"height":200,"srcset":"https:\/\/i0.wp.com\/larevistadigital.com.ar\/blog\/wp-content\/uploads\/2017\/12\/24172973_1701686596518885_6670751717988241050_o.jpg?fit=1200%2C800&ssl=1&resize=350%2C200 1x, https:\/\/i0.wp.com\/larevistadigital.com.ar\/blog\/wp-content\/uploads\/2017\/12\/24172973_1701686596518885_6670751717988241050_o.jpg?fit=1200%2C800&ssl=1&resize=525%2C300 1.5x, https:\/\/i0.wp.com\/larevistadigital.com.ar\/blog\/wp-content\/uploads\/2017\/12\/24172973_1701686596518885_6670751717988241050_o.jpg?fit=1200%2C800&ssl=1&resize=700%2C400 2x, https:\/\/i0.wp.com\/larevistadigital.com.ar\/blog\/wp-content\/uploads\/2017\/12\/24172973_1701686596518885_6670751717988241050_o.jpg?fit=1200%2C800&ssl=1&resize=1050%2C600 3x"},"classes":[]},{"id":9786,"url":"https:\/\/larevistadigital.com.ar\/blog\/pila-el-intendente-modifico-por-decreto-las-cuotas-uva-del-programa-pila-crece\/","url_meta":{"origin":2551,"position":3},"title":"PILA: EL INTENDENTE MODIFIC\u00d3 POR DECRETO LAS CUOTAS UVA DEL PROGRAMA \u00abPILA CRECE\u00bb","author":"Alejandro Sosa Ruda","date":"22 abril, 2019","format":false,"excerpt":"El Intendente Municipal de Pila, Gustavo A. Walker, mediante el Decreto Municipal 113\/19 atento a los incesantes aumentos UVA de las cuotas del Programa Pila Crece, modific\u00f3 las mismas que pasar\u00e1n a ser ajustadas por el salario m\u00ednimo vital y m\u00f3vil ampliando en 12 cuotas m\u00e1s. Motiva la decisi\u00f3n la\u2026","rel":"","context":"En \u00abPILA\u00bb","block_context":{"text":"PILA","link":"https:\/\/larevistadigital.com.ar\/blog\/category\/pila\/"},"img":{"alt_text":"","src":"https:\/\/i0.wp.com\/larevistadigital.com.ar\/blog\/wp-content\/uploads\/2019\/04\/58376375_2107681432613981_3583461583520530432_n.jpg?fit=639%2C514&ssl=1&resize=350%2C200","width":350,"height":200,"srcset":"https:\/\/i0.wp.com\/larevistadigital.com.ar\/blog\/wp-content\/uploads\/2019\/04\/58376375_2107681432613981_3583461583520530432_n.jpg?fit=639%2C514&ssl=1&resize=350%2C200 1x, https:\/\/i0.wp.com\/larevistadigital.com.ar\/blog\/wp-content\/uploads\/2019\/04\/58376375_2107681432613981_3583461583520530432_n.jpg?fit=639%2C514&ssl=1&resize=525%2C300 1.5x"},"classes":[]},{"id":36991,"url":"https:\/\/larevistadigital.com.ar\/blog\/el-concejal-leandro-bordalecou-asumira-como-intendente-interino\/","url_meta":{"origin":2551,"position":4},"title":"EL CONCEJAL LEANDRO BORDALECOU, ASUMIR\u00c1 COMO INTENDENTE INTERINO","author":"Alejandro Sosa Ruda","date":"18 agosto, 2024","format":false,"excerpt":"El intendente Javier Gast\u00f3n har\u00e1 uso de una licencia en su cargo, desde el domingo 18 hasta el s\u00e1bado 31 de agosto inclusive. 18 de Agosto de 2024 CHASCOM\u00daS -\u00a0 Durante su ausencia, asumir\u00e1 el cargo de forma interina, el concejal Leandro Bordalecou, quien ocup\u00f3 el primer lugar en la\u2026","rel":"","context":"En \u00abCHASCOM\u00daS\u00bb","block_context":{"text":"CHASCOM\u00daS","link":"https:\/\/larevistadigital.com.ar\/blog\/category\/chascomus\/"},"img":{"alt_text":"","src":"https:\/\/i0.wp.com\/larevistadigital.com.ar\/blog\/wp-content\/uploads\/66bf8ca259d48.png?fit=668%2C445&ssl=1&resize=350%2C200","width":350,"height":200,"srcset":"https:\/\/i0.wp.com\/larevistadigital.com.ar\/blog\/wp-content\/uploads\/66bf8ca259d48.png?fit=668%2C445&ssl=1&resize=350%2C200 1x, https:\/\/i0.wp.com\/larevistadigital.com.ar\/blog\/wp-content\/uploads\/66bf8ca259d48.png?fit=668%2C445&ssl=1&resize=525%2C300 1.5x"},"classes":[]},{"id":3718,"url":"https:\/\/larevistadigital.com.ar\/blog\/chascomus-los-vecinos-lomas-altas-se-sienten-olvidados\/","url_meta":{"origin":2551,"position":5},"title":"CHASCOM\u00daS: LOS VECINOS DE \u00abLOMAS ALTAS\u00bb SE SIENTEN OLVIDADOS","author":"Alejandro Sosa Ruda","date":"6 noviembre, 2017","format":false,"excerpt":"La sociedad de fomento del Barrio Lomas Altas, emiti\u00f3 un comunicado que manifiesta su pesar por el estado de abandono en el que se sienten sumidos. No es la primera vez que quienes viven en ese barrio, dan a conocer la realidad que les toca vivir, y la actitud del\u2026","rel":"","context":"En \u00abCHASCOM\u00daS\u00bb","block_context":{"text":"CHASCOM\u00daS","link":"https:\/\/larevistadigital.com.ar\/blog\/category\/chascomus\/"},"img":{"alt_text":"","src":"https:\/\/i0.wp.com\/larevistadigital.com.ar\/blog\/wp-content\/uploads\/2017\/11\/1569871393.jpg?fit=650%2C394&ssl=1&resize=350%2C200","width":350,"height":200,"srcset":"https:\/\/i0.wp.com\/larevistadigital.com.ar\/blog\/wp-content\/uploads\/2017\/11\/1569871393.jpg?fit=650%2C394&ssl=1&resize=350%2C200 1x, https:\/\/i0.wp.com\/larevistadigital.com.ar\/blog\/wp-content\/uploads\/2017\/11\/1569871393.jpg?fit=650%2C394&ssl=1&resize=525%2C300 1.5x"},"classes":[]}],"_links":{"self":[{"href":"https:\/\/larevistadigital.com.ar\/blog\/wp-json\/wp\/v2\/posts\/2551","targetHints":{"allow":["GET"]}}],"collection":[{"href":"https:\/\/larevistadigital.com.ar\/blog\/wp-json\/wp\/v2\/posts"}],"about":[{"href":"https:\/\/larevistadigital.com.ar\/blog\/wp-json\/wp\/v2\/types\/post"}],"author":[{"embeddable":true,"href":"https:\/\/larevistadigital.com.ar\/blog\/wp-json\/wp\/v2\/users\/3"}],"replies":[{"embeddable":true,"href":"https:\/\/larevistadigital.com.ar\/blog\/wp-json\/wp\/v2\/comments?post=2551"}],"version-history":[{"count":3,"href":"https:\/\/larevistadigital.com.ar\/blog\/wp-json\/wp\/v2\/posts\/2551\/revisions"}],"predecessor-version":[{"id":2565,"href":"https:\/\/larevistadigital.com.ar\/blog\/wp-json\/wp\/v2\/posts\/2551\/revisions\/2565"}],"wp:featuredmedia":[{"embeddable":true,"href":"https:\/\/larevistadigital.com.ar\/blog\/wp-json\/wp\/v2\/media\/2552"}],"wp:attachment":[{"href":"https:\/\/larevistadigital.com.ar\/blog\/wp-json\/wp\/v2\/media?parent=2551"}],"wp:term":[{"taxonomy":"category","embeddable":true,"href":"https:\/\/larevistadigital.com.ar\/blog\/wp-json\/wp\/v2\/categories?post=2551"},{"taxonomy":"post_tag","embeddable":true,"href":"https:\/\/larevistadigital.com.ar\/blog\/wp-json\/wp\/v2\/tags?post=2551"}],"curies":[{"name":"wp","href":"https:\/\/api.w.org\/{rel}","templated":true}]}}