{"id":25517,"date":"2022-06-01T12:13:38","date_gmt":"2022-06-01T12:13:38","guid":{"rendered":"https:\/\/larevistadigital.com.ar\/blog\/?p=25517"},"modified":"2022-06-01T12:13:38","modified_gmt":"2022-06-01T12:13:38","slug":"incidentes-en-bochistico-denuncia-e-intervencion-de-la-federal","status":"publish","type":"post","link":"https:\/\/larevistadigital.com.ar\/blog\/incidentes-en-bochistico-denuncia-e-intervencion-de-la-federal\/","title":{"rendered":"INCIDENTES EN BOCH\u00cdSTICO, DENUNCIA E INTERVENCI\u00d3N DE \u00abLA FEDERAL\u00bb"},"content":{"rendered":"<p><strong>CHASCOM\u00daS &#8211;\u00a0<\/strong> El domingo pasado, se produjeron incidentes en las afueras del Club Boch\u00edstico Independiente, donde un grupo de personas peleaban violentamente.<\/p>\n<blockquote>\n<h3>Esto provoc\u00f3 el llamado a la polic\u00eda, que intervino en la situaci\u00f3n, realizando un disparo con posta de goma, para calmar los \u00e1nimos y disipar a los revoltosos.<\/h3>\n<\/blockquote>\n<p>M\u00e1s tarde ingres\u00f3 al Hospital una persona, presentando una herida en la pierna que dijo fue provocada por la bala de goma, y otra persona hac\u00eda la denuncia, lo que deriv\u00f3 en la intervenci\u00f3n de la fiscal\u00eda N\u00b09, ordenando actuaciones en la comisar\u00eda primera, que estuvieron a cargo de la Polic\u00eda Federal.<\/p>\n","protected":false},"excerpt":{"rendered":"<div class=\"mh-excerpt\"><p>CHASCOM\u00daS &#8211;\u00a0 El domingo pasado, se produjeron incidentes en las afueras del Club Boch\u00edstico Independiente, donde un grupo de personas peleaban violentamente. Esto provoc\u00f3 el llamado a la polic\u00eda, que intervino en la situaci\u00f3n, realizando <a class=\"mh-excerpt-more\" href=\"https:\/\/larevistadigital.com.ar\/blog\/incidentes-en-bochistico-denuncia-e-intervencion-de-la-federal\/\" title=\"INCIDENTES EN BOCH\u00cdSTICO, DENUNCIA E INTERVENCI\u00d3N DE \u00abLA FEDERAL\u00bb\">[Leer M\u00e1s]<\/a><\/p>\n<\/div>","protected":false},"author":3,"featured_media":7557,"comment_status":"open","ping_status":"open","sticky":false,"template":"","format":"standard","meta":{"_jetpack_memberships_contains_paid_content":false,"footnotes":"","jetpack_publicize_message":"","jetpack_publicize_feature_enabled":true,"jetpack_social_post_already_shared":true,"jetpack_social_options":{"image_generator_settings":{"template":"highway","default_image_id":0,"font":"","enabled":false},"version":2}},"categories":[6],"tags":[],"class_list":{"0":"post-25517","1":"post","2":"type-post","3":"status-publish","4":"format-standard","5":"has-post-thumbnail","7":"category-chascomus"},"jetpack_publicize_connections":[],"jetpack_featured_media_url":"https:\/\/i0.wp.com\/larevistadigital.com.ar\/blog\/wp-content\/uploads\/2019\/01\/bbx_755050019_comisaria_chasco_01.jpg?fit=800%2C579&ssl=1","jetpack_sharing_enabled":true,"jetpack_shortlink":"https:\/\/wp.me\/p8qtrQ-6Dz","jetpack-related-posts":[{"id":42303,"url":"https:\/\/larevistadigital.com.ar\/blog\/chascomus-el-parte-policial-sobre-los-graves-incidentes-en-el-barrio-30-de-mayo\/","url_meta":{"origin":25517,"position":0},"title":"Chascom\u00fas: El parte policial sobre los graves incidentes en el barrio 30 de Mayo","author":"Alejandro Sosa Ruda","date":"31 octubre, 2025","format":false,"excerpt":"Luego de una noche con un allanamiento, disparos, piedras, balas de goma, drogas y detenidos, la polic\u00eda hizo llegar el p\u00e1rte policial, que describe las actuaciones en una noche que agit\u00f3 la tranquilidad de Chascom\u00fas. PARTE DE PRENSA Autoridades policiales informaron que \u00e9ste Jueves 30, en horas de la tarde-noche,\u2026","rel":"","context":"En \u00abDESTACADAS\u00bb","block_context":{"text":"DESTACADAS","link":"https:\/\/larevistadigital.com.ar\/blog\/category\/destacadas\/"},"img":{"alt_text":"","src":"https:\/\/i0.wp.com\/larevistadigital.com.ar\/blog\/wp-content\/uploads\/Captura-de-pantalla-2025-10-31-105055.jpg?fit=800%2C774&ssl=1&resize=350%2C200","width":350,"height":200,"srcset":"https:\/\/i0.wp.com\/larevistadigital.com.ar\/blog\/wp-content\/uploads\/Captura-de-pantalla-2025-10-31-105055.jpg?fit=800%2C774&ssl=1&resize=350%2C200 1x, https:\/\/i0.wp.com\/larevistadigital.com.ar\/blog\/wp-content\/uploads\/Captura-de-pantalla-2025-10-31-105055.jpg?fit=800%2C774&ssl=1&resize=525%2C300 1.5x, https:\/\/i0.wp.com\/larevistadigital.com.ar\/blog\/wp-content\/uploads\/Captura-de-pantalla-2025-10-31-105055.jpg?fit=800%2C774&ssl=1&resize=700%2C400 2x"},"classes":[]},{"id":27171,"url":"https:\/\/larevistadigital.com.ar\/blog\/chascomus-se-infarto-cantando-en-bochistico-y-murio\/","url_meta":{"origin":25517,"position":1},"title":"CHASCOM\u00daS: SE INFART\u00d3 CANTANDO EN BOCH\u00cdSTICO Y MURI\u00d3 EN EL HOSPITAL","author":"Alejandro Sosa Ruda","date":"21 agosto, 2022","format":false,"excerpt":"El hecho, sucedi\u00f3 este s\u00e1bado en el club Boch\u00edstico Independiente de la ciudad de Chascom\u00fas, mientras el grupo musical \u201cDesaf\u00edo Tropical\u201d ofrec\u00eda un show, y su cantante y l\u00edder, Patricio Casas, se descompens\u00f3 y cay\u00f3 en el escenario. e dice que la ambulancia habr\u00eda tardado 40 minutos en llegar al\u2026","rel":"","context":"En \u00abDESTACADAS\u00bb","block_context":{"text":"DESTACADAS","link":"https:\/\/larevistadigital.com.ar\/blog\/category\/destacadas\/"},"img":{"alt_text":"","src":"https:\/\/i0.wp.com\/larevistadigital.com.ar\/blog\/wp-content\/uploads\/20220821133859_patricio-casas-cantante-desaafio-tropical.jpg?fit=880%2C512&ssl=1&resize=350%2C200","width":350,"height":200,"srcset":"https:\/\/i0.wp.com\/larevistadigital.com.ar\/blog\/wp-content\/uploads\/20220821133859_patricio-casas-cantante-desaafio-tropical.jpg?fit=880%2C512&ssl=1&resize=350%2C200 1x, https:\/\/i0.wp.com\/larevistadigital.com.ar\/blog\/wp-content\/uploads\/20220821133859_patricio-casas-cantante-desaafio-tropical.jpg?fit=880%2C512&ssl=1&resize=525%2C300 1.5x, https:\/\/i0.wp.com\/larevistadigital.com.ar\/blog\/wp-content\/uploads\/20220821133859_patricio-casas-cantante-desaafio-tropical.jpg?fit=880%2C512&ssl=1&resize=700%2C400 2x"},"classes":[]},{"id":4295,"url":"https:\/\/larevistadigital.com.ar\/blog\/chascomus-se-clausuro-la-fiesta-bailable-aire-hubo-incidentes-incluyeron-gases-balas-goma\/","url_meta":{"origin":25517,"position":2},"title":"CHASCOM\u00daS: SE CLAUSUR\u00d3 LA FIESTA BAILABLE \u00abAIRE\u00bb, Y HUBO INCIDENTES QUE INCLUYERON GASES Y BALAS DE GOMA","author":"Alejandro Sosa Ruda","date":"25 diciembre, 2017","format":false,"excerpt":"Lamentablemente, y fruto en primera instancia de la irresponsabilidad de los organizadores del evento bailable denominado \"Aire\", que se lleva a cabo cada a\u00f1o en Chascom\u00fas, no solo fue clausurada la fiesta, sino que adem\u00e1s existieron algunos incidentes que nunca pensamos tener que relatar como hechos que sucedan en la\u2026","rel":"","context":"En \u00abCHASCOM\u00daS\u00bb","block_context":{"text":"CHASCOM\u00daS","link":"https:\/\/larevistadigital.com.ar\/blog\/category\/chascomus\/"},"img":{"alt_text":"","src":"https:\/\/i0.wp.com\/larevistadigital.com.ar\/blog\/wp-content\/uploads\/2017\/12\/AIRE-CLAUSURADO.jpg?fit=889%2C885&ssl=1&resize=350%2C200","width":350,"height":200,"srcset":"https:\/\/i0.wp.com\/larevistadigital.com.ar\/blog\/wp-content\/uploads\/2017\/12\/AIRE-CLAUSURADO.jpg?fit=889%2C885&ssl=1&resize=350%2C200 1x, https:\/\/i0.wp.com\/larevistadigital.com.ar\/blog\/wp-content\/uploads\/2017\/12\/AIRE-CLAUSURADO.jpg?fit=889%2C885&ssl=1&resize=525%2C300 1.5x, https:\/\/i0.wp.com\/larevistadigital.com.ar\/blog\/wp-content\/uploads\/2017\/12\/AIRE-CLAUSURADO.jpg?fit=889%2C885&ssl=1&resize=700%2C400 2x"},"classes":[]},{"id":40141,"url":"https:\/\/larevistadigital.com.ar\/blog\/chascomus-continua-la-etapa-local-de-los-bonaerenses\/","url_meta":{"origin":25517,"position":3},"title":"Chascom\u00fas: Contin\u00faa la Etapa Local de los Bonaerenses","author":"Alejandro Sosa Ruda","date":"23 junio, 2025","format":false,"excerpt":"El cronograma semanal de los Juegos arranca ma\u00f1ana en el Polideportivo Luego de la semana corta por los feriados de junio, ma\u00f1ana se retoman las competencias para la definici\u00f3n de la Etapa Local de los Juegos Bonaerenses 2025. F\u00fatbol, tenis y tenis de mesa son las disciplinas con actividades seg\u00fan\u2026","rel":"","context":"En \u00abCHASCOM\u00daS\u00bb","block_context":{"text":"CHASCOM\u00daS","link":"https:\/\/larevistadigital.com.ar\/blog\/category\/chascomus\/"},"img":{"alt_text":"","src":"https:\/\/i0.wp.com\/larevistadigital.com.ar\/blog\/wp-content\/uploads\/685990f6e3f2e.png?fit=668%2C445&ssl=1&resize=350%2C200","width":350,"height":200,"srcset":"https:\/\/i0.wp.com\/larevistadigital.com.ar\/blog\/wp-content\/uploads\/685990f6e3f2e.png?fit=668%2C445&ssl=1&resize=350%2C200 1x, https:\/\/i0.wp.com\/larevistadigital.com.ar\/blog\/wp-content\/uploads\/685990f6e3f2e.png?fit=668%2C445&ssl=1&resize=525%2C300 1.5x"},"classes":[]},{"id":15590,"url":"https:\/\/larevistadigital.com.ar\/blog\/chascomus-anonymous-revela-incidentes-y-algo-mas\/","url_meta":{"origin":25517,"position":4},"title":"CHASCOM\u00daS&#8230;ANONYMOUS REVELA INCIDENTES Y ALGO M\u00c1S","author":"Alejandro Sosa Ruda","date":"11 junio, 2020","format":false,"excerpt":"CHASCOM\u00daS -\u00a0 Anonymous nos env\u00eda un mensaje encriptado, donde cuenta que el pasado lunes, el GAD castig\u00f3 con creces a individuos que hab\u00edan apedreado patrulleros y que le habr\u00edan \"metido un puntazo\" a una polic\u00eda del sexo femenino. Todo habr\u00eda ocurrido en calle Garay al 200, frente a una vieja\u2026","rel":"","context":"En \u00abCURIOSAS\u00bb","block_context":{"text":"CURIOSAS","link":"https:\/\/larevistadigital.com.ar\/blog\/category\/curiosas\/"},"img":{"alt_text":"","src":"https:\/\/i0.wp.com\/larevistadigital.com.ar\/blog\/wp-content\/uploads\/anonymous.jpg?fit=1200%2C678&ssl=1&resize=350%2C200","width":350,"height":200,"srcset":"https:\/\/i0.wp.com\/larevistadigital.com.ar\/blog\/wp-content\/uploads\/anonymous.jpg?fit=1200%2C678&ssl=1&resize=350%2C200 1x, https:\/\/i0.wp.com\/larevistadigital.com.ar\/blog\/wp-content\/uploads\/anonymous.jpg?fit=1200%2C678&ssl=1&resize=525%2C300 1.5x, https:\/\/i0.wp.com\/larevistadigital.com.ar\/blog\/wp-content\/uploads\/anonymous.jpg?fit=1200%2C678&ssl=1&resize=700%2C400 2x, https:\/\/i0.wp.com\/larevistadigital.com.ar\/blog\/wp-content\/uploads\/anonymous.jpg?fit=1200%2C678&ssl=1&resize=1050%2C600 3x"},"classes":[]},{"id":33611,"url":"https:\/\/larevistadigital.com.ar\/blog\/chascomus-luego-de-una-denuncia-la-policia-recupero-una-moto-robada-el-dia-sabado\/","url_meta":{"origin":25517,"position":5},"title":"CHASCOM\u00daS: LUEGO DE UNA DENUNCIA, LA POLIC\u00cdA RECUPER\u00d3 UNA MOTO ROBADA EL D\u00cdA S\u00c1BADO","author":"Alejandro Sosa Ruda","date":"25 septiembre, 2023","format":false,"excerpt":"Esto deja de manifiesto la importancia de realizar la denuncia correspondiente. 25 de Septiembre de 2023 CHASCOM\u00daS -\u00a0 En horas de la madrugada del d\u00eda s\u00e1bado 23 la Polic\u00eda Comunal recibi\u00f3 una denuncia penal a una ciudadana de apellido Bona. La mujer, denunci\u00f3 la sustracci\u00f3n de su motocicleta en momentos\u2026","rel":"","context":"En \u00abINTERES GENERAL\u00bb","block_context":{"text":"INTERES GENERAL","link":"https:\/\/larevistadigital.com.ar\/blog\/category\/interes-general\/"},"img":{"alt_text":"","src":"https:\/\/i0.wp.com\/larevistadigital.com.ar\/blog\/wp-content\/uploads\/WhatsApp-Image-2023-09-25-at-20.11.13.jpeg?fit=675%2C1200&ssl=1&resize=350%2C200","width":350,"height":200,"srcset":"https:\/\/i0.wp.com\/larevistadigital.com.ar\/blog\/wp-content\/uploads\/WhatsApp-Image-2023-09-25-at-20.11.13.jpeg?fit=675%2C1200&ssl=1&resize=350%2C200 1x, https:\/\/i0.wp.com\/larevistadigital.com.ar\/blog\/wp-content\/uploads\/WhatsApp-Image-2023-09-25-at-20.11.13.jpeg?fit=675%2C1200&ssl=1&resize=525%2C300 1.5x"},"classes":[]}],"_links":{"self":[{"href":"https:\/\/larevistadigital.com.ar\/blog\/wp-json\/wp\/v2\/posts\/25517","targetHints":{"allow":["GET"]}}],"collection":[{"href":"https:\/\/larevistadigital.com.ar\/blog\/wp-json\/wp\/v2\/posts"}],"about":[{"href":"https:\/\/larevistadigital.com.ar\/blog\/wp-json\/wp\/v2\/types\/post"}],"author":[{"embeddable":true,"href":"https:\/\/larevistadigital.com.ar\/blog\/wp-json\/wp\/v2\/users\/3"}],"replies":[{"embeddable":true,"href":"https:\/\/larevistadigital.com.ar\/blog\/wp-json\/wp\/v2\/comments?post=25517"}],"version-history":[{"count":2,"href":"https:\/\/larevistadigital.com.ar\/blog\/wp-json\/wp\/v2\/posts\/25517\/revisions"}],"predecessor-version":[{"id":25519,"href":"https:\/\/larevistadigital.com.ar\/blog\/wp-json\/wp\/v2\/posts\/25517\/revisions\/25519"}],"wp:featuredmedia":[{"embeddable":true,"href":"https:\/\/larevistadigital.com.ar\/blog\/wp-json\/wp\/v2\/media\/7557"}],"wp:attachment":[{"href":"https:\/\/larevistadigital.com.ar\/blog\/wp-json\/wp\/v2\/media?parent=25517"}],"wp:term":[{"taxonomy":"category","embeddable":true,"href":"https:\/\/larevistadigital.com.ar\/blog\/wp-json\/wp\/v2\/categories?post=25517"},{"taxonomy":"post_tag","embeddable":true,"href":"https:\/\/larevistadigital.com.ar\/blog\/wp-json\/wp\/v2\/tags?post=25517"}],"curies":[{"name":"wp","href":"https:\/\/api.w.org\/{rel}","templated":true}]}}