{"id":2555,"date":"2017-06-27T20:27:11","date_gmt":"2017-06-27T20:27:11","guid":{"rendered":"https:\/\/larevistadigital.com.ar\/blog\/?p=2555"},"modified":"2017-06-27T20:27:11","modified_gmt":"2017-06-27T20:27:11","slug":"para-jorge-brucetta-algunos-no-respetaron-el-acuerdo-de-unidad-que-habia-firmado-la-ucr","status":"publish","type":"post","link":"https:\/\/larevistadigital.com.ar\/blog\/para-jorge-brucetta-algunos-no-respetaron-el-acuerdo-de-unidad-que-habia-firmado-la-ucr\/","title":{"rendered":"PARA JORGE BRUCETTA ALGUNOS NO RESPETARON EL ACUERDO DE UNIDAD QUE HAB\u00cdA FIRMADO LA UCR"},"content":{"rendered":"<p>En el marco de la campa\u00f1a que ha comenzado con miras a las PASO del pr\u00f3ximo mes de agosto, el concejal de la UCR <strong>Jorge Brucetta<\/strong> fue entrevistado en el programa \u201cAtaque de Radio\u201d que se emite los s\u00e1bados por la FM 101.5 de Chascom\u00fas, en donde dijo como primera medida que la lista que encabeza <strong>Santiago Dos Santos<\/strong>, tambi\u00e9n es \u201cCambiemos\u201d.<\/p>\n<blockquote>\n<h3>Luego, en clara alusi\u00f3n a una parte de la UCR que decidi\u00f3 formar parte de la otra lista con la que competir\u00e1n en agosto, hizo menci\u00f3n a un acuerdo de unidad que se hab\u00eda firmado y que estos \u201ccorreligionarios\u201d no habr\u00edan respetado.<\/h3>\n<\/blockquote>\n<p>Sostuvo adem\u00e1s que <strong><em>\u201cSantiago es una persona de gesti\u00f3n, y sus cualidades tienen que ver con el hacer\u2026No solamente con el decir\u201d<\/em><\/strong>.<\/p>\n<p>Agreg\u00f3 que <strong><em>\u201cel radicalismo se ha renovado, aportando esa frescura a la pol\u00edtica que tiene que ver con nombres nuevos, por eso los que hoy en d\u00eda tenemos cargos lo que hacemos es acompa\u00f1ar a esta nueva generaci\u00f3n de radicales\u201d<\/em><\/strong>.<\/p>\n<blockquote>\n<h3>Por otra parte, quiso dejar bien en claro que <strong><em>\u201cesta es una interna de cambiemos, y nosotros somos tan cambiemos como los dem\u00e1s, finalmente en el Concejo Deliberante somos quienes defendemos la gesti\u00f3n de Vidal\u201d.<\/em><\/strong><\/h3>\n<\/blockquote>\n<p>En referencia a las declaraciones de <strong>Ferrante<\/strong> que los hizo responsables de no poder llegar a un acuerdo y hacer una lista de unidad, asegur\u00f3 que no hubo voluntad de acordar de la otra parte, porque <strong><em>\u201cellos dijeron que quer\u00edan contender. Nosotros hicimos una propuesta y esperamos alguna respuesta o contrapropuesta que nunca lleg\u00f3. Igualmente, no es malo y es parte de la pol\u00edtica la competencia de fuerzas y estamos para defender lo que la UCR tiene y lo que nuestros afiliados quieren. Tenemos afiliados que nos exigen que defendamos el grado de representaci\u00f3n que debe tener el partido\u201d<\/em><\/strong>, concluy\u00f3.<\/p>\n<p>&nbsp;<\/p>\n<p>&nbsp;<\/p>\n<p>&nbsp;<\/p>\n","protected":false},"excerpt":{"rendered":"<div class=\"mh-excerpt\"><p>En el marco de la campa\u00f1a que ha comenzado con miras a las PASO del pr\u00f3ximo mes de agosto, el concejal de la UCR Jorge Brucetta fue entrevistado en el programa \u201cAtaque de Radio\u201d que <a class=\"mh-excerpt-more\" href=\"https:\/\/larevistadigital.com.ar\/blog\/para-jorge-brucetta-algunos-no-respetaron-el-acuerdo-de-unidad-que-habia-firmado-la-ucr\/\" title=\"PARA JORGE BRUCETTA ALGUNOS NO RESPETARON EL ACUERDO DE UNIDAD QUE HAB\u00cdA FIRMADO LA UCR\">[Leer M\u00e1s]<\/a><\/p>\n<\/div>","protected":false},"author":3,"featured_media":2558,"comment_status":"open","ping_status":"open","sticky":false,"template":"","format":"standard","meta":{"_jetpack_memberships_contains_paid_content":false,"footnotes":"","jetpack_publicize_message":"","jetpack_publicize_feature_enabled":true,"jetpack_social_post_already_shared":true,"jetpack_social_options":{"image_generator_settings":{"template":"highway","default_image_id":0,"font":"","enabled":false},"version":2}},"categories":[6,41,12,23],"tags":[],"class_list":{"0":"post-2555","1":"post","2":"type-post","3":"status-publish","4":"format-standard","5":"has-post-thumbnail","7":"category-chascomus","8":"category-destacadas","9":"category-politica","10":"category-politica-local"},"jetpack_publicize_connections":[],"jetpack_featured_media_url":"https:\/\/i0.wp.com\/larevistadigital.com.ar\/blog\/wp-content\/uploads\/2017\/06\/11999063_465870103586426_3421012546111130436_n.jpg?fit=960%2C540&ssl=1","jetpack_sharing_enabled":true,"jetpack_shortlink":"https:\/\/wp.me\/p8qtrQ-Fd","jetpack-related-posts":[{"id":3015,"url":"https:\/\/larevistadigital.com.ar\/blog\/chascomus-jorge-brucetta-resalto-que-el-domingo-13-hay-paso-en-cambiemos-entre-la-ucr-y-el-pro-y-no-una-interna-radical\/","url_meta":{"origin":2555,"position":0},"title":"CHASCOM\u00daS: JORGE BRUCETTA RESALT\u00d3 QUE \u00abEL DOMINGO 13 HAY PASO EN CAMBIEMOS ENTRE LA UCR Y EL PRO, Y NO UNA INTERNA RADICAL\u00bb","author":"Alejandro Sosa Ruda","date":"6 agosto, 2017","format":false,"excerpt":"El Presidente de la UCR local asegur\u00f3 con firmeza que \u201cEl domingo 13 en Chascom\u00fas hay PASO en Cambiemos entre la UCR y el PRO, no una interna radical\u201d En declaraciones period\u00edsticas, \u00a0el Presidente de la UCR de Chascom\u00fas, Jorge Brucetta record\u00f3 que el pr\u00f3ximo domingo 13 de agosto no\u2026","rel":"","context":"En \u00abCHASCOM\u00daS\u00bb","block_context":{"text":"CHASCOM\u00daS","link":"https:\/\/larevistadigital.com.ar\/blog\/category\/chascomus\/"},"img":{"alt_text":"","src":"https:\/\/i0.wp.com\/larevistadigital.com.ar\/blog\/wp-content\/uploads\/2017\/08\/12792206_519174541589315_2556223910099242137_o.jpg?fit=1200%2C748&ssl=1&resize=350%2C200","width":350,"height":200,"srcset":"https:\/\/i0.wp.com\/larevistadigital.com.ar\/blog\/wp-content\/uploads\/2017\/08\/12792206_519174541589315_2556223910099242137_o.jpg?fit=1200%2C748&ssl=1&resize=350%2C200 1x, https:\/\/i0.wp.com\/larevistadigital.com.ar\/blog\/wp-content\/uploads\/2017\/08\/12792206_519174541589315_2556223910099242137_o.jpg?fit=1200%2C748&ssl=1&resize=525%2C300 1.5x, https:\/\/i0.wp.com\/larevistadigital.com.ar\/blog\/wp-content\/uploads\/2017\/08\/12792206_519174541589315_2556223910099242137_o.jpg?fit=1200%2C748&ssl=1&resize=700%2C400 2x, https:\/\/i0.wp.com\/larevistadigital.com.ar\/blog\/wp-content\/uploads\/2017\/08\/12792206_519174541589315_2556223910099242137_o.jpg?fit=1200%2C748&ssl=1&resize=1050%2C600 3x"},"classes":[]},{"id":4237,"url":"https:\/\/larevistadigital.com.ar\/blog\/chascomus-jorge-brucetta-renuncio-la-presidencia-del-comite-la-ucr\/","url_meta":{"origin":2555,"position":1},"title":"CHASCOM\u00daS: JORGE BRUCETTA RENUNCI\u00d3 A LA PRESIDENCIA DEL COMIT\u00c9 DE LA UCR","author":"Alejandro Sosa Ruda","date":"18 diciembre, 2017","format":false,"excerpt":"Por intermedio de una carta, Jorge Brucetta hizo saber su determinaci\u00f3n de renunciar al cargo de Presidente de la UCR de Chascom\u00fas. La misiva fue dirigida al vicepresidente del Comit\u00e9, Jorge Machi, y en una entrevista concedida al programa AM Show que se emite por la FM 101.5 se refiri\u00f3\u2026","rel":"","context":"En \u00abCHASCOM\u00daS\u00bb","block_context":{"text":"CHASCOM\u00daS","link":"https:\/\/larevistadigital.com.ar\/blog\/category\/chascomus\/"},"img":{"alt_text":"","src":"https:\/\/i0.wp.com\/larevistadigital.com.ar\/blog\/wp-content\/uploads\/2017\/12\/Jorge-Brucetta-Pte.-UCR-Chascom%C3%BAs.jpg?fit=800%2C500&ssl=1&resize=350%2C200","width":350,"height":200,"srcset":"https:\/\/i0.wp.com\/larevistadigital.com.ar\/blog\/wp-content\/uploads\/2017\/12\/Jorge-Brucetta-Pte.-UCR-Chascom%C3%BAs.jpg?fit=800%2C500&ssl=1&resize=350%2C200 1x, https:\/\/i0.wp.com\/larevistadigital.com.ar\/blog\/wp-content\/uploads\/2017\/12\/Jorge-Brucetta-Pte.-UCR-Chascom%C3%BAs.jpg?fit=800%2C500&ssl=1&resize=525%2C300 1.5x, https:\/\/i0.wp.com\/larevistadigital.com.ar\/blog\/wp-content\/uploads\/2017\/12\/Jorge-Brucetta-Pte.-UCR-Chascom%C3%BAs.jpg?fit=800%2C500&ssl=1&resize=700%2C400 2x"},"classes":[]},{"id":4213,"url":"https:\/\/larevistadigital.com.ar\/blog\/chasacomus-jorge-brucetta-explico-los-motivos-alejamiento-del-morena\/","url_meta":{"origin":2555,"position":2},"title":"CHASACOM\u00daS: JORGE BRUCETTA EXPLIC\u00d3 LOS MOTIVOS DE SU ALEJAMIENTO DEL MORENA","author":"Alejandro Sosa Ruda","date":"13 diciembre, 2017","format":false,"excerpt":"El ex concejal de la UCR Jorge Brucetta dialog\u00f3 esta ma\u00f1ana con el programa radial AM Show, que se emite por la FM 101.5 de Chascom\u00fas, donde dio los motivos que lo impulsaron a tomar la decisi\u00f3n de renunciar al espacio que lo vio nacer como militante y pol\u00edtico. Notablemente\u2026","rel":"","context":"En \u00abDESTACADAS\u00bb","block_context":{"text":"DESTACADAS","link":"https:\/\/larevistadigital.com.ar\/blog\/category\/destacadas\/"},"img":{"alt_text":"","src":"https:\/\/i0.wp.com\/larevistadigital.com.ar\/blog\/wp-content\/uploads\/2017\/12\/12792206_519174541589315_2556223910099242137_o-2.jpg?fit=1200%2C748&ssl=1&resize=350%2C200","width":350,"height":200,"srcset":"https:\/\/i0.wp.com\/larevistadigital.com.ar\/blog\/wp-content\/uploads\/2017\/12\/12792206_519174541589315_2556223910099242137_o-2.jpg?fit=1200%2C748&ssl=1&resize=350%2C200 1x, https:\/\/i0.wp.com\/larevistadigital.com.ar\/blog\/wp-content\/uploads\/2017\/12\/12792206_519174541589315_2556223910099242137_o-2.jpg?fit=1200%2C748&ssl=1&resize=525%2C300 1.5x, https:\/\/i0.wp.com\/larevistadigital.com.ar\/blog\/wp-content\/uploads\/2017\/12\/12792206_519174541589315_2556223910099242137_o-2.jpg?fit=1200%2C748&ssl=1&resize=700%2C400 2x, https:\/\/i0.wp.com\/larevistadigital.com.ar\/blog\/wp-content\/uploads\/2017\/12\/12792206_519174541589315_2556223910099242137_o-2.jpg?fit=1200%2C748&ssl=1&resize=1050%2C600 3x"},"classes":[]},{"id":4206,"url":"https:\/\/larevistadigital.com.ar\/blog\/chascomus-primicia-absoluta-jorge-brucetta-renuncio-al-alfonsinismo\/","url_meta":{"origin":2555,"position":3},"title":"CHASCOM\u00daS: PRIMICIA ABSOLUTA! JORGE BRUCETTA RENUNCI\u00d3 AL ALFONSINISMO","author":"Alejandro Sosa Ruda","date":"13 diciembre, 2017","format":false,"excerpt":"PUDIMOS ACCEDER A UN MENSAJE A SUS CORRELIGIONARIOS EN EL QUE SE DESPIDE DEL SECTOR INTERNO, Y CONFIRMA QUE COMUNIC\u00d3 SU DECISI\u00d3N A LA CONDUCTORA DEL ESPACIO, LA DIPUTADA LILIANA DENOT En primicia absoluta de La Revista Digital, damos a conocer un mensaje que se filtr\u00f3 por fuentes indubitables dentro\u2026","rel":"","context":"En \u00abDESTACADAS\u00bb","block_context":{"text":"DESTACADAS","link":"https:\/\/larevistadigital.com.ar\/blog\/category\/destacadas\/"},"img":{"alt_text":"","src":"https:\/\/i0.wp.com\/larevistadigital.com.ar\/blog\/wp-content\/uploads\/2017\/06\/11999063_465870103586426_3421012546111130436_n.jpg?fit=960%2C540&ssl=1&resize=350%2C200","width":350,"height":200,"srcset":"https:\/\/i0.wp.com\/larevistadigital.com.ar\/blog\/wp-content\/uploads\/2017\/06\/11999063_465870103586426_3421012546111130436_n.jpg?fit=960%2C540&ssl=1&resize=350%2C200 1x, https:\/\/i0.wp.com\/larevistadigital.com.ar\/blog\/wp-content\/uploads\/2017\/06\/11999063_465870103586426_3421012546111130436_n.jpg?fit=960%2C540&ssl=1&resize=525%2C300 1.5x, https:\/\/i0.wp.com\/larevistadigital.com.ar\/blog\/wp-content\/uploads\/2017\/06\/11999063_465870103586426_3421012546111130436_n.jpg?fit=960%2C540&ssl=1&resize=700%2C400 2x"},"classes":[]},{"id":34830,"url":"https:\/\/larevistadigital.com.ar\/blog\/chascomus-malestar-en-el-pro-la-ucr-ya-tenia-todo-arreglado-con-uxch-y-la-campora\/","url_meta":{"origin":2555,"position":4},"title":"CHASCOM\u00daS: MALESTAR EN EL PRO. \u00abLA UCR YA TEN\u00cdA TODO ARREGLADO CON UXCH Y LA C\u00c1MPORA\u00bb","author":"Alejandro Sosa Ruda","date":"13 diciembre, 2023","format":false,"excerpt":"Algunos ediles del pro, en di\u00e1logo con La Revista Digital, tambi\u00e9n aseguraron que la nueva presidencia de Sanuci aument\u00f3 la planta pol\u00edtica en un 100%. Todo esto origin\u00f3 que la coalici\u00f3n est\u00e9 virtualmente rota. 13 de diciembre de 2023 CHASCOM\u00daS -\u00a0 \u00a0El pasado 9 de diciembre, fue el d\u00eda en\u2026","rel":"","context":"En \u00abDESTACADAS\u00bb","block_context":{"text":"DESTACADAS","link":"https:\/\/larevistadigital.com.ar\/blog\/category\/destacadas\/"},"img":{"alt_text":"","src":"https:\/\/i0.wp.com\/larevistadigital.com.ar\/blog\/wp-content\/uploads\/410273143_10230578348219824_3663735131259813259_n-e1702510287892.jpg?fit=1200%2C840&ssl=1&resize=350%2C200","width":350,"height":200,"srcset":"https:\/\/i0.wp.com\/larevistadigital.com.ar\/blog\/wp-content\/uploads\/410273143_10230578348219824_3663735131259813259_n-e1702510287892.jpg?fit=1200%2C840&ssl=1&resize=350%2C200 1x, https:\/\/i0.wp.com\/larevistadigital.com.ar\/blog\/wp-content\/uploads\/410273143_10230578348219824_3663735131259813259_n-e1702510287892.jpg?fit=1200%2C840&ssl=1&resize=525%2C300 1.5x, https:\/\/i0.wp.com\/larevistadigital.com.ar\/blog\/wp-content\/uploads\/410273143_10230578348219824_3663735131259813259_n-e1702510287892.jpg?fit=1200%2C840&ssl=1&resize=700%2C400 2x, https:\/\/i0.wp.com\/larevistadigital.com.ar\/blog\/wp-content\/uploads\/410273143_10230578348219824_3663735131259813259_n-e1702510287892.jpg?fit=1200%2C840&ssl=1&resize=1050%2C600 3x"},"classes":[]},{"id":2461,"url":"https:\/\/larevistadigital.com.ar\/blog\/fue-presentado-en-sociedad-el-partido-fe-en-chascomus\/","url_meta":{"origin":2555,"position":5},"title":"FUE PRESENTADO EN SOCIEDAD EL PARTIDO FE EN CHASCOM\u00daS","author":"Alejandro Sosa Ruda","date":"21 junio, 2017","format":false,"excerpt":"En una confiter\u00eda c\u00e9ntrica de la ciudad de Chascom\u00fas se llev\u00f3 a cabo un peque\u00f1o acto y posterior conferencia de prensa en la que se present\u00f3 la representaci\u00f3n local y autoridades del Partido Fe, que lidera el secretario general de UATRE Ger\u00f3nimo \u201cEl Momo\u201d Venegas. La reuni\u00f3n comenz\u00f3 un poco\u2026","rel":"","context":"En \u00abCHASCOM\u00daS\u00bb","block_context":{"text":"CHASCOM\u00daS","link":"https:\/\/larevistadigital.com.ar\/blog\/category\/chascomus\/"},"img":{"alt_text":"","src":"https:\/\/i0.wp.com\/larevistadigital.com.ar\/blog\/wp-content\/uploads\/2017\/06\/WhatsApp-Image-2017-06-19-at-14.17.39-1.jpeg?fit=1152%2C864&ssl=1&resize=350%2C200","width":350,"height":200,"srcset":"https:\/\/i0.wp.com\/larevistadigital.com.ar\/blog\/wp-content\/uploads\/2017\/06\/WhatsApp-Image-2017-06-19-at-14.17.39-1.jpeg?fit=1152%2C864&ssl=1&resize=350%2C200 1x, https:\/\/i0.wp.com\/larevistadigital.com.ar\/blog\/wp-content\/uploads\/2017\/06\/WhatsApp-Image-2017-06-19-at-14.17.39-1.jpeg?fit=1152%2C864&ssl=1&resize=525%2C300 1.5x, https:\/\/i0.wp.com\/larevistadigital.com.ar\/blog\/wp-content\/uploads\/2017\/06\/WhatsApp-Image-2017-06-19-at-14.17.39-1.jpeg?fit=1152%2C864&ssl=1&resize=700%2C400 2x, https:\/\/i0.wp.com\/larevistadigital.com.ar\/blog\/wp-content\/uploads\/2017\/06\/WhatsApp-Image-2017-06-19-at-14.17.39-1.jpeg?fit=1152%2C864&ssl=1&resize=1050%2C600 3x"},"classes":[]}],"_links":{"self":[{"href":"https:\/\/larevistadigital.com.ar\/blog\/wp-json\/wp\/v2\/posts\/2555","targetHints":{"allow":["GET"]}}],"collection":[{"href":"https:\/\/larevistadigital.com.ar\/blog\/wp-json\/wp\/v2\/posts"}],"about":[{"href":"https:\/\/larevistadigital.com.ar\/blog\/wp-json\/wp\/v2\/types\/post"}],"author":[{"embeddable":true,"href":"https:\/\/larevistadigital.com.ar\/blog\/wp-json\/wp\/v2\/users\/3"}],"replies":[{"embeddable":true,"href":"https:\/\/larevistadigital.com.ar\/blog\/wp-json\/wp\/v2\/comments?post=2555"}],"version-history":[{"count":1,"href":"https:\/\/larevistadigital.com.ar\/blog\/wp-json\/wp\/v2\/posts\/2555\/revisions"}],"predecessor-version":[{"id":2559,"href":"https:\/\/larevistadigital.com.ar\/blog\/wp-json\/wp\/v2\/posts\/2555\/revisions\/2559"}],"wp:featuredmedia":[{"embeddable":true,"href":"https:\/\/larevistadigital.com.ar\/blog\/wp-json\/wp\/v2\/media\/2558"}],"wp:attachment":[{"href":"https:\/\/larevistadigital.com.ar\/blog\/wp-json\/wp\/v2\/media?parent=2555"}],"wp:term":[{"taxonomy":"category","embeddable":true,"href":"https:\/\/larevistadigital.com.ar\/blog\/wp-json\/wp\/v2\/categories?post=2555"},{"taxonomy":"post_tag","embeddable":true,"href":"https:\/\/larevistadigital.com.ar\/blog\/wp-json\/wp\/v2\/tags?post=2555"}],"curies":[{"name":"wp","href":"https:\/\/api.w.org\/{rel}","templated":true}]}}