{"id":2566,"date":"2017-06-28T12:20:25","date_gmt":"2017-06-28T12:20:25","guid":{"rendered":"https:\/\/larevistadigital.com.ar\/blog\/?p=2566"},"modified":"2017-06-28T12:21:18","modified_gmt":"2017-06-28T12:21:18","slug":"chascomus-por-que-jose-ochoa-rompio-con-el-frente-renovador-y-armo-un-nuevo-vecinalismo","status":"publish","type":"post","link":"https:\/\/larevistadigital.com.ar\/blog\/chascomus-por-que-jose-ochoa-rompio-con-el-frente-renovador-y-armo-un-nuevo-vecinalismo\/","title":{"rendered":"CHASCOM\u00daS: \u00bfPOR QU\u00c9 JOS\u00c9 OCHOA ROMPI\u00d3 CON EL FRENTE RENOVADOR Y ARM\u00d3 UN NUEVO VECINALISMO?"},"content":{"rendered":"<h2>En una entrevista exclusiva con <strong>LRD<\/strong>, el candidato a concejal y Presidente del partido vecinalista \u201cJuntos por Chascom\u00fas\u201d, <strong>Jos\u00e9 Ochoa<\/strong> abord\u00f3 distintos temas que tienen que ver con la pr\u00f3xima elecci\u00f3n y con las razones que lo llevaron a crear un nuevo espacio pol\u00edtico local.<\/h2>\n<p>Comenz\u00f3 diciendo que <strong><em>\u201cEste fue un proceso que se fue dando despu\u00e9s de las PASO en el que uno cumpli\u00f3 con lo que se hab\u00eda comprometido, y lo que m\u00e1s nos preocupaba, era el cumplimiento con lo que le hab\u00edamos dicho al electorado\u201d<\/em><\/strong>.<\/p>\n<p>Agreg\u00f3 que <strong><em>\u201cAlgunos se manejan de manera que tiene que ver con la \u201cvieja pol\u00edtica\u201d y muchas veces no tiene que ver con quien conduce, sino con ese c\u00edrculo peque\u00f1o que son los que en definitiva a veces toman decisiones que en algunos casos son errores que se pagan en la elecci\u00f3n\u201d<\/em><\/strong>.<\/p>\n<blockquote>\n<h3><strong><em>\u201cNosotros formamos un espacio vecinalista llamado Juntos por Chascom\u00fas en el que vamos a tratar de llevar a cabo todas las ideas que venimos pregonando desde hace tiempo, sin necesidad de pedir permiso\u201d<\/em><\/strong>, se\u00f1al\u00f3.<\/h3>\n<\/blockquote>\n<p>A su vez, inform\u00f3 que <strong><em>\u201cQuienes quieran votarnos, podr\u00e1n hacerlo a trav\u00e9s de nuestra \u201cboleta corta\u201d, ya que no tenemos candidatos a nivel provincial ni nacional, es decir que en esos \u00e1mbitos podr\u00e1n elegir a quienes crean que mejor los van a representar, por eso les digo que si usaron alguna vez la tijerita verde (en referencia a la vieja campa\u00f1a de UxCH) o de otro color, que la saquen y vuelvan a usarla en agosto\u201d<\/em><\/strong>.<\/p>\n<blockquote>\n<h3>Con respecto a la actualidad y el sentir de la gente, dijo que <strong><em>\u201cla gente ha aprendido el ejercicio del voto. La gente ya no vota m\u00e1s la lista s\u00e1bana, sino que elige a sus representantes. Esto obviamente no les gusta a los personajes de la vieja pol\u00edtica, pero ya es irreversible\u201d<\/em><\/strong>.<\/h3>\n<\/blockquote>\n<p>Agregando que <strong><em>\u201cLos datos oficiales dicen que de los 500.000 planes asistenciales que ten\u00edamos en el 83, hoy tenemos 10.000.000, es decir que esto ha sido una f\u00e1brica de pobres del 83 hasta ac\u00e1, y esa es una de las cosas que tenemos que modificar\u201d<\/em><\/strong>.<\/p>\n<blockquote>\n<h3>Dijo tambi\u00e9n que el problema no fue con el Frente Renovador ni en provincia ni en naci\u00f3n, solo es a nivel local, <strong><em>\u201cDesde hace dos a\u00f1os que venimos tratando sin resultado de ponernos de acuerdo. Conmigo no cumplieron con nada de lo que se hab\u00edan comprometido. Ni siquiera me invitaron al acto de asunci\u00f3n.<\/em><\/strong><\/h3>\n<\/blockquote>\n<p><strong><em>No atendieron como corresponde el tema de la inseguridad. La gente est\u00e1 cansada al punto que a veces ni siquiera hace la denuncia\u201d<\/em><\/strong>.<\/p>\n<p>Respecto de sus posibilidades en la contienda electoral, afirm\u00f3 que <strong><em>\u201cHemos tenido acceso a datos y encuestas que nos est\u00e1n dando mejor que la elecci\u00f3n pasada, lo que me parece l\u00f3gico ya que la gente no cree m\u00e1s en la vieja pol\u00edtica\u201d.<\/em><\/strong><\/p>\n<p><strong><em>Los vecinos, principalmente se quejan del tema seguridad, y del tema del estado de las calles principalmente en los barrios y en las zonas rurales, en donde hace rato que no pasan las m\u00e1quinas\u201d<\/em><\/strong>, concluy\u00f3.<\/p>\n<p>&nbsp;<\/p>\n<p>&nbsp;<\/p>\n","protected":false},"excerpt":{"rendered":"<div class=\"mh-excerpt\"><p>En una entrevista exclusiva con LRD, el candidato a concejal y Presidente del partido vecinalista \u201cJuntos por Chascom\u00fas\u201d, Jos\u00e9 Ochoa abord\u00f3 distintos temas que tienen que ver con la pr\u00f3xima elecci\u00f3n y con las razones <a class=\"mh-excerpt-more\" href=\"https:\/\/larevistadigital.com.ar\/blog\/chascomus-por-que-jose-ochoa-rompio-con-el-frente-renovador-y-armo-un-nuevo-vecinalismo\/\" title=\"CHASCOM\u00daS: \u00bfPOR QU\u00c9 JOS\u00c9 OCHOA ROMPI\u00d3 CON EL FRENTE RENOVADOR Y ARM\u00d3 UN NUEVO VECINALISMO?\">[Leer M\u00e1s]<\/a><\/p>\n<\/div>","protected":false},"author":3,"featured_media":2572,"comment_status":"open","ping_status":"open","sticky":false,"template":"","format":"standard","meta":{"_jetpack_memberships_contains_paid_content":false,"footnotes":"","jetpack_publicize_message":"","jetpack_publicize_feature_enabled":true,"jetpack_social_post_already_shared":true,"jetpack_social_options":{"image_generator_settings":{"template":"highway","default_image_id":0,"font":"","enabled":false},"version":2}},"categories":[6,41,12,23],"tags":[],"class_list":{"0":"post-2566","1":"post","2":"type-post","3":"status-publish","4":"format-standard","5":"has-post-thumbnail","7":"category-chascomus","8":"category-destacadas","9":"category-politica","10":"category-politica-local"},"jetpack_publicize_connections":[],"jetpack_featured_media_url":"https:\/\/i0.wp.com\/larevistadigital.com.ar\/blog\/wp-content\/uploads\/2017\/06\/19400334_111872562760790_7570310030625522465_o.jpg?fit=800%2C565&ssl=1","jetpack_sharing_enabled":true,"jetpack_shortlink":"https:\/\/wp.me\/p8qtrQ-Fo","jetpack-related-posts":[{"id":2531,"url":"https:\/\/larevistadigital.com.ar\/blog\/chascomus-jose-ochoa-presento-la-lista-en-la-que-debuta-con-su-partido-juntos-por-chascomus\/","url_meta":{"origin":2566,"position":0},"title":"CHASCOM\u00daS: JOS\u00c9 OCHOA PRESENT\u00d3 LA LISTA EN LA QUE DEBUTA CON SU PARTIDO \u201cJUNTOS POR CHASCOMUS\u201d","author":"Alejandro Sosa Ruda","date":"26 junio, 2017","format":false,"excerpt":"Lleg\u00f3 el momento de tomar decisiones, y as\u00ed lo hizo el abogado Jos\u00e9 Ochoa, quien seguramente cansado de los desaires y promesas incumplidas, dej\u00f3 las filas del Frente Renovador, y fund\u00f3 su propio partido: \u201cJUNTOS POR CHASCOM\u00daS\u201d. De esta forma, dio por terminada una relaci\u00f3n que comenz\u00f3 hace un poco\u2026","rel":"","context":"En \u00abCHASCOM\u00daS\u00bb","block_context":{"text":"CHASCOM\u00daS","link":"https:\/\/larevistadigital.com.ar\/blog\/category\/chascomus\/"},"img":{"alt_text":"","src":"https:\/\/i0.wp.com\/larevistadigital.com.ar\/blog\/wp-content\/uploads\/2017\/06\/DSC_0258.jpg?fit=1200%2C652&ssl=1&resize=350%2C200","width":350,"height":200,"srcset":"https:\/\/i0.wp.com\/larevistadigital.com.ar\/blog\/wp-content\/uploads\/2017\/06\/DSC_0258.jpg?fit=1200%2C652&ssl=1&resize=350%2C200 1x, https:\/\/i0.wp.com\/larevistadigital.com.ar\/blog\/wp-content\/uploads\/2017\/06\/DSC_0258.jpg?fit=1200%2C652&ssl=1&resize=525%2C300 1.5x, https:\/\/i0.wp.com\/larevistadigital.com.ar\/blog\/wp-content\/uploads\/2017\/06\/DSC_0258.jpg?fit=1200%2C652&ssl=1&resize=700%2C400 2x, https:\/\/i0.wp.com\/larevistadigital.com.ar\/blog\/wp-content\/uploads\/2017\/06\/DSC_0258.jpg?fit=1200%2C652&ssl=1&resize=1050%2C600 3x"},"classes":[]},{"id":2102,"url":"https:\/\/larevistadigital.com.ar\/blog\/ochoa-abrio-su-nuevo-local-frente-al-reloj\/","url_meta":{"origin":2566,"position":1},"title":"OCHOA ABRI\u00d3 SU NUEVO LOCAL FRENTE AL RELOJ","author":"Alejandro Sosa Ruda","date":"25 abril, 2017","format":false,"excerpt":"El prestigioso abogado renov\u00f3 su compromiso con sus seguidores y manifest\u00f3 su voluntad de continuar trabajando para las necesidades reales de la gente. En la noche del viernes pasado, el abogado chascomunense y ex precandidato a Intendente en la \u00faltima elecci\u00f3n, Dr. Jos\u00e9 Ignacio Ochoa, abri\u00f3 las puertas de su\u2026","rel":"","context":"En \u00abCHASCOM\u00daS\u00bb","block_context":{"text":"CHASCOM\u00daS","link":"https:\/\/larevistadigital.com.ar\/blog\/category\/chascomus\/"},"img":{"alt_text":"","src":"https:\/\/i0.wp.com\/larevistadigital.com.ar\/blog\/wp-content\/uploads\/2017\/04\/WhatsApp-Image-2017-04-24-at-11.37.09-1.jpeg?fit=864%2C1152&ssl=1&resize=350%2C200","width":350,"height":200,"srcset":"https:\/\/i0.wp.com\/larevistadigital.com.ar\/blog\/wp-content\/uploads\/2017\/04\/WhatsApp-Image-2017-04-24-at-11.37.09-1.jpeg?fit=864%2C1152&ssl=1&resize=350%2C200 1x, https:\/\/i0.wp.com\/larevistadigital.com.ar\/blog\/wp-content\/uploads\/2017\/04\/WhatsApp-Image-2017-04-24-at-11.37.09-1.jpeg?fit=864%2C1152&ssl=1&resize=525%2C300 1.5x, https:\/\/i0.wp.com\/larevistadigital.com.ar\/blog\/wp-content\/uploads\/2017\/04\/WhatsApp-Image-2017-04-24-at-11.37.09-1.jpeg?fit=864%2C1152&ssl=1&resize=700%2C400 2x"},"classes":[]},{"id":24475,"url":"https:\/\/larevistadigital.com.ar\/blog\/juntos-por-chascomus-solicito-al-intendente-gaston-que-se-informe-sobre-la-implementacion-del-plan-fines\/","url_meta":{"origin":2566,"position":2},"title":"JUNTOS POR CHASCOM\u00daS SOLICIT\u00d3 AL INTENDENTE GAST\u00d3N QUE SE INFORME SOBRE LA IMPLEMENTACI\u00d3N DEL PLAN FINES","author":"Alejandro Sosa Ruda","date":"11 marzo, 2022","format":false,"excerpt":"La presentaci\u00f3n la hicieron Laura Mouj\u00e1n, y Jose Ochoa, quienes vienen trabajando fuerte en cuestiones de inter\u00e9s de los vecinos, pese a no haber conseguido ingresar al Concejo. CHASCOM\u00daS -\u00a0 \u00a0Los referentes del partido vecinalista Juntos Por Chascom\u00fas, Laura Moujan y Jos\u00e9 Ochoa, hicieron llegar una nota al Intendente municipal\u2026","rel":"","context":"En \u00abCHASCOM\u00daS\u00bb","block_context":{"text":"CHASCOM\u00daS","link":"https:\/\/larevistadigital.com.ar\/blog\/category\/chascomus\/"},"img":{"alt_text":"","src":"https:\/\/i0.wp.com\/larevistadigital.com.ar\/blog\/wp-content\/uploads\/MOUJAN-OCHOA.jpg?fit=900%2C449&ssl=1&resize=350%2C200","width":350,"height":200,"srcset":"https:\/\/i0.wp.com\/larevistadigital.com.ar\/blog\/wp-content\/uploads\/MOUJAN-OCHOA.jpg?fit=900%2C449&ssl=1&resize=350%2C200 1x, https:\/\/i0.wp.com\/larevistadigital.com.ar\/blog\/wp-content\/uploads\/MOUJAN-OCHOA.jpg?fit=900%2C449&ssl=1&resize=525%2C300 1.5x, https:\/\/i0.wp.com\/larevistadigital.com.ar\/blog\/wp-content\/uploads\/MOUJAN-OCHOA.jpg?fit=900%2C449&ssl=1&resize=700%2C400 2x"},"classes":[]},{"id":3479,"url":"https:\/\/larevistadigital.com.ar\/blog\/chascomus-jose-ochoa-aseguro-que-si-es-electo-concejal-tiene-la-solucion-para-implementar-el-transporte-publico\/","url_meta":{"origin":2566,"position":3},"title":"CHASCOM\u00daS: JOS\u00c9 OCHOA ASEGUR\u00d3 QUE SI ES ELECTO CONCEJAL, TIENE LA SOLUCI\u00d3N PARA IMPLEMENTAR EL TRANSPORTE P\u00daBLICO","author":"Alejandro Sosa Ruda","date":"12 octubre, 2017","format":false,"excerpt":"Jos\u00e9 Ochoa, candidato a concejal por el partido Juntos por Chascom\u00fas, asegur\u00f3 que tiene el proyecto que solucionar\u00eda de una vez por todas uno de los problemas m\u00e1s grandes y de m\u00e1s larga data en la ciudad: El transporte p\u00fablico. Ochoa, dijo que su proyecto de transporte p\u00fablico municipal se\u2026","rel":"","context":"En \u00abDESTACADAS\u00bb","block_context":{"text":"DESTACADAS","link":"https:\/\/larevistadigital.com.ar\/blog\/category\/destacadas\/"},"img":{"alt_text":"","src":"https:\/\/i0.wp.com\/larevistadigital.com.ar\/blog\/wp-content\/uploads\/2017\/10\/CHASCOSUBE.jpg?fit=1200%2C630&ssl=1&resize=350%2C200","width":350,"height":200,"srcset":"https:\/\/i0.wp.com\/larevistadigital.com.ar\/blog\/wp-content\/uploads\/2017\/10\/CHASCOSUBE.jpg?fit=1200%2C630&ssl=1&resize=350%2C200 1x, https:\/\/i0.wp.com\/larevistadigital.com.ar\/blog\/wp-content\/uploads\/2017\/10\/CHASCOSUBE.jpg?fit=1200%2C630&ssl=1&resize=525%2C300 1.5x, https:\/\/i0.wp.com\/larevistadigital.com.ar\/blog\/wp-content\/uploads\/2017\/10\/CHASCOSUBE.jpg?fit=1200%2C630&ssl=1&resize=700%2C400 2x, https:\/\/i0.wp.com\/larevistadigital.com.ar\/blog\/wp-content\/uploads\/2017\/10\/CHASCOSUBE.jpg?fit=1200%2C630&ssl=1&resize=1050%2C600 3x"},"classes":[]},{"id":1318,"url":"https:\/\/larevistadigital.com.ar\/blog\/estamos-trabajando-en-la-construccion-de-un-nuevo-partido-vecinalista\/","url_meta":{"origin":2566,"position":4},"title":"\u00abEstamos trabajando en la construcci\u00f3n de un nuevo partido vecinalista\u00bb","author":"editor","date":"18 marzo, 2017","format":false,"excerpt":"Jose Ochoa: El Abogado local y dirigente pol\u00edtico del Frente Renovador, Dr. Jos\u00e9 Ochoa, fue entrevistado en el programa \"Dos por M\u00e1s\" que conducen Alberto Morel y Mart\u00edn Palmero por FM La Radio 101.5, donde se refiri\u00f3 al panorama pol\u00edtico. En lo que respecta a la unidad entre Sergio Massa\u2026","rel":"","context":"En \u00abCHASCOM\u00daS\u00bb","block_context":{"text":"CHASCOM\u00daS","link":"https:\/\/larevistadigital.com.ar\/blog\/category\/chascomus\/"},"img":{"alt_text":"","src":"https:\/\/i0.wp.com\/larevistadigital.com.ar\/blog\/wp-content\/uploads\/2017\/03\/descarga-7.jpg?fit=238%2C212&ssl=1&resize=350%2C200","width":350,"height":200},"classes":[]},{"id":3540,"url":"https:\/\/larevistadigital.com.ar\/blog\/chascomus-dura-respuesta-jose-ochoa-la-nota-ramiro-ferrante\/","url_meta":{"origin":2566,"position":5},"title":"CHASCOM\u00daS: DURA RESPUESTA DE JOS\u00c9 OCHOA A LA NOTA DE RAMIRO FERRANTE","author":"Alejandro Sosa Ruda","date":"20 octubre, 2017","format":false,"excerpt":"Luego que el candidato que encabeza la lista de Cambiemos, Ramiro Ferrante hiciera p\u00fablica una nota en la que mencion\u00f3 algunas actitudes de los candidatos del oficialismo local de 1Pa\u00eds y el vecinalismo de \"Juntos por Chascom\u00fas\" tildandolas de \"vieja pol\u00edtica\", el abogado y Presidente de Juntos por Chascom\u00fas, Jos\u00e9\u2026","rel":"","context":"En \u00abCHASCOM\u00daS\u00bb","block_context":{"text":"CHASCOM\u00daS","link":"https:\/\/larevistadigital.com.ar\/blog\/category\/chascomus\/"},"img":{"alt_text":"","src":"https:\/\/i0.wp.com\/larevistadigital.com.ar\/blog\/wp-content\/uploads\/2017\/10\/maxresdefault-2.jpg?fit=1200%2C675&ssl=1&resize=350%2C200","width":350,"height":200,"srcset":"https:\/\/i0.wp.com\/larevistadigital.com.ar\/blog\/wp-content\/uploads\/2017\/10\/maxresdefault-2.jpg?fit=1200%2C675&ssl=1&resize=350%2C200 1x, https:\/\/i0.wp.com\/larevistadigital.com.ar\/blog\/wp-content\/uploads\/2017\/10\/maxresdefault-2.jpg?fit=1200%2C675&ssl=1&resize=525%2C300 1.5x, https:\/\/i0.wp.com\/larevistadigital.com.ar\/blog\/wp-content\/uploads\/2017\/10\/maxresdefault-2.jpg?fit=1200%2C675&ssl=1&resize=700%2C400 2x, https:\/\/i0.wp.com\/larevistadigital.com.ar\/blog\/wp-content\/uploads\/2017\/10\/maxresdefault-2.jpg?fit=1200%2C675&ssl=1&resize=1050%2C600 3x"},"classes":[]}],"_links":{"self":[{"href":"https:\/\/larevistadigital.com.ar\/blog\/wp-json\/wp\/v2\/posts\/2566","targetHints":{"allow":["GET"]}}],"collection":[{"href":"https:\/\/larevistadigital.com.ar\/blog\/wp-json\/wp\/v2\/posts"}],"about":[{"href":"https:\/\/larevistadigital.com.ar\/blog\/wp-json\/wp\/v2\/types\/post"}],"author":[{"embeddable":true,"href":"https:\/\/larevistadigital.com.ar\/blog\/wp-json\/wp\/v2\/users\/3"}],"replies":[{"embeddable":true,"href":"https:\/\/larevistadigital.com.ar\/blog\/wp-json\/wp\/v2\/comments?post=2566"}],"version-history":[{"count":1,"href":"https:\/\/larevistadigital.com.ar\/blog\/wp-json\/wp\/v2\/posts\/2566\/revisions"}],"predecessor-version":[{"id":2569,"href":"https:\/\/larevistadigital.com.ar\/blog\/wp-json\/wp\/v2\/posts\/2566\/revisions\/2569"}],"wp:featuredmedia":[{"embeddable":true,"href":"https:\/\/larevistadigital.com.ar\/blog\/wp-json\/wp\/v2\/media\/2572"}],"wp:attachment":[{"href":"https:\/\/larevistadigital.com.ar\/blog\/wp-json\/wp\/v2\/media?parent=2566"}],"wp:term":[{"taxonomy":"category","embeddable":true,"href":"https:\/\/larevistadigital.com.ar\/blog\/wp-json\/wp\/v2\/categories?post=2566"},{"taxonomy":"post_tag","embeddable":true,"href":"https:\/\/larevistadigital.com.ar\/blog\/wp-json\/wp\/v2\/tags?post=2566"}],"curies":[{"name":"wp","href":"https:\/\/api.w.org\/{rel}","templated":true}]}}