{"id":25672,"date":"2022-06-08T00:11:10","date_gmt":"2022-06-08T00:11:10","guid":{"rendered":"https:\/\/larevistadigital.com.ar\/blog\/?p=25672"},"modified":"2022-06-08T00:11:10","modified_gmt":"2022-06-08T00:11:10","slug":"nuevo-patrullero-oceanico-arribo-a-la-base-naval-de-mar-del-plata","status":"publish","type":"post","link":"https:\/\/larevistadigital.com.ar\/blog\/nuevo-patrullero-oceanico-arribo-a-la-base-naval-de-mar-del-plata\/","title":{"rendered":"NUEVO PATRULLERO OCE\u00c1NICO ARRIB\u00d3 A LA BASE NAVAL DE MAR DEL PLATA"},"content":{"rendered":"<h2>La divisi\u00f3n \u00abPatrullado Mar\u00edtimo\u00bb, con asiento en la Base Naval, qued\u00f3 completa con el arribo de la nueva embarcaci\u00f3n. Prevenci\u00f3n y vigilancia en mar argentino<\/h2>\n<p><strong>MAR DEL PLATA &#8211;\u00a0<\/strong> Los acordes de las marchas de Malvinas y la Armada Argentina, ejecutadas por la banda musical, marcaron el final de la ceremonia de bienvenida al patrullero oce\u00e1nico ARA \u201cContraalmirante Cordero\u201d a la Base Naval local.<\/p>\n<p>La embarcaci\u00f3n se incorpora, as\u00ed, a la divisi\u00f3n \u201cPatrullado Mar\u00edtimo\u201d dependiente del \u00c1rea Naval Atl\u00e1ntica junto a otras tres naves: \u201cBouchard\u201d, \u201cPiedrabuena\u201d y \u201cStorni\u201d.<\/p>\n<blockquote>\n<h3>Adem\u00e1s de las autoridades, encabezadas por el comandante del \u00c1rea Naval Atl\u00e1ntica, Marcelo Luis Fern\u00e1ndez, y el comandante de la divisi\u00f3n Patrullado Mar\u00edtimo, Mariano Garc\u00eda Bonini, estuvieron gran parte de los familiares de los 40 integrantes de la tripulaci\u00f3n.<\/h3>\n<\/blockquote>\n<p>Luego de la bendici\u00f3n a cargo del capell\u00e1n <strong>Luis Bert\u00fa<\/strong>, y de entonar las estrofas del Himno Nacional, el comandante <strong>Fern\u00e1ndez<\/strong> agradeci\u00f3 a las familias de los tripulantes, salud\u00f3 a los periodistas \u201cque hoy celebran su d\u00eda\u201d y le dio la bienvenida al nuevo patrullero oce\u00e1nico que se incorporar\u00e1 \u201ca su apostadero, desde donde se desplegar\u00e1n para las futuras operaciones\u201d.<\/p>\n<p><strong><em>\u201cEl buque y su personal est\u00e1n listos -a\u00f1adi\u00f3- para llevar adelante las tareas que nos encomienden. As\u00ed que bienvenidos y los comprometo a llevar adelante esta misi\u00f3n de vigilancia y control del mar de la manera que debemos hacerlo: con nuestra presencia en dichas aguas\u201d.<\/em><\/strong><\/p>\n<p><span style=\"color: #ff0000\"><strong>Cuidados<\/strong><\/span><\/p>\n<p>El patrullero oce\u00e1nico ARA \u201cContraalmirante Cordero\u201d -cuyo capit\u00e1n es Nicol\u00e1s Leonardo Salinas- arrib\u00f3 el pasado 2 de junio al apostadero naval Buenos Aires, tras 22 d\u00edas de navegaci\u00f3n por el oc\u00e9ano Atl\u00e1ntico, despu\u00e9s de zarpar de Concarneau (Francia), donde se construy\u00f3.<\/p>\n<blockquote>\n<h3>La nave fue botada en septiembre del a\u00f1o pasado en esa ciudad francesa y a fines de febrero se concretaron las primeras pruebas de mar. Asimismo, durante el traslado del patrullero oce\u00e1nico \u201cContraalmirante Cordero\u201d continu\u00f3 la instrucci\u00f3n y el adiestramiento de la tripulaci\u00f3n, para \u201cconsolidar el conocimiento y empleo de la unidad, incrementando paulatinamente las exigencias y complejidades de las ejercitaciones, a los efectos de alcanzar un nivel de adiestramiento que permita reducir los tiempos para finalizar el alistamiento definitivo\u201d.<\/h3>\n<\/blockquote>\n<p><img data-recalc-dims=\"1\" loading=\"lazy\" decoding=\"async\" class=\"alignnone size-large wp-image-695507\" src=\"https:\/\/i0.wp.com\/storage.lacapitalmdp.com\/2022\/06\/cordero-de-mar060-1024x683.jpg?resize=1024%2C683&#038;ssl=1\" alt=\"cordero de mar060\" width=\"1024\" height=\"683\" \/><\/p>\n<p>Finalmente, el comandante Fern\u00e1ndez explic\u00f3 que \u201cla incorporaci\u00f3n de esta nueva unidad de superficie permitir\u00e1 continuar con las actividades de vigilancia, control del mar y la defensa de los recursos y espacios mar\u00edtimos de jurisdicci\u00f3n nacional\u201d.<\/p>\n<blockquote>\n<h3>Muchos de los 40 tripulantes fueron recibidos por su familia, tal el caso de Jorge Tejerina, que fue recibido por su pareja Mar\u00eda Jos\u00e9 y su madre Lidia. \u201cEstoy muy contento de volver a verlas\u201d, asegur\u00f3 el marino.<\/h3>\n<\/blockquote>\n<p>El buque fue bautizado con ese nombre en honor al contraalmirante Bartolom\u00e9 Le\u00f3nidas Cordero, que prest\u00f3 servicio en las fuerzas navales durante m\u00e1s de 50 a\u00f1os, hasta que falleci\u00f3 en 1892.<\/p>\n","protected":false},"excerpt":{"rendered":"<div class=\"mh-excerpt\"><p>La divisi\u00f3n \u00abPatrullado Mar\u00edtimo\u00bb, con asiento en la Base Naval, qued\u00f3 completa con el arribo de la nueva embarcaci\u00f3n. Prevenci\u00f3n y vigilancia en mar argentino MAR DEL PLATA &#8211;\u00a0 Los acordes de las marchas de <a class=\"mh-excerpt-more\" href=\"https:\/\/larevistadigital.com.ar\/blog\/nuevo-patrullero-oceanico-arribo-a-la-base-naval-de-mar-del-plata\/\" title=\"NUEVO PATRULLERO OCE\u00c1NICO ARRIB\u00d3 A LA BASE NAVAL DE MAR DEL PLATA\">[Leer M\u00e1s]<\/a><\/p>\n<\/div>","protected":false},"author":3,"featured_media":25673,"comment_status":"open","ping_status":"open","sticky":false,"template":"","format":"standard","meta":{"_jetpack_memberships_contains_paid_content":false,"footnotes":"","jetpack_publicize_message":"","jetpack_publicize_feature_enabled":true,"jetpack_social_post_already_shared":true,"jetpack_social_options":{"image_generator_settings":{"template":"highway","default_image_id":0,"font":"","enabled":false},"version":2}},"categories":[51],"tags":[],"class_list":{"0":"post-25672","1":"post","2":"type-post","3":"status-publish","4":"format-standard","5":"has-post-thumbnail","7":"category-regionales"},"jetpack_publicize_connections":[],"jetpack_featured_media_url":"https:\/\/i0.wp.com\/larevistadigital.com.ar\/blog\/wp-content\/uploads\/Captura-de-pantalla-2022-06-07-210827.png?fit=810%2C500&ssl=1","jetpack_sharing_enabled":true,"jetpack_shortlink":"https:\/\/wp.me\/p8qtrQ-6G4","jetpack-related-posts":[{"id":28694,"url":"https:\/\/larevistadigital.com.ar\/blog\/atencion-emiten-un-alerta-para-hoy-de-crecidas-del-mar-en-la-costa-atlantica\/","url_meta":{"origin":25672,"position":0},"title":"ATENCI\u00d3N: EMITEN UN ALERTA PARA HOY DE CRECIDAS DEL MAR EN LA COSTA ATL\u00c1NTICA","author":"Alejandro Sosa Ruda","date":"31 octubre, 2022","format":false,"excerpt":"El Centro de Prevenci\u00f3n de Crecidas del Servicio de Hidrograf\u00eda Naval inform\u00f3 acerca de un ascenso de las aguas. 31 de Octubre de 2022 Seg\u00fan publica el portal entrel\u00edneas.info, el Centro de Prevenci\u00f3n de Crecidas del Servicio de Hidrograf\u00eda Naval, dependiente del Ministerio de Defensa, inform\u00f3 que la Costa Atl\u00e1ntica\u2026","rel":"","context":"En \u00abREGIONALES\u00bb","block_context":{"text":"REGIONALES","link":"https:\/\/larevistadigital.com.ar\/blog\/category\/regionales\/"},"img":{"alt_text":"","src":"https:\/\/i0.wp.com\/larevistadigital.com.ar\/blog\/wp-content\/uploads\/MAR-CRECIDO.png?fit=640%2C404&ssl=1&resize=350%2C200","width":350,"height":200,"srcset":"https:\/\/i0.wp.com\/larevistadigital.com.ar\/blog\/wp-content\/uploads\/MAR-CRECIDO.png?fit=640%2C404&ssl=1&resize=350%2C200 1x, https:\/\/i0.wp.com\/larevistadigital.com.ar\/blog\/wp-content\/uploads\/MAR-CRECIDO.png?fit=640%2C404&ssl=1&resize=525%2C300 1.5x"},"classes":[]},{"id":40453,"url":"https:\/\/larevistadigital.com.ar\/blog\/rescate-en-altamar-una-lancha-sin-habilitacion-quedo-a-la-deriva-con-seis-tripulantes-cerca-de-mar-del-plata\/","url_meta":{"origin":25672,"position":1},"title":"Rescate en altamar: una lancha sin habilitaci\u00f3n qued\u00f3 a la deriva con seis tripulantes cerca de Mar del Plata","author":"Alejandro Sosa Ruda","date":"14 julio, 2025","format":false,"excerpt":"Zarparon sin permiso, sin seguridad y con 750 kilos de pescado: pasaron m\u00e1s de 20 horas varados hasta que un buque los encontr\u00f3. La Justicia inici\u00f3 una causa penal. 14 de Julio de 2025 MAR DEL PLATA -\u00a0 Una grave situaci\u00f3n de riesgo mar\u00edtimo se vivi\u00f3 frente a las costas\u2026","rel":"","context":"En \u00abPOLICIALES\u00bb","block_context":{"text":"POLICIALES","link":"https:\/\/larevistadigital.com.ar\/blog\/category\/policiales\/"},"img":{"alt_text":"","src":"https:\/\/i0.wp.com\/larevistadigital.com.ar\/blog\/wp-content\/uploads\/18a4b3a8a8af2cbd7f9dfa97f803d4ace40ca84a.jpg?fit=1140%2C852&ssl=1&resize=350%2C200","width":350,"height":200,"srcset":"https:\/\/i0.wp.com\/larevistadigital.com.ar\/blog\/wp-content\/uploads\/18a4b3a8a8af2cbd7f9dfa97f803d4ace40ca84a.jpg?fit=1140%2C852&ssl=1&resize=350%2C200 1x, https:\/\/i0.wp.com\/larevistadigital.com.ar\/blog\/wp-content\/uploads\/18a4b3a8a8af2cbd7f9dfa97f803d4ace40ca84a.jpg?fit=1140%2C852&ssl=1&resize=525%2C300 1.5x, https:\/\/i0.wp.com\/larevistadigital.com.ar\/blog\/wp-content\/uploads\/18a4b3a8a8af2cbd7f9dfa97f803d4ace40ca84a.jpg?fit=1140%2C852&ssl=1&resize=700%2C400 2x, https:\/\/i0.wp.com\/larevistadigital.com.ar\/blog\/wp-content\/uploads\/18a4b3a8a8af2cbd7f9dfa97f803d4ace40ca84a.jpg?fit=1140%2C852&ssl=1&resize=1050%2C600 3x"},"classes":[]},{"id":19273,"url":"https:\/\/larevistadigital.com.ar\/blog\/se-emitio-un-alerta-por-crecidas-del-mar-en-la-costa-atlantica\/","url_meta":{"origin":25672,"position":2},"title":"SE EMITI\u00d3 UN ALERTA POR CRECIDAS DEL MAR EN LA COSTA ATL\u00c1NTICA","author":"Alejandro Sosa Ruda","date":"17 marzo, 2021","format":false,"excerpt":"En las primeras horas del d\u00eda se observ\u00f3 una tendencia ascendente, situ\u00e1ndose 1,10 metros sobre los valores indicados en la tabla de mareas. En San Clemente la altura llegar\u00e1 a 2,40 metros a las 12:30 aproximadamente. COSTA ATL\u00c1NTICA - El Centro de Prevenci\u00f3n de Crecidas del Servicio de Hidrograf\u00eda Naval,\u2026","rel":"","context":"En \u00abREGIONALES\u00bb","block_context":{"text":"REGIONALES","link":"https:\/\/larevistadigital.com.ar\/blog\/category\/regionales\/"},"img":{"alt_text":"","src":"https:\/\/i0.wp.com\/larevistadigital.com.ar\/blog\/wp-content\/uploads\/057ba4bef36c6f9a6e5e10a172409b6b00b74016.jpg?fit=888%2C900&ssl=1&resize=350%2C200","width":350,"height":200,"srcset":"https:\/\/i0.wp.com\/larevistadigital.com.ar\/blog\/wp-content\/uploads\/057ba4bef36c6f9a6e5e10a172409b6b00b74016.jpg?fit=888%2C900&ssl=1&resize=350%2C200 1x, https:\/\/i0.wp.com\/larevistadigital.com.ar\/blog\/wp-content\/uploads\/057ba4bef36c6f9a6e5e10a172409b6b00b74016.jpg?fit=888%2C900&ssl=1&resize=525%2C300 1.5x, https:\/\/i0.wp.com\/larevistadigital.com.ar\/blog\/wp-content\/uploads\/057ba4bef36c6f9a6e5e10a172409b6b00b74016.jpg?fit=888%2C900&ssl=1&resize=700%2C400 2x"},"classes":[]},{"id":21358,"url":"https:\/\/larevistadigital.com.ar\/blog\/mar-del-plata-se-hundio-un-barco-pesquero-y-debieron-rescatar-a-sus-tripulantes\/","url_meta":{"origin":25672,"position":3},"title":"MAR DEL PLATA: SE HUNDI\u00d3 UN BARCO PESQUERO Y DEBIERON RESCATAR A SUS TRIPULANTES","author":"Alejandro Sosa Ruda","date":"2 agosto, 2021","format":false,"excerpt":"Eran ocho tripulantes. Cuatro fueron rescatados desde el agua y los otros desde una balsa salvavidas. MAR DEL PLATA - Un pesquero se hundi\u00f3 este s\u00e1bado por la noche a 140 kil\u00f3metros de la costa marplatense y su tripulaci\u00f3n fue rescatada por otro buque que estaba en zona, inform\u00f3 Prefectura\u2026","rel":"","context":"En \u00abREGIONALES\u00bb","block_context":{"text":"REGIONALES","link":"https:\/\/larevistadigital.com.ar\/blog\/category\/regionales\/"},"img":{"alt_text":"","src":"https:\/\/i0.wp.com\/larevistadigital.com.ar\/blog\/wp-content\/uploads\/40e96ffdd2f4b82dd40ab8d64213100f5c8c3500.jpeg?fit=1140%2C640&ssl=1&resize=350%2C200","width":350,"height":200,"srcset":"https:\/\/i0.wp.com\/larevistadigital.com.ar\/blog\/wp-content\/uploads\/40e96ffdd2f4b82dd40ab8d64213100f5c8c3500.jpeg?fit=1140%2C640&ssl=1&resize=350%2C200 1x, https:\/\/i0.wp.com\/larevistadigital.com.ar\/blog\/wp-content\/uploads\/40e96ffdd2f4b82dd40ab8d64213100f5c8c3500.jpeg?fit=1140%2C640&ssl=1&resize=525%2C300 1.5x, https:\/\/i0.wp.com\/larevistadigital.com.ar\/blog\/wp-content\/uploads\/40e96ffdd2f4b82dd40ab8d64213100f5c8c3500.jpeg?fit=1140%2C640&ssl=1&resize=700%2C400 2x, https:\/\/i0.wp.com\/larevistadigital.com.ar\/blog\/wp-content\/uploads\/40e96ffdd2f4b82dd40ab8d64213100f5c8c3500.jpeg?fit=1140%2C640&ssl=1&resize=1050%2C600 3x"},"classes":[]},{"id":22523,"url":"https:\/\/larevistadigital.com.ar\/blog\/mar-de-ajo-rescatan-a-hombre-que-cayo-al-agua-y-estuvo-dos-horas-flotando-tomado-de-su-kayak\/","url_meta":{"origin":25672,"position":4},"title":"MAR DE AJ\u00d3: RESCATAN A HOMBRE QUE CAY\u00d3 AL AGUA, Y ESTUVO DOS HORAS FLOTANDO TOMADO DE SU KAYAK","author":"Alejandro Sosa Ruda","date":"29 octubre, 2021","format":false,"excerpt":"El hecho comenz\u00f3 ayer a las 15:45 y trabaj\u00f3 en el operativo de rescate personal de Prefectura Naval. MAR DE AJO -\u00a0 Un kayakista que navegaba en inmediaciones de Avenida Pueyrred\u00f3n, en Mar de Aj\u00f3, debi\u00f3 ser rescatado por el cuerpo de Bomberos Voluntarios al no poder subirse a la\u2026","rel":"","context":"En \u00abREGIONALES\u00bb","block_context":{"text":"REGIONALES","link":"https:\/\/larevistadigital.com.ar\/blog\/category\/regionales\/"},"img":{"alt_text":"","src":"https:\/\/i0.wp.com\/larevistadigital.com.ar\/blog\/wp-content\/uploads\/Captura-de-pantalla-2021-10-28-230207.jpg?fit=937%2C562&ssl=1&resize=350%2C200","width":350,"height":200,"srcset":"https:\/\/i0.wp.com\/larevistadigital.com.ar\/blog\/wp-content\/uploads\/Captura-de-pantalla-2021-10-28-230207.jpg?fit=937%2C562&ssl=1&resize=350%2C200 1x, https:\/\/i0.wp.com\/larevistadigital.com.ar\/blog\/wp-content\/uploads\/Captura-de-pantalla-2021-10-28-230207.jpg?fit=937%2C562&ssl=1&resize=525%2C300 1.5x, https:\/\/i0.wp.com\/larevistadigital.com.ar\/blog\/wp-content\/uploads\/Captura-de-pantalla-2021-10-28-230207.jpg?fit=937%2C562&ssl=1&resize=700%2C400 2x"},"classes":[]},{"id":18229,"url":"https:\/\/larevistadigital.com.ar\/blog\/mar-del-plata-investigan-la-muerte-de-un-hombre-en-el-sector-de-los-acantilados\/","url_meta":{"origin":25672,"position":5},"title":"MAR DEL PLATA: INVESTIGAN LA MUERTE DE UN HOMBRE EN EL SECTOR DE LOS ACANTILADOS","author":"Alejandro Sosa Ruda","date":"19 diciembre, 2020","format":false,"excerpt":"La Justicia marplatense intenta avanzar con la investigaci\u00f3n por la muerte de un hombre que se constat\u00f3 este s\u00e1bado por la ma\u00f1ana en el sur de la ciudad, en el sector de los acantilados. Fuentes judiciales consultadas por el portal 0223\u00a0confirmaron el fallecimiento de un hombre de aproximadamente 40 a\u00f1os\u2026","rel":"","context":"En \u00abPOLICIALES\u00bb","block_context":{"text":"POLICIALES","link":"https:\/\/larevistadigital.com.ar\/blog\/category\/policiales\/"},"img":{"alt_text":"","src":"https:\/\/i0.wp.com\/larevistadigital.com.ar\/blog\/wp-content\/uploads\/Screenshot_1-182.jpg?fit=1004%2C562&ssl=1&resize=350%2C200","width":350,"height":200,"srcset":"https:\/\/i0.wp.com\/larevistadigital.com.ar\/blog\/wp-content\/uploads\/Screenshot_1-182.jpg?fit=1004%2C562&ssl=1&resize=350%2C200 1x, https:\/\/i0.wp.com\/larevistadigital.com.ar\/blog\/wp-content\/uploads\/Screenshot_1-182.jpg?fit=1004%2C562&ssl=1&resize=525%2C300 1.5x, https:\/\/i0.wp.com\/larevistadigital.com.ar\/blog\/wp-content\/uploads\/Screenshot_1-182.jpg?fit=1004%2C562&ssl=1&resize=700%2C400 2x"},"classes":[]}],"_links":{"self":[{"href":"https:\/\/larevistadigital.com.ar\/blog\/wp-json\/wp\/v2\/posts\/25672","targetHints":{"allow":["GET"]}}],"collection":[{"href":"https:\/\/larevistadigital.com.ar\/blog\/wp-json\/wp\/v2\/posts"}],"about":[{"href":"https:\/\/larevistadigital.com.ar\/blog\/wp-json\/wp\/v2\/types\/post"}],"author":[{"embeddable":true,"href":"https:\/\/larevistadigital.com.ar\/blog\/wp-json\/wp\/v2\/users\/3"}],"replies":[{"embeddable":true,"href":"https:\/\/larevistadigital.com.ar\/blog\/wp-json\/wp\/v2\/comments?post=25672"}],"version-history":[{"count":1,"href":"https:\/\/larevistadigital.com.ar\/blog\/wp-json\/wp\/v2\/posts\/25672\/revisions"}],"predecessor-version":[{"id":25674,"href":"https:\/\/larevistadigital.com.ar\/blog\/wp-json\/wp\/v2\/posts\/25672\/revisions\/25674"}],"wp:featuredmedia":[{"embeddable":true,"href":"https:\/\/larevistadigital.com.ar\/blog\/wp-json\/wp\/v2\/media\/25673"}],"wp:attachment":[{"href":"https:\/\/larevistadigital.com.ar\/blog\/wp-json\/wp\/v2\/media?parent=25672"}],"wp:term":[{"taxonomy":"category","embeddable":true,"href":"https:\/\/larevistadigital.com.ar\/blog\/wp-json\/wp\/v2\/categories?post=25672"},{"taxonomy":"post_tag","embeddable":true,"href":"https:\/\/larevistadigital.com.ar\/blog\/wp-json\/wp\/v2\/tags?post=25672"}],"curies":[{"name":"wp","href":"https:\/\/api.w.org\/{rel}","templated":true}]}}