{"id":25675,"date":"2022-06-08T00:15:05","date_gmt":"2022-06-08T00:15:05","guid":{"rendered":"https:\/\/larevistadigital.com.ar\/blog\/?p=25675"},"modified":"2022-06-08T00:15:05","modified_gmt":"2022-06-08T00:15:05","slug":"la-plata-detienen-a-muchacho-de-16-anos-por-el-asesinato-de-su-hermana","status":"publish","type":"post","link":"https:\/\/larevistadigital.com.ar\/blog\/la-plata-detienen-a-muchacho-de-16-anos-por-el-asesinato-de-su-hermana\/","title":{"rendered":"LA PLATA: DETIENEN A MUCHACHO DE 16 A\u00d1OS POR EL ASESINATO DE SU HERMANA"},"content":{"rendered":"<h2 class=\"negrita\">Una pelea familiar tuvo el peor final en 43 entre 25 y 26, cuando una mujer de 35 a\u00f1os fue atacada por\u00a0un adolescente que sali\u00f3 en defensa de su madre.<\/h2>\n<div class=\"texto\">\n<p><strong>LA PLATA &#8211;\u00a0<\/strong> La tragedia se instal\u00f3 en una familia de La Plata por el crimen de <strong>una mujer de 35 a\u00f1os que habr\u00eda sido ultimada a pu\u00f1aladas por su propio hermano menor de edad<\/strong>. El hecho, que conmociona por estas horas al barrio La Loma,\u00a0<strong>se produjo en la tarde de este martes en la zona de 43 entre 25 y 26<\/strong><\/p>\n<blockquote>\n<h3>De acuerdo a las primeras informaciones, la disputa que termin\u00f3 con ese desenlace fatal, se produjo en medio de una pelea familiar.\u00a0 La fuentes se\u00f1alaron que\u00a0la hip\u00f3tesis\u00a0apunta a que la v\u00edctima -quien no vivir\u00eda en la casa y tendr\u00eda problemas de adicciones- ingres\u00f3 a la vivienda de modo violento increpando a su madre.<\/h3>\n<\/blockquote>\n<p>Habr\u00eda sido en ese marco que intervino\u00a0<strong>otro hijo de 16 a\u00f1os en defensa de la mujer e intentando calmar la situaci\u00f3n<\/strong>. Sin embargo el clima de tensi\u00f3n fue creciendo a niveles extremos hasta que el adolescente habr\u00eda recurrido a un cuchillo con el que hiri\u00f3 de\u00a0 muerte a su familiar.<\/p>\n<p>De acuerdo a la informaci\u00f3n, la mujer herida\u00a0alcanz\u00f3 a ser trasladada por una ambulancia del SAME al hospital San Juan de Dios donde minutos despu\u00e9s se confirm\u00f3 que falleci\u00f3. Fuentes sanitarias indicaron a\u00a0<strong>0221.com.ar que la v\u00edctima lleg\u00f3\u00a0con dos pu\u00f1aladas en el t\u00f3rax que comprometieron una arteria, lo que motiv\u00f3 mucha p\u00e9rdida de\u00a0sangre y falleci\u00f3<\/strong>\u00a0en ese centro asistencial.<\/p>\n<\/div>\n","protected":false},"excerpt":{"rendered":"<div class=\"mh-excerpt\"><p>Una pelea familiar tuvo el peor final en 43 entre 25 y 26, cuando una mujer de 35 a\u00f1os fue atacada por\u00a0un adolescente que sali\u00f3 en defensa de su madre. LA PLATA &#8211;\u00a0 La tragedia <a class=\"mh-excerpt-more\" href=\"https:\/\/larevistadigital.com.ar\/blog\/la-plata-detienen-a-muchacho-de-16-anos-por-el-asesinato-de-su-hermana\/\" title=\"LA PLATA: DETIENEN A MUCHACHO DE 16 A\u00d1OS POR EL ASESINATO DE SU HERMANA\">[Leer M\u00e1s]<\/a><\/p>\n<\/div>","protected":false},"author":3,"featured_media":25676,"comment_status":"open","ping_status":"open","sticky":false,"template":"","format":"standard","meta":{"_jetpack_memberships_contains_paid_content":false,"footnotes":"","jetpack_publicize_message":"","jetpack_publicize_feature_enabled":true,"jetpack_social_post_already_shared":true,"jetpack_social_options":{"image_generator_settings":{"template":"highway","default_image_id":0,"font":"","enabled":false},"version":2}},"categories":[44,51],"tags":[],"class_list":{"0":"post-25675","1":"post","2":"type-post","3":"status-publish","4":"format-standard","5":"has-post-thumbnail","7":"category-policiales","8":"category-regionales"},"jetpack_publicize_connections":[],"jetpack_featured_media_url":"https:\/\/i0.wp.com\/larevistadigital.com.ar\/blog\/wp-content\/uploads\/1654642545982.jpeg?fit=1920%2C950&ssl=1","jetpack_sharing_enabled":true,"jetpack_shortlink":"https:\/\/wp.me\/p8qtrQ-6G7","jetpack-related-posts":[{"id":33527,"url":"https:\/\/larevistadigital.com.ar\/blog\/la-plata-conmocion-un-nene-murio-atropellado-por-un-camion-que-conducia-su-padre\/","url_meta":{"origin":25675,"position":0},"title":"LA PLATA: CONMOCI\u00d3N. UN NENE MURI\u00d3 ATROPELLADO POR UN CAMI\u00d3N QUE CONDUC\u00cdA SU PADRE","author":"Alejandro Sosa Ruda","date":"20 septiembre, 2023","format":false,"excerpt":"Momentos de extrema tensi\u00f3n se vivieron en\u00a0527 y 121 cuando un hombre atropell\u00f3 a su\u00a0propio hijo en medio de un confuso enfrentamiento familiar. 20 de septiembre de 2023 LA PLATA -\u00a0 Momentos de extrema tensi\u00f3n se vivieron este mi\u00e9rcoles en una zona de Tolosa, donde un chico de 7 a\u00f1os\u2026","rel":"","context":"En \u00abPOLICIALES\u00bb","block_context":{"text":"POLICIALES","link":"https:\/\/larevistadigital.com.ar\/blog\/category\/policiales\/"},"img":{"alt_text":"","src":"https:\/\/i0.wp.com\/larevistadigital.com.ar\/blog\/wp-content\/uploads\/1623779947905.jpg?fit=1200%2C594&ssl=1&resize=350%2C200","width":350,"height":200,"srcset":"https:\/\/i0.wp.com\/larevistadigital.com.ar\/blog\/wp-content\/uploads\/1623779947905.jpg?fit=1200%2C594&ssl=1&resize=350%2C200 1x, https:\/\/i0.wp.com\/larevistadigital.com.ar\/blog\/wp-content\/uploads\/1623779947905.jpg?fit=1200%2C594&ssl=1&resize=525%2C300 1.5x, https:\/\/i0.wp.com\/larevistadigital.com.ar\/blog\/wp-content\/uploads\/1623779947905.jpg?fit=1200%2C594&ssl=1&resize=700%2C400 2x, https:\/\/i0.wp.com\/larevistadigital.com.ar\/blog\/wp-content\/uploads\/1623779947905.jpg?fit=1200%2C594&ssl=1&resize=1050%2C600 3x"},"classes":[]},{"id":33853,"url":"https:\/\/larevistadigital.com.ar\/blog\/ensenada-un-chico-de-15-anos-mato-a-la-pareja-de-su-madre\/","url_meta":{"origin":25675,"position":1},"title":"ENSENADA: UN CHICO DE 15 A\u00d1OS MAT\u00d3 A LA PAREJA DE SU MADRE","author":"Alejandro Sosa Ruda","date":"5 octubre, 2023","format":false,"excerpt":"El episodio se dio este jueves en una vivienda de 127 y 39, Ensenada. El joven habr\u00eda salido en defensa de su hermana. 05 de octubre de 2023 ENSENADA -\u00a0 Un joven de 19 a\u00f1os es buscado desde este jueves por la tarde, acusado de\u00a0matar a pu\u00f1aladas al novio de\u2026","rel":"","context":"En \u00abINTERES GENERAL\u00bb","block_context":{"text":"INTERES GENERAL","link":"https:\/\/larevistadigital.com.ar\/blog\/category\/interes-general\/"},"img":{"alt_text":"","src":"https:\/\/i0.wp.com\/larevistadigital.com.ar\/blog\/wp-content\/uploads\/Captura-de-pantalla-2023-10-05-182304.png?fit=880%2C488&ssl=1&resize=350%2C200","width":350,"height":200,"srcset":"https:\/\/i0.wp.com\/larevistadigital.com.ar\/blog\/wp-content\/uploads\/Captura-de-pantalla-2023-10-05-182304.png?fit=880%2C488&ssl=1&resize=350%2C200 1x, https:\/\/i0.wp.com\/larevistadigital.com.ar\/blog\/wp-content\/uploads\/Captura-de-pantalla-2023-10-05-182304.png?fit=880%2C488&ssl=1&resize=525%2C300 1.5x, https:\/\/i0.wp.com\/larevistadigital.com.ar\/blog\/wp-content\/uploads\/Captura-de-pantalla-2023-10-05-182304.png?fit=880%2C488&ssl=1&resize=700%2C400 2x"},"classes":[]},{"id":13081,"url":"https:\/\/larevistadigital.com.ar\/blog\/la-plata-el-hombre-arana-violo-a-una-mujer-que-dormia-en-su-casa\/","url_meta":{"origin":25675,"position":2},"title":"LA PLATA: EL \u00abHOMBRE ARA\u00d1A\u00bb VIOL\u00d3 A UNA MUJER QUE DORM\u00cdA EN SU CASA","author":"Alejandro Sosa Ruda","date":"6 noviembre, 2019","format":false,"excerpt":"De acuerdo a la denuncia de la v\u00edctima, de\u00a026 a\u00f1os,\u00a0el s\u00e1tiro subi\u00f3 hasta su departamento en el primer piso,\u00a0la amenaz\u00f3 con un cuchillo, la abus\u00f3 sexualmente y escap\u00f3. Funcionarios de la Justicia de la ciudad bonaerense de La Plata\u00a0investigan la denuncia radicada por una mujer, de 26 a\u00f1os, quien se\u00f1al\u00f3\u2026","rel":"","context":"En \u00abPOLICIALES\u00bb","block_context":{"text":"POLICIALES","link":"https:\/\/larevistadigital.com.ar\/blog\/category\/policiales\/"},"img":{"alt_text":"","src":"https:\/\/i0.wp.com\/larevistadigital.com.ar\/blog\/wp-content\/uploads\/images.jpg?fit=600%2C374&ssl=1&resize=350%2C200","width":350,"height":200,"srcset":"https:\/\/i0.wp.com\/larevistadigital.com.ar\/blog\/wp-content\/uploads\/images.jpg?fit=600%2C374&ssl=1&resize=350%2C200 1x, https:\/\/i0.wp.com\/larevistadigital.com.ar\/blog\/wp-content\/uploads\/images.jpg?fit=600%2C374&ssl=1&resize=525%2C300 1.5x"},"classes":[]},{"id":44271,"url":"https:\/\/larevistadigital.com.ar\/blog\/alerta-en-la-plata-por-un-caso-de-viuda-negra-denuncian-que-lo-durmieron-tras-tomar-mate\/","url_meta":{"origin":25675,"position":3},"title":"Alerta en La Plata por un caso de \u201cviuda negra\u201d: denuncian que lo durmieron tras tomar mate","author":"Alejandro Sosa Ruda","date":"3 marzo, 2026","format":false,"excerpt":"Un mec\u00e1nico de 58 a\u00f1os asegur\u00f3 que fue v\u00edctima de un robo luego de recibir en su casa a una mujer con la que hab\u00eda pactado un encuentro. Investigan si fue adormecido con una sustancia colocada en la infusi\u00f3n. 03 de marzo de 2026 LA PLATA -\u00a0 \u00a0Un nuevo episodio\u2026","rel":"","context":"En \u00abPOLICIALES\u00bb","block_context":{"text":"POLICIALES","link":"https:\/\/larevistadigital.com.ar\/blog\/category\/policiales\/"},"img":{"alt_text":"","src":"https:\/\/i0.wp.com\/larevistadigital.com.ar\/blog\/wp-content\/uploads\/Captura-de-pantalla-2026-03-03-162930.jpg?fit=628%2C464&ssl=1&resize=350%2C200","width":350,"height":200,"srcset":"https:\/\/i0.wp.com\/larevistadigital.com.ar\/blog\/wp-content\/uploads\/Captura-de-pantalla-2026-03-03-162930.jpg?fit=628%2C464&ssl=1&resize=350%2C200 1x, https:\/\/i0.wp.com\/larevistadigital.com.ar\/blog\/wp-content\/uploads\/Captura-de-pantalla-2026-03-03-162930.jpg?fit=628%2C464&ssl=1&resize=525%2C300 1.5x"},"classes":[]},{"id":21792,"url":"https:\/\/larevistadigital.com.ar\/blog\/mar-del-plata-desconocido-agredio-a-golpes-y-patadas-a-una-mujer-en-un-restaurant\/","url_meta":{"origin":25675,"position":4},"title":"MAR DEL PLATA: DESCONOCIDO AGREDI\u00d3 A GOLPES Y PATADAS A UNA MUJER EN UN RESTAURANT","author":"Alejandro Sosa Ruda","date":"30 agosto, 2021","format":false,"excerpt":"Un ins\u00f3lito episodio ocurri\u00f3\u00a0 en la localidad de Bat\u00e1n. La mujer, que qued\u00f3 inconsciente, no conoc\u00eda a su agresor. MAR DEL PLATA - Un violento episodio\u00a0se produjo durante la noche del domingo, cuando un sujeto golpe\u00f3 salvajemente a una mujer que se encontraba en un restaurant junto a su familia\u2026","rel":"","context":"En \u00abPOLICIALES\u00bb","block_context":{"text":"POLICIALES","link":"https:\/\/larevistadigital.com.ar\/blog\/category\/policiales\/"},"img":{"alt_text":"","src":"https:\/\/i0.wp.com\/larevistadigital.com.ar\/blog\/wp-content\/uploads\/AGRESOR.png?fit=1002%2C491&ssl=1&resize=350%2C200","width":350,"height":200,"srcset":"https:\/\/i0.wp.com\/larevistadigital.com.ar\/blog\/wp-content\/uploads\/AGRESOR.png?fit=1002%2C491&ssl=1&resize=350%2C200 1x, https:\/\/i0.wp.com\/larevistadigital.com.ar\/blog\/wp-content\/uploads\/AGRESOR.png?fit=1002%2C491&ssl=1&resize=525%2C300 1.5x, https:\/\/i0.wp.com\/larevistadigital.com.ar\/blog\/wp-content\/uploads\/AGRESOR.png?fit=1002%2C491&ssl=1&resize=700%2C400 2x"},"classes":[]},{"id":13105,"url":"https:\/\/larevistadigital.com.ar\/blog\/la-plata-muere-nena-de-4-anos-en-accidente\/","url_meta":{"origin":25675,"position":5},"title":"LA PLATA: MUERE NENA DE 4 A\u00d1OS EN ACCIDENTE","author":"Alejandro Sosa Ruda","date":"7 noviembre, 2019","format":false,"excerpt":"Sucedi\u00f3 esta madrugada, en La Plata. Viajaba junto a su pap\u00e1 y su mam\u00e1 cuando el auto perdi\u00f3 el control y termin\u00f3 contra las rejas de una vivienda. El accidente se produjo alrededor de las 3:30 en la avenida 44 y 157 (en el oeste de la ciudad de La\u2026","rel":"","context":"En \u00abPOLICIALES\u00bb","block_context":{"text":"POLICIALES","link":"https:\/\/larevistadigital.com.ar\/blog\/category\/policiales\/"},"img":{"alt_text":"","src":"https:\/\/i0.wp.com\/larevistadigital.com.ar\/blog\/wp-content\/uploads\/a828ba3b5dd789f33232d191fb12dd290352d9c5.jpg?fit=1140%2C759&ssl=1&resize=350%2C200","width":350,"height":200,"srcset":"https:\/\/i0.wp.com\/larevistadigital.com.ar\/blog\/wp-content\/uploads\/a828ba3b5dd789f33232d191fb12dd290352d9c5.jpg?fit=1140%2C759&ssl=1&resize=350%2C200 1x, https:\/\/i0.wp.com\/larevistadigital.com.ar\/blog\/wp-content\/uploads\/a828ba3b5dd789f33232d191fb12dd290352d9c5.jpg?fit=1140%2C759&ssl=1&resize=525%2C300 1.5x, https:\/\/i0.wp.com\/larevistadigital.com.ar\/blog\/wp-content\/uploads\/a828ba3b5dd789f33232d191fb12dd290352d9c5.jpg?fit=1140%2C759&ssl=1&resize=700%2C400 2x, https:\/\/i0.wp.com\/larevistadigital.com.ar\/blog\/wp-content\/uploads\/a828ba3b5dd789f33232d191fb12dd290352d9c5.jpg?fit=1140%2C759&ssl=1&resize=1050%2C600 3x"},"classes":[]}],"_links":{"self":[{"href":"https:\/\/larevistadigital.com.ar\/blog\/wp-json\/wp\/v2\/posts\/25675","targetHints":{"allow":["GET"]}}],"collection":[{"href":"https:\/\/larevistadigital.com.ar\/blog\/wp-json\/wp\/v2\/posts"}],"about":[{"href":"https:\/\/larevistadigital.com.ar\/blog\/wp-json\/wp\/v2\/types\/post"}],"author":[{"embeddable":true,"href":"https:\/\/larevistadigital.com.ar\/blog\/wp-json\/wp\/v2\/users\/3"}],"replies":[{"embeddable":true,"href":"https:\/\/larevistadigital.com.ar\/blog\/wp-json\/wp\/v2\/comments?post=25675"}],"version-history":[{"count":1,"href":"https:\/\/larevistadigital.com.ar\/blog\/wp-json\/wp\/v2\/posts\/25675\/revisions"}],"predecessor-version":[{"id":25677,"href":"https:\/\/larevistadigital.com.ar\/blog\/wp-json\/wp\/v2\/posts\/25675\/revisions\/25677"}],"wp:featuredmedia":[{"embeddable":true,"href":"https:\/\/larevistadigital.com.ar\/blog\/wp-json\/wp\/v2\/media\/25676"}],"wp:attachment":[{"href":"https:\/\/larevistadigital.com.ar\/blog\/wp-json\/wp\/v2\/media?parent=25675"}],"wp:term":[{"taxonomy":"category","embeddable":true,"href":"https:\/\/larevistadigital.com.ar\/blog\/wp-json\/wp\/v2\/categories?post=25675"},{"taxonomy":"post_tag","embeddable":true,"href":"https:\/\/larevistadigital.com.ar\/blog\/wp-json\/wp\/v2\/tags?post=25675"}],"curies":[{"name":"wp","href":"https:\/\/api.w.org\/{rel}","templated":true}]}}