{"id":25680,"date":"2022-06-08T01:09:00","date_gmt":"2022-06-08T01:09:00","guid":{"rendered":"https:\/\/larevistadigital.com.ar\/blog\/?p=25680"},"modified":"2022-06-08T01:09:00","modified_gmt":"2022-06-08T01:09:00","slug":"videos-nuevo-avistaje-del-nahuelito-el-monstruo-del-lago-nahuel-huapi","status":"publish","type":"post","link":"https:\/\/larevistadigital.com.ar\/blog\/videos-nuevo-avistaje-del-nahuelito-el-monstruo-del-lago-nahuel-huapi\/","title":{"rendered":"[VIDEOS] NUEVO AVISTAJE DEL \u00abNAHUELITO\u00bb, EL MONSTRUO DEL LAGO NAHUEL HUAPI"},"content":{"rendered":"<h2>En los \u00faltimos d\u00edas comenz\u00f3 a circular en grupos de WhatsApp y en las redes sociales un video en las aguas del<b>\u00a0Nahuel Huapi<\/b>, en\u00a0<b>Bariloche<\/b>: aparentemente se ve el<b>\u00a0monstruo \u00abNahuelito\u00bb<\/b>, una leyenda popular de la zona.<\/h2>\n<p><strong><i>\u00abNo es la primera vez que hemos visto cositas, pero es dif\u00edcil siempre captarlas con el tel\u00e9fono. Esta vez logramos que se vea un poco m\u00e1s\u00bb<\/i><\/strong>, manifest\u00f3 <strong>Silvina<\/strong>, una vecina de la zona que film\u00f3 el video, tal como inform\u00f3\u00a0<a href=\"https:\/\/www.elcordillerano.com.ar\/noticias\/2022\/06\/02\/135622-otra-vez-el-nahuelito-una-familia-grabo-una-extrana-figura-en-el-lago\" target=\"_blank\" rel=\"noopener\">El Cordillerano<\/a>.\u00a0<strong><i>\u00abDesde donde estamos nosotros hasta donde estaba el objeto hay m\u00e1s o menos dos kil\u00f3metros, por lo que calculamos que ten\u00eda el tama\u00f1o de una lancha grande. Fue raro porque\u00a0lo vimos moverse pegado a la isla Victoria, y despu\u00e9s desapareci\u00f3, dejando una aureola como la que dejan los peces cuando saltan y se sumergen\u00bb<\/i><\/strong>, agreg\u00f3.<\/p>\n<blockquote>\n<h3><i>\u00abNo es la primera vez que hemos visto cositas, pero es dif\u00edcil siempre captarlas con el tel\u00e9fono. E<b>sta vez logramos que se vea un poco m\u00e1s<\/b>\u00ab<\/i>, manifest\u00f3 Silvina.<\/h3>\n<\/blockquote>\n<p>Desde hace m\u00e1s de cien a\u00f1os la leyenda del Nahuelito se ha difundido en la zona, principalmente con los primeros reportes de vecinos que hablaban de un monstruo gigante entre los cinco y los siete metros de largo. En varias exploraciones, especialistas intentaron obtener pruebas y localizar al extra\u00f1o ser, aunque hasta el d\u00eda de hoy\u00a0<b>no se hallaron datos concretos sobre su posible existencia.\u00a0<\/b><\/p>\n<p><strong>EL VIDEO<\/strong><\/p>\n<p><span class=\"embed-youtube\" style=\"text-align:center; display: block;\"><iframe loading=\"lazy\" class=\"youtube-player\" width=\"640\" height=\"360\" src=\"https:\/\/www.youtube.com\/embed\/Yj9fCufoRE8?version=3&#038;rel=1&#038;showsearch=0&#038;showinfo=1&#038;iv_load_policy=1&#038;fs=1&#038;hl=es-ES&#038;autohide=2&#038;wmode=transparent\" allowfullscreen=\"true\" style=\"border:0;\" sandbox=\"allow-scripts allow-same-origin allow-popups allow-presentation allow-popups-to-escape-sandbox\"><\/iframe><\/span><\/p>\n<p><strong>OTRO LLAMATIVO VIDEO<\/strong><\/p>\n<p><span class=\"embed-youtube\" style=\"text-align:center; display: block;\"><iframe loading=\"lazy\" class=\"youtube-player\" width=\"640\" height=\"360\" src=\"https:\/\/www.youtube.com\/embed\/6A4Ya6rsepk?version=3&#038;rel=1&#038;showsearch=0&#038;showinfo=1&#038;iv_load_policy=1&#038;fs=1&#038;hl=es-ES&#038;autohide=2&#038;wmode=transparent\" allowfullscreen=\"true\" style=\"border:0;\" sandbox=\"allow-scripts allow-same-origin allow-popups allow-presentation allow-popups-to-escape-sandbox\"><\/iframe><\/span><\/p>\n","protected":false},"excerpt":{"rendered":"<div class=\"mh-excerpt\"><p>En los \u00faltimos d\u00edas comenz\u00f3 a circular en grupos de WhatsApp y en las redes sociales un video en las aguas del\u00a0Nahuel Huapi, en\u00a0Bariloche: aparentemente se ve el\u00a0monstruo \u00abNahuelito\u00bb, una leyenda popular de la zona. <a class=\"mh-excerpt-more\" href=\"https:\/\/larevistadigital.com.ar\/blog\/videos-nuevo-avistaje-del-nahuelito-el-monstruo-del-lago-nahuel-huapi\/\" title=\"[VIDEOS] NUEVO AVISTAJE DEL \u00abNAHUELITO\u00bb, EL MONSTRUO DEL LAGO NAHUEL HUAPI\">[Leer M\u00e1s]<\/a><\/p>\n<\/div>","protected":false},"author":3,"featured_media":25681,"comment_status":"open","ping_status":"open","sticky":false,"template":"","format":"standard","meta":{"_jetpack_memberships_contains_paid_content":false,"footnotes":"","jetpack_publicize_message":"","jetpack_publicize_feature_enabled":true,"jetpack_social_post_already_shared":true,"jetpack_social_options":{"image_generator_settings":{"template":"highway","default_image_id":0,"font":"","enabled":false},"version":2}},"categories":[41],"tags":[],"class_list":{"0":"post-25680","1":"post","2":"type-post","3":"status-publish","4":"format-standard","5":"has-post-thumbnail","7":"category-destacadas"},"jetpack_publicize_connections":[],"jetpack_featured_media_url":"https:\/\/i0.wp.com\/larevistadigital.com.ar\/blog\/wp-content\/uploads\/1654295585857.jpg?fit=1500%2C937&ssl=1","jetpack_sharing_enabled":true,"jetpack_shortlink":"https:\/\/wp.me\/p8qtrQ-6Gc","jetpack-related-posts":[{"id":33170,"url":"https:\/\/larevistadigital.com.ar\/blog\/la-peor-noticia-encontraron-sin-vida-a-daiana-guldriz-la-joven-platense-que-era-buscada-en-bariloche\/","url_meta":{"origin":25680,"position":0},"title":"LA PEOR NOTICIA: ENCONTRARON SIN VIDA A DAIANA GULDRIZ, LA JOVEN PLATENSE QUE ERA BUSCADA EN BARILOCHE","author":"Alejandro Sosa Ruda","date":"31 agosto, 2023","format":false,"excerpt":"Fue encontrada en el R\u00edo Nahuel Huapi. Su madre estaba en el lugar de la b\u00fasqueda. 31 de agosto de 2023 Fue encontrada sin vida Daiana Guldriz, la joven de La Plata que era intensamente buscada en San Carlos de Bariloche desde el lunes pasado. El hallazgo fue en la\u2026","rel":"","context":"En \u00abINTERES GENERAL\u00bb","block_context":{"text":"INTERES GENERAL","link":"https:\/\/larevistadigital.com.ar\/blog\/category\/interes-general\/"},"img":{"alt_text":"","src":"https:\/\/i0.wp.com\/larevistadigital.com.ar\/blog\/wp-content\/uploads\/1693495905998.jpg?fit=1200%2C750&ssl=1&resize=350%2C200","width":350,"height":200,"srcset":"https:\/\/i0.wp.com\/larevistadigital.com.ar\/blog\/wp-content\/uploads\/1693495905998.jpg?fit=1200%2C750&ssl=1&resize=350%2C200 1x, https:\/\/i0.wp.com\/larevistadigital.com.ar\/blog\/wp-content\/uploads\/1693495905998.jpg?fit=1200%2C750&ssl=1&resize=525%2C300 1.5x, https:\/\/i0.wp.com\/larevistadigital.com.ar\/blog\/wp-content\/uploads\/1693495905998.jpg?fit=1200%2C750&ssl=1&resize=700%2C400 2x, https:\/\/i0.wp.com\/larevistadigital.com.ar\/blog\/wp-content\/uploads\/1693495905998.jpg?fit=1200%2C750&ssl=1&resize=1050%2C600 3x"},"classes":[]},{"id":42700,"url":"https:\/\/larevistadigital.com.ar\/blog\/conmocion-en-la-plata-murio-en-pleno-escenario-el-guitarrista-nahuel-niz-de-35-anos\/","url_meta":{"origin":25680,"position":1},"title":"Conmoci\u00f3n en La Plata: muri\u00f3 en pleno escenario el guitarrista Nahuel Niz, de 35 a\u00f1os","author":"Alejandro Sosa Ruda","date":"1 diciembre, 2025","format":false,"excerpt":"Nahuel Niz ten\u00eda 35 a\u00f1os e integraba \u201cLoca sensaci\u00f3n\u201d. Seg\u00fan testigos, se desplom\u00f3 minutos despu\u00e9s de que el grupo comenzara a tocar en el centro de la capital bonaerense. 01 de diciembre de 2025 LA PLATA -\u00a0 \u00a0La escena musical platense qued\u00f3 sacudida tras la muerte de Nahuel Niz, guitarrista\u2026","rel":"","context":"En \u00abREGIONALES\u00bb","block_context":{"text":"REGIONALES","link":"https:\/\/larevistadigital.com.ar\/blog\/category\/regionales\/"},"img":{"alt_text":"","src":"https:\/\/i0.wp.com\/larevistadigital.com.ar\/blog\/wp-content\/uploads\/9c221a0973a7ce20a6762f0d2560b5dff25e0b8f.jpg?fit=1140%2C702&ssl=1&resize=350%2C200","width":350,"height":200,"srcset":"https:\/\/i0.wp.com\/larevistadigital.com.ar\/blog\/wp-content\/uploads\/9c221a0973a7ce20a6762f0d2560b5dff25e0b8f.jpg?fit=1140%2C702&ssl=1&resize=350%2C200 1x, https:\/\/i0.wp.com\/larevistadigital.com.ar\/blog\/wp-content\/uploads\/9c221a0973a7ce20a6762f0d2560b5dff25e0b8f.jpg?fit=1140%2C702&ssl=1&resize=525%2C300 1.5x, https:\/\/i0.wp.com\/larevistadigital.com.ar\/blog\/wp-content\/uploads\/9c221a0973a7ce20a6762f0d2560b5dff25e0b8f.jpg?fit=1140%2C702&ssl=1&resize=700%2C400 2x, https:\/\/i0.wp.com\/larevistadigital.com.ar\/blog\/wp-content\/uploads\/9c221a0973a7ce20a6762f0d2560b5dff25e0b8f.jpg?fit=1140%2C702&ssl=1&resize=1050%2C600 3x"},"classes":[]},{"id":19813,"url":"https:\/\/larevistadigital.com.ar\/blog\/monte-con-recursos-y-mano-de-obra-local-se-inauguro-nueva-compuerta\/","url_meta":{"origin":25680,"position":2},"title":"MONTE: CON RECURSOS Y MANO DE OBRA LOCAL, SE INAUGUR\u00d3 NUEVA COMPUERTA","author":"Alejandro Sosa Ruda","date":"22 abril, 2021","format":false,"excerpt":"La misma fue inaugurada por el intendente Municipal Jos\u00e9 Castro en el marco de un breve acto realizado en el lugar. En la ma\u00f1ana de este miercoles 21 de abril, qued\u00f3 inaugurada la obra de la nueva compuerta que va\u00a0a contribuir en el escurrimiento del agua ante fuertes lluvias, beneficiando\u2026","rel":"","context":"En \u00abREGIONALES\u00bb","block_context":{"text":"REGIONALES","link":"https:\/\/larevistadigital.com.ar\/blog\/category\/regionales\/"},"img":{"alt_text":"","src":"https:\/\/i0.wp.com\/larevistadigital.com.ar\/blog\/wp-content\/uploads\/20210421_210346_wm.jpg?fit=1080%2C606&ssl=1&resize=350%2C200","width":350,"height":200,"srcset":"https:\/\/i0.wp.com\/larevistadigital.com.ar\/blog\/wp-content\/uploads\/20210421_210346_wm.jpg?fit=1080%2C606&ssl=1&resize=350%2C200 1x, https:\/\/i0.wp.com\/larevistadigital.com.ar\/blog\/wp-content\/uploads\/20210421_210346_wm.jpg?fit=1080%2C606&ssl=1&resize=525%2C300 1.5x, https:\/\/i0.wp.com\/larevistadigital.com.ar\/blog\/wp-content\/uploads\/20210421_210346_wm.jpg?fit=1080%2C606&ssl=1&resize=700%2C400 2x, https:\/\/i0.wp.com\/larevistadigital.com.ar\/blog\/wp-content\/uploads\/20210421_210346_wm.jpg?fit=1080%2C606&ssl=1&resize=1050%2C600 3x"},"classes":[]},{"id":6346,"url":"https:\/\/larevistadigital.com.ar\/blog\/una-nina-capturo-la-mejor-imagen-del-monstruo-del-lago-ness-en-un-ano\/","url_meta":{"origin":25680,"position":3},"title":"UNA NI\u00d1A CAPTUR\u00d3 LA MEJOR IM\u00c1GEN DEL MONSTRUO DEL LAGO NESS EN UN A\u00d1O","author":"Alejandro Sosa Ruda","date":"22 agosto, 2018","format":false,"excerpt":"Sujet\u00f3 su iPhone, prendi\u00f3 su c\u00e1mara y comenz\u00f3 a tomar fotograf\u00edas del\u00a0lago Ness.\u00a0Charlotte Robinson, de 12 a\u00f1os y de\u00a0Leeds, estaba con sus padres de vacaciones en el popular y mitol\u00f3gico destino, cuando vio asomar lo que, asegura, es la cabeza del monstruo conocido como\u00a0Nessie. Fue un minuto en el que\u2026","rel":"","context":"En \u00abCURIOSAS\u00bb","block_context":{"text":"CURIOSAS","link":"https:\/\/larevistadigital.com.ar\/blog\/category\/curiosas\/"},"img":{"alt_text":"","src":"https:\/\/i0.wp.com\/larevistadigital.com.ar\/blog\/wp-content\/uploads\/2018\/08\/Screenshot_1-3.jpg?fit=966%2C617&ssl=1&resize=350%2C200","width":350,"height":200,"srcset":"https:\/\/i0.wp.com\/larevistadigital.com.ar\/blog\/wp-content\/uploads\/2018\/08\/Screenshot_1-3.jpg?fit=966%2C617&ssl=1&resize=350%2C200 1x, https:\/\/i0.wp.com\/larevistadigital.com.ar\/blog\/wp-content\/uploads\/2018\/08\/Screenshot_1-3.jpg?fit=966%2C617&ssl=1&resize=525%2C300 1.5x, https:\/\/i0.wp.com\/larevistadigital.com.ar\/blog\/wp-content\/uploads\/2018\/08\/Screenshot_1-3.jpg?fit=966%2C617&ssl=1&resize=700%2C400 2x"},"classes":[]},{"id":24209,"url":"https:\/\/larevistadigital.com.ar\/blog\/le-pegaron-un-palazo-en-la-cabeza-en-una-pelea-callejera-tres-anos-de-prision\/","url_meta":{"origin":25680,"position":4},"title":"LE PEGARON UN PALAZO EN LA CABEZA EN UNA PELEA CALLEJERA: TRES A\u00d1OS DE PRISI\u00d3N","author":"Alejandro Sosa Ruda","date":"26 febrero, 2022","format":false,"excerpt":"El hecho ocurri\u00f3 en marzo de 2019 en Miramar. La ejecuci\u00f3n de la pena impuesta a Juan Carlos Rozas y Santiago Nahuel Rozas quedar\u00e1 en suspenso. MAR DEL PLATA -\u00a0 Dos sujetos que en marzo de 2019 y tras una pelea en la calle le pegaron un palazo en la\u2026","rel":"","context":"En \u00abPOLICIALES\u00bb","block_context":{"text":"POLICIALES","link":"https:\/\/larevistadigital.com.ar\/blog\/category\/policiales\/"},"img":{"alt_text":"","src":"https:\/\/i0.wp.com\/larevistadigital.com.ar\/blog\/wp-content\/uploads\/Captura-de-pantalla-2022-02-25-213005.jpg?fit=912%2C500&ssl=1&resize=350%2C200","width":350,"height":200,"srcset":"https:\/\/i0.wp.com\/larevistadigital.com.ar\/blog\/wp-content\/uploads\/Captura-de-pantalla-2022-02-25-213005.jpg?fit=912%2C500&ssl=1&resize=350%2C200 1x, https:\/\/i0.wp.com\/larevistadigital.com.ar\/blog\/wp-content\/uploads\/Captura-de-pantalla-2022-02-25-213005.jpg?fit=912%2C500&ssl=1&resize=525%2C300 1.5x, https:\/\/i0.wp.com\/larevistadigital.com.ar\/blog\/wp-content\/uploads\/Captura-de-pantalla-2022-02-25-213005.jpg?fit=912%2C500&ssl=1&resize=700%2C400 2x"},"classes":[]},{"id":43876,"url":"https:\/\/larevistadigital.com.ar\/blog\/mar-del-plata-murio-un-hombre-tras-una-brutal-golpiza-a-la-salida-de-un-boliche\/","url_meta":{"origin":25680,"position":5},"title":"Mar del Plata: Muri\u00f3 un hombre tras una brutal golpiza a la salida de un boliche","author":"Alejandro Sosa Ruda","date":"8 febrero, 2026","format":false,"excerpt":"La v\u00edctima ten\u00eda 30 a\u00f1os y el agresor, de 18, qued\u00f3 detenido. La causa fue recaratulada como homicidio. 08 de febrero de 2026 MAR DEL PLATA -\u00a0 \u00a0Un violento episodio ocurrido en la zona oeste termin\u00f3 con la muerte de un hombre de 30 a\u00f1os y la detenci\u00f3n de un\u2026","rel":"","context":"En \u00abPOLICIALES\u00bb","block_context":{"text":"POLICIALES","link":"https:\/\/larevistadigital.com.ar\/blog\/category\/policiales\/"},"img":{"alt_text":"","src":"https:\/\/i0.wp.com\/larevistadigital.com.ar\/blog\/wp-content\/uploads\/Captura-de-pantalla-2026-02-08-154217.jpg?fit=805%2C420&ssl=1&resize=350%2C200","width":350,"height":200,"srcset":"https:\/\/i0.wp.com\/larevistadigital.com.ar\/blog\/wp-content\/uploads\/Captura-de-pantalla-2026-02-08-154217.jpg?fit=805%2C420&ssl=1&resize=350%2C200 1x, https:\/\/i0.wp.com\/larevistadigital.com.ar\/blog\/wp-content\/uploads\/Captura-de-pantalla-2026-02-08-154217.jpg?fit=805%2C420&ssl=1&resize=525%2C300 1.5x, https:\/\/i0.wp.com\/larevistadigital.com.ar\/blog\/wp-content\/uploads\/Captura-de-pantalla-2026-02-08-154217.jpg?fit=805%2C420&ssl=1&resize=700%2C400 2x"},"classes":[]}],"_links":{"self":[{"href":"https:\/\/larevistadigital.com.ar\/blog\/wp-json\/wp\/v2\/posts\/25680","targetHints":{"allow":["GET"]}}],"collection":[{"href":"https:\/\/larevistadigital.com.ar\/blog\/wp-json\/wp\/v2\/posts"}],"about":[{"href":"https:\/\/larevistadigital.com.ar\/blog\/wp-json\/wp\/v2\/types\/post"}],"author":[{"embeddable":true,"href":"https:\/\/larevistadigital.com.ar\/blog\/wp-json\/wp\/v2\/users\/3"}],"replies":[{"embeddable":true,"href":"https:\/\/larevistadigital.com.ar\/blog\/wp-json\/wp\/v2\/comments?post=25680"}],"version-history":[{"count":2,"href":"https:\/\/larevistadigital.com.ar\/blog\/wp-json\/wp\/v2\/posts\/25680\/revisions"}],"predecessor-version":[{"id":25685,"href":"https:\/\/larevistadigital.com.ar\/blog\/wp-json\/wp\/v2\/posts\/25680\/revisions\/25685"}],"wp:featuredmedia":[{"embeddable":true,"href":"https:\/\/larevistadigital.com.ar\/blog\/wp-json\/wp\/v2\/media\/25681"}],"wp:attachment":[{"href":"https:\/\/larevistadigital.com.ar\/blog\/wp-json\/wp\/v2\/media?parent=25680"}],"wp:term":[{"taxonomy":"category","embeddable":true,"href":"https:\/\/larevistadigital.com.ar\/blog\/wp-json\/wp\/v2\/categories?post=25680"},{"taxonomy":"post_tag","embeddable":true,"href":"https:\/\/larevistadigital.com.ar\/blog\/wp-json\/wp\/v2\/tags?post=25680"}],"curies":[{"name":"wp","href":"https:\/\/api.w.org\/{rel}","templated":true}]}}