{"id":25686,"date":"2022-06-08T12:31:05","date_gmt":"2022-06-08T12:31:05","guid":{"rendered":"https:\/\/larevistadigital.com.ar\/blog\/?p=25686"},"modified":"2022-06-08T12:31:05","modified_gmt":"2022-06-08T12:31:05","slug":"alud-en-bariloche-encontraron-en-el-hotel-los-dos-cuerpos-de-los-turistas-desaparecidos","status":"publish","type":"post","link":"https:\/\/larevistadigital.com.ar\/blog\/alud-en-bariloche-encontraron-en-el-hotel-los-dos-cuerpos-de-los-turistas-desaparecidos\/","title":{"rendered":"ALUD EN BARILOCHE: ENCONTRARON EN EL HOTEL LOS DOS CUERPOS DE LOS TURISTAS DESAPARECIDOS"},"content":{"rendered":"<h2 class=\"nota__hero__summary\">Los rescatistas hallaron durante la madrugada de hoy los cad\u00e1veres de los dos uruguayos que eran buscados luego del alud que ingres\u00f3 a un hotel de San Carlos de Bariloche.<\/h2>\n<p>Los cuerpos de los dos turistas de procedencia uruguaya que eran buscados luego del alud que ingres\u00f3 a un hotel de\u00a0<strong>San Carlos de Bariloche<\/strong>\u00a0fueron encontrados esta madrugada por los rescatistas, seg\u00fan se inform\u00f3 oficialmente.<\/p>\n<p>\u00ab<strong>A las 3 de la ma\u00f1ana los rescatistas hallaron los cuerpos de los dos turistas de procedencia uruguaya que fueron intensamente buscados desde que se produjo el siniestro. Los cuerpos, una vez extra\u00eddos, fueron derivados a la morgue local para la realizaci\u00f3n de la posterior autopsia, la que se llevar\u00e1 a cabo en la jornada de hoy<\/strong>\u00ab, inform\u00f3 en la ma\u00f1ana de este mi\u00e9rcoles a trav\u00e9s de un comunicado de prensa el Ministerio P\u00fablico Fiscal de R\u00edo Negro.<\/p>\n<blockquote>\n<h3>Con el hallazgo de estos cuerpos dentro de una de las habitaciones del hotel,<strong>\u00a0suman 3 las personas que murieron por el alud<\/strong>; mientras que otras<strong>\u00a0tres permanec\u00edan este mi\u00e9rcoles internadas<\/strong>\u00a0en un hospital de la ciudad, entre ellas la mujer del primer fallecido, identificado como\u00a0<strong>V\u00edctor Jes\u00fas Gonz\u00e1lez Giovanelli<\/strong>, de 42 a\u00f1os y oriundo de Piri\u00e1polis (Uruguay), explicaron fuentes provinciales.<\/h3>\n<\/blockquote>\n<p>Seg\u00fan se inform\u00f3, durante la ma\u00f1ana de hoy representantes del Ministerio P\u00fablico Fiscal se reunir\u00e1n con familiares de estas personas que arribar\u00e1n a la ciudad y con representantes del Consulado de Uruguay.<\/p>\n<p>Asimismo, el organismo inform\u00f3 que \u00ab<strong>se continuar\u00e1 trabajando en todas las teor\u00edas del caso y relevado evidencia a fines de determinar las circunstancias que llevaron a este hecho<\/strong>\u00ab.<\/p>\n<p>publicado en entrelineas<\/p>\n","protected":false},"excerpt":{"rendered":"<div class=\"mh-excerpt\"><p>Los rescatistas hallaron durante la madrugada de hoy los cad\u00e1veres de los dos uruguayos que eran buscados luego del alud que ingres\u00f3 a un hotel de San Carlos de Bariloche. Los cuerpos de los dos <a class=\"mh-excerpt-more\" href=\"https:\/\/larevistadigital.com.ar\/blog\/alud-en-bariloche-encontraron-en-el-hotel-los-dos-cuerpos-de-los-turistas-desaparecidos\/\" title=\"ALUD EN BARILOCHE: ENCONTRARON EN EL HOTEL LOS DOS CUERPOS DE LOS TURISTAS DESAPARECIDOS\">[Leer M\u00e1s]<\/a><\/p>\n<\/div>","protected":false},"author":3,"featured_media":25687,"comment_status":"open","ping_status":"open","sticky":false,"template":"","format":"standard","meta":{"_jetpack_memberships_contains_paid_content":false,"footnotes":"","jetpack_publicize_message":"","jetpack_publicize_feature_enabled":true,"jetpack_social_post_already_shared":true,"jetpack_social_options":{"image_generator_settings":{"template":"highway","default_image_id":0,"font":"","enabled":false},"version":2}},"categories":[50],"tags":[],"class_list":{"0":"post-25686","1":"post","2":"type-post","3":"status-publish","4":"format-standard","5":"has-post-thumbnail","7":"category-interes-general"},"jetpack_publicize_connections":[],"jetpack_featured_media_url":"https:\/\/i0.wp.com\/larevistadigital.com.ar\/blog\/wp-content\/uploads\/5265a1a52cae9b5fe2d7b9101a9ef93ce191978e.jpg?fit=1140%2C641&ssl=1","jetpack_sharing_enabled":true,"jetpack_shortlink":"https:\/\/wp.me\/p8qtrQ-6Gi","jetpack-related-posts":[{"id":22829,"url":"https:\/\/larevistadigital.com.ar\/blog\/buscados-se-fugaron-7-presos-de-una-comisaria-en-jose-leon-suarez\/","url_meta":{"origin":25686,"position":0},"title":"BUSCADOS: SE FUGARON 7 PRESOS DE UNA COMISAR\u00cdA EN JOS\u00c9 LE\u00d3N SU\u00c1REZ","author":"Alejandro Sosa Ruda","date":"3 diciembre, 2021","format":false,"excerpt":"En total fueron nueve presos los que se escaparon pero dos fueron recapturados r\u00e1pidamente. En el caso tomado intervenci\u00f3n la UFI N \u00b0 6 desde donde dispusieron que las pericias para saber c\u00f3mo se fugaron los presos est\u00e9 a cargo de la Gendarmer\u00eda Nacional. Siete presos se fugaron de una\u2026","rel":"","context":"En \u00abPOLICIALES\u00bb","block_context":{"text":"POLICIALES","link":"https:\/\/larevistadigital.com.ar\/blog\/category\/policiales\/"},"img":{"alt_text":"","src":"https:\/\/i0.wp.com\/larevistadigital.com.ar\/blog\/wp-content\/uploads\/20211202150950_joseleon.jpg?fit=880%2C512&ssl=1&resize=350%2C200","width":350,"height":200,"srcset":"https:\/\/i0.wp.com\/larevistadigital.com.ar\/blog\/wp-content\/uploads\/20211202150950_joseleon.jpg?fit=880%2C512&ssl=1&resize=350%2C200 1x, https:\/\/i0.wp.com\/larevistadigital.com.ar\/blog\/wp-content\/uploads\/20211202150950_joseleon.jpg?fit=880%2C512&ssl=1&resize=525%2C300 1.5x, https:\/\/i0.wp.com\/larevistadigital.com.ar\/blog\/wp-content\/uploads\/20211202150950_joseleon.jpg?fit=880%2C512&ssl=1&resize=700%2C400 2x"},"classes":[]},{"id":13694,"url":"https:\/\/larevistadigital.com.ar\/blog\/urgente-encuentran-dos-cuerpos-en-una-tosquera-en-san-vicente\/","url_meta":{"origin":25686,"position":1},"title":"URGENTE: ENCUENTRAN DOS CUERPOS EN UNA \u00abTOSQUERA\u00bb EN SAN VICENTE","author":"Alejandro Sosa Ruda","date":"15 diciembre, 2019","format":false,"excerpt":"Hallaron dos cuerpos sin vida en una tosquera ubicada sobre ruta 58 a la altura de \"El Lauquen\" en San Vicente.\u00a0Los cuerpos pertenecen a un menor de edad y a un mayor que se habr\u00edan ahogado mientras pescaban. Ser\u00edan hermanos. Bomberos Voluntarios de San Vicente trabajan desde temprano en una\u2026","rel":"","context":"En \u00abDESTACADAS\u00bb","block_context":{"text":"DESTACADAS","link":"https:\/\/larevistadigital.com.ar\/blog\/category\/destacadas\/"},"img":{"alt_text":"","src":"https:\/\/i0.wp.com\/larevistadigital.com.ar\/blog\/wp-content\/uploads\/IMG-20191215-WA0009.jpg?fit=1032%2C581&ssl=1&resize=350%2C200","width":350,"height":200,"srcset":"https:\/\/i0.wp.com\/larevistadigital.com.ar\/blog\/wp-content\/uploads\/IMG-20191215-WA0009.jpg?fit=1032%2C581&ssl=1&resize=350%2C200 1x, https:\/\/i0.wp.com\/larevistadigital.com.ar\/blog\/wp-content\/uploads\/IMG-20191215-WA0009.jpg?fit=1032%2C581&ssl=1&resize=525%2C300 1.5x, https:\/\/i0.wp.com\/larevistadigital.com.ar\/blog\/wp-content\/uploads\/IMG-20191215-WA0009.jpg?fit=1032%2C581&ssl=1&resize=700%2C400 2x"},"classes":[]},{"id":15106,"url":"https:\/\/larevistadigital.com.ar\/blog\/interceptan-a-35-turistas-que-pretendian-vacacionar-en-la-costa-atlantica\/","url_meta":{"origin":25686,"position":2},"title":"INTERCEPTAN A 35 TURISTAS QUE PRETEND\u00cdAN VACACIONAR EN LA COSTA ATL\u00c1NTICA","author":"Alejandro Sosa Ruda","date":"1 mayo, 2020","format":false,"excerpt":"Fueron detectados en los distintos controles que hay en las diferentes rutas para evitar el ingreso de turistas a Mar del Plata, La Costa, Gesell, Pinamar y otras localidades de la zona. Al menos 35 automovilistas con intenciones de \u201cvacacionar\u201d en la Costa Atl\u00e1ntica fueron interceptados este jueves a la\u2026","rel":"","context":"En \u00abREGIONALES\u00bb","block_context":{"text":"REGIONALES","link":"https:\/\/larevistadigital.com.ar\/blog\/category\/regionales\/"},"img":{"alt_text":"","src":"https:\/\/i0.wp.com\/larevistadigital.com.ar\/blog\/wp-content\/uploads\/ef5ecd87863f83b1c99692d2617209ba5655340f.jpg?fit=1140%2C758&ssl=1&resize=350%2C200","width":350,"height":200,"srcset":"https:\/\/i0.wp.com\/larevistadigital.com.ar\/blog\/wp-content\/uploads\/ef5ecd87863f83b1c99692d2617209ba5655340f.jpg?fit=1140%2C758&ssl=1&resize=350%2C200 1x, https:\/\/i0.wp.com\/larevistadigital.com.ar\/blog\/wp-content\/uploads\/ef5ecd87863f83b1c99692d2617209ba5655340f.jpg?fit=1140%2C758&ssl=1&resize=525%2C300 1.5x, https:\/\/i0.wp.com\/larevistadigital.com.ar\/blog\/wp-content\/uploads\/ef5ecd87863f83b1c99692d2617209ba5655340f.jpg?fit=1140%2C758&ssl=1&resize=700%2C400 2x, https:\/\/i0.wp.com\/larevistadigital.com.ar\/blog\/wp-content\/uploads\/ef5ecd87863f83b1c99692d2617209ba5655340f.jpg?fit=1140%2C758&ssl=1&resize=1050%2C600 3x"},"classes":[]},{"id":15015,"url":"https:\/\/larevistadigital.com.ar\/blog\/terrible-encuentran-enterrados-los-cuerpos-de-una-mujer-y-su-hijita-que-estaban-desaparecidas\/","url_meta":{"origin":25686,"position":3},"title":"\u00a1TERRIBLE! ENCUENTRAN ENTERRADOS LOS CUERPOS DE UNA MUJER Y SU HIJITA QUE ESTABAN DESAPARECIDAS","author":"Alejandro Sosa Ruda","date":"30 marzo, 2020","format":false,"excerpt":"Cristina Iglesias y su hija Ada estaban siendo buscadas desde el jueves. Los restos se hallaron en el fondo del domicilio en el que ambas viv\u00edan. El novio de la mujer fue detenido como principal sospechoso. Los cuerpos de\u00a0Cristina Iglesias\u00a0(40) y su hija Ada de 7 a\u00f1os, quienes estaba desaparecidas\u2026","rel":"","context":"En \u00abINTERES GENERAL\u00bb","block_context":{"text":"INTERES GENERAL","link":"https:\/\/larevistadigital.com.ar\/blog\/category\/interes-general\/"},"img":{"alt_text":"","src":"https:\/\/i0.wp.com\/larevistadigital.com.ar\/blog\/wp-content\/uploads\/Screenshot_1-108.jpg?fit=1200%2C589&ssl=1&resize=350%2C200","width":350,"height":200,"srcset":"https:\/\/i0.wp.com\/larevistadigital.com.ar\/blog\/wp-content\/uploads\/Screenshot_1-108.jpg?fit=1200%2C589&ssl=1&resize=350%2C200 1x, https:\/\/i0.wp.com\/larevistadigital.com.ar\/blog\/wp-content\/uploads\/Screenshot_1-108.jpg?fit=1200%2C589&ssl=1&resize=525%2C300 1.5x, https:\/\/i0.wp.com\/larevistadigital.com.ar\/blog\/wp-content\/uploads\/Screenshot_1-108.jpg?fit=1200%2C589&ssl=1&resize=700%2C400 2x, https:\/\/i0.wp.com\/larevistadigital.com.ar\/blog\/wp-content\/uploads\/Screenshot_1-108.jpg?fit=1200%2C589&ssl=1&resize=1050%2C600 3x"},"classes":[]},{"id":28294,"url":"https:\/\/larevistadigital.com.ar\/blog\/horror-en-cordoba-encontraron-los-cuerpos-de-las-dos-hermanas-que-estaban-desaparecidas\/","url_meta":{"origin":25686,"position":4},"title":"HORROR EN CORDOBA: ENCONTRARON LOS CUERPOS DE LAS DOS HERMANAS QUE ESTABAN DESAPARECIDAS","author":"Alejandro Sosa Ruda","date":"4 octubre, 2022","format":false,"excerpt":"El domingo, dos j\u00f3venes, que ser\u00edan hermanos, confesaron haber asesinado y descuartizado a la presunta mam\u00e1 de ambos y quien ser\u00eda su t\u00eda. Los cuerpos fueron hallados en un pozo ubicado en la casa de las v\u00edctimas. 04 de octubre de 2022 CORDOBA -\u00a0 La Polic\u00eda y bomberos de C\u00f3rdoba\u2026","rel":"","context":"En \u00abINTERES GENERAL\u00bb","block_context":{"text":"INTERES GENERAL","link":"https:\/\/larevistadigital.com.ar\/blog\/category\/interes-general\/"},"img":{"alt_text":"","src":"https:\/\/i0.wp.com\/larevistadigital.com.ar\/blog\/wp-content\/uploads\/O57IY5KDTNCOLGJCNT27U2BU7I.jpg?fit=1200%2C793&ssl=1&resize=350%2C200","width":350,"height":200,"srcset":"https:\/\/i0.wp.com\/larevistadigital.com.ar\/blog\/wp-content\/uploads\/O57IY5KDTNCOLGJCNT27U2BU7I.jpg?fit=1200%2C793&ssl=1&resize=350%2C200 1x, https:\/\/i0.wp.com\/larevistadigital.com.ar\/blog\/wp-content\/uploads\/O57IY5KDTNCOLGJCNT27U2BU7I.jpg?fit=1200%2C793&ssl=1&resize=525%2C300 1.5x, https:\/\/i0.wp.com\/larevistadigital.com.ar\/blog\/wp-content\/uploads\/O57IY5KDTNCOLGJCNT27U2BU7I.jpg?fit=1200%2C793&ssl=1&resize=700%2C400 2x, https:\/\/i0.wp.com\/larevistadigital.com.ar\/blog\/wp-content\/uploads\/O57IY5KDTNCOLGJCNT27U2BU7I.jpg?fit=1200%2C793&ssl=1&resize=1050%2C600 3x"},"classes":[]},{"id":12133,"url":"https:\/\/larevistadigital.com.ar\/blog\/castelli-continua-la-busqueda-de-los-pescadores-que-cayeron-al-canal-15-en-la-cascada\/","url_meta":{"origin":25686,"position":5},"title":"CASTELLI: CONTIN\u00daA LA B\u00daSQUEDA DE LOS PESCADORES QUE CAYERON AL CANAL 15, EN LA CASCADA","author":"Alejandro Sosa Ruda","date":"17 septiembre, 2019","format":false,"excerpt":"A pesar de los esfuerzos de bomberos de Castelli y Lezama la b\u00fasqueda de los dos pescadores que cayeron al agua del Canal 15 continuar\u00e1 este martes seg\u00fan se inform\u00f3. El lunes, a las 11:40 horas, se recibi\u00f3 un llamado de alerta al Sistema de Emergencias 911, informando que cuatro\u2026","rel":"","context":"En \u00abCASTELLI\u00bb","block_context":{"text":"CASTELLI","link":"https:\/\/larevistadigital.com.ar\/blog\/category\/castelli\/"},"img":{"alt_text":"","src":"https:\/\/i0.wp.com\/larevistadigital.com.ar\/blog\/wp-content\/uploads\/8b408c2a9025a1a59aa5aeba256148d5c8ad9863.jpg?fit=1140%2C758&ssl=1&resize=350%2C200","width":350,"height":200,"srcset":"https:\/\/i0.wp.com\/larevistadigital.com.ar\/blog\/wp-content\/uploads\/8b408c2a9025a1a59aa5aeba256148d5c8ad9863.jpg?fit=1140%2C758&ssl=1&resize=350%2C200 1x, https:\/\/i0.wp.com\/larevistadigital.com.ar\/blog\/wp-content\/uploads\/8b408c2a9025a1a59aa5aeba256148d5c8ad9863.jpg?fit=1140%2C758&ssl=1&resize=525%2C300 1.5x, https:\/\/i0.wp.com\/larevistadigital.com.ar\/blog\/wp-content\/uploads\/8b408c2a9025a1a59aa5aeba256148d5c8ad9863.jpg?fit=1140%2C758&ssl=1&resize=700%2C400 2x, https:\/\/i0.wp.com\/larevistadigital.com.ar\/blog\/wp-content\/uploads\/8b408c2a9025a1a59aa5aeba256148d5c8ad9863.jpg?fit=1140%2C758&ssl=1&resize=1050%2C600 3x"},"classes":[]}],"_links":{"self":[{"href":"https:\/\/larevistadigital.com.ar\/blog\/wp-json\/wp\/v2\/posts\/25686","targetHints":{"allow":["GET"]}}],"collection":[{"href":"https:\/\/larevistadigital.com.ar\/blog\/wp-json\/wp\/v2\/posts"}],"about":[{"href":"https:\/\/larevistadigital.com.ar\/blog\/wp-json\/wp\/v2\/types\/post"}],"author":[{"embeddable":true,"href":"https:\/\/larevistadigital.com.ar\/blog\/wp-json\/wp\/v2\/users\/3"}],"replies":[{"embeddable":true,"href":"https:\/\/larevistadigital.com.ar\/blog\/wp-json\/wp\/v2\/comments?post=25686"}],"version-history":[{"count":1,"href":"https:\/\/larevistadigital.com.ar\/blog\/wp-json\/wp\/v2\/posts\/25686\/revisions"}],"predecessor-version":[{"id":25688,"href":"https:\/\/larevistadigital.com.ar\/blog\/wp-json\/wp\/v2\/posts\/25686\/revisions\/25688"}],"wp:featuredmedia":[{"embeddable":true,"href":"https:\/\/larevistadigital.com.ar\/blog\/wp-json\/wp\/v2\/media\/25687"}],"wp:attachment":[{"href":"https:\/\/larevistadigital.com.ar\/blog\/wp-json\/wp\/v2\/media?parent=25686"}],"wp:term":[{"taxonomy":"category","embeddable":true,"href":"https:\/\/larevistadigital.com.ar\/blog\/wp-json\/wp\/v2\/categories?post=25686"},{"taxonomy":"post_tag","embeddable":true,"href":"https:\/\/larevistadigital.com.ar\/blog\/wp-json\/wp\/v2\/tags?post=25686"}],"curies":[{"name":"wp","href":"https:\/\/api.w.org\/{rel}","templated":true}]}}