{"id":25689,"date":"2022-06-08T12:48:00","date_gmt":"2022-06-08T12:48:00","guid":{"rendered":"https:\/\/larevistadigital.com.ar\/blog\/?p=25689"},"modified":"2022-06-08T12:48:00","modified_gmt":"2022-06-08T12:48:00","slug":"fiscal-pidio-la-detencion-de-sebastian-villa-por-abuso-sexual","status":"publish","type":"post","link":"https:\/\/larevistadigital.com.ar\/blog\/fiscal-pidio-la-detencion-de-sebastian-villa-por-abuso-sexual\/","title":{"rendered":"FISCAL PIDI\u00d3 LA DETENCI\u00d3N DE SEBASTIAN VILLA POR ABUSO SEXUAL"},"content":{"rendered":"<h2>La fiscal Vanesa Gonz\u00e1lez pidi\u00f3 hoy la detenci\u00f3n del atacante de Boca Sebasti\u00e1n Villa en la causa en la que se lo investiga por presunto abuso sexual con acceso carnal contra una joven que lo denunci\u00f3 tras un posible ataque ocurrido el a\u00f1o pasado.<\/h2>\n<p>Una fiscal pidi\u00f3 esta noche la detenci\u00f3n del futbolista de Boca Juniors <strong>Sebasti\u00e1n Villa<\/strong> en la causa que investiga el presunto abuso sexual de una joven en su casa de un country de Canning, ocurrido en junio del a\u00f1o pasado, informaron hoy a T\u00e9lam fuentes judiciales.<\/p>\n<blockquote>\n<h3>El pedido fue formulado por la fiscal Vanesa Gonz\u00e1lez, a cargo de la Unidad Funcional de Instrucci\u00f3n (UFI) 3 Especializada en Violencia Familiar y de G\u00e9nero, Abusos Sexuales y Delitos Conexos a la Trata de Personas de Lomas de Zamora, pero ahora ser\u00e1 el juez de Garant\u00edas 2 de Lomas de Zamora, Javier Maffucci Moore, quien deber\u00e1 resolver si hace lugar o no.<\/h3>\n<\/blockquote>\n<p>Seg\u00fan las fuentes judiciales, el juez tiene cinco d\u00edas para resolver la solicitud de la fiscal Gonz\u00e1lez, pero se presume que resolver\u00e1 antes del plazo fijado si el jugador xeneize queda detenido.<\/p>\n<p><strong><em>\u201cEl rol de la Justicia, y en especial del Ministerio P\u00fablico que represento, no solo es perseguir a los autores de delitos como el que nos ocupa sino concientizar, instruir y abogar por el fin del patriarcado, maxime (y como en el caso que aqu\u00ed se investiga) cuando ese patriarcado se ve potenciado por la sensaci\u00f3n de impunidad que le otorga al autor del delito, o su poder econ\u00f3mico frente a la v\u00edctima vulnerable\u201d<\/em><\/strong>, se\u00f1ala la fiscal en el pedido presentado pasadas las 20.30 al juez <strong>Maffucci Moore<\/strong>.<\/p>\n<blockquote>\n<h3>En el escrito de 59 fojas, al que tuvo acceso T\u00e9lam, la fiscal Gonz\u00e1lez hizo menci\u00f3n a que Villa es futbolista conocido en el pa\u00eds y que \u201cdeber\u00eda ser un ejemplo de conducta para la sociedad\u201d.<\/h3>\n<\/blockquote>\n<p><em><strong>\u201cEntiendo que no debe considerarse especialmente la circunstancia de que Sebasti\u00e1n Villa Cano resulte ser un destacado atleta del f\u00fatbol argentino, sino por el contrario debemos atenernos al principio constitucional de igualdad ante la ley. Mas a\u00fan, el mismo en su condici\u00f3n de persona p\u00fablica, deber\u00eda resultar un ejemplo de conducta, un ejemplo para una sociedad en la que buscamos un cambio, y vamos camino a ello\u201d<\/strong><\/em>, se\u00f1al\u00f3.<\/p>\n<blockquote>\n<h3>Para la fiscal, <em>\u201cse encuentra probado la comisi\u00f3n del delito de abuso sexual con acceso carnal\u201d<\/em> de una joven de 26 a\u00f1os, por lo que pidi\u00f3 que el delantero colombiano sea \u201cpuesto a disposici\u00f3n\u201d de la Justicia.<\/h3>\n<\/blockquote>\n<p>El jugador xeneize viaj\u00f3 en las \u00faltimas horas a La Rioja junto al resto del plantel de Boca para disputar el partido de ma\u00f1ana por la Copa Argentina frente a Ferro.<\/p>\n<p>La denuncia contra el futbolista fue presentada por escrito el 13 de este mes en la UFI 3 de Esteban Echeverr\u00eda, y a los tres d\u00edas la denunciante la ratific\u00f3 de manera presencial en la fiscal\u00eda.<\/p>\n<blockquote>\n<h3>La v\u00edctima cont\u00f3, primero por escrito y luego en sede fiscal, que el hecho ocurri\u00f3 la noche del 26 de junio de 2021, en el country \u201cVenado II\u201d de la localidad bonaerense de Canning donde viv\u00eda el futbolista y luego de un asado del que hab\u00edan participado otros jugadores del plantel xeneize.<\/h3>\n<\/blockquote>\n<p>Seg\u00fan la denuncia, Villa hab\u00eda consumido \u201cmucho alcohol\u201d y comenz\u00f3 a reprocharle que sospechaba que le gustaban o que hab\u00eda estado con otros jugadores del plantel.<\/p>\n<p>Tras mantener una fuerte discusi\u00f3n, ambos se retiraron del lugar y se dirigieron a la casa del futbolista junto a un empleado de seguridad y un amigo del jugador y all\u00ed dijo que Villa la encerr\u00f3 en una habitaci\u00f3n, abus\u00f3 sexualmente de ella y la intent\u00f3 sofocar, seg\u00fan detall\u00f3.<\/p>\n<blockquote>\n<h3>La joven present\u00f3 como prueba unos intercambios de mensajes donde Villa se disculpaba por lo sucedido y se justificaba diciendo que hab\u00eda \u201ctomado mucho\u201d y tambi\u00e9n denunci\u00f3 que el futbolista le envi\u00f3 5.000 d\u00f3lares para que no haga ninguna denuncia, suma que luego devolvi\u00f3.<\/h3>\n<\/blockquote>\n<p>Por su parte, el juez<strong> Maffucci Moore<\/strong> dict\u00f3 una medida cautelar que incluye una restricci\u00f3n perimetral e impedimento de contacto de Villa hacia la v\u00edctima, pero rechaz\u00f3 un pedido de prohibici\u00f3n de salida del pa\u00eds para el futbolista, ya que la misma se adopt\u00f3 en la causa anterior por violencia de g\u00e9nero sobre su expareja el a\u00f1o pasado y a\u00fan est\u00e1 vigente.<\/p>\n","protected":false},"excerpt":{"rendered":"<div class=\"mh-excerpt\"><p>La fiscal Vanesa Gonz\u00e1lez pidi\u00f3 hoy la detenci\u00f3n del atacante de Boca Sebasti\u00e1n Villa en la causa en la que se lo investiga por presunto abuso sexual con acceso carnal contra una joven que lo <a class=\"mh-excerpt-more\" href=\"https:\/\/larevistadigital.com.ar\/blog\/fiscal-pidio-la-detencion-de-sebastian-villa-por-abuso-sexual\/\" title=\"FISCAL PIDI\u00d3 LA DETENCI\u00d3N DE SEBASTIAN VILLA POR ABUSO SEXUAL\">[Leer M\u00e1s]<\/a><\/p>\n<\/div>","protected":false},"author":3,"featured_media":25690,"comment_status":"open","ping_status":"open","sticky":false,"template":"","format":"standard","meta":{"_jetpack_memberships_contains_paid_content":false,"footnotes":"","jetpack_publicize_message":"","jetpack_publicize_feature_enabled":true,"jetpack_social_post_already_shared":true,"jetpack_social_options":{"image_generator_settings":{"template":"highway","default_image_id":0,"font":"","enabled":false},"version":2}},"categories":[8],"tags":[],"class_list":{"0":"post-25689","1":"post","2":"type-post","3":"status-publish","4":"format-standard","5":"has-post-thumbnail","7":"category-deportes"},"jetpack_publicize_connections":[],"jetpack_featured_media_url":"https:\/\/i0.wp.com\/larevistadigital.com.ar\/blog\/wp-content\/uploads\/Captura-de-pantalla-2022-06-08-094645.png?fit=788%2C442&ssl=1","jetpack_sharing_enabled":true,"jetpack_shortlink":"https:\/\/wp.me\/p8qtrQ-6Gl","jetpack-related-posts":[{"id":7151,"url":"https:\/\/larevistadigital.com.ar\/blog\/detuvieron-a-rodrigo-eguillor\/","url_meta":{"origin":25689,"position":0},"title":"DETUVIERON A RODRIGO EGUILLOR","author":"Alejandro Sosa Ruda","date":"12 diciembre, 2018","format":false,"excerpt":"Luego del esc\u00e1ndalo medi\u00e1tico y su breve pas\u00f3 por el complejo penitenciario de Ezeiza por resistencia a la autoridad, la Polic\u00eda detuvo esta ma\u00f1ana a Rodrigo Eguillor pero esta vez en el marco de la causa por abuso sexual. La denuncia la hizo una joven de 22 a\u00f1os, que cont\u00f3\u2026","rel":"","context":"En \u00abPOLICIALES\u00bb","block_context":{"text":"POLICIALES","link":"https:\/\/larevistadigital.com.ar\/blog\/category\/policiales\/"},"img":{"alt_text":"","src":"https:\/\/i0.wp.com\/larevistadigital.com.ar\/blog\/wp-content\/uploads\/2018\/12\/20181212013607-vuelven-a-ordenar-la-detencion-de-rodrigo-eguillor-acusado-de-abuso-sexual.jpg?fit=800%2C578&ssl=1&resize=350%2C200","width":350,"height":200,"srcset":"https:\/\/i0.wp.com\/larevistadigital.com.ar\/blog\/wp-content\/uploads\/2018\/12\/20181212013607-vuelven-a-ordenar-la-detencion-de-rodrigo-eguillor-acusado-de-abuso-sexual.jpg?fit=800%2C578&ssl=1&resize=350%2C200 1x, https:\/\/i0.wp.com\/larevistadigital.com.ar\/blog\/wp-content\/uploads\/2018\/12\/20181212013607-vuelven-a-ordenar-la-detencion-de-rodrigo-eguillor-acusado-de-abuso-sexual.jpg?fit=800%2C578&ssl=1&resize=525%2C300 1.5x, https:\/\/i0.wp.com\/larevistadigital.com.ar\/blog\/wp-content\/uploads\/2018\/12\/20181212013607-vuelven-a-ordenar-la-detencion-de-rodrigo-eguillor-acusado-de-abuso-sexual.jpg?fit=800%2C578&ssl=1&resize=700%2C400 2x"},"classes":[]},{"id":24008,"url":"https:\/\/larevistadigital.com.ar\/blog\/pila-detienen-a-un-adolescente-por-una-causa-de-abuso-sexual\/","url_meta":{"origin":25689,"position":1},"title":"PILA: DETIENEN A UN ADOLESCENTE POR UNA CAUSA DE ABUSO SEXUAL","author":"Alejandro Sosa Ruda","date":"16 febrero, 2022","format":false,"excerpt":"PILA -\u00a0 Durante la jornada de hoy, se detuvo a un muchacho de 18 a\u00f1os de edad, en el marco de una\u00a0 causa por abuso sexual. Todo comenz\u00f3 con motivo de una denuncia de un presunto abuso sexual, del que habr\u00eda participado el joven implicado. La denuncia fue realizada el\u2026","rel":"","context":"En \u00abPILA\u00bb","block_context":{"text":"PILA","link":"https:\/\/larevistadigital.com.ar\/blog\/category\/pila\/"},"img":{"alt_text":"","src":"https:\/\/i0.wp.com\/larevistadigital.com.ar\/blog\/wp-content\/uploads\/1620734311775.jpg?fit=1200%2C777&ssl=1&resize=350%2C200","width":350,"height":200,"srcset":"https:\/\/i0.wp.com\/larevistadigital.com.ar\/blog\/wp-content\/uploads\/1620734311775.jpg?fit=1200%2C777&ssl=1&resize=350%2C200 1x, https:\/\/i0.wp.com\/larevistadigital.com.ar\/blog\/wp-content\/uploads\/1620734311775.jpg?fit=1200%2C777&ssl=1&resize=525%2C300 1.5x, https:\/\/i0.wp.com\/larevistadigital.com.ar\/blog\/wp-content\/uploads\/1620734311775.jpg?fit=1200%2C777&ssl=1&resize=700%2C400 2x, https:\/\/i0.wp.com\/larevistadigital.com.ar\/blog\/wp-content\/uploads\/1620734311775.jpg?fit=1200%2C777&ssl=1&resize=1050%2C600 3x"},"classes":[]},{"id":10745,"url":"https:\/\/larevistadigital.com.ar\/blog\/abuso-de-sus-hijos-lo-detuvieron-por-un-dia-y-lo-liberaron\/","url_meta":{"origin":25689,"position":2},"title":"ABUS\u00d3 DE SUS HIJOS. LO DETUVIERON POR UN D\u00cdA Y LO LIBERARON","author":"Alejandro Sosa Ruda","date":"24 junio, 2019","format":false,"excerpt":"La C\u00e1mara de Apelaciones de\u00a0Lomas de Zamora\u00a0orden\u00f3 su liberaci\u00f3n haciendo uso de un h\u00e1beas corpus, luego de que el profesional permaneciera s\u00f3lo 24 horas tras las rejas. La fiscal Mabel Lois, de la UFI 6 de Lomas, orden\u00f3 su detenci\u00f3n tras acusarlo de abusar sexualmente de dos de sus hijos,\u2026","rel":"","context":"En \u00abDESTACADAS\u00bb","block_context":{"text":"DESTACADAS","link":"https:\/\/larevistadigital.com.ar\/blog\/category\/destacadas\/"},"img":{"alt_text":"","src":"https:\/\/i0.wp.com\/larevistadigital.com.ar\/blog\/wp-content\/uploads\/tribunales-lomas.jpg?fit=930%2C525&ssl=1&resize=350%2C200","width":350,"height":200,"srcset":"https:\/\/i0.wp.com\/larevistadigital.com.ar\/blog\/wp-content\/uploads\/tribunales-lomas.jpg?fit=930%2C525&ssl=1&resize=350%2C200 1x, https:\/\/i0.wp.com\/larevistadigital.com.ar\/blog\/wp-content\/uploads\/tribunales-lomas.jpg?fit=930%2C525&ssl=1&resize=525%2C300 1.5x, https:\/\/i0.wp.com\/larevistadigital.com.ar\/blog\/wp-content\/uploads\/tribunales-lomas.jpg?fit=930%2C525&ssl=1&resize=700%2C400 2x"},"classes":[]},{"id":23827,"url":"https:\/\/larevistadigital.com.ar\/blog\/chacal-en-mar-del-plata-cumplia-prision-domiciliaria-y-abuso-de-su-bisnieta-de-3-meses\/","url_meta":{"origin":25689,"position":3},"title":"CHACAL EN MAR DEL PLATA: CUMPL\u00cdA PRISI\u00d3N DOMICILIARIA Y ABUS\u00d3 DE SU BISNIETA DE 3 MESES","author":"Alejandro Sosa Ruda","date":"5 febrero, 2022","format":false,"excerpt":"Los m\u00e9dicos que revisaron a la menor confirmaron que presentaba lesiones, por lo que de inmediato dieron intervenci\u00f3n a la Polic\u00eda. Con el informe de los profesionales y los antecedentes penales del hombre, la fiscal de turno Mar\u00eda Florencia Salas pidi\u00f3 la inmediata detenci\u00f3n del hombre. MAR DEL PLATA -\u00a0\u2026","rel":"","context":"En \u00abPOLICIALES\u00bb","block_context":{"text":"POLICIALES","link":"https:\/\/larevistadigital.com.ar\/blog\/category\/policiales\/"},"img":{"alt_text":"","src":"https:\/\/i0.wp.com\/larevistadigital.com.ar\/blog\/wp-content\/uploads\/20220204180112_maternoinfantil-1024x695-810x550-1.jpg?fit=880%2C512&ssl=1&resize=350%2C200","width":350,"height":200,"srcset":"https:\/\/i0.wp.com\/larevistadigital.com.ar\/blog\/wp-content\/uploads\/20220204180112_maternoinfantil-1024x695-810x550-1.jpg?fit=880%2C512&ssl=1&resize=350%2C200 1x, https:\/\/i0.wp.com\/larevistadigital.com.ar\/blog\/wp-content\/uploads\/20220204180112_maternoinfantil-1024x695-810x550-1.jpg?fit=880%2C512&ssl=1&resize=525%2C300 1.5x, https:\/\/i0.wp.com\/larevistadigital.com.ar\/blog\/wp-content\/uploads\/20220204180112_maternoinfantil-1024x695-810x550-1.jpg?fit=880%2C512&ssl=1&resize=700%2C400 2x"},"classes":[]},{"id":26632,"url":"https:\/\/larevistadigital.com.ar\/blog\/destituyeron-a-un-fiscal-de-lomas-de-zamora\/","url_meta":{"origin":25689,"position":4},"title":"DESTITUYERON A UN FISCAL DE LOMAS DE ZAMORA","author":"Alejandro Sosa Ruda","date":"16 julio, 2022","format":false,"excerpt":"El Jurado de Enjuiciamiento de Magistrados de la provincia de Buenos Aires destituy\u00f3 por unanimidad al agente fiscal Oscar David Acevedo, que se desempe\u00f1aba en una Fiscal\u00eda en lo Correccional del Departamento Judicial Lomas de Zamora, al comprobar que cometi\u00f3 distintos delitos en el ejercicio de sus funciones tales como\u2026","rel":"","context":"En \u00abINTERES GENERAL\u00bb","block_context":{"text":"INTERES GENERAL","link":"https:\/\/larevistadigital.com.ar\/blog\/category\/interes-general\/"},"img":{"alt_text":"","src":"https:\/\/i0.wp.com\/larevistadigital.com.ar\/blog\/wp-content\/uploads\/20220714115234_destituyeron-a-un-fiscal-de-lomas-de-zamora.jpg?fit=880%2C512&ssl=1&resize=350%2C200","width":350,"height":200,"srcset":"https:\/\/i0.wp.com\/larevistadigital.com.ar\/blog\/wp-content\/uploads\/20220714115234_destituyeron-a-un-fiscal-de-lomas-de-zamora.jpg?fit=880%2C512&ssl=1&resize=350%2C200 1x, https:\/\/i0.wp.com\/larevistadigital.com.ar\/blog\/wp-content\/uploads\/20220714115234_destituyeron-a-un-fiscal-de-lomas-de-zamora.jpg?fit=880%2C512&ssl=1&resize=525%2C300 1.5x, https:\/\/i0.wp.com\/larevistadigital.com.ar\/blog\/wp-content\/uploads\/20220714115234_destituyeron-a-un-fiscal-de-lomas-de-zamora.jpg?fit=880%2C512&ssl=1&resize=700%2C400 2x"},"classes":[]},{"id":11933,"url":"https:\/\/larevistadigital.com.ar\/blog\/reviso-el-telefono-de-su-marido-porque-sospechaba-que-era-infiel-y-descubrio-que-abusaba-de-sus-ahijadas\/","url_meta":{"origin":25689,"position":5},"title":"REVIS\u00d3 EL TELEFONO DE SU MARIDO PORQUE SOSPECHABA QUE ERA INFIEL, Y DESCUBRI\u00d3 QUE ABUSABA DE SUS AHIJADAS","author":"Alejandro Sosa Ruda","date":"20 agosto, 2019","format":false,"excerpt":"Tiene 38 a\u00f1os.\u00a0En el celular hallaron filmaciones, fotos y material pornogr\u00e1fico. Un hombre de 38 a\u00f1os fue detenido por abusar a sus dos ahijadas de nueve a\u00f1os en Villa Fiorito, partido de Lomas de Zamora. Fue descubierto por su esposa, que sospechaba que su pareja le era infiel y al\u2026","rel":"","context":"En \u00abINTERES GENERAL\u00bb","block_context":{"text":"INTERES GENERAL","link":"https:\/\/larevistadigital.com.ar\/blog\/category\/interes-general\/"},"img":{"alt_text":"","src":"https:\/\/i0.wp.com\/larevistadigital.com.ar\/blog\/wp-content\/uploads\/1566309968483.jpg?fit=735%2C461&ssl=1&resize=350%2C200","width":350,"height":200,"srcset":"https:\/\/i0.wp.com\/larevistadigital.com.ar\/blog\/wp-content\/uploads\/1566309968483.jpg?fit=735%2C461&ssl=1&resize=350%2C200 1x, https:\/\/i0.wp.com\/larevistadigital.com.ar\/blog\/wp-content\/uploads\/1566309968483.jpg?fit=735%2C461&ssl=1&resize=525%2C300 1.5x, https:\/\/i0.wp.com\/larevistadigital.com.ar\/blog\/wp-content\/uploads\/1566309968483.jpg?fit=735%2C461&ssl=1&resize=700%2C400 2x"},"classes":[]}],"_links":{"self":[{"href":"https:\/\/larevistadigital.com.ar\/blog\/wp-json\/wp\/v2\/posts\/25689","targetHints":{"allow":["GET"]}}],"collection":[{"href":"https:\/\/larevistadigital.com.ar\/blog\/wp-json\/wp\/v2\/posts"}],"about":[{"href":"https:\/\/larevistadigital.com.ar\/blog\/wp-json\/wp\/v2\/types\/post"}],"author":[{"embeddable":true,"href":"https:\/\/larevistadigital.com.ar\/blog\/wp-json\/wp\/v2\/users\/3"}],"replies":[{"embeddable":true,"href":"https:\/\/larevistadigital.com.ar\/blog\/wp-json\/wp\/v2\/comments?post=25689"}],"version-history":[{"count":1,"href":"https:\/\/larevistadigital.com.ar\/blog\/wp-json\/wp\/v2\/posts\/25689\/revisions"}],"predecessor-version":[{"id":25691,"href":"https:\/\/larevistadigital.com.ar\/blog\/wp-json\/wp\/v2\/posts\/25689\/revisions\/25691"}],"wp:featuredmedia":[{"embeddable":true,"href":"https:\/\/larevistadigital.com.ar\/blog\/wp-json\/wp\/v2\/media\/25690"}],"wp:attachment":[{"href":"https:\/\/larevistadigital.com.ar\/blog\/wp-json\/wp\/v2\/media?parent=25689"}],"wp:term":[{"taxonomy":"category","embeddable":true,"href":"https:\/\/larevistadigital.com.ar\/blog\/wp-json\/wp\/v2\/categories?post=25689"},{"taxonomy":"post_tag","embeddable":true,"href":"https:\/\/larevistadigital.com.ar\/blog\/wp-json\/wp\/v2\/tags?post=25689"}],"curies":[{"name":"wp","href":"https:\/\/api.w.org\/{rel}","templated":true}]}}