{"id":25692,"date":"2022-06-08T12:56:51","date_gmt":"2022-06-08T12:56:51","guid":{"rendered":"https:\/\/larevistadigital.com.ar\/blog\/?p=25692"},"modified":"2022-06-08T12:56:51","modified_gmt":"2022-06-08T12:56:51","slug":"encontraron-en-balcarce-al-jubilado-que-era-buscado-desde-el-domingo-en-mar-del-plata","status":"publish","type":"post","link":"https:\/\/larevistadigital.com.ar\/blog\/encontraron-en-balcarce-al-jubilado-que-era-buscado-desde-el-domingo-en-mar-del-plata\/","title":{"rendered":"ENCONTRARON EN BALCARCE AL JUBILADO QUE ERA BUSCADO DESDE EL DOMINGO EN MAR DEL PLATA"},"content":{"rendered":"<h2>Fue encontrado en su auto en la ruta 226 luego de tres d\u00edas de b\u00fasqueda. Estaba desorientado.<\/h2>\n<p>Un hombre de 84 a\u00f1os que era buscado desde el domingo por su familia en Berisso\u00a0<strong>fue hallado este martes a bordo de su autom\u00f3vil en la ruta 226<\/strong>.<\/p>\n<blockquote>\n<h3><strong>Santiago Roque Llanos<\/strong>\u00a0apareci\u00f3 este martes a la madrugada en\u00a0su veh\u00edculo marca\u00a0Renault Clio en el kil\u00f3metro 75 de la ruta nacional 226.\u00a0Integrantes del Destacamento Vial Balcarce llegaron al lugar alertados por una vecina que vio el auto que se encontraba desde hac\u00eda varias horas all\u00ed.<\/h3>\n<\/blockquote>\n<p>Los uniformados consultaron el sistema inform\u00e1tico y descubrieron que hab\u00eda una causa por \u201caveriguaci\u00f3n paradero activo\u201d solicitado por\u00a0<strong>UFI N\u00b0 6 de La Plata<\/strong>.\u00a0\u201cSe lo visualiza desorientado. El se\u00f1or manifiesta padecer diabetes y que vive en el lugar. Se comisiona ambulancia local que traslada al sujeto al nosocomio de esta ciudad. Se mantiene comunicaci\u00f3n\u00a0 con el<strong>\u00a0fiscal Marcelo Romero<\/strong>\u00a0y la Sub DDI de Balcarce colabor\u00f3 para dar con los familiares\u201d, expres\u00f3 una fuente de la investigaci\u00f3n.<\/p>\n<p>Asimismo, dio a conocer que el autom\u00f3vil se encontraba sin combustible y el celular personal sin bater\u00eda.<\/p>\n","protected":false},"excerpt":{"rendered":"<div class=\"mh-excerpt\"><p>Fue encontrado en su auto en la ruta 226 luego de tres d\u00edas de b\u00fasqueda. Estaba desorientado. Un hombre de 84 a\u00f1os que era buscado desde el domingo por su familia en Berisso\u00a0fue hallado este <a class=\"mh-excerpt-more\" href=\"https:\/\/larevistadigital.com.ar\/blog\/encontraron-en-balcarce-al-jubilado-que-era-buscado-desde-el-domingo-en-mar-del-plata\/\" title=\"ENCONTRARON EN BALCARCE AL JUBILADO QUE ERA BUSCADO DESDE EL DOMINGO EN MAR DEL PLATA\">[Leer M\u00e1s]<\/a><\/p>\n<\/div>","protected":false},"author":3,"featured_media":25693,"comment_status":"open","ping_status":"open","sticky":false,"template":"","format":"standard","meta":{"_jetpack_memberships_contains_paid_content":false,"footnotes":"","jetpack_publicize_message":"","jetpack_publicize_feature_enabled":true,"jetpack_social_post_already_shared":true,"jetpack_social_options":{"image_generator_settings":{"template":"highway","default_image_id":0,"font":"","enabled":false},"version":2}},"categories":[51],"tags":[],"class_list":{"0":"post-25692","1":"post","2":"type-post","3":"status-publish","4":"format-standard","5":"has-post-thumbnail","7":"category-regionales"},"jetpack_publicize_connections":[],"jetpack_featured_media_url":"https:\/\/i0.wp.com\/larevistadigital.com.ar\/blog\/wp-content\/uploads\/Captura-de-pantalla-2022-06-08-095524.png?fit=798%2C491&ssl=1","jetpack_sharing_enabled":true,"jetpack_shortlink":"https:\/\/wp.me\/p8qtrQ-6Go","jetpack-related-posts":[{"id":16765,"url":"https:\/\/larevistadigital.com.ar\/blog\/hombre-muere-atropellado-al-cruzar-la-ruta-226\/","url_meta":{"origin":25692,"position":0},"title":"HOMBRE MUERE ATROPELLADO AL CRUZAR LA RUTA 226","author":"Alejandro Sosa Ruda","date":"5 octubre, 2020","format":false,"excerpt":"Un\u00a0hombre muri\u00f3\u00a0tras ser atropellado ayer a la noche en la\u00a0Ruta 226\u00a0mientras intentaba cruzar de v\u00eda en busca de ayuda luego de que su auto sufriera un desperfecto t\u00e9cnico. El hecho se registr\u00f3\u00a0cerca de las 23\u00a0a la altura del\u00a0kil\u00f3metro 8\u00a0de la Ruta 226, cuando un auto que circulaba hacia\u00a0Balcarce\u00a0sufri\u00f3 alg\u00fan tipo\u2026","rel":"","context":"En \u00abREGIONALES\u00bb","block_context":{"text":"REGIONALES","link":"https:\/\/larevistadigital.com.ar\/blog\/category\/regionales\/"},"img":{"alt_text":"","src":"https:\/\/i0.wp.com\/larevistadigital.com.ar\/blog\/wp-content\/uploads\/Screenshot_3-50.jpg?fit=1005%2C656&ssl=1&resize=350%2C200","width":350,"height":200,"srcset":"https:\/\/i0.wp.com\/larevistadigital.com.ar\/blog\/wp-content\/uploads\/Screenshot_3-50.jpg?fit=1005%2C656&ssl=1&resize=350%2C200 1x, https:\/\/i0.wp.com\/larevistadigital.com.ar\/blog\/wp-content\/uploads\/Screenshot_3-50.jpg?fit=1005%2C656&ssl=1&resize=525%2C300 1.5x, https:\/\/i0.wp.com\/larevistadigital.com.ar\/blog\/wp-content\/uploads\/Screenshot_3-50.jpg?fit=1005%2C656&ssl=1&resize=700%2C400 2x"},"classes":[]},{"id":27617,"url":"https:\/\/larevistadigital.com.ar\/blog\/balcarce-un-operario-cayo-desde-una-torre-de-30-metros-de-altura\/","url_meta":{"origin":25692,"position":1},"title":"BALCARCE: UN OPERARIO CAY\u00d3 DESDE UNA TORRE DE 30 METROS DE ALTURA","author":"Alejandro Sosa Ruda","date":"8 septiembre, 2022","format":false,"excerpt":"El accidente ocurri\u00f3 en inmediaciones del kil\u00f3metro 98 de la ruta nacional 226. El trabajador fue internado en el hospital municipal y su estado de salud es delicado. 8 de septiembre de 2022 Un trabajador de Intesar,\u00a0empresa que tiene a su cargo la obra de tendido el\u00e9ctrico, cay\u00f3\u00a0desde una torre\u2026","rel":"","context":"En \u00abREGIONALES\u00bb","block_context":{"text":"REGIONALES","link":"https:\/\/larevistadigital.com.ar\/blog\/category\/regionales\/"},"img":{"alt_text":"","src":"https:\/\/i0.wp.com\/larevistadigital.com.ar\/blog\/wp-content\/uploads\/1200px-Lo_mejor_de_Tecnopolis.jpg?fit=900%2C1200&ssl=1&resize=350%2C200","width":350,"height":200,"srcset":"https:\/\/i0.wp.com\/larevistadigital.com.ar\/blog\/wp-content\/uploads\/1200px-Lo_mejor_de_Tecnopolis.jpg?fit=900%2C1200&ssl=1&resize=350%2C200 1x, https:\/\/i0.wp.com\/larevistadigital.com.ar\/blog\/wp-content\/uploads\/1200px-Lo_mejor_de_Tecnopolis.jpg?fit=900%2C1200&ssl=1&resize=525%2C300 1.5x, https:\/\/i0.wp.com\/larevistadigital.com.ar\/blog\/wp-content\/uploads\/1200px-Lo_mejor_de_Tecnopolis.jpg?fit=900%2C1200&ssl=1&resize=700%2C400 2x"},"classes":[]},{"id":40711,"url":"https:\/\/larevistadigital.com.ar\/blog\/impactante-vuelco-en-la-ruta-un-joven-resulto-herido-y-fue-rescatado-por-doce-bomberos\/","url_meta":{"origin":25692,"position":2},"title":"Impactante vuelco en la ruta: un joven result\u00f3 herido y fue rescatado por doce bomberos","author":"Alejandro Sosa Ruda","date":"1 agosto, 2025","format":false,"excerpt":"Una camioneta volc\u00f3 este viernes a la ma\u00f1ana a la altura del kil\u00f3metro 21 de la Ruta 226, camino a Balcarce. El conductor qued\u00f3 atrapado entre los hierros retorcidos y fue liberado tras casi una hora de trabajo. Fue derivado a un hospital de Mar del Plata. 01 de Agosto\u2026","rel":"","context":"En \u00abPOLICIALES\u00bb","block_context":{"text":"POLICIALES","link":"https:\/\/larevistadigital.com.ar\/blog\/category\/policiales\/"},"img":{"alt_text":"","src":"https:\/\/i0.wp.com\/larevistadigital.com.ar\/blog\/wp-content\/uploads\/Captura-de-pantalla-2025-08-01-164328.jpg?fit=813%2C425&ssl=1&resize=350%2C200","width":350,"height":200,"srcset":"https:\/\/i0.wp.com\/larevistadigital.com.ar\/blog\/wp-content\/uploads\/Captura-de-pantalla-2025-08-01-164328.jpg?fit=813%2C425&ssl=1&resize=350%2C200 1x, https:\/\/i0.wp.com\/larevistadigital.com.ar\/blog\/wp-content\/uploads\/Captura-de-pantalla-2025-08-01-164328.jpg?fit=813%2C425&ssl=1&resize=525%2C300 1.5x, https:\/\/i0.wp.com\/larevistadigital.com.ar\/blog\/wp-content\/uploads\/Captura-de-pantalla-2025-08-01-164328.jpg?fit=813%2C425&ssl=1&resize=700%2C400 2x"},"classes":[]},{"id":32266,"url":"https:\/\/larevistadigital.com.ar\/blog\/un-contratista-robo-5-mil-dolares-en-agroquimicos-y-fue-detenido-en-un-control-policial\/","url_meta":{"origin":25692,"position":3},"title":"UN CONTRATISTA ROB\u00d3 5 MIL D\u00d3LARES EN AGROQU\u00cdMICOS Y FUE DETENIDO EN UN CONTROL POLICIAL","author":"Alejandro Sosa Ruda","date":"4 julio, 2023","format":false,"excerpt":"Los sustrajo de un campo ubicado sobre la ruta 226 en el que trabajaba como contratista hace veinte a\u00f1os. Llevaba la mercader\u00eda en la caja de la camioneta cundo lo detuvo el Comando de Prevenci\u00f3n Rural de Balcarce. 4 de julio de 2023 BALCARCE -\u00a0 Una interceptaci\u00f3n de rutina que\u2026","rel":"","context":"En \u00abPOLICIALES\u00bb","block_context":{"text":"POLICIALES","link":"https:\/\/larevistadigital.com.ar\/blog\/category\/policiales\/"},"img":{"alt_text":"","src":"https:\/\/i0.wp.com\/larevistadigital.com.ar\/blog\/wp-content\/uploads\/20230704153556_agroq.jpg?fit=880%2C512&ssl=1&resize=350%2C200","width":350,"height":200,"srcset":"https:\/\/i0.wp.com\/larevistadigital.com.ar\/blog\/wp-content\/uploads\/20230704153556_agroq.jpg?fit=880%2C512&ssl=1&resize=350%2C200 1x, https:\/\/i0.wp.com\/larevistadigital.com.ar\/blog\/wp-content\/uploads\/20230704153556_agroq.jpg?fit=880%2C512&ssl=1&resize=525%2C300 1.5x, https:\/\/i0.wp.com\/larevistadigital.com.ar\/blog\/wp-content\/uploads\/20230704153556_agroq.jpg?fit=880%2C512&ssl=1&resize=700%2C400 2x"},"classes":[]},{"id":31287,"url":"https:\/\/larevistadigital.com.ar\/blog\/muere-aplastado-un-trabajador-rural-por-el-tractor-con-acoplado-que-conducia\/","url_meta":{"origin":25692,"position":4},"title":"MUERE APLASTADO UN TRABAJADOR RURAL, POR EL TRACTOR CON ACOPLADO QUE CONDUC\u00cdA","author":"Alejandro Sosa Ruda","date":"28 abril, 2023","format":false,"excerpt":"El siniestro se produjo en el paraje \u201cCinco Cerros\u201d de Balcarce. El trabajador muri\u00f3 en el acto. 28 de abril de 2023 BALCARCE -\u00a0 Un trabajador rural perdi\u00f3 la vida al volcar el tractor que conduc\u00eda en un camino rural de Balcarce, que conduce desde la Ruta Nacional 226 hacia\u2026","rel":"","context":"En \u00abPOLICIALES\u00bb","block_context":{"text":"POLICIALES","link":"https:\/\/larevistadigital.com.ar\/blog\/category\/policiales\/"},"img":{"alt_text":"","src":"https:\/\/i0.wp.com\/larevistadigital.com.ar\/blog\/wp-content\/uploads\/Captura-de-pantalla-2023-04-28-133604.png?fit=809%2C432&ssl=1&resize=350%2C200","width":350,"height":200,"srcset":"https:\/\/i0.wp.com\/larevistadigital.com.ar\/blog\/wp-content\/uploads\/Captura-de-pantalla-2023-04-28-133604.png?fit=809%2C432&ssl=1&resize=350%2C200 1x, https:\/\/i0.wp.com\/larevistadigital.com.ar\/blog\/wp-content\/uploads\/Captura-de-pantalla-2023-04-28-133604.png?fit=809%2C432&ssl=1&resize=525%2C300 1.5x, https:\/\/i0.wp.com\/larevistadigital.com.ar\/blog\/wp-content\/uploads\/Captura-de-pantalla-2023-04-28-133604.png?fit=809%2C432&ssl=1&resize=700%2C400 2x"},"classes":[]},{"id":40581,"url":"https:\/\/larevistadigital.com.ar\/blog\/tragedia-en-la-ruta-226-un-joven-de-21-anos-murio-en-un-brutal-choque-triple\/","url_meta":{"origin":25692,"position":5},"title":"Tragedia en la Ruta 226: un joven de 21 a\u00f1os muri\u00f3 en un brutal choque triple","author":"Alejandro Sosa Ruda","date":"21 julio, 2025","format":false,"excerpt":"El siniestro ocurri\u00f3 en la madrugada del domingo en Tandil. Dos camionetas y un auto se vieron involucrados. La v\u00edctima fatal fue identificada como un joven conductor tandilense. 21 de Julio de 2025 TANDIL -\u00a0 Un tr\u00e1gico accidente vial conmocion\u00f3 a la ciudad de Tandil en la madrugada del domingo.\u2026","rel":"","context":"En \u00abPOLICIALES\u00bb","block_context":{"text":"POLICIALES","link":"https:\/\/larevistadigital.com.ar\/blog\/category\/policiales\/"},"img":{"alt_text":"","src":"https:\/\/i0.wp.com\/larevistadigital.com.ar\/blog\/wp-content\/uploads\/92b7e938d1a1a062faf5f89dce662f6a0d80fa83.jpg?fit=1140%2C563&ssl=1&resize=350%2C200","width":350,"height":200,"srcset":"https:\/\/i0.wp.com\/larevistadigital.com.ar\/blog\/wp-content\/uploads\/92b7e938d1a1a062faf5f89dce662f6a0d80fa83.jpg?fit=1140%2C563&ssl=1&resize=350%2C200 1x, https:\/\/i0.wp.com\/larevistadigital.com.ar\/blog\/wp-content\/uploads\/92b7e938d1a1a062faf5f89dce662f6a0d80fa83.jpg?fit=1140%2C563&ssl=1&resize=525%2C300 1.5x, https:\/\/i0.wp.com\/larevistadigital.com.ar\/blog\/wp-content\/uploads\/92b7e938d1a1a062faf5f89dce662f6a0d80fa83.jpg?fit=1140%2C563&ssl=1&resize=700%2C400 2x, https:\/\/i0.wp.com\/larevistadigital.com.ar\/blog\/wp-content\/uploads\/92b7e938d1a1a062faf5f89dce662f6a0d80fa83.jpg?fit=1140%2C563&ssl=1&resize=1050%2C600 3x"},"classes":[]}],"_links":{"self":[{"href":"https:\/\/larevistadigital.com.ar\/blog\/wp-json\/wp\/v2\/posts\/25692","targetHints":{"allow":["GET"]}}],"collection":[{"href":"https:\/\/larevistadigital.com.ar\/blog\/wp-json\/wp\/v2\/posts"}],"about":[{"href":"https:\/\/larevistadigital.com.ar\/blog\/wp-json\/wp\/v2\/types\/post"}],"author":[{"embeddable":true,"href":"https:\/\/larevistadigital.com.ar\/blog\/wp-json\/wp\/v2\/users\/3"}],"replies":[{"embeddable":true,"href":"https:\/\/larevistadigital.com.ar\/blog\/wp-json\/wp\/v2\/comments?post=25692"}],"version-history":[{"count":1,"href":"https:\/\/larevistadigital.com.ar\/blog\/wp-json\/wp\/v2\/posts\/25692\/revisions"}],"predecessor-version":[{"id":25694,"href":"https:\/\/larevistadigital.com.ar\/blog\/wp-json\/wp\/v2\/posts\/25692\/revisions\/25694"}],"wp:featuredmedia":[{"embeddable":true,"href":"https:\/\/larevistadigital.com.ar\/blog\/wp-json\/wp\/v2\/media\/25693"}],"wp:attachment":[{"href":"https:\/\/larevistadigital.com.ar\/blog\/wp-json\/wp\/v2\/media?parent=25692"}],"wp:term":[{"taxonomy":"category","embeddable":true,"href":"https:\/\/larevistadigital.com.ar\/blog\/wp-json\/wp\/v2\/categories?post=25692"},{"taxonomy":"post_tag","embeddable":true,"href":"https:\/\/larevistadigital.com.ar\/blog\/wp-json\/wp\/v2\/tags?post=25692"}],"curies":[{"name":"wp","href":"https:\/\/api.w.org\/{rel}","templated":true}]}}