{"id":25695,"date":"2022-06-08T13:09:56","date_gmt":"2022-06-08T13:09:56","guid":{"rendered":"https:\/\/larevistadigital.com.ar\/blog\/?p=25695"},"modified":"2022-06-08T13:09:56","modified_gmt":"2022-06-08T13:09:56","slug":"tuvieron-que-matar-de-un-tiro-a-un-dogo-que-ataco-a-un-policia-durante-un-allanamiento","status":"publish","type":"post","link":"https:\/\/larevistadigital.com.ar\/blog\/tuvieron-que-matar-de-un-tiro-a-un-dogo-que-ataco-a-un-policia-durante-un-allanamiento\/","title":{"rendered":"TUVIERON QUE MATAR DE UN TIRO A UN DOGO QUE ATAC\u00d3 A UN POLIC\u00cdA DURANTE UN ALLANAMIENTO"},"content":{"rendered":"<h2 class=\"intro\">Sucedi\u00f3 el martes a la tarde en el barrio Las Lilas. Le provoc\u00f3 heridas en el\u00a0 pie y brazo izquierdo.<\/h2>\n<p><strong>MAR DEL PLATA &#8211;\u00a0<\/strong> Un polic\u00eda que llevaba adelante un allanamiento en el barrio Las Lilas fue <a class=\"link\" href=\"https:\/\/www.0223.com.ar\/nota\/2022-4-15-14-28-0-una-mama-le-pide-a-zoonosis-que-se-lleve-a-su-propio-perro-me-duele-pero-va-a-matar-a-alguien\"><strong>atacado por un perro dogo<\/strong><\/a>\u00a0que le provoc\u00f3 heridas en la pierna y en el brazo: para cesar la agresi\u00f3n le dispararon al can que muri\u00f3 en el acto.<\/p>\n<blockquote>\n<h3>Autoridades policiales informaron que el allanamiento fue luego de la denuncia que una mujer de 38 a\u00f1os hizo el lunes pasado en la comisar\u00eda duod\u00e9cima luego de que su ex pareja la amenazara a ella y a sus hijos.\u00a0<strong>\u201cLa denunciante dijo estar asustada porque el agresor ten\u00eda dos armas de fuego y antecedentes panales\u201d,<\/strong>\u00a0se\u00f1alaron.<\/h3>\n<\/blockquote>\n<p>A partir de los datos recabados por el personal policial se le intervenci\u00f3n a la fiscal\u00eda de Composici\u00f3n Temprana de Conflictos Penales y al Juzgado de Familia N\u00b0 5 que dispusieron la realizaci\u00f3n de un allanamiento.<\/p>\n<blockquote>\n<h3>El personal ingres\u00f3 a la vivienda sin ocupantes, secuestr\u00f3 un chaleco antibalas perteneciente a la Polic\u00eda de la Provincia de Buenos Aires que hab\u00eda sido robado en el 2009, correaje con pistolera y porta cargador, un quepi con la inscripci\u00f3n polic\u00eda y 32 municiones de diferentes calibres.<\/h3>\n<\/blockquote>\n<p>En el momento en el que se llevaba a cabo la diligencia judicial,\u00a0<strong>un perro raza Dogo Argentino se abalanz\u00f3 contra el personal policial produci\u00e9ndole ruptura del calzado, desgarro de chaqueta y lesiones en pie y brazo izquierdo a un efectivo.<\/strong>\u00a0Con el fin de cesar la agresi\u00f3n se le dispar\u00f3 al can que muri\u00f3 en el lugar.<\/p>\n<p>Las actuaciones por averiguaci\u00f3n de il\u00edcito quedaron a cargo de la fiscal<strong>\u00a0Romina D\u00edaz.<\/strong><\/p>\n","protected":false},"excerpt":{"rendered":"<div class=\"mh-excerpt\"><p>Sucedi\u00f3 el martes a la tarde en el barrio Las Lilas. Le provoc\u00f3 heridas en el\u00a0 pie y brazo izquierdo. MAR DEL PLATA &#8211;\u00a0 Un polic\u00eda que llevaba adelante un allanamiento en el barrio Las <a class=\"mh-excerpt-more\" href=\"https:\/\/larevistadigital.com.ar\/blog\/tuvieron-que-matar-de-un-tiro-a-un-dogo-que-ataco-a-un-policia-durante-un-allanamiento\/\" title=\"TUVIERON QUE MATAR DE UN TIRO A UN DOGO QUE ATAC\u00d3 A UN POLIC\u00cdA DURANTE UN ALLANAMIENTO\">[Leer M\u00e1s]<\/a><\/p>\n<\/div>","protected":false},"author":3,"featured_media":25696,"comment_status":"open","ping_status":"open","sticky":false,"template":"","format":"standard","meta":{"_jetpack_memberships_contains_paid_content":false,"footnotes":"","jetpack_publicize_message":"","jetpack_publicize_feature_enabled":true,"jetpack_social_post_already_shared":true,"jetpack_social_options":{"image_generator_settings":{"template":"highway","default_image_id":0,"font":"","enabled":false},"version":2}},"categories":[44,51],"tags":[],"class_list":{"0":"post-25695","1":"post","2":"type-post","3":"status-publish","4":"format-standard","5":"has-post-thumbnail","7":"category-policiales","8":"category-regionales"},"jetpack_publicize_connections":[],"jetpack_featured_media_url":"https:\/\/i0.wp.com\/larevistadigital.com.ar\/blog\/wp-content\/uploads\/PERRO-DOGO.png?fit=825%2C463&ssl=1","jetpack_sharing_enabled":true,"jetpack_shortlink":"https:\/\/wp.me\/p8qtrQ-6Gr","jetpack-related-posts":[{"id":42405,"url":"https:\/\/larevistadigital.com.ar\/blog\/chascomus-allanamiento-en-el-barrio-escribano-tras-el-robo-de-dos-bicicletas\/","url_meta":{"origin":25695,"position":0},"title":"Chascom\u00fas: Allanamiento en el Barrio Escribano, tras el robo de dos bicicletas","author":"Alejandro Sosa Ruda","date":"5 noviembre, 2025","format":false,"excerpt":"La Polic\u00eda de Chascom\u00fas realiz\u00f3 un allanamiento en una vivienda de calle Estrada y notific\u00f3 al presunto autor del robo de dos bicicletas sustra\u00eddas del patio de una casa del barrio Escribano. 05 de Noviembre de 2025 CHASCOM\u00daS -\u00a0 \u00a0Autoridades policiales informaron que, a ra\u00edz de una denuncia radicada el\u2026","rel":"","context":"En \u00abINTERES GENERAL\u00bb","block_context":{"text":"INTERES GENERAL","link":"https:\/\/larevistadigital.com.ar\/blog\/category\/interes-general\/"},"img":{"alt_text":"","src":"https:\/\/i0.wp.com\/larevistadigital.com.ar\/blog\/wp-content\/uploads\/Patrullero-La-Plata-Berisso-Policia.jpg?fit=882%2C492&ssl=1&resize=350%2C200","width":350,"height":200,"srcset":"https:\/\/i0.wp.com\/larevistadigital.com.ar\/blog\/wp-content\/uploads\/Patrullero-La-Plata-Berisso-Policia.jpg?fit=882%2C492&ssl=1&resize=350%2C200 1x, https:\/\/i0.wp.com\/larevistadigital.com.ar\/blog\/wp-content\/uploads\/Patrullero-La-Plata-Berisso-Policia.jpg?fit=882%2C492&ssl=1&resize=525%2C300 1.5x, https:\/\/i0.wp.com\/larevistadigital.com.ar\/blog\/wp-content\/uploads\/Patrullero-La-Plata-Berisso-Policia.jpg?fit=882%2C492&ssl=1&resize=700%2C400 2x"},"classes":[]},{"id":16470,"url":"https:\/\/larevistadigital.com.ar\/blog\/allanamiento-en-lomas-altas-luego-de-un-robo\/","url_meta":{"origin":25695,"position":1},"title":"ALLANAMIENTO EN \u00abLOMAS ALTAS\u00bb LUEGO DE UN ROBO","author":"Alejandro Sosa Ruda","date":"23 septiembre, 2020","format":false,"excerpt":"La Estaci\u00f3n de Polic\u00eda Comunal, inform\u00f3 que ayer se efectiviz\u00f3 un allanamiento en el marco de un robo. El mismo tuvo lugar en un domicilio de calle Los Sauces del barrio Lomas Altas donde fueron secuestrados dos tachos de metal de 200 litros, una cadena y un candado, 20 torniquetas,\u2026","rel":"","context":"En \u00abCHASCOM\u00daS\u00bb","block_context":{"text":"CHASCOM\u00daS","link":"https:\/\/larevistadigital.com.ar\/blog\/category\/chascomus\/"},"img":{"alt_text":"","src":"https:\/\/i0.wp.com\/larevistadigital.com.ar\/blog\/wp-content\/uploads\/lomasaltas_elfuerte_23desepteimbre2020.jpg?fit=737%2C415&ssl=1&resize=350%2C200","width":350,"height":200,"srcset":"https:\/\/i0.wp.com\/larevistadigital.com.ar\/blog\/wp-content\/uploads\/lomasaltas_elfuerte_23desepteimbre2020.jpg?fit=737%2C415&ssl=1&resize=350%2C200 1x, https:\/\/i0.wp.com\/larevistadigital.com.ar\/blog\/wp-content\/uploads\/lomasaltas_elfuerte_23desepteimbre2020.jpg?fit=737%2C415&ssl=1&resize=525%2C300 1.5x, https:\/\/i0.wp.com\/larevistadigital.com.ar\/blog\/wp-content\/uploads\/lomasaltas_elfuerte_23desepteimbre2020.jpg?fit=737%2C415&ssl=1&resize=700%2C400 2x"},"classes":[]},{"id":32776,"url":"https:\/\/larevistadigital.com.ar\/blog\/allanamiento-en-el-barrio-30-de-mayo-con-un-aprehendido-por-robo-agravado-por-el-uso-de-arma-blanca\/","url_meta":{"origin":25695,"position":2},"title":"ALLANAMIENTO EN EL BARRIO 30 DE MAYO CON UN APREHENDIDO POR \u00abROBO AGRAVADO POR EL USO DE ARMA BLANCA\u00bb","author":"Alejandro Sosa Ruda","date":"5 agosto, 2023","format":false,"excerpt":"4 de agosto de 20232 CHASCOM\u00daS -\u00a0 el d\u00eda mi\u00e9rcoles 2 de agosto personal policial procedi\u00f3 a realizar un allanamiento en el barrio 30 de mayo de esta localidad luego de dar con pruebas suficientes para establecer que en el domicilio se encontraba el autor de un hecho delictivo ocurrido\u2026","rel":"","context":"En \u00abINTERES GENERAL\u00bb","block_context":{"text":"INTERES GENERAL","link":"https:\/\/larevistadigital.com.ar\/blog\/category\/interes-general\/"},"img":{"alt_text":"","src":"https:\/\/i0.wp.com\/larevistadigital.com.ar\/blog\/wp-content\/uploads\/2018\/10\/COMISARIA-de-CHASCOMUS_02-05-2015.jpg?fit=800%2C600&ssl=1&resize=350%2C200","width":350,"height":200,"srcset":"https:\/\/i0.wp.com\/larevistadigital.com.ar\/blog\/wp-content\/uploads\/2018\/10\/COMISARIA-de-CHASCOMUS_02-05-2015.jpg?fit=800%2C600&ssl=1&resize=350%2C200 1x, https:\/\/i0.wp.com\/larevistadigital.com.ar\/blog\/wp-content\/uploads\/2018\/10\/COMISARIA-de-CHASCOMUS_02-05-2015.jpg?fit=800%2C600&ssl=1&resize=525%2C300 1.5x, https:\/\/i0.wp.com\/larevistadigital.com.ar\/blog\/wp-content\/uploads\/2018\/10\/COMISARIA-de-CHASCOMUS_02-05-2015.jpg?fit=800%2C600&ssl=1&resize=700%2C400 2x"},"classes":[]},{"id":44752,"url":"https:\/\/larevistadigital.com.ar\/blog\/allanamiento-en-el-barrio-la-esmeralda-operativo-conjunto-permitio-secuestrar-motopartes-y-marihuana\/","url_meta":{"origin":25695,"position":3},"title":"Allanamiento en el Barrio La Esmeralda: operativo conjunto permiti\u00f3 secuestrar motopartes y marihuana","author":"Alejandro Sosa Ruda","date":"27 marzo, 2026","format":false,"excerpt":"El procedimiento fue realizado por la DDI con el apoyo de la Patrulla de Prevenci\u00f3n Municipal y la Polic\u00eda Comunal, en el marco de una investigaci\u00f3n que permiti\u00f3 incautar motopartes y marihuana en una chacra de la zona. 27 de marzo de 2026 CHASCOM\u00daS -\u00a0 \u00a0En el marco de una\u2026","rel":"","context":"En \u00abDESTACADAS\u00bb","block_context":{"text":"DESTACADAS","link":"https:\/\/larevistadigital.com.ar\/blog\/category\/destacadas\/"},"img":{"alt_text":"","src":"https:\/\/i0.wp.com\/larevistadigital.com.ar\/blog\/wp-content\/uploads\/69c6bde22f470.png?fit=668%2C445&ssl=1&resize=350%2C200","width":350,"height":200,"srcset":"https:\/\/i0.wp.com\/larevistadigital.com.ar\/blog\/wp-content\/uploads\/69c6bde22f470.png?fit=668%2C445&ssl=1&resize=350%2C200 1x, https:\/\/i0.wp.com\/larevistadigital.com.ar\/blog\/wp-content\/uploads\/69c6bde22f470.png?fit=668%2C445&ssl=1&resize=525%2C300 1.5x"},"classes":[]},{"id":42431,"url":"https:\/\/larevistadigital.com.ar\/blog\/allanamiento-en-el-barrio-30-de-mayo-por-el-robo-a-un-comercio-de-chascomus\/","url_meta":{"origin":25695,"position":4},"title":"Allanamiento en el barrio 30 de Mayo por el robo a un comercio de Chascom\u00fas","author":"Alejandro Sosa Ruda","date":"8 noviembre, 2025","format":false,"excerpt":"El detenido hab\u00eda recuperado su libertad hace un poco m\u00e1s de un mes. 08 de Noviembre de 2025 CHASCOM\u00daS -\u00a0 \u00a0Autoridades policiales informaron que, tras una denuncia realizada el mi\u00e9rcoles 5 de noviembre por el robo de dinero en efectivo y una notebook en un comercio local, personal del Gabinete\u2026","rel":"","context":"En \u00abINTERES GENERAL\u00bb","block_context":{"text":"INTERES GENERAL","link":"https:\/\/larevistadigital.com.ar\/blog\/category\/interes-general\/"},"img":{"alt_text":"","src":"https:\/\/i0.wp.com\/larevistadigital.com.ar\/blog\/wp-content\/uploads\/2019\/03\/detenido-esposado.jpg?fit=1024%2C683&ssl=1&resize=350%2C200","width":350,"height":200,"srcset":"https:\/\/i0.wp.com\/larevistadigital.com.ar\/blog\/wp-content\/uploads\/2019\/03\/detenido-esposado.jpg?fit=1024%2C683&ssl=1&resize=350%2C200 1x, https:\/\/i0.wp.com\/larevistadigital.com.ar\/blog\/wp-content\/uploads\/2019\/03\/detenido-esposado.jpg?fit=1024%2C683&ssl=1&resize=525%2C300 1.5x, https:\/\/i0.wp.com\/larevistadigital.com.ar\/blog\/wp-content\/uploads\/2019\/03\/detenido-esposado.jpg?fit=1024%2C683&ssl=1&resize=700%2C400 2x"},"classes":[]},{"id":42303,"url":"https:\/\/larevistadigital.com.ar\/blog\/chascomus-el-parte-policial-sobre-los-graves-incidentes-en-el-barrio-30-de-mayo\/","url_meta":{"origin":25695,"position":5},"title":"Chascom\u00fas: El parte policial sobre los graves incidentes en el barrio 30 de Mayo","author":"Alejandro Sosa Ruda","date":"31 octubre, 2025","format":false,"excerpt":"Luego de una noche con un allanamiento, disparos, piedras, balas de goma, drogas y detenidos, la polic\u00eda hizo llegar el p\u00e1rte policial, que describe las actuaciones en una noche que agit\u00f3 la tranquilidad de Chascom\u00fas. PARTE DE PRENSA Autoridades policiales informaron que \u00e9ste Jueves 30, en horas de la tarde-noche,\u2026","rel":"","context":"En \u00abDESTACADAS\u00bb","block_context":{"text":"DESTACADAS","link":"https:\/\/larevistadigital.com.ar\/blog\/category\/destacadas\/"},"img":{"alt_text":"","src":"https:\/\/i0.wp.com\/larevistadigital.com.ar\/blog\/wp-content\/uploads\/Captura-de-pantalla-2025-10-31-105055.jpg?fit=800%2C774&ssl=1&resize=350%2C200","width":350,"height":200,"srcset":"https:\/\/i0.wp.com\/larevistadigital.com.ar\/blog\/wp-content\/uploads\/Captura-de-pantalla-2025-10-31-105055.jpg?fit=800%2C774&ssl=1&resize=350%2C200 1x, https:\/\/i0.wp.com\/larevistadigital.com.ar\/blog\/wp-content\/uploads\/Captura-de-pantalla-2025-10-31-105055.jpg?fit=800%2C774&ssl=1&resize=525%2C300 1.5x, https:\/\/i0.wp.com\/larevistadigital.com.ar\/blog\/wp-content\/uploads\/Captura-de-pantalla-2025-10-31-105055.jpg?fit=800%2C774&ssl=1&resize=700%2C400 2x"},"classes":[]}],"_links":{"self":[{"href":"https:\/\/larevistadigital.com.ar\/blog\/wp-json\/wp\/v2\/posts\/25695","targetHints":{"allow":["GET"]}}],"collection":[{"href":"https:\/\/larevistadigital.com.ar\/blog\/wp-json\/wp\/v2\/posts"}],"about":[{"href":"https:\/\/larevistadigital.com.ar\/blog\/wp-json\/wp\/v2\/types\/post"}],"author":[{"embeddable":true,"href":"https:\/\/larevistadigital.com.ar\/blog\/wp-json\/wp\/v2\/users\/3"}],"replies":[{"embeddable":true,"href":"https:\/\/larevistadigital.com.ar\/blog\/wp-json\/wp\/v2\/comments?post=25695"}],"version-history":[{"count":1,"href":"https:\/\/larevistadigital.com.ar\/blog\/wp-json\/wp\/v2\/posts\/25695\/revisions"}],"predecessor-version":[{"id":25697,"href":"https:\/\/larevistadigital.com.ar\/blog\/wp-json\/wp\/v2\/posts\/25695\/revisions\/25697"}],"wp:featuredmedia":[{"embeddable":true,"href":"https:\/\/larevistadigital.com.ar\/blog\/wp-json\/wp\/v2\/media\/25696"}],"wp:attachment":[{"href":"https:\/\/larevistadigital.com.ar\/blog\/wp-json\/wp\/v2\/media?parent=25695"}],"wp:term":[{"taxonomy":"category","embeddable":true,"href":"https:\/\/larevistadigital.com.ar\/blog\/wp-json\/wp\/v2\/categories?post=25695"},{"taxonomy":"post_tag","embeddable":true,"href":"https:\/\/larevistadigital.com.ar\/blog\/wp-json\/wp\/v2\/tags?post=25695"}],"curies":[{"name":"wp","href":"https:\/\/api.w.org\/{rel}","templated":true}]}}