{"id":25702,"date":"2022-06-09T00:10:52","date_gmt":"2022-06-09T00:10:52","guid":{"rendered":"https:\/\/larevistadigital.com.ar\/blog\/?p=25702"},"modified":"2022-06-09T00:10:52","modified_gmt":"2022-06-09T00:10:52","slug":"pergamino-crece-el-malestar-por-la-falta-de-calefaccion-en-las-escuelas","status":"publish","type":"post","link":"https:\/\/larevistadigital.com.ar\/blog\/pergamino-crece-el-malestar-por-la-falta-de-calefaccion-en-las-escuelas\/","title":{"rendered":"PERGAMINO: CRECE EL MALESTAR POR LA FALTA DE CALEFACCI\u00d3N EN LAS ESCUELAS"},"content":{"rendered":"<h2 class=\"fparrafo ctext fz18 lh25\">La comunidad educativa de Pergamino manifest\u00f3 este martes su malestar por la falta de calefacci\u00f3n en algunas escuelas del distrito, cuando alumnos, padres y docentes con mantas, pancartas y distintas consignas se movilizaron desde la Plaza Merced hasta la dependencia del Consejo Escolar de ese municipio.<\/h2>\n<p class=\"selectionShareable\"><strong>PERGAMINO &#8211;\u00a0<\/strong> La problem\u00e1tica en las distintas escuelas de la ciudad por la falta de gas se traslad\u00f3 ayer a las calles, con m\u00e1s de un centenar de alumnos, padres y docentes de distintos establecimientos educativos que se convocaron para reclamar soluciones.<\/p>\n<blockquote>\n<h3 class=\"selectionShareable\">La cita tuvo lugar en la Plaza Merced y desde all\u00ed se movilizaron con pancartas, frazadas y cantos por la Peatonal hasta llegar al Consejo Escolar, donde fueron recibidos por las autoridades.<\/h3>\n<\/blockquote>\n<p class=\"selectionShareable\">La reuni\u00f3n entre algunos padres, alumnos y <strong>Anal\u00eda Capriotti<\/strong>, presidente del Consejo Escolar, dur\u00f3 aproximadamente 20 minutos. Pero al parecer, las respuestas parecieron insuficientes para quienes se acercaron a reclamar y lo hicieron saber a los distintos medios apostados en la puerta del lugar.<\/p>\n<blockquote>\n<h3 class=\"selectionShareable\">Una de las alumnas de la Escuela Normal Superior \u201cDr. Joaqu\u00edn V. Gonz\u00e1lez\u201d, que estuvo presente en la reuni\u00f3n, dijo que <em><strong>\u201cya perdimos 2 a\u00f1os de escuela; queremos ir a estudiar, pero tenemos que ir con frazadas y nos enfermamos\u201d.<\/strong><\/em><\/h3>\n<\/blockquote>\n<p class=\"selectionShareable\">Adem\u00e1s agreg\u00f3 con cierta resignaci\u00f3n: que \u201cno sabemos d\u00f3nde qued\u00f3 la plata ni las obras que supuestamente hicieron porque ninguna escuela est\u00e1 bien\u201d. Y afirm\u00f3 que \u201cni el Colegio Normal ni la Escuela Media N\u00ba 2 va a tener soluci\u00f3n para este a\u00f1o, es lo que nos dijeron\u201d.<\/p>\n<p class=\"selectionShareable\">Por su lado, <strong>Florencia<\/strong>, una de las madres presentes, manifest\u00f3 que <em><strong>\u201c\u00bfQue quer\u00e9s que haga?, nos dijo la persona que nos recibi\u00f3. No se hacen cargo de nada y subestiman nuestra capacidad de entender\u201d<\/strong><\/em>. (<b>InfoGEI<\/b>)Jd<\/p>\n","protected":false},"excerpt":{"rendered":"<div class=\"mh-excerpt\"><p>La comunidad educativa de Pergamino manifest\u00f3 este martes su malestar por la falta de calefacci\u00f3n en algunas escuelas del distrito, cuando alumnos, padres y docentes con mantas, pancartas y distintas consignas se movilizaron desde la <a class=\"mh-excerpt-more\" href=\"https:\/\/larevistadigital.com.ar\/blog\/pergamino-crece-el-malestar-por-la-falta-de-calefaccion-en-las-escuelas\/\" title=\"PERGAMINO: CRECE EL MALESTAR POR LA FALTA DE CALEFACCI\u00d3N EN LAS ESCUELAS\">[Leer M\u00e1s]<\/a><\/p>\n<\/div>","protected":false},"author":3,"featured_media":25703,"comment_status":"open","ping_status":"open","sticky":false,"template":"","format":"standard","meta":{"_jetpack_memberships_contains_paid_content":false,"footnotes":"","jetpack_publicize_message":"","jetpack_publicize_feature_enabled":true,"jetpack_social_post_already_shared":true,"jetpack_social_options":{"image_generator_settings":{"template":"highway","default_image_id":0,"font":"","enabled":false},"version":2}},"categories":[51],"tags":[],"class_list":{"0":"post-25702","1":"post","2":"type-post","3":"status-publish","4":"format-standard","5":"has-post-thumbnail","7":"category-regionales"},"jetpack_publicize_connections":[],"jetpack_featured_media_url":"https:\/\/i0.wp.com\/larevistadigital.com.ar\/blog\/wp-content\/uploads\/PERGAMINO.jpg?fit=880%2C512&ssl=1","jetpack_sharing_enabled":true,"jetpack_shortlink":"https:\/\/wp.me\/p8qtrQ-6Gy","jetpack-related-posts":[{"id":25508,"url":"https:\/\/larevistadigital.com.ar\/blog\/san-nicolas-como-falta-gas-en-las-escuelas-piden-a-los-padres-que-manden-los-chicos-bien-abrigados\/","url_meta":{"origin":25702,"position":0},"title":"SAN NICOL\u00c1S: COMO FALTA GAS EN LAS ESCUELAS, PIDEN A LOS PADRES QUE MANDEN LOS CHICOS \u00abBIEN ABRIGADOS\u00bb","author":"Alejandro Sosa Ruda","date":"31 mayo, 2022","format":false,"excerpt":"En distintos establecimientos educativos de San Nicol\u00e1s, padres y docentes han expresado su preocupaci\u00f3n por la falta de calefacci\u00f3n en las aulas, exponiendo a los alumnos a las bajas temperaturas que se han padecido en los \u00faltimos d\u00edas. Adem\u00e1s para esta semana est\u00e1n anunciadas temperaturas que rondar\u00e1n los 0 grados.\u2026","rel":"","context":"En \u00abREGIONALES\u00bb","block_context":{"text":"REGIONALES","link":"https:\/\/larevistadigital.com.ar\/blog\/category\/regionales\/"},"img":{"alt_text":"","src":"https:\/\/i0.wp.com\/larevistadigital.com.ar\/blog\/wp-content\/uploads\/SAN-NICOLAS-ESCUELAS.png?fit=789%2C421&ssl=1&resize=350%2C200","width":350,"height":200,"srcset":"https:\/\/i0.wp.com\/larevistadigital.com.ar\/blog\/wp-content\/uploads\/SAN-NICOLAS-ESCUELAS.png?fit=789%2C421&ssl=1&resize=350%2C200 1x, https:\/\/i0.wp.com\/larevistadigital.com.ar\/blog\/wp-content\/uploads\/SAN-NICOLAS-ESCUELAS.png?fit=789%2C421&ssl=1&resize=525%2C300 1.5x, https:\/\/i0.wp.com\/larevistadigital.com.ar\/blog\/wp-content\/uploads\/SAN-NICOLAS-ESCUELAS.png?fit=789%2C421&ssl=1&resize=700%2C400 2x"},"classes":[]},{"id":40031,"url":"https:\/\/larevistadigital.com.ar\/blog\/portal-provincial-del-agro-resalta-el-malestar-de-padres-por-la-falta-de-transporte-escolar-en-chascomus-denunciando-graves-errores-administrativos-en-el-consejo-escolar\/","url_meta":{"origin":25702,"position":1},"title":"Portal provincial del agro, resalta el malestar de padres por la falta de transporte escolar en Chascom\u00fas, denunciando graves errores administrativos en el Consejo Escolar","author":"Alejandro Sosa Ruda","date":"9 junio, 2025","format":false,"excerpt":"Se plantea como responsabilidad del Consejo Escolar de Chascom\u00fas, la falta de Transporte Escolar para las escuelas rurales. 09 de Junio de 2025 Un informe publicado en el portal AgroBonaerense puso en evidencia una situaci\u00f3n que genera creciente malestar entre muchas familias del distrito: las escuelas rurales de Chascom\u00fas est\u00e1n\u2026","rel":"","context":"En \u00abINTERES GENERAL\u00bb","block_context":{"text":"INTERES GENERAL","link":"https:\/\/larevistadigital.com.ar\/blog\/category\/interes-general\/"},"img":{"alt_text":"","src":"https:\/\/i0.wp.com\/larevistadigital.com.ar\/blog\/wp-content\/uploads\/20250609164300_471640799-1003779188458411-3580022856166445883-n.jpg?fit=880%2C512&ssl=1&resize=350%2C200","width":350,"height":200,"srcset":"https:\/\/i0.wp.com\/larevistadigital.com.ar\/blog\/wp-content\/uploads\/20250609164300_471640799-1003779188458411-3580022856166445883-n.jpg?fit=880%2C512&ssl=1&resize=350%2C200 1x, https:\/\/i0.wp.com\/larevistadigital.com.ar\/blog\/wp-content\/uploads\/20250609164300_471640799-1003779188458411-3580022856166445883-n.jpg?fit=880%2C512&ssl=1&resize=525%2C300 1.5x, https:\/\/i0.wp.com\/larevistadigital.com.ar\/blog\/wp-content\/uploads\/20250609164300_471640799-1003779188458411-3580022856166445883-n.jpg?fit=880%2C512&ssl=1&resize=700%2C400 2x"},"classes":[]},{"id":37220,"url":"https:\/\/larevistadigital.com.ar\/blog\/javier-gaston-continuaremos-acompanando-los-viajes-de-egresados-para-todas-las-escuelas-primarias\/","url_meta":{"origin":25702,"position":2},"title":"Javier Gast\u00f3n: \u201cContinuaremos acompa\u00f1ando los viajes de egresados para todas las escuelas primarias\u201d","author":"Alejandro Sosa Ruda","date":"13 septiembre, 2024","format":false,"excerpt":"El intendente hizo el anuncio durante el acto por el D\u00eda del Maestro, destacando la importancia de esta experiencia para los estudiantes chascomunenses. 13 de Septiembre de 2024 CHASCOM\u00daS -\u00a0 En el marco de la celebraci\u00f3n, que tuvo lugar este jueves en la plaza Domingo Faustino Sarmiento, el intendente Javier\u2026","rel":"","context":"En \u00abINTERES GENERAL\u00bb","block_context":{"text":"INTERES GENERAL","link":"https:\/\/larevistadigital.com.ar\/blog\/category\/interes-general\/"},"img":{"alt_text":"","src":"https:\/\/i0.wp.com\/larevistadigital.com.ar\/blog\/wp-content\/uploads\/66e321a750a5b.png?fit=668%2C445&ssl=1&resize=350%2C200","width":350,"height":200,"srcset":"https:\/\/i0.wp.com\/larevistadigital.com.ar\/blog\/wp-content\/uploads\/66e321a750a5b.png?fit=668%2C445&ssl=1&resize=350%2C200 1x, https:\/\/i0.wp.com\/larevistadigital.com.ar\/blog\/wp-content\/uploads\/66e321a750a5b.png?fit=668%2C445&ssl=1&resize=525%2C300 1.5x"},"classes":[]},{"id":10515,"url":"https:\/\/larevistadigital.com.ar\/blog\/lezama-si-prometo-alumnos-honraran-a-nuestra-bandera-en-el-monumento-nacional\/","url_meta":{"origin":25702,"position":3},"title":"LEZAMA: \u00a1S\u00cd, PROMETO! ALUMNOS HONRAR\u00c1N A NUESTRA BANDERA EN EL MONUMENTO NACIONAL","author":"Alejandro Sosa Ruda","date":"9 junio, 2019","format":false,"excerpt":"El Intendente Municipal y autoridades de Cultura y Educaci\u00f3n ultiman detalles del viaje a Rosario, donde nuestros alumnos de 4\u00b0 a\u00f1o har\u00e1n la tradicional promesa a la ense\u00f1a patria. Por tercer a\u00f1o consecutivo alumnos de 4\u00b0 a\u00f1o de todo el distrito, junto a sus docentes y directivos, viajar\u00e1n a la\u2026","rel":"","context":"En \u00abLEZAMA\u00bb","block_context":{"text":"LEZAMA","link":"https:\/\/larevistadigital.com.ar\/blog\/category\/lezama\/"},"img":{"alt_text":"","src":"https:\/\/i0.wp.com\/larevistadigital.com.ar\/blog\/wp-content\/uploads\/62163084_1473221216203908_8328735417159385088_n.jpg?fit=960%2C561&ssl=1&resize=350%2C200","width":350,"height":200,"srcset":"https:\/\/i0.wp.com\/larevistadigital.com.ar\/blog\/wp-content\/uploads\/62163084_1473221216203908_8328735417159385088_n.jpg?fit=960%2C561&ssl=1&resize=350%2C200 1x, https:\/\/i0.wp.com\/larevistadigital.com.ar\/blog\/wp-content\/uploads\/62163084_1473221216203908_8328735417159385088_n.jpg?fit=960%2C561&ssl=1&resize=525%2C300 1.5x, https:\/\/i0.wp.com\/larevistadigital.com.ar\/blog\/wp-content\/uploads\/62163084_1473221216203908_8328735417159385088_n.jpg?fit=960%2C561&ssl=1&resize=700%2C400 2x"},"classes":[]},{"id":25876,"url":"https:\/\/larevistadigital.com.ar\/blog\/conmocion-en-general-villegas-docentes-dicen-basta-a-las-amenazas-que-reciben-de-los-padres\/","url_meta":{"origin":25702,"position":4},"title":"CONMOCI\u00d3N EN GENERAL VILLEGAS: DOCENTES DICEN BASTA A LAS AMENAZAS QUE RECIBEN DE LOS PADRES","author":"Alejandro Sosa Ruda","date":"13 junio, 2022","format":false,"excerpt":"Un numeroso grupo de docentes se manifest\u00f3 este viernes frente al Colegio Nacional de General Villegas, para visibilizar la situaci\u00f3n de violencia de la que vienen siendo objeto, por parte de algunos padres y madres de sus alumnos. GENERAL VILLEGAS -\u00a0 Con el acompa\u00f1amiento alumnos, algunos de sus pap\u00e1s y\u2026","rel":"","context":"En \u00abREGIONALES\u00bb","block_context":{"text":"REGIONALES","link":"https:\/\/larevistadigital.com.ar\/blog\/category\/regionales\/"},"img":{"alt_text":"","src":"https:\/\/i0.wp.com\/larevistadigital.com.ar\/blog\/wp-content\/uploads\/20220613154833_docentes-villegas-violencia-padres.jpg?fit=880%2C512&ssl=1&resize=350%2C200","width":350,"height":200,"srcset":"https:\/\/i0.wp.com\/larevistadigital.com.ar\/blog\/wp-content\/uploads\/20220613154833_docentes-villegas-violencia-padres.jpg?fit=880%2C512&ssl=1&resize=350%2C200 1x, https:\/\/i0.wp.com\/larevistadigital.com.ar\/blog\/wp-content\/uploads\/20220613154833_docentes-villegas-violencia-padres.jpg?fit=880%2C512&ssl=1&resize=525%2C300 1.5x, https:\/\/i0.wp.com\/larevistadigital.com.ar\/blog\/wp-content\/uploads\/20220613154833_docentes-villegas-violencia-padres.jpg?fit=880%2C512&ssl=1&resize=700%2C400 2x"},"classes":[]},{"id":41923,"url":"https:\/\/larevistadigital.com.ar\/blog\/cuando-la-desidia-se-vuelve-rutina-los-chicos-otra-vez-sin-clases\/","url_meta":{"origin":25702,"position":5},"title":"Cuando la desidia se vuelve rutina: los chicos otra vez sin clases","author":"Alejandro Sosa Ruda","date":"13 octubre, 2025","format":false,"excerpt":"La falta de pago a transportistas rurales vuelve a dejar a decenas de alumnos sin poder asistir a la escuela. Una situaci\u00f3n que se repite y que revela la ineficiencia del Consejo Escolar para garantizar algo tan b\u00e1sico como el acceso a la educaci\u00f3n. 13 de Octubre de 2025 CHASCOM\u00daS\u2026","rel":"","context":"En \u00abDESTACADAS\u00bb","block_context":{"text":"DESTACADAS","link":"https:\/\/larevistadigital.com.ar\/blog\/category\/destacadas\/"},"img":{"alt_text":"","src":"https:\/\/i0.wp.com\/larevistadigital.com.ar\/blog\/wp-content\/uploads\/1-22.jpg?fit=678%2C381&ssl=1&resize=350%2C200","width":350,"height":200,"srcset":"https:\/\/i0.wp.com\/larevistadigital.com.ar\/blog\/wp-content\/uploads\/1-22.jpg?fit=678%2C381&ssl=1&resize=350%2C200 1x, https:\/\/i0.wp.com\/larevistadigital.com.ar\/blog\/wp-content\/uploads\/1-22.jpg?fit=678%2C381&ssl=1&resize=525%2C300 1.5x"},"classes":[]}],"_links":{"self":[{"href":"https:\/\/larevistadigital.com.ar\/blog\/wp-json\/wp\/v2\/posts\/25702","targetHints":{"allow":["GET"]}}],"collection":[{"href":"https:\/\/larevistadigital.com.ar\/blog\/wp-json\/wp\/v2\/posts"}],"about":[{"href":"https:\/\/larevistadigital.com.ar\/blog\/wp-json\/wp\/v2\/types\/post"}],"author":[{"embeddable":true,"href":"https:\/\/larevistadigital.com.ar\/blog\/wp-json\/wp\/v2\/users\/3"}],"replies":[{"embeddable":true,"href":"https:\/\/larevistadigital.com.ar\/blog\/wp-json\/wp\/v2\/comments?post=25702"}],"version-history":[{"count":1,"href":"https:\/\/larevistadigital.com.ar\/blog\/wp-json\/wp\/v2\/posts\/25702\/revisions"}],"predecessor-version":[{"id":25704,"href":"https:\/\/larevistadigital.com.ar\/blog\/wp-json\/wp\/v2\/posts\/25702\/revisions\/25704"}],"wp:featuredmedia":[{"embeddable":true,"href":"https:\/\/larevistadigital.com.ar\/blog\/wp-json\/wp\/v2\/media\/25703"}],"wp:attachment":[{"href":"https:\/\/larevistadigital.com.ar\/blog\/wp-json\/wp\/v2\/media?parent=25702"}],"wp:term":[{"taxonomy":"category","embeddable":true,"href":"https:\/\/larevistadigital.com.ar\/blog\/wp-json\/wp\/v2\/categories?post=25702"},{"taxonomy":"post_tag","embeddable":true,"href":"https:\/\/larevistadigital.com.ar\/blog\/wp-json\/wp\/v2\/tags?post=25702"}],"curies":[{"name":"wp","href":"https:\/\/api.w.org\/{rel}","templated":true}]}}