{"id":25705,"date":"2022-06-09T00:15:49","date_gmt":"2022-06-09T00:15:49","guid":{"rendered":"https:\/\/larevistadigital.com.ar\/blog\/?p=25705"},"modified":"2022-06-09T00:15:49","modified_gmt":"2022-06-09T00:15:49","slug":"casi-6000-estudiantes-se-inscribieron-en-cansat-argentina","status":"publish","type":"post","link":"https:\/\/larevistadigital.com.ar\/blog\/casi-6000-estudiantes-se-inscribieron-en-cansat-argentina\/","title":{"rendered":"CASI 6000 ESTUDIANTES SE INSCRIBIERON EN CANSAT ARGENTINA"},"content":{"rendered":"<h2 class=\"fparrafo ctext fz18 lh25\">M\u00e1s de 800 equipos, integrados por casi 6.000 estudiantes de todas las escuelas secundarias del pa\u00eds, se inscribieron en la edici\u00f3n nacional de la competencia CanSat, una iniciativa que alienta a j\u00f3venes de todo el mundo a introducirse en la operaci\u00f3n de tecnolog\u00eda satelital, a trav\u00e9s del dise\u00f1o, construcci\u00f3n y lanzamiento de una sonda del tama\u00f1o de una lata de gaseosa.<\/h2>\n<p class=\"selectionShareable\"><em><strong>\u00abCon una convocatoria muy exitosa que totaliz\u00f3 m\u00e1s de 800 equipos anotados, cerraron las inscripciones de CANSAT Argentina, la iniciativa organizada por el Ministerio de Ciencia, Tecnolog\u00eda e Innovaci\u00f3n (MINCyT) y la Comisi\u00f3n Nacional de Actividades Espaciales (CONAE). Ese n\u00famero se traduce en casi 6.000 alumnas y alumnos de todo el pa\u00eds inscriptos, y de ese total el 57% corresponde a escuelas p\u00fablicas y el 43% escuelas privadas. Adem\u00e1s, se reparti\u00f3 en partes iguales el porcentaje de inscripciones por parte de escuelas t\u00e9cnicas y escuelas orientadas\u00bb<\/strong><\/em>, inform\u00f3 la cartera que encabeza el ministro <strong>Daniel Filmus<\/strong>.<\/p>\n<p class=\"selectionShareable\">CANSAT es una competencia internacional impulsada por varias agencias espaciales del mundo -entre las que se cuentan la NASA (Estados Unidos) y la ESA (Europa) &#8211; que propone a estudiantes construir una carga \u00fatil, cuyo tama\u00f1o no supere el de una lata de gaseosa, y lanzarla en un cohete hasta una altitud de aproximadamente un kil\u00f3metro. De all\u00ed, el t\u00e9rmino CAN (lata) y SAT (sat\u00e9lite), por sus siglas en ingl\u00e9s, agreg\u00f3 el MINCyT.<\/p>\n<p class=\"selectionShareable\">Los equipos \u00abcomenzar\u00e1n hoy sus cursos de capacitaci\u00f3n, que ser\u00e1n dictados en vivo por el canal de educaci\u00f3n de la Comisi\u00f3n Nacional de Actividades Espaciales (CONAE).<\/p>\n<p class=\"selectionShareable\"><span style=\"color: #ff0000\"><b>Primer paso<\/b><\/span><\/p>\n<p class=\"selectionShareable\">Dichos cursos \u00abforman parte del primer paso dentro del cronograma de la competencia, y ser\u00e1n impartidos por profesionales de la Universidad Tecnol\u00f3gica Nacional (UTN) a trav\u00e9s de las facultades regionales de Haedo, Concordia y C\u00f3rdoba, adem\u00e1s de expertas y expertos del MINCyT y la CONAE\u00bb, agreg\u00f3 el comunicado oficial.<\/p>\n<p class=\"selectionShareable\">Una vez finalizada la instrucci\u00f3n, los equipos deber\u00e1n abocarse a la escritura del proyecto, para enviar un formulario preliminar descriptivo y un video de presentaci\u00f3n del equipo, que ser\u00e1n tomados en cuenta para la evaluaci\u00f3n y definir\u00e1n qui\u00e9nes siguen en carrera.<\/p>\n<p class=\"selectionShareable\"><span style=\"color: #ff0000\"><b>Temas a desarrollar<\/b><\/span><\/p>\n<p class=\"selectionShareable\">Entre los temas a desarrollar dentro de las cuatro capacitaciones, se destacan la historia de la astron\u00e1utica; el ecosistema espacial argentino; modelos de cargas \u00fatiles estudiantiles; arquitectura interna y lenguajes de programaci\u00f3n; sensores; electr\u00f3nica segmento terreno y m\u00f3dulos de comunicaci\u00f3n, entre otros.<\/p>\n<p class=\"selectionShareable\">En l\u00ednea con el Plan Espacial Nacional, que tiene entre sus prioridades realizar actividades de educaci\u00f3n y formaci\u00f3n, CANSAT Argentina se propone reproducir a escala el proceso por el cual se dise\u00f1a, construye, prueba, lanza y opera un sat\u00e9lite.<\/p>\n<p class=\"selectionShareable\"><span style=\"color: #ff0000\"><b>C\u00f3mo participar<\/b><\/span><\/p>\n<p class=\"selectionShareable\">Para intervenir en CANSAT, cada grupo de estudiantes \u00abdeber\u00e1 conformarse como un equipo de misi\u00f3n espacial, que tendr\u00e1 como objetivo desarrollar un sat\u00e9lite a escala contenido dentro de una lata, utilizando software y hardware libre. Los equipos competir\u00e1n para avanzar en las distintas etapas y deber\u00e1n ir entregando pruebas de avance para dar cuenta del desarrollo de sus cargas \u00fatiles\u00bb, abund\u00f3 el comunicado oficial.<\/p>\n<p class=\"selectionShareable\">Superada una \u00faltima etapa de validaci\u00f3n, se seleccionar\u00e1 a los equipos finalistas de la convocatoria, que tendr\u00e1n la oportunidad de viajar y participar en una jornada de lanzamiento de sus sat\u00e9lites, donde realizar\u00e1n distintas pruebas y mediciones, acompa\u00f1ados por profesionales de la CONAE y con la colaboraci\u00f3n de especialistas de la Universidad Tecnol\u00f3gica Nacional (UTN), concluy\u00f3 el MINCyT. (<b>InfoGEI<\/b>)Jd<\/p>\n","protected":false},"excerpt":{"rendered":"<div class=\"mh-excerpt\"><p>M\u00e1s de 800 equipos, integrados por casi 6.000 estudiantes de todas las escuelas secundarias del pa\u00eds, se inscribieron en la edici\u00f3n nacional de la competencia CanSat, una iniciativa que alienta a j\u00f3venes de todo el <a class=\"mh-excerpt-more\" href=\"https:\/\/larevistadigital.com.ar\/blog\/casi-6000-estudiantes-se-inscribieron-en-cansat-argentina\/\" title=\"CASI 6000 ESTUDIANTES SE INSCRIBIERON EN CANSAT ARGENTINA\">[Leer M\u00e1s]<\/a><\/p>\n<\/div>","protected":false},"author":3,"featured_media":25706,"comment_status":"open","ping_status":"open","sticky":false,"template":"","format":"standard","meta":{"_jetpack_memberships_contains_paid_content":false,"footnotes":"","jetpack_publicize_message":"","jetpack_publicize_feature_enabled":true,"jetpack_social_post_already_shared":true,"jetpack_social_options":{"image_generator_settings":{"template":"highway","default_image_id":0,"font":"","enabled":false},"version":2}},"categories":[50],"tags":[],"class_list":{"0":"post-25705","1":"post","2":"type-post","3":"status-publish","4":"format-standard","5":"has-post-thumbnail","7":"category-interes-general"},"jetpack_publicize_connections":[],"jetpack_featured_media_url":"https:\/\/i0.wp.com\/larevistadigital.com.ar\/blog\/wp-content\/uploads\/20220608164855_cansat-argentina.jpg?fit=880%2C512&ssl=1","jetpack_sharing_enabled":true,"jetpack_shortlink":"https:\/\/wp.me\/p8qtrQ-6GB","jetpack-related-posts":[{"id":24305,"url":"https:\/\/larevistadigital.com.ar\/blog\/escandalo-en-universitas-nunca-los-inscribieron-como-alumnos-y-les-niegan-los-titulos\/","url_meta":{"origin":25705,"position":0},"title":"ESCANDALO: EN UNIVERSITAS NUNCA LOS INSCRIBIERON COMO ALUMNOS Y LES NIEGAN LOS T\u00cdTULOS","author":"Alejandro Sosa Ruda","date":"3 marzo, 2022","format":false,"excerpt":"Como consecuencia de distintos errores administrativos, el Ministerio de Educaci\u00f3n de la Naci\u00f3n les niega el t\u00edtulo con el cual pueden ejercer su profesi\u00f3n. 03 de marzo de 2022 Son momentos cr\u00edticos para un grupo de estudiantes que culminaron su recorrido acad\u00e9mico en la carrera como\u00a0Gu\u00eda de Turismo Nacional, que\u2026","rel":"","context":"En \u00abINTERES GENERAL\u00bb","block_context":{"text":"INTERES GENERAL","link":"https:\/\/larevistadigital.com.ar\/blog\/category\/interes-general\/"},"img":{"alt_text":"","src":"https:\/\/i0.wp.com\/larevistadigital.com.ar\/blog\/wp-content\/uploads\/1646275894267.jpg?fit=1200%2C594&ssl=1&resize=350%2C200","width":350,"height":200,"srcset":"https:\/\/i0.wp.com\/larevistadigital.com.ar\/blog\/wp-content\/uploads\/1646275894267.jpg?fit=1200%2C594&ssl=1&resize=350%2C200 1x, https:\/\/i0.wp.com\/larevistadigital.com.ar\/blog\/wp-content\/uploads\/1646275894267.jpg?fit=1200%2C594&ssl=1&resize=525%2C300 1.5x, https:\/\/i0.wp.com\/larevistadigital.com.ar\/blog\/wp-content\/uploads\/1646275894267.jpg?fit=1200%2C594&ssl=1&resize=700%2C400 2x, https:\/\/i0.wp.com\/larevistadigital.com.ar\/blog\/wp-content\/uploads\/1646275894267.jpg?fit=1200%2C594&ssl=1&resize=1050%2C600 3x"},"classes":[]},{"id":37414,"url":"https:\/\/larevistadigital.com.ar\/blog\/chascomus-cierre-del-programa-lideres-con-jovenes-de-escuelas-secundarias\/","url_meta":{"origin":25705,"position":1},"title":"Chascom\u00fas: Cierre del programa \u201cL\u00edderes\u201d con j\u00f3venes de escuelas secundarias","author":"Alejandro Sosa Ruda","date":"3 octubre, 2024","format":false,"excerpt":"M\u00e1s de 500 estudiantes participaron en jornadas de reflexi\u00f3n sobre el cuidado integral organizadas por la Municipalidad. 03 de Octubre de 2024 CHASCOM\u00daS -\u00a0 Esta semana concluy\u00f3 el ciclo del programa \"L\u00edderes\", una propuesta que busca promover la reflexi\u00f3n y el di\u00e1logo entre j\u00f3venes de tercer a\u00f1o de escuelas secundarias.\u2026","rel":"","context":"En \u00abCHASCOM\u00daS\u00bb","block_context":{"text":"CHASCOM\u00daS","link":"https:\/\/larevistadigital.com.ar\/blog\/category\/chascomus\/"},"img":{"alt_text":"","src":"https:\/\/i0.wp.com\/larevistadigital.com.ar\/blog\/wp-content\/uploads\/67003aa8ac655.png?fit=668%2C445&ssl=1&resize=350%2C200","width":350,"height":200,"srcset":"https:\/\/i0.wp.com\/larevistadigital.com.ar\/blog\/wp-content\/uploads\/67003aa8ac655.png?fit=668%2C445&ssl=1&resize=350%2C200 1x, https:\/\/i0.wp.com\/larevistadigital.com.ar\/blog\/wp-content\/uploads\/67003aa8ac655.png?fit=668%2C445&ssl=1&resize=525%2C300 1.5x"},"classes":[]},{"id":36368,"url":"https:\/\/larevistadigital.com.ar\/blog\/kicillof-encabezo-la-ceremonia-de-promesa-a-la-bandera-nacional-de-estudiantes-bonaerenses\/","url_meta":{"origin":25705,"position":2},"title":"KICILLOF ENCABEZ\u00d3 LA CEREMONIA DE PROMESA A LA BANDERA NACIONAL DE ESTUDIANTES BONAERENSES","author":"Alejandro Sosa Ruda","date":"19 junio, 2024","format":false,"excerpt":"Participaron 810 estudiantes que cursan el 4\u00b0 grado en escuelas primarias de la regi\u00f3n. 19 de Junio de 2024 BUENOS AIRES -\u00a0 El gobernador de la provincia de Buenos Aires, Axel Kicillof, encabez\u00f3 este mi\u00e9rcoles el acto de promesa de lealtad a la bandera nacional por parte de alumnos y\u2026","rel":"","context":"En \u00abINTERES GENERAL\u00bb","block_context":{"text":"INTERES GENERAL","link":"https:\/\/larevistadigital.com.ar\/blog\/category\/interes-general\/"},"img":{"alt_text":"","src":"https:\/\/i0.wp.com\/larevistadigital.com.ar\/blog\/wp-content\/uploads\/DAE4072.jpg?fit=743%2C530&ssl=1&resize=350%2C200","width":350,"height":200,"srcset":"https:\/\/i0.wp.com\/larevistadigital.com.ar\/blog\/wp-content\/uploads\/DAE4072.jpg?fit=743%2C530&ssl=1&resize=350%2C200 1x, https:\/\/i0.wp.com\/larevistadigital.com.ar\/blog\/wp-content\/uploads\/DAE4072.jpg?fit=743%2C530&ssl=1&resize=525%2C300 1.5x, https:\/\/i0.wp.com\/larevistadigital.com.ar\/blog\/wp-content\/uploads\/DAE4072.jpg?fit=743%2C530&ssl=1&resize=700%2C400 2x"},"classes":[]},{"id":42143,"url":"https:\/\/larevistadigital.com.ar\/blog\/chascomus-la-empresa-ccu-argentina-villa-del-sur-brindo-un-taller-laboral-a-estudiantes-secundarios\/","url_meta":{"origin":25705,"position":3},"title":"Chascom\u00fas: La empresa CCU Argentina &#8211; Villa del Sur brind\u00f3 un taller laboral a estudiantes secundarios","author":"Alejandro Sosa Ruda","date":"21 octubre, 2025","format":false,"excerpt":"A trav\u00e9s del programa Coordenadas, desde la Municipalidad se trabaja para acercar a los j\u00f3venes estudiantes con el mundo del trabajo. 21 de Octubre de 2025 CHASCOM\u00daS -\u00a0 \u00a0Durante la ma\u00f1ana de este martes, en el marco del programa \"Coordenadas\", empresa CCU Argentina - Villa del Sur brind\u00f3 un taller\u2026","rel":"","context":"En \u00abCHASCOM\u00daS\u00bb","block_context":{"text":"CHASCOM\u00daS","link":"https:\/\/larevistadigital.com.ar\/blog\/category\/chascomus\/"},"img":{"alt_text":"","src":"https:\/\/i0.wp.com\/larevistadigital.com.ar\/blog\/wp-content\/uploads\/68f7b8718a9f4.png?fit=668%2C445&ssl=1&resize=350%2C200","width":350,"height":200,"srcset":"https:\/\/i0.wp.com\/larevistadigital.com.ar\/blog\/wp-content\/uploads\/68f7b8718a9f4.png?fit=668%2C445&ssl=1&resize=350%2C200 1x, https:\/\/i0.wp.com\/larevistadigital.com.ar\/blog\/wp-content\/uploads\/68f7b8718a9f4.png?fit=668%2C445&ssl=1&resize=525%2C300 1.5x"},"classes":[]},{"id":39497,"url":"https:\/\/larevistadigital.com.ar\/blog\/estudiantes-del-nivel-secundario-participaron-de-una-nueva-edicion-del-programa-lideres\/","url_meta":{"origin":25705,"position":4},"title":"Estudiantes del nivel secundario participaron de una nueva edici\u00f3n del programa \u201cL\u00edderes\u201d","author":"Alejandro Sosa Ruda","date":"23 abril, 2025","format":false,"excerpt":"En esta ocasi\u00f3n, la coordinaci\u00f3n est\u00e1 a cargo de los Operadores de Calle en conjunto con la Federaci\u00f3n de Estudiantes Secundarios (FES). 23 de Abril de 2025 CHASCOM\u00daS -\u00a0 Durante el martes y el mi\u00e9rcoles de esta semana, se llev\u00f3 a cabo una nueva edici\u00f3n del programa municipal \u201cL\u00edderes\u201d en\u2026","rel":"","context":"En \u00abCHASCOM\u00daS\u00bb","block_context":{"text":"CHASCOM\u00daS","link":"https:\/\/larevistadigital.com.ar\/blog\/category\/chascomus\/"},"img":{"alt_text":"","src":"https:\/\/i0.wp.com\/larevistadigital.com.ar\/blog\/wp-content\/uploads\/68092a4d365a9.png?fit=668%2C445&ssl=1&resize=350%2C200","width":350,"height":200,"srcset":"https:\/\/i0.wp.com\/larevistadigital.com.ar\/blog\/wp-content\/uploads\/68092a4d365a9.png?fit=668%2C445&ssl=1&resize=350%2C200 1x, https:\/\/i0.wp.com\/larevistadigital.com.ar\/blog\/wp-content\/uploads\/68092a4d365a9.png?fit=668%2C445&ssl=1&resize=525%2C300 1.5x"},"classes":[]},{"id":12089,"url":"https:\/\/larevistadigital.com.ar\/blog\/el-7-de-los-adolescentes-consume-el-cigarrillo-electronico-y-el-14-lo-probo-en-la-argentina\/","url_meta":{"origin":25705,"position":5},"title":"EL 7% DE LOS ADOLESCENTES CONSUME EL CIGARRILLO ELECTR\u00d3NICO Y EL 14% LO PROB\u00d3 EN LA ARGENTINA","author":"Alejandro Sosa Ruda","date":"16 septiembre, 2019","format":false,"excerpt":"El 7,1 por ciento de los adolescentes de entre 13 y 15 a\u00f1os consume cigarrillo electr\u00f3nico y el 14,4 por ciento de los estudiantes algunos vez los prob\u00f3 en el pa\u00eds, inform\u00f3 la Encuesta Mundial de Tabaquismo en J\u00f3venes (EMTJ) presentada hoy por la Secretar\u00eda de Salud. Se trata de\u2026","rel":"","context":"En \u00abINTERES GENERAL\u00bb","block_context":{"text":"INTERES GENERAL","link":"https:\/\/larevistadigital.com.ar\/blog\/category\/interes-general\/"},"img":{"alt_text":"","src":"https:\/\/i0.wp.com\/larevistadigital.com.ar\/blog\/wp-content\/uploads\/1061589-600-338.jpg?fit=600%2C338&ssl=1&resize=350%2C200","width":350,"height":200,"srcset":"https:\/\/i0.wp.com\/larevistadigital.com.ar\/blog\/wp-content\/uploads\/1061589-600-338.jpg?fit=600%2C338&ssl=1&resize=350%2C200 1x, https:\/\/i0.wp.com\/larevistadigital.com.ar\/blog\/wp-content\/uploads\/1061589-600-338.jpg?fit=600%2C338&ssl=1&resize=525%2C300 1.5x"},"classes":[]}],"_links":{"self":[{"href":"https:\/\/larevistadigital.com.ar\/blog\/wp-json\/wp\/v2\/posts\/25705","targetHints":{"allow":["GET"]}}],"collection":[{"href":"https:\/\/larevistadigital.com.ar\/blog\/wp-json\/wp\/v2\/posts"}],"about":[{"href":"https:\/\/larevistadigital.com.ar\/blog\/wp-json\/wp\/v2\/types\/post"}],"author":[{"embeddable":true,"href":"https:\/\/larevistadigital.com.ar\/blog\/wp-json\/wp\/v2\/users\/3"}],"replies":[{"embeddable":true,"href":"https:\/\/larevistadigital.com.ar\/blog\/wp-json\/wp\/v2\/comments?post=25705"}],"version-history":[{"count":1,"href":"https:\/\/larevistadigital.com.ar\/blog\/wp-json\/wp\/v2\/posts\/25705\/revisions"}],"predecessor-version":[{"id":25707,"href":"https:\/\/larevistadigital.com.ar\/blog\/wp-json\/wp\/v2\/posts\/25705\/revisions\/25707"}],"wp:featuredmedia":[{"embeddable":true,"href":"https:\/\/larevistadigital.com.ar\/blog\/wp-json\/wp\/v2\/media\/25706"}],"wp:attachment":[{"href":"https:\/\/larevistadigital.com.ar\/blog\/wp-json\/wp\/v2\/media?parent=25705"}],"wp:term":[{"taxonomy":"category","embeddable":true,"href":"https:\/\/larevistadigital.com.ar\/blog\/wp-json\/wp\/v2\/categories?post=25705"},{"taxonomy":"post_tag","embeddable":true,"href":"https:\/\/larevistadigital.com.ar\/blog\/wp-json\/wp\/v2\/tags?post=25705"}],"curies":[{"name":"wp","href":"https:\/\/api.w.org\/{rel}","templated":true}]}}