{"id":25708,"date":"2022-06-09T01:30:55","date_gmt":"2022-06-09T01:30:55","guid":{"rendered":"https:\/\/larevistadigital.com.ar\/blog\/?p=25708"},"modified":"2022-06-09T01:30:55","modified_gmt":"2022-06-09T01:30:55","slug":"quinta-seccion-la-juventud-radical-se-reunio-en-madariaga","status":"publish","type":"post","link":"https:\/\/larevistadigital.com.ar\/blog\/quinta-seccion-la-juventud-radical-se-reunio-en-madariaga\/","title":{"rendered":"QUINTA SECCI\u00d3N: LA JUVENTUD RADICAL SE REUNI\u00d3 EN MADARIAGA"},"content":{"rendered":"<h2 class=\"fparrafo ctext fz18 lh25\">J\u00f3venes de los diferentes distritos que la componen se acercaron al Paraje Macedo en donde tuvieron lugar las diversas actividades. Comenzando con una propuesta solidaria en la que pintaron la Escuela Primaria N\u00b07, luego el primer panel de formaci\u00f3n se centr\u00f3 en el debate y puesta en com\u00fan de las experiencias locales y regionales en torno a Producci\u00f3n, Desarrollo y Empleo genuino.<\/h2>\n<p class=\"selectionShareable\">El panel de cierre cont\u00f3 con la presencia del intendente de la ciudad de Madariaga,\u00a0Esteban Santoro, y el presidente de la UCR local\u00a0Marcos Jovanovic, quienes compartieron sus reflexiones sobre los desaf\u00edos partidarios de cara al 2023 y coincidieron en la importancia de la tarea que est\u00e1 llevando a cabo\u00a0Maxi Abad\u00a0como presidente del Comit\u00e9 de la Provincia de Buenos Aires as\u00ed como en la centralidad de acompa\u00f1ar la candidatura de Facundo Manes en el pr\u00f3ximo proceso eleccionario.<\/p>\n<blockquote>\n<h3 class=\"selectionShareable\">Por su parte, el presidente de la Quinta Secci\u00f3n,\u00a0Lucio Paciaroni Furno, dijo al respecto\u00a0<em><strong>\u201ccelebro que nos hayamos encontrado una vez m\u00e1s ratificando nuestro compromiso partidario, y sobre todo con la transformaci\u00f3n de la realidad de nuestro pa\u00eds, sabemos que tanto el contexto actual como los futuros procesos democr\u00e1ticos requieren de una juventud protagonista y asumimos esa responsabilidad con convicci\u00f3n\u201d.<\/strong><\/em><\/h3>\n<\/blockquote>\n<p class=\"selectionShareable\">Agreg\u00f3 que <em><strong>\u201cen este sentido nos encontramos con un radicalismo provincial que se hace cargo y asume el rol de prepararse para llegar a gobernar con ideas y objetivos claros, reuniendo a los diferentes cuadros t\u00e9cnicos y especialistas para crear un programa de gesti\u00f3n la altura de las circunstancias, un claro ejemplo de esto es la creaci\u00f3n de la Fundaci\u00f3n Poder, que ya se encuentra diagramando un plan de gobierno a largo plazo en pos de solucionar los problemas de la Argentina\u201d<\/strong><\/em>. (<b>InfoGEI<\/b>)Jd<\/p>\n","protected":false},"excerpt":{"rendered":"<div class=\"mh-excerpt\"><p>J\u00f3venes de los diferentes distritos que la componen se acercaron al Paraje Macedo en donde tuvieron lugar las diversas actividades. Comenzando con una propuesta solidaria en la que pintaron la Escuela Primaria N\u00b07, luego el <a class=\"mh-excerpt-more\" href=\"https:\/\/larevistadigital.com.ar\/blog\/quinta-seccion-la-juventud-radical-se-reunio-en-madariaga\/\" title=\"QUINTA SECCI\u00d3N: LA JUVENTUD RADICAL SE REUNI\u00d3 EN MADARIAGA\">[Leer M\u00e1s]<\/a><\/p>\n<\/div>","protected":false},"author":3,"featured_media":25709,"comment_status":"open","ping_status":"open","sticky":false,"template":"","format":"standard","meta":{"_jetpack_memberships_contains_paid_content":false,"footnotes":"","jetpack_publicize_message":"","jetpack_publicize_feature_enabled":true,"jetpack_social_post_already_shared":true,"jetpack_social_options":{"image_generator_settings":{"template":"highway","default_image_id":0,"font":"","enabled":false},"version":2}},"categories":[51],"tags":[],"class_list":{"0":"post-25708","1":"post","2":"type-post","3":"status-publish","4":"format-standard","5":"has-post-thumbnail","7":"category-regionales"},"jetpack_publicize_connections":[],"jetpack_featured_media_url":"https:\/\/i0.wp.com\/larevistadigital.com.ar\/blog\/wp-content\/uploads\/20220608160634_juventud-radical-quinta-seccion-2.jpg?fit=880%2C512&ssl=1","jetpack_sharing_enabled":true,"jetpack_shortlink":"https:\/\/wp.me\/p8qtrQ-6GE","jetpack-related-posts":[{"id":19104,"url":"https:\/\/larevistadigital.com.ar\/blog\/gral-madariaga-una-familia-sufrio-un-violento-robo\/","url_meta":{"origin":25708,"position":0},"title":"GRAL. MADARIAGA: UNA FAMILIA SUFRI\u00d3 UN VIOLENTO ROBO","author":"Alejandro Sosa Ruda","date":"1 marzo, 2021","format":false,"excerpt":"GENERAL MADARIAGA - Anoche, el propietario de una despensa ubicada en Ruta 74 y calle 107 del barrio Los Pinos de General Madariaga, sufri\u00f3 un robo a mano armada. Fueron dos los delincuentes que ingresaron al comercio y amenazaron con un arma en la cabeza a un joven, hijo del\u2026","rel":"","context":"En \u00abPOLICIALES\u00bb","block_context":{"text":"POLICIALES","link":"https:\/\/larevistadigital.com.ar\/blog\/category\/policiales\/"},"img":{"alt_text":"","src":"https:\/\/i0.wp.com\/larevistadigital.com.ar\/blog\/wp-content\/uploads\/d5d7f29906a185592055e23aa505c171c7fa2a10.jpg?fit=1140%2C643&ssl=1&resize=350%2C200","width":350,"height":200,"srcset":"https:\/\/i0.wp.com\/larevistadigital.com.ar\/blog\/wp-content\/uploads\/d5d7f29906a185592055e23aa505c171c7fa2a10.jpg?fit=1140%2C643&ssl=1&resize=350%2C200 1x, https:\/\/i0.wp.com\/larevistadigital.com.ar\/blog\/wp-content\/uploads\/d5d7f29906a185592055e23aa505c171c7fa2a10.jpg?fit=1140%2C643&ssl=1&resize=525%2C300 1.5x, https:\/\/i0.wp.com\/larevistadigital.com.ar\/blog\/wp-content\/uploads\/d5d7f29906a185592055e23aa505c171c7fa2a10.jpg?fit=1140%2C643&ssl=1&resize=700%2C400 2x, https:\/\/i0.wp.com\/larevistadigital.com.ar\/blog\/wp-content\/uploads\/d5d7f29906a185592055e23aa505c171c7fa2a10.jpg?fit=1140%2C643&ssl=1&resize=1050%2C600 3x"},"classes":[]},{"id":35058,"url":"https:\/\/larevistadigital.com.ar\/blog\/el-rally-argentino-abre-la-temporada-en-general-madariaga\/","url_meta":{"origin":25708,"position":1},"title":"EL RALLY ARGENTINO, ABRE LA TEMPORADA EN GENERAL MADARIAGA","author":"Alejandro Sosa Ruda","date":"21 enero, 2024","format":false,"excerpt":"El evento se realizar\u00e1 1, 2 y 3 de marzo. Los detalles. 21 de enero de 2023 BUENOS AIRES -\u00a0 El intendente Esteban Santoro y el presidente de la categor\u00eda Fernando Scarlatta firmaron el convenio que confirma a General Madariaga como la ciudad que albergar\u00e1 la apertura del campeonato nacional\u2026","rel":"","context":"En \u00abREGIONALES\u00bb","block_context":{"text":"REGIONALES","link":"https:\/\/larevistadigital.com.ar\/blog\/category\/regionales\/"},"img":{"alt_text":"","src":"https:\/\/i0.wp.com\/larevistadigital.com.ar\/blog\/wp-content\/uploads\/ea484b5c1a88ecdbbbba509a74e6e851.jpg?fit=1200%2C382&ssl=1&resize=350%2C200","width":350,"height":200,"srcset":"https:\/\/i0.wp.com\/larevistadigital.com.ar\/blog\/wp-content\/uploads\/ea484b5c1a88ecdbbbba509a74e6e851.jpg?fit=1200%2C382&ssl=1&resize=350%2C200 1x, https:\/\/i0.wp.com\/larevistadigital.com.ar\/blog\/wp-content\/uploads\/ea484b5c1a88ecdbbbba509a74e6e851.jpg?fit=1200%2C382&ssl=1&resize=525%2C300 1.5x, https:\/\/i0.wp.com\/larevistadigital.com.ar\/blog\/wp-content\/uploads\/ea484b5c1a88ecdbbbba509a74e6e851.jpg?fit=1200%2C382&ssl=1&resize=700%2C400 2x, https:\/\/i0.wp.com\/larevistadigital.com.ar\/blog\/wp-content\/uploads\/ea484b5c1a88ecdbbbba509a74e6e851.jpg?fit=1200%2C382&ssl=1&resize=1050%2C600 3x"},"classes":[]},{"id":24896,"url":"https:\/\/larevistadigital.com.ar\/blog\/muere-nativo-de-madariaga-en-los-medanos-de-villa-gesell\/","url_meta":{"origin":25708,"position":2},"title":"MUERE NATIVO DE MADARIAGA EN LOS M\u00c9DANOS DE VILLA GESELL","author":"Alejandro Sosa Ruda","date":"29 marzo, 2022","format":false,"excerpt":"El hombre se descompens\u00f3 mientras disfrutaba un espect\u00e1culo de motos. VILLA GESELL -\u00a0 En las \u00faltimas horas, un conocido vecino de General Madariaga muri\u00f3 mientras se encontraba disfrutando de una tarde de motocross en la zona de m\u00e9danos, en el l\u00edmite entre los Partidos de Villa Gesell y Pinamar. La\u2026","rel":"","context":"En \u00abREGIONALES\u00bb","block_context":{"text":"REGIONALES","link":"https:\/\/larevistadigital.com.ar\/blog\/category\/regionales\/"},"img":{"alt_text":"","src":"https:\/\/i0.wp.com\/larevistadigital.com.ar\/blog\/wp-content\/uploads\/96d76020fbbb8396b69ffc9dc4b588478fd00c0c.jpg?fit=1140%2C560&ssl=1&resize=350%2C200","width":350,"height":200,"srcset":"https:\/\/i0.wp.com\/larevistadigital.com.ar\/blog\/wp-content\/uploads\/96d76020fbbb8396b69ffc9dc4b588478fd00c0c.jpg?fit=1140%2C560&ssl=1&resize=350%2C200 1x, https:\/\/i0.wp.com\/larevistadigital.com.ar\/blog\/wp-content\/uploads\/96d76020fbbb8396b69ffc9dc4b588478fd00c0c.jpg?fit=1140%2C560&ssl=1&resize=525%2C300 1.5x, https:\/\/i0.wp.com\/larevistadigital.com.ar\/blog\/wp-content\/uploads\/96d76020fbbb8396b69ffc9dc4b588478fd00c0c.jpg?fit=1140%2C560&ssl=1&resize=700%2C400 2x, https:\/\/i0.wp.com\/larevistadigital.com.ar\/blog\/wp-content\/uploads\/96d76020fbbb8396b69ffc9dc4b588478fd00c0c.jpg?fit=1140%2C560&ssl=1&resize=1050%2C600 3x"},"classes":[]},{"id":26181,"url":"https:\/\/larevistadigital.com.ar\/blog\/mueren-dos-vecinos-de-gral-madariaga-en-un-accidente-en-la-ruta-74\/","url_meta":{"origin":25708,"position":3},"title":"MUEREN DOS VECINOS DE GRAL. MADARIAGA EN UN ACCIDENTE EN LA RUTA 74","author":"Alejandro Sosa Ruda","date":"28 junio, 2022","format":false,"excerpt":"Las v\u00edctimas fueron un hombre de 74 a\u00f1os y su hija de 48. El choque fatal se produjo a la altura del kil\u00f3metro 19. Dos vecinos de la ciudad de\u00a0General Madariaga\u00a0fallecieron este martes como consecuencia de un fuerte choque ocurrido en el\u00a0kil\u00f3metro 19 de la Ruta 74. El accidente se\u2026","rel":"","context":"En \u00abPOLICIALES\u00bb","block_context":{"text":"POLICIALES","link":"https:\/\/larevistadigital.com.ar\/blog\/category\/policiales\/"},"img":{"alt_text":"","src":"https:\/\/i0.wp.com\/larevistadigital.com.ar\/blog\/wp-content\/uploads\/bf32d54f8cc62cca02a0cf94446617d1dd33c0c5.jpg?fit=1140%2C781&ssl=1&resize=350%2C200","width":350,"height":200,"srcset":"https:\/\/i0.wp.com\/larevistadigital.com.ar\/blog\/wp-content\/uploads\/bf32d54f8cc62cca02a0cf94446617d1dd33c0c5.jpg?fit=1140%2C781&ssl=1&resize=350%2C200 1x, https:\/\/i0.wp.com\/larevistadigital.com.ar\/blog\/wp-content\/uploads\/bf32d54f8cc62cca02a0cf94446617d1dd33c0c5.jpg?fit=1140%2C781&ssl=1&resize=525%2C300 1.5x, https:\/\/i0.wp.com\/larevistadigital.com.ar\/blog\/wp-content\/uploads\/bf32d54f8cc62cca02a0cf94446617d1dd33c0c5.jpg?fit=1140%2C781&ssl=1&resize=700%2C400 2x, https:\/\/i0.wp.com\/larevistadigital.com.ar\/blog\/wp-content\/uploads\/bf32d54f8cc62cca02a0cf94446617d1dd33c0c5.jpg?fit=1140%2C781&ssl=1&resize=1050%2C600 3x"},"classes":[]},{"id":19710,"url":"https:\/\/larevistadigital.com.ar\/blog\/violento-robo-a-mano-armada-en-campo-de-madariaga\/","url_meta":{"origin":25708,"position":4},"title":"VIOLENTO ROBO A MANO ARMADA EN CAMPO DE MADARIAGA","author":"Alejandro Sosa Ruda","date":"19 abril, 2021","format":false,"excerpt":"Los delincuentes ped\u00edan el dinero de una venta de ganado. GENERAL MADARIAGA - Durante la ma\u00f1ana del s\u00e1bado, tres delincuentes armados ingresaron a un campo ubicado sobre el kil\u00f3metro 47 de la Ruta 56, en el Partido de General Madariaga. Seg\u00fan inform\u00f3 Central Madariaga, el hecho delictivo fue m\u00e1s precisamente\u2026","rel":"","context":"En \u00abREGIONALES\u00bb","block_context":{"text":"REGIONALES","link":"https:\/\/larevistadigital.com.ar\/blog\/category\/regionales\/"},"img":{"alt_text":"","src":"https:\/\/i0.wp.com\/larevistadigital.com.ar\/blog\/wp-content\/uploads\/764e5acffdb8d13707e5dae43ea1802ac79480cd.jpg?fit=1140%2C761&ssl=1&resize=350%2C200","width":350,"height":200,"srcset":"https:\/\/i0.wp.com\/larevistadigital.com.ar\/blog\/wp-content\/uploads\/764e5acffdb8d13707e5dae43ea1802ac79480cd.jpg?fit=1140%2C761&ssl=1&resize=350%2C200 1x, https:\/\/i0.wp.com\/larevistadigital.com.ar\/blog\/wp-content\/uploads\/764e5acffdb8d13707e5dae43ea1802ac79480cd.jpg?fit=1140%2C761&ssl=1&resize=525%2C300 1.5x, https:\/\/i0.wp.com\/larevistadigital.com.ar\/blog\/wp-content\/uploads\/764e5acffdb8d13707e5dae43ea1802ac79480cd.jpg?fit=1140%2C761&ssl=1&resize=700%2C400 2x, https:\/\/i0.wp.com\/larevistadigital.com.ar\/blog\/wp-content\/uploads\/764e5acffdb8d13707e5dae43ea1802ac79480cd.jpg?fit=1140%2C761&ssl=1&resize=1050%2C600 3x"},"classes":[]},{"id":42088,"url":"https:\/\/larevistadigital.com.ar\/blog\/violento-vuelco-en-la-ruta-74-un-hombre-fue-rescatado-por-los-bomberos-en-general-madariaga\/","url_meta":{"origin":25708,"position":5},"title":"Violento vuelco en la Ruta 74: un hombre fue rescatado por los bomberos en General Madariaga","author":"Alejandro Sosa Ruda","date":"19 octubre, 2025","format":false,"excerpt":"El accidente ocurri\u00f3 este s\u00e1bado a la altura del kil\u00f3metro 12, en direcci\u00f3n a Pinamar. El conductor del veh\u00edculo perdi\u00f3 el control y termin\u00f3 volcando. Fue trasladado al hospital con heridas. 19 de Octubre de 2025 BUENOS AIRES\u00a0 -\u00a0 \u00a0Un fuerte accidente de tr\u00e1nsito se registr\u00f3 este s\u00e1bado en el\u2026","rel":"","context":"En \u00abPOLICIALES\u00bb","block_context":{"text":"POLICIALES","link":"https:\/\/larevistadigital.com.ar\/blog\/category\/policiales\/"},"img":{"alt_text":"","src":"https:\/\/i0.wp.com\/larevistadigital.com.ar\/blog\/wp-content\/uploads\/70d730c690df241f6cecf68fe30a0e13dfa6a0ba.jpg?fit=900%2C900&ssl=1&resize=350%2C200","width":350,"height":200,"srcset":"https:\/\/i0.wp.com\/larevistadigital.com.ar\/blog\/wp-content\/uploads\/70d730c690df241f6cecf68fe30a0e13dfa6a0ba.jpg?fit=900%2C900&ssl=1&resize=350%2C200 1x, https:\/\/i0.wp.com\/larevistadigital.com.ar\/blog\/wp-content\/uploads\/70d730c690df241f6cecf68fe30a0e13dfa6a0ba.jpg?fit=900%2C900&ssl=1&resize=525%2C300 1.5x, https:\/\/i0.wp.com\/larevistadigital.com.ar\/blog\/wp-content\/uploads\/70d730c690df241f6cecf68fe30a0e13dfa6a0ba.jpg?fit=900%2C900&ssl=1&resize=700%2C400 2x"},"classes":[]}],"_links":{"self":[{"href":"https:\/\/larevistadigital.com.ar\/blog\/wp-json\/wp\/v2\/posts\/25708","targetHints":{"allow":["GET"]}}],"collection":[{"href":"https:\/\/larevistadigital.com.ar\/blog\/wp-json\/wp\/v2\/posts"}],"about":[{"href":"https:\/\/larevistadigital.com.ar\/blog\/wp-json\/wp\/v2\/types\/post"}],"author":[{"embeddable":true,"href":"https:\/\/larevistadigital.com.ar\/blog\/wp-json\/wp\/v2\/users\/3"}],"replies":[{"embeddable":true,"href":"https:\/\/larevistadigital.com.ar\/blog\/wp-json\/wp\/v2\/comments?post=25708"}],"version-history":[{"count":1,"href":"https:\/\/larevistadigital.com.ar\/blog\/wp-json\/wp\/v2\/posts\/25708\/revisions"}],"predecessor-version":[{"id":25710,"href":"https:\/\/larevistadigital.com.ar\/blog\/wp-json\/wp\/v2\/posts\/25708\/revisions\/25710"}],"wp:featuredmedia":[{"embeddable":true,"href":"https:\/\/larevistadigital.com.ar\/blog\/wp-json\/wp\/v2\/media\/25709"}],"wp:attachment":[{"href":"https:\/\/larevistadigital.com.ar\/blog\/wp-json\/wp\/v2\/media?parent=25708"}],"wp:term":[{"taxonomy":"category","embeddable":true,"href":"https:\/\/larevistadigital.com.ar\/blog\/wp-json\/wp\/v2\/categories?post=25708"},{"taxonomy":"post_tag","embeddable":true,"href":"https:\/\/larevistadigital.com.ar\/blog\/wp-json\/wp\/v2\/tags?post=25708"}],"curies":[{"name":"wp","href":"https:\/\/api.w.org\/{rel}","templated":true}]}}