{"id":25711,"date":"2022-06-09T01:35:36","date_gmt":"2022-06-09T01:35:36","guid":{"rendered":"https:\/\/larevistadigital.com.ar\/blog\/?p=25711"},"modified":"2022-06-09T01:35:36","modified_gmt":"2022-06-09T01:35:36","slug":"la-encontraron-ahorcada-investigan-la-responsabilidad-policial-en-una-comisaria-de-laprida","status":"publish","type":"post","link":"https:\/\/larevistadigital.com.ar\/blog\/la-encontraron-ahorcada-investigan-la-responsabilidad-policial-en-una-comisaria-de-laprida\/","title":{"rendered":"LA ENCONTRARON AHORCADA: INVESTIGAN LA RESPONSABILIDAD POLICIAL EN UNA COMISAR\u00cdA DE LAPRIDA"},"content":{"rendered":"<h2 class=\"fparrafo ctext fz18 lh25\">Una joven de 25 a\u00f1os fue hallada ahorcada en el interior de una celda de una comisar\u00eda de la ciudad bonaerense de Laprida, y si bien las primeras pericias indican que se trat\u00f3 de un suicidio, su familia descree la versi\u00f3n policial. La Polic\u00eda bonaerense investigan la responsabilidad de cuatro efectivos de la dependencia, uno de los cuales ya fue desafectado, informaron hoy fuentes judiciales y policiales.<\/h2>\n<p class=\"selectionShareable\">En tanto, en el marco de la causa por la \u00abaveriguaci\u00f3n de causales de muerte\u00bb de Daiana Soledad Abreu, que llevan adelante los fiscales Alejandro Braga, de la Ayudant\u00eda Fiscal de Laprida, y Christian Urlezaga, a cargo de la Unidad Funcional de Instrucci\u00f3n (UFI) 7 de Olavarr\u00eda, se aguardan los resultados de diversas diligencias ordenadas con el fin de resolver si existen elementos para imputar a alg\u00fan polic\u00eda, ya que por el momento ninguno est\u00e1 acusado.<\/p>\n<blockquote>\n<h3 class=\"selectionShareable\">Por su parte. la familia de la joven, que era madre de un ni\u00f1o de 10 a\u00f1os, no cree en la versi\u00f3n del suicidio, cuestion\u00f3 el accionar policial y se constituir\u00e1 como \u201cParticular Damnificada\u201d en la causa.<\/h3>\n<\/blockquote>\n<p class=\"selectionShareable\"><strong>Abregu<\/strong> (25) fue hallada ahorcada en una celda de la Estaci\u00f3n de Polic\u00eda Comunal de Laprida, una localidad ubicada a 430 kil\u00f3metros al sudoeste de la provincia de Buenos Aires.<\/p>\n<blockquote>\n<h3 class=\"selectionShareable\">Seg\u00fan se supo, la joven fue aprehendida el pasado domingo cerca de las 7 de la ma\u00f1ana porque se encontraba alcoholizada y realizando disturbios en plena v\u00eda p\u00fablica, contravenci\u00f3n por la que fue detenida por la Polic\u00eda, dando intervenci\u00f3n al Juzgado de Paz de Laprida, a cargo de la jueza Marina Saint Mart\u00edn.<\/h3>\n<\/blockquote>\n<p class=\"selectionShareable\">Los voceros a\u00f1adieron que cerca de las 16 una oficial que ingres\u00f3 al calabozo y hall\u00f3 ahorcada a Abregu, por lo que dio aviso al sistema de emergencias m\u00e9dicas, que arrib\u00f3 al lugar y, tras intentar reanimarla durante 20 minutos, confirm\u00f3 su fallecimiento.<\/p>\n<p class=\"selectionShareable\"><span style=\"color: #ff0000\"><b>Las pericias<\/b><\/span><\/p>\n<p class=\"selectionShareable\">La Polic\u00eda Cient\u00edfica, a cargo de las pericias, incaut\u00f3 dentro de la celda la campera con la cual presuntamente se ahorc\u00f3 la joven, que le pertenec\u00eda.<\/p>\n<blockquote>\n<h3 class=\"selectionShareable\">La causa comenz\u00f3 a ser investigada como \u201caveriguaci\u00f3n de causales de muerte\u201d y, en ese marco, se orden\u00f3 la autopsia, que se llev\u00f3 a cabo ayer en la Asesor\u00eda Pericial del Departamento Judicial de Azul.<\/h3>\n<\/blockquote>\n<p class=\"selectionShareable\">El estudio forense estableci\u00f3 que Abregu falleci\u00f3 producto de un paro card\u00edaco por asfixia mec\u00e1nica y que no presentaba otra lesi\u00f3n externa.<\/p>\n<p class=\"selectionShareable\"><span style=\"color: #ff0000\"><b>Qu\u00e9 dice la familia<\/b><\/span><\/p>\n<p class=\"selectionShareable\">Sin embargo, seg\u00fan declaraciones\u00a0del abogado penalista de Olavarr\u00eda, doctor Sergio Rold\u00e1n, quien ser\u00e1 el abogado defensor de la familia de Daiana, \u00e9sta\u00a0\u00abno pudo reconocer el cuerpo de Daiana. Se los entregaron en un f\u00e9retro. Nunca les dejaron reconocer el cuerpo, cuando recibieron, lo revisaron y tiene una lesi\u00f3n en el tabique nasal. Algo que en la autopsia publicada no est\u00e1 dicho\u00bb.<\/p>\n<p class=\"selectionShareable\">Tras ser notificado del suceso en el interior de una dependencia policial, Joaqu\u00edn Garc\u00eda, de la Auditor\u00eda General de Asuntos Internos del Ministerio de Seguridad bonaerense, inici\u00f3 una investigaci\u00f3n interna para deslindar responsabilidades.<\/p>\n<p class=\"selectionShareable\"><span style=\"color: #ff0000\"><b>Oficial desafectado<\/b><\/span><\/p>\n<p class=\"selectionShareable\">En ese marco, el auditor desafect\u00f3 a un suboficial a cargo del sector de los calabozos e inici\u00f3 una investigaci\u00f3n sobre \u00e9l y tres oficiales que estaban en la comisar\u00eda al momento de hallarse el cuerpo, indicaron las fuentes.<\/p>\n<p class=\"selectionShareable\">En tanto, el fiscal Urlezaga aguarda una serie de medidas para evaluar si el caso debe ser derivado a la Unidad Funcional de Instrucci\u00f3n Especializada en Violencia Institucional y Delitos Carcelarios de Azul, agregaron los informantes. (<b>InfoGEI<\/b>)Jd<\/p>\n","protected":false},"excerpt":{"rendered":"<div class=\"mh-excerpt\"><p>Una joven de 25 a\u00f1os fue hallada ahorcada en el interior de una celda de una comisar\u00eda de la ciudad bonaerense de Laprida, y si bien las primeras pericias indican que se trat\u00f3 de un <a class=\"mh-excerpt-more\" href=\"https:\/\/larevistadigital.com.ar\/blog\/la-encontraron-ahorcada-investigan-la-responsabilidad-policial-en-una-comisaria-de-laprida\/\" title=\"LA ENCONTRARON AHORCADA: INVESTIGAN LA RESPONSABILIDAD POLICIAL EN UNA COMISAR\u00cdA DE LAPRIDA\">[Leer M\u00e1s]<\/a><\/p>\n<\/div>","protected":false},"author":3,"featured_media":25712,"comment_status":"open","ping_status":"open","sticky":false,"template":"","format":"standard","meta":{"_jetpack_memberships_contains_paid_content":false,"footnotes":"","jetpack_publicize_message":"","jetpack_publicize_feature_enabled":true,"jetpack_social_post_already_shared":true,"jetpack_social_options":{"image_generator_settings":{"template":"highway","default_image_id":0,"font":"","enabled":false},"version":2}},"categories":[50],"tags":[],"class_list":{"0":"post-25711","1":"post","2":"type-post","3":"status-publish","4":"format-standard","5":"has-post-thumbnail","7":"category-interes-general"},"jetpack_publicize_connections":[],"jetpack_featured_media_url":"https:\/\/i0.wp.com\/larevistadigital.com.ar\/blog\/wp-content\/uploads\/20220608160239_daiana-soledad-abregut.jpg?fit=880%2C512&ssl=1","jetpack_sharing_enabled":true,"jetpack_shortlink":"https:\/\/wp.me\/p8qtrQ-6GH","jetpack-related-posts":[{"id":27297,"url":"https:\/\/larevistadigital.com.ar\/blog\/caso-daiana-abregu-laprida-dividida-por-la-muerte-en-la-comisaria\/","url_meta":{"origin":25711,"position":0},"title":"CASO DAIANA ABREG\u00da: LAPRIDA DIVIDIDA POR LA MUERTE EN LA COMISAR\u00cdA","author":"Alejandro Sosa Ruda","date":"25 agosto, 2022","format":false,"excerpt":"Hubo marchas y contramarchas. Represi\u00f3n y festejos. Todo en torno al caso de una joven que muri\u00f3 mientras se encontraba detenida. LAPRIDA -\u00a0 En la jornada del martes, la ciudad de Laprida se vio dividida ante las \u00faltimas novedades en el caso Daiana Abreg\u00fa, la joven que falleci\u00f3 en la\u2026","rel":"","context":"En \u00abPOLICIALES\u00bb","block_context":{"text":"POLICIALES","link":"https:\/\/larevistadigital.com.ar\/blog\/category\/policiales\/"},"img":{"alt_text":"","src":"https:\/\/i0.wp.com\/larevistadigital.com.ar\/blog\/wp-content\/uploads\/20220824160802_justicia-por-daiana-980x653-1.jpg?fit=880%2C512&ssl=1&resize=350%2C200","width":350,"height":200,"srcset":"https:\/\/i0.wp.com\/larevistadigital.com.ar\/blog\/wp-content\/uploads\/20220824160802_justicia-por-daiana-980x653-1.jpg?fit=880%2C512&ssl=1&resize=350%2C200 1x, https:\/\/i0.wp.com\/larevistadigital.com.ar\/blog\/wp-content\/uploads\/20220824160802_justicia-por-daiana-980x653-1.jpg?fit=880%2C512&ssl=1&resize=525%2C300 1.5x, https:\/\/i0.wp.com\/larevistadigital.com.ar\/blog\/wp-content\/uploads\/20220824160802_justicia-por-daiana-980x653-1.jpg?fit=880%2C512&ssl=1&resize=700%2C400 2x"},"classes":[]},{"id":32807,"url":"https:\/\/larevistadigital.com.ar\/blog\/laprida-buscan-a-un-muchacho-que-desaparecio-en-brasil\/","url_meta":{"origin":25711,"position":1},"title":"LAPRIDA: BUSCAN A UN MUCHACHO QUE DESAPARECI\u00d3 EN BRASIL","author":"Alejandro Sosa Ruda","date":"8 agosto, 2023","format":false,"excerpt":"Hace tres semanas que no hay noticias de Guillermo Landi de 30 a\u00f1os que es buscado intensamente por su familia. El joven parti\u00f3 de Laprida a Brasil el pasado mes de enero, pero desde hace tres semanas no se sabe nada sobre su paradero. 8 de agosto de 2023 LAPRIDA\u2026","rel":"","context":"En \u00abPOLICIALES\u00bb","block_context":{"text":"POLICIALES","link":"https:\/\/larevistadigital.com.ar\/blog\/category\/policiales\/"},"img":{"alt_text":"","src":"https:\/\/i0.wp.com\/larevistadigital.com.ar\/blog\/wp-content\/uploads\/20230807141920_guillermo-landi-laprida-desaparecido-brasil.jpg?fit=880%2C512&ssl=1&resize=350%2C200","width":350,"height":200,"srcset":"https:\/\/i0.wp.com\/larevistadigital.com.ar\/blog\/wp-content\/uploads\/20230807141920_guillermo-landi-laprida-desaparecido-brasil.jpg?fit=880%2C512&ssl=1&resize=350%2C200 1x, https:\/\/i0.wp.com\/larevistadigital.com.ar\/blog\/wp-content\/uploads\/20230807141920_guillermo-landi-laprida-desaparecido-brasil.jpg?fit=880%2C512&ssl=1&resize=525%2C300 1.5x, https:\/\/i0.wp.com\/larevistadigital.com.ar\/blog\/wp-content\/uploads\/20230807141920_guillermo-landi-laprida-desaparecido-brasil.jpg?fit=880%2C512&ssl=1&resize=700%2C400 2x"},"classes":[]},{"id":26129,"url":"https:\/\/larevistadigital.com.ar\/blog\/muerte-en-comisaria-de-laprida\/","url_meta":{"origin":25711,"position":2},"title":"MUERTE EN COMISAR\u00cdA DE LAPRIDA:","author":"Alejandro Sosa Ruda","date":"26 junio, 2022","format":false,"excerpt":"La Comisi\u00f3n Provincial por la Memoria (CPM) solicit\u00f3 a la jueza de garant\u00edas Fabiana San Rom\u00e1n, que ordene la reautopsia sobre el cuerpo de Daiana Abreg\u00fa, la joven que muri\u00f3 en un calabozo de la comisar\u00eda de Laprida. LAPRIDA -\u00a0 A pesar de esto y de otras pruebas en el\u2026","rel":"","context":"En \u00abINTERES GENERAL\u00bb","block_context":{"text":"INTERES GENERAL","link":"https:\/\/larevistadigital.com.ar\/blog\/category\/interes-general\/"},"img":{"alt_text":"","src":"https:\/\/i0.wp.com\/larevistadigital.com.ar\/blog\/wp-content\/uploads\/20220626163541_fiscalia-azul-daiana-autopsia.jpg?fit=880%2C512&ssl=1&resize=350%2C200","width":350,"height":200,"srcset":"https:\/\/i0.wp.com\/larevistadigital.com.ar\/blog\/wp-content\/uploads\/20220626163541_fiscalia-azul-daiana-autopsia.jpg?fit=880%2C512&ssl=1&resize=350%2C200 1x, https:\/\/i0.wp.com\/larevistadigital.com.ar\/blog\/wp-content\/uploads\/20220626163541_fiscalia-azul-daiana-autopsia.jpg?fit=880%2C512&ssl=1&resize=525%2C300 1.5x, https:\/\/i0.wp.com\/larevistadigital.com.ar\/blog\/wp-content\/uploads\/20220626163541_fiscalia-azul-daiana-autopsia.jpg?fit=880%2C512&ssl=1&resize=700%2C400 2x"},"classes":[]},{"id":22273,"url":"https:\/\/larevistadigital.com.ar\/blog\/hicieron-un-asado-en-una-carpinteria-apagaron-mal-el-fuego-y-se-incendio-todo\/","url_meta":{"origin":25711,"position":3},"title":"HICIERON UN ASADO EN UNA CARPINTER\u00cdA, APAGARON MAL EL FUEGO Y SE INCENDI\u00d3 TODO","author":"Alejandro Sosa Ruda","date":"7 octubre, 2021","format":false,"excerpt":"El hecho ocurri\u00f3 en Laprida al 5100, este mi\u00e9rcoles a la madrugada. A pesar de la gravedad de lo ocurrido, no se registraron v\u00edctimas ni heridos pero los da\u00f1os fueron de consideraci\u00f3n. MAR DEL LATA - Una vivienda ubicada en Laprida al 5100 en la que adem\u00e1s funciona una carpinter\u00eda\u2026","rel":"","context":"En \u00abREGIONALES\u00bb","block_context":{"text":"REGIONALES","link":"https:\/\/larevistadigital.com.ar\/blog\/category\/regionales\/"},"img":{"alt_text":"","src":"https:\/\/i0.wp.com\/larevistadigital.com.ar\/blog\/wp-content\/uploads\/Captura-de-pantalla-2021-10-07-074209.jpg?fit=1012%2C532&ssl=1&resize=350%2C200","width":350,"height":200,"srcset":"https:\/\/i0.wp.com\/larevistadigital.com.ar\/blog\/wp-content\/uploads\/Captura-de-pantalla-2021-10-07-074209.jpg?fit=1012%2C532&ssl=1&resize=350%2C200 1x, https:\/\/i0.wp.com\/larevistadigital.com.ar\/blog\/wp-content\/uploads\/Captura-de-pantalla-2021-10-07-074209.jpg?fit=1012%2C532&ssl=1&resize=525%2C300 1.5x, https:\/\/i0.wp.com\/larevistadigital.com.ar\/blog\/wp-content\/uploads\/Captura-de-pantalla-2021-10-07-074209.jpg?fit=1012%2C532&ssl=1&resize=700%2C400 2x"},"classes":[]},{"id":34183,"url":"https:\/\/larevistadigital.com.ar\/blog\/cual-fue-la-unica-seccion-electoral-bonaerense-en-la-que-no-ganaron-massa-y-kicillof\/","url_meta":{"origin":25711,"position":4},"title":"CUAL FUE LA \u00daNICA SECCI\u00d3N ELECTORAL BONAERENSE EN LA QUE NO GANARON MASSA Y KICILLOF","author":"Alejandro Sosa Ruda","date":"25 octubre, 2023","format":false,"excerpt":"Ambos candidatos perdieron tan solo en una de las ochos secciones en que se divide pol\u00edticamente el territorio bonaerense. 25 de Octubre de 2023 BUENOS AIRES -\u00a0 Axel Kicillof y Sergio Massa hicieron una hist\u00f3rica elecci\u00f3n este domingo ganando por amplio margen en el territorio bonaerense. Sin embargo, ambos perdieron\u2026","rel":"","context":"En \u00abREGIONALES\u00bb","block_context":{"text":"REGIONALES","link":"https:\/\/larevistadigital.com.ar\/blog\/category\/regionales\/"},"img":{"alt_text":"","src":"https:\/\/i0.wp.com\/larevistadigital.com.ar\/blog\/wp-content\/uploads\/20231023183327_ambos.jpg?fit=880%2C512&ssl=1&resize=350%2C200","width":350,"height":200,"srcset":"https:\/\/i0.wp.com\/larevistadigital.com.ar\/blog\/wp-content\/uploads\/20231023183327_ambos.jpg?fit=880%2C512&ssl=1&resize=350%2C200 1x, https:\/\/i0.wp.com\/larevistadigital.com.ar\/blog\/wp-content\/uploads\/20231023183327_ambos.jpg?fit=880%2C512&ssl=1&resize=525%2C300 1.5x, https:\/\/i0.wp.com\/larevistadigital.com.ar\/blog\/wp-content\/uploads\/20231023183327_ambos.jpg?fit=880%2C512&ssl=1&resize=700%2C400 2x"},"classes":[]},{"id":11996,"url":"https:\/\/larevistadigital.com.ar\/blog\/canuelas-encuentran-mujera-ahorcada-sospechan-de-su-ex-pareja\/","url_meta":{"origin":25711,"position":5},"title":"CA\u00d1UELAS: ENCUENTRAN MUJERA AHORCADA. SOSPECHAN DE SU EX PAREJA","author":"Alejandro Sosa Ruda","date":"13 septiembre, 2019","format":false,"excerpt":"El lunes por la noche, la polic\u00eda de Ca\u00f1uelas\u00a0se dirigi\u00f3 a la vivienda de\u00a0M\u00f3nica Judith Riboli, de 29 a\u00f1os, en el barrio Libertad despu\u00e9s de que recibieron un llamado del 911 : les dijeron que la mujer se hab\u00eda ahorcado en el patio de su casa. Al llegar al lugar,\u2026","rel":"","context":"En \u00abPOLICIALES\u00bb","block_context":{"text":"POLICIALES","link":"https:\/\/larevistadigital.com.ar\/blog\/category\/policiales\/"},"img":{"alt_text":"","src":"https:\/\/i0.wp.com\/larevistadigital.com.ar\/blog\/wp-content\/uploads\/femicidio-se-confirmo-que-monica-riboli-fue-ahorcada-manualmente-20270.jpg?fit=950%2C500&ssl=1&resize=350%2C200","width":350,"height":200,"srcset":"https:\/\/i0.wp.com\/larevistadigital.com.ar\/blog\/wp-content\/uploads\/femicidio-se-confirmo-que-monica-riboli-fue-ahorcada-manualmente-20270.jpg?fit=950%2C500&ssl=1&resize=350%2C200 1x, https:\/\/i0.wp.com\/larevistadigital.com.ar\/blog\/wp-content\/uploads\/femicidio-se-confirmo-que-monica-riboli-fue-ahorcada-manualmente-20270.jpg?fit=950%2C500&ssl=1&resize=525%2C300 1.5x, https:\/\/i0.wp.com\/larevistadigital.com.ar\/blog\/wp-content\/uploads\/femicidio-se-confirmo-que-monica-riboli-fue-ahorcada-manualmente-20270.jpg?fit=950%2C500&ssl=1&resize=700%2C400 2x"},"classes":[]}],"_links":{"self":[{"href":"https:\/\/larevistadigital.com.ar\/blog\/wp-json\/wp\/v2\/posts\/25711","targetHints":{"allow":["GET"]}}],"collection":[{"href":"https:\/\/larevistadigital.com.ar\/blog\/wp-json\/wp\/v2\/posts"}],"about":[{"href":"https:\/\/larevistadigital.com.ar\/blog\/wp-json\/wp\/v2\/types\/post"}],"author":[{"embeddable":true,"href":"https:\/\/larevistadigital.com.ar\/blog\/wp-json\/wp\/v2\/users\/3"}],"replies":[{"embeddable":true,"href":"https:\/\/larevistadigital.com.ar\/blog\/wp-json\/wp\/v2\/comments?post=25711"}],"version-history":[{"count":1,"href":"https:\/\/larevistadigital.com.ar\/blog\/wp-json\/wp\/v2\/posts\/25711\/revisions"}],"predecessor-version":[{"id":25713,"href":"https:\/\/larevistadigital.com.ar\/blog\/wp-json\/wp\/v2\/posts\/25711\/revisions\/25713"}],"wp:featuredmedia":[{"embeddable":true,"href":"https:\/\/larevistadigital.com.ar\/blog\/wp-json\/wp\/v2\/media\/25712"}],"wp:attachment":[{"href":"https:\/\/larevistadigital.com.ar\/blog\/wp-json\/wp\/v2\/media?parent=25711"}],"wp:term":[{"taxonomy":"category","embeddable":true,"href":"https:\/\/larevistadigital.com.ar\/blog\/wp-json\/wp\/v2\/categories?post=25711"},{"taxonomy":"post_tag","embeddable":true,"href":"https:\/\/larevistadigital.com.ar\/blog\/wp-json\/wp\/v2\/tags?post=25711"}],"curies":[{"name":"wp","href":"https:\/\/api.w.org\/{rel}","templated":true}]}}