{"id":25715,"date":"2022-06-09T03:05:52","date_gmt":"2022-06-09T03:05:52","guid":{"rendered":"https:\/\/larevistadigital.com.ar\/blog\/?p=25715"},"modified":"2022-06-09T03:05:52","modified_gmt":"2022-06-09T03:05:52","slug":"confundieron-a-un-imitador-de-michael-jackson-con-felipe-pettinato-y-lo-golpearon","status":"publish","type":"post","link":"https:\/\/larevistadigital.com.ar\/blog\/confundieron-a-un-imitador-de-michael-jackson-con-felipe-pettinato-y-lo-golpearon\/","title":{"rendered":"CONFUNDIERON A UN IMITADOR DE MICHAEL JACKSON CON FELIPE PETTINATO Y LO GOLPEARON"},"content":{"rendered":"<h2 class=\"intro\">Se trata de Leo Blanco, uno de los imitadores\u00a0m\u00e1s famosos del mundo del \u00abRey del Pop\u00bb. Agresores lo violentaron al grito de \u00abenfermo mental\u00bb.\u00a0\u00a0\u00abLes expliqu\u00e9 que no era Pettinato, pero segu\u00edan en la suya\u201d, lament\u00f3 el imitador.<\/h2>\n<p><strong>Leo Blanco\u00a0<\/strong>es uno de los imitadores de\u00a0<strong>Michael Jackson\u00a0<\/strong>m\u00e1s famosos del mundo:\u00a0sus 13 cirug\u00edas est\u00e9ticas hacen que el joven tenga una apariencia casi id\u00e9ntica al &#8216;Rey del Pop&#8217;. Pero su gran parecido al cantante le jug\u00f3 una mala pasada: fue agredido por un grupo de hombres porque pensaban que era\u00a0<strong><a class=\"link\" href=\"https:\/\/www.0223.com.ar\/tags\/farandula\">Felipe Pettinato.<\/a><\/strong><\/p>\n<blockquote>\n<h3>\u201cUn se\u00f1or me peg\u00f3 un codazo, me mir\u00f3 y me dijo \u2018enfermo mental\u2019. Seguimos caminando y la gente no paraba de mirarnos, segu\u00edan murmurando y dem\u00e1s, pero casi llegando a la puerta de la estaci\u00f3n un se\u00f1or alto y grandote me golpe\u00f3 con fuerza mi brazo derecho, me lo dobl\u00f3 y con su mano estruj\u00f3 la m\u00eda apagando el cigarrillo. \u2018Vas a aprender\u2019, me dijo\u201d, detall\u00f3 Blanco.<\/h3>\n<\/blockquote>\n<p>Y agreg\u00f3: <em><strong>\u201cCuando entr\u00e9; all\u00ed ya sin verg\u00fcenza varios hombres hablaban alto sobre mi. Fui hacia uno de los mingitorios y de repente ten\u00eda m\u00e1s de 10 tipos diciendo en voz alta \u2018\u00bfvos no estabas preso?\u2019 y se respond\u00edan: \u2018Noo a este lo internaron por loquito\u2019. Les expliqu\u00e9 que no era Pettinato, pero segu\u00edan en la suya\u201d.<\/strong><\/em><\/p>\n<blockquote>\n<h3>A mediados del mes pasado, el hijo del periodista <strong>Roberto Pettinato<\/strong> protagoniz\u00f3 un tr\u00e1gico incendio en un departamento de\u00a0Colegiales que le cost\u00f3 la vida a\u00a0<strong>Melchor Rodrigo,\u00a0<\/strong>un reconocido neur\u00f3logo que trataba al joven y que gan\u00f3 notoriedad por divulgar sus trabajos sobre la enfermedad de Lyme.<\/h3>\n<\/blockquote>\n<p><strong>Pettinato<\/strong>, entonces, tuvo que quedar\u00a0internado bajo custodia, ya que se trataba del \u00fanico testigo del incidente. La Justicia aboc\u00f3 la investigaci\u00f3n para determinar\u00a0si el brote psic\u00f3tico sufrido por el fan de <strong>Michael Jackson<\/strong>\u00a0se produjo antes, durante o despu\u00e9s del incendio.<\/p>\n","protected":false},"excerpt":{"rendered":"<div class=\"mh-excerpt\"><p>Se trata de Leo Blanco, uno de los imitadores\u00a0m\u00e1s famosos del mundo del \u00abRey del Pop\u00bb. Agresores lo violentaron al grito de \u00abenfermo mental\u00bb.\u00a0\u00a0\u00abLes expliqu\u00e9 que no era Pettinato, pero segu\u00edan en la suya\u201d, lament\u00f3 <a class=\"mh-excerpt-more\" href=\"https:\/\/larevistadigital.com.ar\/blog\/confundieron-a-un-imitador-de-michael-jackson-con-felipe-pettinato-y-lo-golpearon\/\" title=\"CONFUNDIERON A UN IMITADOR DE MICHAEL JACKSON CON FELIPE PETTINATO Y LO GOLPEARON\">[Leer M\u00e1s]<\/a><\/p>\n<\/div>","protected":false},"author":3,"featured_media":25716,"comment_status":"open","ping_status":"open","sticky":false,"template":"","format":"standard","meta":{"_jetpack_memberships_contains_paid_content":false,"footnotes":"","jetpack_publicize_message":"","jetpack_publicize_feature_enabled":true,"jetpack_social_post_already_shared":true,"jetpack_social_options":{"image_generator_settings":{"template":"highway","default_image_id":0,"font":"","enabled":false},"version":2}},"categories":[50],"tags":[],"class_list":{"0":"post-25715","1":"post","2":"type-post","3":"status-publish","4":"format-standard","5":"has-post-thumbnail","7":"category-interes-general"},"jetpack_publicize_connections":[],"jetpack_featured_media_url":"https:\/\/i0.wp.com\/larevistadigital.com.ar\/blog\/wp-content\/uploads\/PETTINATO.png?fit=812%2C467&ssl=1","jetpack_sharing_enabled":true,"jetpack_shortlink":"https:\/\/wp.me\/p8qtrQ-6GL","jetpack-related-posts":[{"id":25973,"url":"https:\/\/larevistadigital.com.ar\/blog\/romero-un-preso-intento-fugarse-mientras-lo-llevaban-a-un-hospital-en-la-plata\/","url_meta":{"origin":25715,"position":0},"title":"ROMERO: UN PRESO INTENT\u00d3 FUGARSE MIENTRAS LO LLEVABAN A UN HOSPITAL EN LA PLATA","author":"Alejandro Sosa Ruda","date":"17 junio, 2022","format":false,"excerpt":"El interno estaba alojado en la Alcaid\u00eda de Pettinato e intent\u00f3 fugarse burlando a la custodia mientras lo llevaban al hospital de Romero. 17 de junio de 2022 Momentos de extrema tensi\u00f3n y nerviosismo se vivieron en las \u00faltimas horas en las afueras de La Plata, donde un recluso alojado\u2026","rel":"","context":"En \u00abPOLICIALES\u00bb","block_context":{"text":"POLICIALES","link":"https:\/\/larevistadigital.com.ar\/blog\/category\/policiales\/"},"img":{"alt_text":"","src":"https:\/\/i0.wp.com\/larevistadigital.com.ar\/blog\/wp-content\/uploads\/1627052341594.jpg?fit=1200%2C594&ssl=1&resize=350%2C200","width":350,"height":200,"srcset":"https:\/\/i0.wp.com\/larevistadigital.com.ar\/blog\/wp-content\/uploads\/1627052341594.jpg?fit=1200%2C594&ssl=1&resize=350%2C200 1x, https:\/\/i0.wp.com\/larevistadigital.com.ar\/blog\/wp-content\/uploads\/1627052341594.jpg?fit=1200%2C594&ssl=1&resize=525%2C300 1.5x, https:\/\/i0.wp.com\/larevistadigital.com.ar\/blog\/wp-content\/uploads\/1627052341594.jpg?fit=1200%2C594&ssl=1&resize=700%2C400 2x, https:\/\/i0.wp.com\/larevistadigital.com.ar\/blog\/wp-content\/uploads\/1627052341594.jpg?fit=1200%2C594&ssl=1&resize=1050%2C600 3x"},"classes":[]},{"id":18148,"url":"https:\/\/larevistadigital.com.ar\/blog\/todo-esto-paso-un-dia-como-hoy-15-de-diciembre\/","url_meta":{"origin":25715,"position":1},"title":"TODO ESTO PAS\u00d3 UN D\u00cdA COMO HOY: 15 DE DICIEMBRE","author":"Alejandro Sosa Ruda","date":"15 diciembre, 2020","format":false,"excerpt":"Un tirano sali\u00f3 a la luz 37 -\u00a0Naci\u00f3\u00a0Ner\u00f3n Claudio C\u00e9sar Augusto Germ\u00e1nico, quien fue un emperador romano que gobern\u00f3 desde el 54 al 68 y ha sido el \u00faltimo emperador de la dinast\u00eda\u00a0Julio-Claudia.\u00a0Su reinado se asocia a la tiran\u00eda y extravagancia. Se lo recuerda por ejecuciones sistem\u00e1ticas, como la de\u2026","rel":"","context":"En \u00abSOCIEDAD\u00bb","block_context":{"text":"SOCIEDAD","link":"https:\/\/larevistadigital.com.ar\/blog\/category\/sociedad\/"},"img":{"alt_text":"","src":"https:\/\/i0.wp.com\/larevistadigital.com.ar\/blog\/wp-content\/uploads\/LOGO-EFEMERIDES.jpg?fit=1200%2C628&ssl=1&resize=350%2C200","width":350,"height":200,"srcset":"https:\/\/i0.wp.com\/larevistadigital.com.ar\/blog\/wp-content\/uploads\/LOGO-EFEMERIDES.jpg?fit=1200%2C628&ssl=1&resize=350%2C200 1x, https:\/\/i0.wp.com\/larevistadigital.com.ar\/blog\/wp-content\/uploads\/LOGO-EFEMERIDES.jpg?fit=1200%2C628&ssl=1&resize=525%2C300 1.5x, https:\/\/i0.wp.com\/larevistadigital.com.ar\/blog\/wp-content\/uploads\/LOGO-EFEMERIDES.jpg?fit=1200%2C628&ssl=1&resize=700%2C400 2x, https:\/\/i0.wp.com\/larevistadigital.com.ar\/blog\/wp-content\/uploads\/LOGO-EFEMERIDES.jpg?fit=1200%2C628&ssl=1&resize=1050%2C600 3x"},"classes":[]},{"id":12289,"url":"https:\/\/larevistadigital.com.ar\/blog\/video-quema-esos-archivos-estan-en-todos-los-partidos-pero-este-debe-ser-el-rey-de-los-panqueques\/","url_meta":{"origin":25715,"position":2},"title":"[VIDEO] \u00abQUEM\u00c1 ESOS ARCHIVOS\u00bb!&#8230; EST\u00c1N EN TODOS LOS PARTIDOS, PERO ESTE DEBE SER EL \u00abREY DE LOS PANQUEQUES\u00bb","author":"Alejandro Sosa Ruda","date":"26 septiembre, 2019","format":false,"excerpt":"POR EL HIJO DE POOH NO IMPORTA CUANDO LO VEAS, PORQUE SER\u00c1 ACTUAL... Hay dentro y fuera de la pol\u00edtica, y en todos los \u00e1mbitos de la vida. Laborales, familiares y en donde se te ocurra, podemos encontrar los \"panqueques\".\u00a0 La sociedad misma fue cambiando, y algo que era impensado,\u2026","rel":"","context":"En \u00abHUMOR MAMADORA\u00bb","block_context":{"text":"HUMOR MAMADORA","link":"https:\/\/larevistadigital.com.ar\/blog\/category\/humor-mamadora\/"},"img":{"alt_text":"","src":"https:\/\/i0.wp.com\/larevistadigital.com.ar\/blog\/wp-content\/uploads\/2019\/02\/VA-CON-HONDA.jpg?fit=1200%2C719&ssl=1&resize=350%2C200","width":350,"height":200,"srcset":"https:\/\/i0.wp.com\/larevistadigital.com.ar\/blog\/wp-content\/uploads\/2019\/02\/VA-CON-HONDA.jpg?fit=1200%2C719&ssl=1&resize=350%2C200 1x, https:\/\/i0.wp.com\/larevistadigital.com.ar\/blog\/wp-content\/uploads\/2019\/02\/VA-CON-HONDA.jpg?fit=1200%2C719&ssl=1&resize=525%2C300 1.5x, https:\/\/i0.wp.com\/larevistadigital.com.ar\/blog\/wp-content\/uploads\/2019\/02\/VA-CON-HONDA.jpg?fit=1200%2C719&ssl=1&resize=700%2C400 2x, https:\/\/i0.wp.com\/larevistadigital.com.ar\/blog\/wp-content\/uploads\/2019\/02\/VA-CON-HONDA.jpg?fit=1200%2C719&ssl=1&resize=1050%2C600 3x"},"classes":[]},{"id":29658,"url":"https:\/\/larevistadigital.com.ar\/blog\/29658-2\/","url_meta":{"origin":25715,"position":3},"title":"EL PAPA FRANCISCO PIDI\u00d3 QUE RECEN POR LA SALUD DE BENEDICTO YA QUE \u00abEST\u00c1 MUY ENFERMO\u00bb","author":"Alejandro Sosa Ruda","date":"28 diciembre, 2022","format":false,"excerpt":"El Sumo Pont\u00edfice llam\u00f3 a rezar este martes por el papa em\u00e9rito \"para que el Se\u00f1or lo consuele y lo sostenga en este testimonio de amor a la Iglesia hasta el final\". 28 de diciembre de 2022 Este mi\u00e9rcoles 28 de diciembre, el papa Francisco\u00a0pidi\u00f3 al final de la audiencia\u2026","rel":"","context":"En \u00abREGIONALES\u00bb","block_context":{"text":"REGIONALES","link":"https:\/\/larevistadigital.com.ar\/blog\/category\/regionales\/"},"img":{"alt_text":"","src":"https:\/\/i0.wp.com\/larevistadigital.com.ar\/blog\/wp-content\/uploads\/francisco-y-benedicto.jpg?fit=953%2C528&ssl=1&resize=350%2C200","width":350,"height":200,"srcset":"https:\/\/i0.wp.com\/larevistadigital.com.ar\/blog\/wp-content\/uploads\/francisco-y-benedicto.jpg?fit=953%2C528&ssl=1&resize=350%2C200 1x, https:\/\/i0.wp.com\/larevistadigital.com.ar\/blog\/wp-content\/uploads\/francisco-y-benedicto.jpg?fit=953%2C528&ssl=1&resize=525%2C300 1.5x, https:\/\/i0.wp.com\/larevistadigital.com.ar\/blog\/wp-content\/uploads\/francisco-y-benedicto.jpg?fit=953%2C528&ssl=1&resize=700%2C400 2x"},"classes":[]},{"id":6093,"url":"https:\/\/larevistadigital.com.ar\/blog\/enterate-aqui-que-famosos-vivieron-experiencias-con-fantasmas-y-otras-entidades\/","url_meta":{"origin":25715,"position":4},"title":"ENTERATE AQU\u00cd QUE FAMOSOS VIVIERON EXPERIENCIAS CON FANTASMAS Y OTRAS ENTIDADES","author":"Alejandro Sosa Ruda","date":"29 julio, 2018","format":false,"excerpt":"John\u00a0Lennon,\u00a0VanDamme,\u00a0Richard\u00a0Dreyfuss,\u00a0Neve\u00a0Campbell,\u00a0Keanu\u00a0Reeves\u00a0y\u00a0Bette\u00a0Davis\u00a0fueron algunos de ellos.\u00a0Conoc\u00e9 sus historias. Los famosos tambi\u00e9n tienen historias de fantasmas, encuentros con el m\u00e1s all\u00e1 y situaciones inexplicables que sorprenden al m\u00e1s cuerdo. Despu\u00e9s de todo, por m\u00e1s que amasan enormes fortunas y conviven con su fama como pueden, ellos tambi\u00e9n se encuentran impotentes cuando se enfrentan\u2026","rel":"","context":"En \u00abPOLITICA\u00bb","block_context":{"text":"POLITICA","link":"https:\/\/larevistadigital.com.ar\/blog\/category\/politica\/"},"img":{"alt_text":"","src":"https:\/\/i0.wp.com\/larevistadigital.com.ar\/blog\/wp-content\/uploads\/2018\/07\/2e1f63ec291318d52fed5b2020b16bcd.jpg?fit=1200%2C992&ssl=1&resize=350%2C200","width":350,"height":200,"srcset":"https:\/\/i0.wp.com\/larevistadigital.com.ar\/blog\/wp-content\/uploads\/2018\/07\/2e1f63ec291318d52fed5b2020b16bcd.jpg?fit=1200%2C992&ssl=1&resize=350%2C200 1x, https:\/\/i0.wp.com\/larevistadigital.com.ar\/blog\/wp-content\/uploads\/2018\/07\/2e1f63ec291318d52fed5b2020b16bcd.jpg?fit=1200%2C992&ssl=1&resize=525%2C300 1.5x, https:\/\/i0.wp.com\/larevistadigital.com.ar\/blog\/wp-content\/uploads\/2018\/07\/2e1f63ec291318d52fed5b2020b16bcd.jpg?fit=1200%2C992&ssl=1&resize=700%2C400 2x, https:\/\/i0.wp.com\/larevistadigital.com.ar\/blog\/wp-content\/uploads\/2018\/07\/2e1f63ec291318d52fed5b2020b16bcd.jpg?fit=1200%2C992&ssl=1&resize=1050%2C600 3x"},"classes":[]},{"id":8442,"url":"https:\/\/larevistadigital.com.ar\/blog\/chascomus-hospital-sin-agua-y-mucho-enojo-de-algunos-vecinos-por-la-falta-de-suministro-durante-mas-de-24-horas\/","url_meta":{"origin":25715,"position":5},"title":"CHASCOM\u00daS: HOSPITAL SIN AGUA Y MUCHO ENOJO DE ALGUNOS VECINOS POR LA FALTA DE SUMINISTRO DURANTE M\u00c1S DE 24 HORAS","author":"Alejandro Sosa Ruda","date":"14 febrero, 2019","format":false,"excerpt":"Para anoche, a\u00fan hab\u00eda muchos sectores que segu\u00edan sin el suministro de agua corriente. La obra financiada por provincia, y ejecutada por el gobierno local, es muy importante, pero muchos aseguran que se han cometido errores y no se tomaron las previsiones del caso Anoche, a\u00fan hab\u00eda varios sectores importantes\u2026","rel":"","context":"En \u00abDESTACADAS\u00bb","block_context":{"text":"DESTACADAS","link":"https:\/\/larevistadigital.com.ar\/blog\/category\/destacadas\/"},"img":{"alt_text":"","src":"https:\/\/i0.wp.com\/larevistadigital.com.ar\/blog\/wp-content\/uploads\/2019\/02\/3691-aguas-del-norte-dejara-sin-agua-a-barrios-del-sur-capitalino.jpg?fit=1200%2C717&ssl=1&resize=350%2C200","width":350,"height":200,"srcset":"https:\/\/i0.wp.com\/larevistadigital.com.ar\/blog\/wp-content\/uploads\/2019\/02\/3691-aguas-del-norte-dejara-sin-agua-a-barrios-del-sur-capitalino.jpg?fit=1200%2C717&ssl=1&resize=350%2C200 1x, https:\/\/i0.wp.com\/larevistadigital.com.ar\/blog\/wp-content\/uploads\/2019\/02\/3691-aguas-del-norte-dejara-sin-agua-a-barrios-del-sur-capitalino.jpg?fit=1200%2C717&ssl=1&resize=525%2C300 1.5x, https:\/\/i0.wp.com\/larevistadigital.com.ar\/blog\/wp-content\/uploads\/2019\/02\/3691-aguas-del-norte-dejara-sin-agua-a-barrios-del-sur-capitalino.jpg?fit=1200%2C717&ssl=1&resize=700%2C400 2x, https:\/\/i0.wp.com\/larevistadigital.com.ar\/blog\/wp-content\/uploads\/2019\/02\/3691-aguas-del-norte-dejara-sin-agua-a-barrios-del-sur-capitalino.jpg?fit=1200%2C717&ssl=1&resize=1050%2C600 3x"},"classes":[]}],"_links":{"self":[{"href":"https:\/\/larevistadigital.com.ar\/blog\/wp-json\/wp\/v2\/posts\/25715","targetHints":{"allow":["GET"]}}],"collection":[{"href":"https:\/\/larevistadigital.com.ar\/blog\/wp-json\/wp\/v2\/posts"}],"about":[{"href":"https:\/\/larevistadigital.com.ar\/blog\/wp-json\/wp\/v2\/types\/post"}],"author":[{"embeddable":true,"href":"https:\/\/larevistadigital.com.ar\/blog\/wp-json\/wp\/v2\/users\/3"}],"replies":[{"embeddable":true,"href":"https:\/\/larevistadigital.com.ar\/blog\/wp-json\/wp\/v2\/comments?post=25715"}],"version-history":[{"count":1,"href":"https:\/\/larevistadigital.com.ar\/blog\/wp-json\/wp\/v2\/posts\/25715\/revisions"}],"predecessor-version":[{"id":25717,"href":"https:\/\/larevistadigital.com.ar\/blog\/wp-json\/wp\/v2\/posts\/25715\/revisions\/25717"}],"wp:featuredmedia":[{"embeddable":true,"href":"https:\/\/larevistadigital.com.ar\/blog\/wp-json\/wp\/v2\/media\/25716"}],"wp:attachment":[{"href":"https:\/\/larevistadigital.com.ar\/blog\/wp-json\/wp\/v2\/media?parent=25715"}],"wp:term":[{"taxonomy":"category","embeddable":true,"href":"https:\/\/larevistadigital.com.ar\/blog\/wp-json\/wp\/v2\/categories?post=25715"},{"taxonomy":"post_tag","embeddable":true,"href":"https:\/\/larevistadigital.com.ar\/blog\/wp-json\/wp\/v2\/tags?post=25715"}],"curies":[{"name":"wp","href":"https:\/\/api.w.org\/{rel}","templated":true}]}}