{"id":25718,"date":"2022-06-09T03:14:48","date_gmt":"2022-06-09T03:14:48","guid":{"rendered":"https:\/\/larevistadigital.com.ar\/blog\/?p=25718"},"modified":"2022-06-09T03:14:48","modified_gmt":"2022-06-09T03:14:48","slug":"copa-argentina-ajustado-triunfo-de-boca-a-ferro-que-lo-deposito-en-octavos","status":"publish","type":"post","link":"https:\/\/larevistadigital.com.ar\/blog\/copa-argentina-ajustado-triunfo-de-boca-a-ferro-que-lo-deposito-en-octavos\/","title":{"rendered":"COPA ARGENTINA: AJUSTADO TRIUNFO DE BOCA A FERRO QUE LO DEPOSIT\u00d3 EN OCTAVOS"},"content":{"rendered":"<h2 class=\"intro\">El equipo de Sebasti\u00e1n Battaglia se impuso 1 a 0 ante el \u00abVerdolaga\u00bb<\/h2>\n<p><strong>Boca Juniors<\/strong>, campe\u00f3n vigente, se clasific\u00f3 a los octavos de final de la Copa Argentina,<strong>\u00a0al vencer esta tarde en La Rioja a Ferro Carril Oeste, de la Primera Nacional, por 1 a 0.<\/strong><\/p>\n<blockquote>\n<h3>El \u00fanico gol del encuentro, jugado ante una multitud en el estadio Carlos Mercado Luna de La Rioja, fue anotado por el delantero colombiano\u00a0<strong>Sebasti\u00e1n Villa<\/strong>\u00a0a los 33m del segundo tiempo. En la pr\u00f3xima rueda Boca jugar\u00e1 con el ganador del partido de esta noche entre<strong>\u00a0Racing Club y Agropecuario de Carlos Casares<\/strong>.<\/h3>\n<\/blockquote>\n<p>Los dirigidos por <strong>Sebasti\u00e1n Battaglia<\/strong>\u00a0<strong>mostraron dos caras:<\/strong>\u00a0en el primer tiempo volvieron a ser aquel equipo de hace dos meses que no jugaba bien y que provocaba cuestionamientos al entrenador.<\/p>\n<blockquote>\n<h3>En la segunda etapa, en cambio, y aun sin tener un gran nivel, el equipo mostr\u00f3 otra actitud, domin\u00f3 las acciones y cre\u00f3 las situaciones en ofensiva como para merecer la victoria.<\/h3>\n<\/blockquote>\n<p>En ese per\u00edodo, aprovech\u00f3 tambi\u00e9n el decaimiento f\u00edsico de su rival y el crecimiento en el medio del juvenil <strong>Alan Varela<\/strong>, que sin jugar como en los \u00faltimos encuentros fue uno de los pocos claros en ese sector de la cancha.<\/p>\n<p>Otra vez, como en los \u00faltimos tiempos, la carta de desequilibrio de Boca fue Villa, como si en el campo no sintiera su dif\u00edcil situaci\u00f3n personal con la justicia. El extremo, con sus desbordes,\u00a0<strong>fue peligro permanente en una delantera que sinti\u00f3 la ausencia de Dar\u00edo Benedetto, porque no jug\u00f3 bien su reemplazante, Luis V\u00e1zquez.\u00a0<\/strong>El \u00abPipa\u00bb no jugo por decisi\u00f3n del t\u00e9cnico por haber faltado junto a Marcos Rojo a la pr\u00e1ctica del \u00faltimo domingo.<\/p>\n<blockquote>\n<h3>El otro sost\u00e9n del triunfo\u00a0<strong>fue el buen momento de Agust\u00edn Rossi<\/strong>, que sobre el final ataj\u00f3 un remate muy dif\u00edcil a quemarropa de\u00a0<strong>Agust\u00edn Arena\u00a0<\/strong>que pudo haber sido el empate de Ferro.<\/h3>\n<\/blockquote>\n<p>En la primera etapa los de Caballito, como si hubiesen querido desempolvar aquellos \u00abviejos pergaminos\u00bb de su \u00e9poca dorada de los comienzos de los ochenta,\u00a0<strong>le jugaron de igual a igual al \u00faltimo campe\u00f3n.\u00a0<\/strong>Sus mayores virtudes eran la movilidad de\u00a0<strong>Walter N\u00fa\u00f1ez<\/strong>, la pausa y creaci\u00f3n de\u00a0<strong>Mosca\u00a0<\/strong>y las subidas por los costados de\u00a0<strong>Ruiz G\u00f3mez\u00a0<\/strong>por la derecha y\u00a0<strong>Giaccone\u00a0<\/strong>por la izquierda.<\/p>\n<p>Ah\u00ed desnudaron las falencias de los de Battaglia, especialmente en la mitad de la cancha, que s\u00f3lo contaban con la habilidad y rapidez de Villa m\u00e1s las proyecciones de Frank Fabra como arma ofensiva.<\/p>\n<p>&nbsp;<\/p>\n","protected":false},"excerpt":{"rendered":"<div class=\"mh-excerpt\"><p>El equipo de Sebasti\u00e1n Battaglia se impuso 1 a 0 ante el \u00abVerdolaga\u00bb Boca Juniors, campe\u00f3n vigente, se clasific\u00f3 a los octavos de final de la Copa Argentina,\u00a0al vencer esta tarde en La Rioja a <a class=\"mh-excerpt-more\" href=\"https:\/\/larevistadigital.com.ar\/blog\/copa-argentina-ajustado-triunfo-de-boca-a-ferro-que-lo-deposito-en-octavos\/\" title=\"COPA ARGENTINA: AJUSTADO TRIUNFO DE BOCA A FERRO QUE LO DEPOSIT\u00d3 EN OCTAVOS\">[Leer M\u00e1s]<\/a><\/p>\n<\/div>","protected":false},"author":3,"featured_media":25719,"comment_status":"open","ping_status":"open","sticky":false,"template":"","format":"standard","meta":{"_jetpack_memberships_contains_paid_content":false,"footnotes":"","jetpack_publicize_message":"","jetpack_publicize_feature_enabled":true,"jetpack_social_post_already_shared":true,"jetpack_social_options":{"image_generator_settings":{"template":"highway","default_image_id":0,"font":"","enabled":false},"version":2}},"categories":[41],"tags":[],"class_list":{"0":"post-25718","1":"post","2":"type-post","3":"status-publish","4":"format-standard","5":"has-post-thumbnail","7":"category-destacadas"},"jetpack_publicize_connections":[],"jetpack_featured_media_url":"https:\/\/i0.wp.com\/larevistadigital.com.ar\/blog\/wp-content\/uploads\/Captura-de-pantalla-2022-06-09-000844.png?fit=820%2C462&ssl=1","jetpack_sharing_enabled":true,"jetpack_shortlink":"https:\/\/wp.me\/p8qtrQ-6GO","jetpack-related-posts":[{"id":25440,"url":"https:\/\/larevistadigital.com.ar\/blog\/se-sortearon-los-octavos-de-la-copa-libertadores-como-son-los-partidos-de-los-equipos-argentinos\/","url_meta":{"origin":25718,"position":0},"title":"SE SORTEARON LOS OCTAVOS DE LA COPA LIBERTADORES: \u00bfCOMO SON LOS PARTIDOS DE LOS EQUIPOS ARGENTINOS?","author":"Alejandro Sosa Ruda","date":"27 mayo, 2022","format":false,"excerpt":"River, Boca, Estudiantes, Col\u00f3n, Talleres y V\u00e9lez buscar\u00e1n el gran trofeo continental. River, Boca, Estudiantes, Col\u00f3n, V\u00e9lez y Talleres conocen sus rivales para los octavos de final de la Copa Libertadores 2022, tras el sorteo realizado este viernes en la sede de Conmebol ubicada en Luque, Paraguay. River, segundo mejor\u2026","rel":"","context":"En \u00abDESTACADAS\u00bb","block_context":{"text":"DESTACADAS","link":"https:\/\/larevistadigital.com.ar\/blog\/category\/destacadas\/"},"img":{"alt_text":"","src":"https:\/\/i0.wp.com\/larevistadigital.com.ar\/blog\/wp-content\/uploads\/COPA.jpg?fit=1200%2C675&ssl=1&resize=350%2C200","width":350,"height":200,"srcset":"https:\/\/i0.wp.com\/larevistadigital.com.ar\/blog\/wp-content\/uploads\/COPA.jpg?fit=1200%2C675&ssl=1&resize=350%2C200 1x, https:\/\/i0.wp.com\/larevistadigital.com.ar\/blog\/wp-content\/uploads\/COPA.jpg?fit=1200%2C675&ssl=1&resize=525%2C300 1.5x, https:\/\/i0.wp.com\/larevistadigital.com.ar\/blog\/wp-content\/uploads\/COPA.jpg?fit=1200%2C675&ssl=1&resize=700%2C400 2x, https:\/\/i0.wp.com\/larevistadigital.com.ar\/blog\/wp-content\/uploads\/COPA.jpg?fit=1200%2C675&ssl=1&resize=1050%2C600 3x"},"classes":[]},{"id":42209,"url":"https:\/\/larevistadigital.com.ar\/blog\/river-vs-independiente-rivadavia-hora-tv-y-formaciones-del-choque-en-cordoba\/","url_meta":{"origin":25718,"position":1},"title":"River vs. Independiente Rivadavia: hora, TV y formaciones del choque en C\u00f3rdoba","author":"Alejandro Sosa Ruda","date":"24 octubre, 2025","format":false,"excerpt":"River e Independiente Rivadavia se miden por un lugar en la final del torneo m\u00e1s federal del pa\u00eds. El encuentro ser\u00e1 en C\u00f3rdoba. 24 de Octubre de 2025 River Plate e Independiente Rivadavia\u00a0se enfrentar\u00e1n este viernes a las 22:15 en el estadio Mario Alberto Kempes de C\u00f3rdoba, en busca de\u2026","rel":"","context":"En \u00abDEPORTES\u00bb","block_context":{"text":"DEPORTES","link":"https:\/\/larevistadigital.com.ar\/blog\/category\/deportes\/"},"img":{"alt_text":"","src":"https:\/\/i0.wp.com\/larevistadigital.com.ar\/blog\/wp-content\/uploads\/Captura-de-pantalla-2025-10-24-123222.jpg?fit=797%2C431&ssl=1&resize=350%2C200","width":350,"height":200,"srcset":"https:\/\/i0.wp.com\/larevistadigital.com.ar\/blog\/wp-content\/uploads\/Captura-de-pantalla-2025-10-24-123222.jpg?fit=797%2C431&ssl=1&resize=350%2C200 1x, https:\/\/i0.wp.com\/larevistadigital.com.ar\/blog\/wp-content\/uploads\/Captura-de-pantalla-2025-10-24-123222.jpg?fit=797%2C431&ssl=1&resize=525%2C300 1.5x, https:\/\/i0.wp.com\/larevistadigital.com.ar\/blog\/wp-content\/uploads\/Captura-de-pantalla-2025-10-24-123222.jpg?fit=797%2C431&ssl=1&resize=700%2C400 2x"},"classes":[]},{"id":25352,"url":"https:\/\/larevistadigital.com.ar\/blog\/boca-gano-la-final-y-es-el-campeon-del-futbol-local\/","url_meta":{"origin":25718,"position":2},"title":"BOCA GAN\u00d3 LA FINAL Y ES EL CAMPE\u00d3N DEL F\u00daTBOL LOCAL","author":"Alejandro Sosa Ruda","date":"22 mayo, 2022","format":false,"excerpt":"En un encuentro definitorio, Boca supo aprovechar sus oportunidades y le gan\u00f3 a Tigre en el Mario Alberto Kempes. Boca Juniors se consagr\u00f3 campe\u00f3n este domingo por la tarde de la Copa de la Liga Profesional de F\u00fatbol (LPF) tras haber ganado a Tigre por 3 a 0 con goles\u2026","rel":"","context":"En \u00abDEPORTES\u00bb","block_context":{"text":"DEPORTES","link":"https:\/\/larevistadigital.com.ar\/blog\/category\/deportes\/"},"img":{"alt_text":"","src":"https:\/\/i0.wp.com\/larevistadigital.com.ar\/blog\/wp-content\/uploads\/1653255152313.jpg?fit=1024%2C768&ssl=1&resize=350%2C200","width":350,"height":200,"srcset":"https:\/\/i0.wp.com\/larevistadigital.com.ar\/blog\/wp-content\/uploads\/1653255152313.jpg?fit=1024%2C768&ssl=1&resize=350%2C200 1x, https:\/\/i0.wp.com\/larevistadigital.com.ar\/blog\/wp-content\/uploads\/1653255152313.jpg?fit=1024%2C768&ssl=1&resize=525%2C300 1.5x, https:\/\/i0.wp.com\/larevistadigital.com.ar\/blog\/wp-content\/uploads\/1653255152313.jpg?fit=1024%2C768&ssl=1&resize=700%2C400 2x"},"classes":[]},{"id":26539,"url":"https:\/\/larevistadigital.com.ar\/blog\/hoy-a-las-16-hs-estudiantes-se-mide-con-belgrano-por-la-copa-argentina\/","url_meta":{"origin":25718,"position":3},"title":"HOY A LAS 16 HS. ESTUDIANTES SE MIDE CON BELGRANO POR LA COPA ARGENTINA","author":"Alejandro Sosa Ruda","date":"13 julio, 2022","format":false,"excerpt":"El Pincha\u00a0se enfrentar\u00e1 al conjunto cordob\u00e9s este mi\u00e9rcoles a las 16 y si logra llevarse la victoria quedar\u00e1 en octavos de final del certamen nacional. LA PLATA -\u00a0 Estudiantes jugar\u00e1 este mi\u00e9rcoles frente a Belgrano de C\u00f3rdoba por los 16avos de la Copa Argentina y buscar\u00e1 ganar para avanzar de\u2026","rel":"","context":"En \u00abDEPORTES\u00bb","block_context":{"text":"DEPORTES","link":"https:\/\/larevistadigital.com.ar\/blog\/category\/deportes\/"},"img":{"alt_text":"","src":"https:\/\/i0.wp.com\/larevistadigital.com.ar\/blog\/wp-content\/uploads\/1649382818676.jpg?fit=1200%2C594&ssl=1&resize=350%2C200","width":350,"height":200,"srcset":"https:\/\/i0.wp.com\/larevistadigital.com.ar\/blog\/wp-content\/uploads\/1649382818676.jpg?fit=1200%2C594&ssl=1&resize=350%2C200 1x, https:\/\/i0.wp.com\/larevistadigital.com.ar\/blog\/wp-content\/uploads\/1649382818676.jpg?fit=1200%2C594&ssl=1&resize=525%2C300 1.5x, https:\/\/i0.wp.com\/larevistadigital.com.ar\/blog\/wp-content\/uploads\/1649382818676.jpg?fit=1200%2C594&ssl=1&resize=700%2C400 2x, https:\/\/i0.wp.com\/larevistadigital.com.ar\/blog\/wp-content\/uploads\/1649382818676.jpg?fit=1200%2C594&ssl=1&resize=1050%2C600 3x"},"classes":[]},{"id":23011,"url":"https:\/\/larevistadigital.com.ar\/blog\/se-sorteo-la-copa-argentina-2022-aca-todos-los-cruces\/","url_meta":{"origin":25718,"position":4},"title":"SE SORTE\u00d3 LA COPA ARGENTINA 2022: AC\u00c1 TODOS LOS CRUCES","author":"Alejandro Sosa Ruda","date":"24 diciembre, 2021","format":false,"excerpt":"En el predio de la AFA se conoci\u00f3 el fixture del certamen que brinda una plaza para la Copa Libertadores de Am\u00e9rica 2023. River y Boca reci\u00e9n podr\u00edan cruzarse reci\u00e9n en semifinales. Se sorte\u00f3 la\u00a0Copa Argentina 2022, luego de lo que fue la\u00a0coronaci\u00f3n de Boca en la edici\u00f3n 2021. Desde\u00a0el\u2026","rel":"","context":"En \u00abDEPORTES\u00bb","block_context":{"text":"DEPORTES","link":"https:\/\/larevistadigital.com.ar\/blog\/category\/deportes\/"},"img":{"alt_text":"","src":"https:\/\/i0.wp.com\/larevistadigital.com.ar\/blog\/wp-content\/uploads\/copa-argentina-2020.jpg?fit=640%2C360&ssl=1&resize=350%2C200","width":350,"height":200,"srcset":"https:\/\/i0.wp.com\/larevistadigital.com.ar\/blog\/wp-content\/uploads\/copa-argentina-2020.jpg?fit=640%2C360&ssl=1&resize=350%2C200 1x, https:\/\/i0.wp.com\/larevistadigital.com.ar\/blog\/wp-content\/uploads\/copa-argentina-2020.jpg?fit=640%2C360&ssl=1&resize=525%2C300 1.5x"},"classes":[]},{"id":7474,"url":"https:\/\/larevistadigital.com.ar\/blog\/se-queda-en-river\/","url_meta":{"origin":25718,"position":5},"title":"SE QUEDA EN RIVER","author":"Alejandro Sosa Ruda","date":"30 diciembre, 2018","format":false,"excerpt":"Un jugador del Campe\u00f3n de Am\u00e9rica ser\u00e1 elegido el mejor de Sudam\u00e9rica en 2018 Como todos los a\u00f1os,\u00a0desde hace 33,el diario El Pa\u00eds, de Uruguay dar\u00e1 a conocer el nombre del mejor futbolista, seg\u00fan los votos de\u00a0varios periodistas del continente (premio\u00a0avalado\u00a0por la Conmebol y en la que participan m\u00e1s de\u2026","rel":"","context":"En \u00abDEPORTES\u00bb","block_context":{"text":"DEPORTES","link":"https:\/\/larevistadigital.com.ar\/blog\/category\/deportes\/"},"img":{"alt_text":"","src":"https:\/\/i0.wp.com\/larevistadigital.com.ar\/blog\/wp-content\/uploads\/2018\/12\/0005588859.jpg?fit=1140%2C750&ssl=1&resize=350%2C200","width":350,"height":200,"srcset":"https:\/\/i0.wp.com\/larevistadigital.com.ar\/blog\/wp-content\/uploads\/2018\/12\/0005588859.jpg?fit=1140%2C750&ssl=1&resize=350%2C200 1x, https:\/\/i0.wp.com\/larevistadigital.com.ar\/blog\/wp-content\/uploads\/2018\/12\/0005588859.jpg?fit=1140%2C750&ssl=1&resize=525%2C300 1.5x, https:\/\/i0.wp.com\/larevistadigital.com.ar\/blog\/wp-content\/uploads\/2018\/12\/0005588859.jpg?fit=1140%2C750&ssl=1&resize=700%2C400 2x, https:\/\/i0.wp.com\/larevistadigital.com.ar\/blog\/wp-content\/uploads\/2018\/12\/0005588859.jpg?fit=1140%2C750&ssl=1&resize=1050%2C600 3x"},"classes":[]}],"_links":{"self":[{"href":"https:\/\/larevistadigital.com.ar\/blog\/wp-json\/wp\/v2\/posts\/25718","targetHints":{"allow":["GET"]}}],"collection":[{"href":"https:\/\/larevistadigital.com.ar\/blog\/wp-json\/wp\/v2\/posts"}],"about":[{"href":"https:\/\/larevistadigital.com.ar\/blog\/wp-json\/wp\/v2\/types\/post"}],"author":[{"embeddable":true,"href":"https:\/\/larevistadigital.com.ar\/blog\/wp-json\/wp\/v2\/users\/3"}],"replies":[{"embeddable":true,"href":"https:\/\/larevistadigital.com.ar\/blog\/wp-json\/wp\/v2\/comments?post=25718"}],"version-history":[{"count":1,"href":"https:\/\/larevistadigital.com.ar\/blog\/wp-json\/wp\/v2\/posts\/25718\/revisions"}],"predecessor-version":[{"id":25720,"href":"https:\/\/larevistadigital.com.ar\/blog\/wp-json\/wp\/v2\/posts\/25718\/revisions\/25720"}],"wp:featuredmedia":[{"embeddable":true,"href":"https:\/\/larevistadigital.com.ar\/blog\/wp-json\/wp\/v2\/media\/25719"}],"wp:attachment":[{"href":"https:\/\/larevistadigital.com.ar\/blog\/wp-json\/wp\/v2\/media?parent=25718"}],"wp:term":[{"taxonomy":"category","embeddable":true,"href":"https:\/\/larevistadigital.com.ar\/blog\/wp-json\/wp\/v2\/categories?post=25718"},{"taxonomy":"post_tag","embeddable":true,"href":"https:\/\/larevistadigital.com.ar\/blog\/wp-json\/wp\/v2\/tags?post=25718"}],"curies":[{"name":"wp","href":"https:\/\/api.w.org\/{rel}","templated":true}]}}