{"id":25725,"date":"2022-06-09T21:26:31","date_gmt":"2022-06-09T21:26:31","guid":{"rendered":"https:\/\/larevistadigital.com.ar\/blog\/?p=25725"},"modified":"2022-06-09T21:26:31","modified_gmt":"2022-06-09T21:26:31","slug":"joven-denuncia-a-companero-del-secundario-por-abuso-sexual","status":"publish","type":"post","link":"https:\/\/larevistadigital.com.ar\/blog\/joven-denuncia-a-companero-del-secundario-por-abuso-sexual\/","title":{"rendered":"JOVEN DENUNCIA A COMPA\u00d1ERO DEL SECUNDARIO POR ABUSO SEXUAL"},"content":{"rendered":"<h2 class=\"nota__hero__summary\">Una estudiante de 16 a\u00f1os denunci\u00f3 abuso sexual dentro del ex Colegio Nacional de Bah\u00eda Blanca de parte de otro alumno de la instituci\u00f3n.<\/h2>\n<p><strong>BAH\u00cdA BLANCA &#8211;<\/strong>\u00a0 Una <strong>estudiante de 16 a\u00f1os<\/strong>\u00a0denunci\u00f3 que fue abusada sexualmente dentro del\u00a0<strong>ex Colegio Nacional de Bah\u00eda Blanca<\/strong>\u00a0por parte de otro alumno del mismo establecimiento educativo.<\/p>\n<p>Seg\u00fan informaron fuentes judiciales a medios locales, la adolescente realiz\u00f3 la denuncia en los \u00faltimos d\u00edas, junto a su madre, en la sede judicial de la calle Estomba 127.<\/p>\n<blockquote>\n<h3>La causa, caratulada como abuso sexual gravemente ultrajante, est\u00e1 en manos de la\u00a0<strong>Unidad Funcional de Instrucci\u00f3n y Juicio<\/strong>\u00a0(UFIJ) N\u00ba 3, del Fuero de Responsabilidad Penal Juvenil, a cargo del fiscal\u00a0<strong>Carlos Human<\/strong>.<\/h3>\n<\/blockquote>\n<p>En tanto, la madre de la v\u00edctima expres\u00f3 al portal La Br\u00fajula 24 que con su marido comenzaron a notar \u201c<strong>cambios en la actitud<\/strong>\u201d de la adolescente, quien \u201c<strong>lloraba de manera reiterada<\/strong>\u201d.<\/p>\n<blockquote>\n<h3>La mujer expres\u00f3 que finalmente la joven dijo que el episodio\u00a0<strong>ocurri\u00f3 un d\u00eda que no se dictaron clases<\/strong>\u00a0por falta de calefacci\u00f3n y que el atacante la amenaz\u00f3 de muerte.<\/h3>\n<\/blockquote>\n<p><strong>\u201cNo puedo creer que en el \u00fanico lugar donde no la puedo cuidar, le hayan hecho semejante da\u00f1o. El Nacional, adentro, es tierra de nadie<\/strong>\u201d, asever\u00f3 la mujer al medio bahiense.<\/p>\n<p>publicado en entrel\u00edneas.info<\/p>\n","protected":false},"excerpt":{"rendered":"<div class=\"mh-excerpt\"><p>Una estudiante de 16 a\u00f1os denunci\u00f3 abuso sexual dentro del ex Colegio Nacional de Bah\u00eda Blanca de parte de otro alumno de la instituci\u00f3n. BAH\u00cdA BLANCA &#8211;\u00a0 Una estudiante de 16 a\u00f1os\u00a0denunci\u00f3 que fue abusada <a class=\"mh-excerpt-more\" href=\"https:\/\/larevistadigital.com.ar\/blog\/joven-denuncia-a-companero-del-secundario-por-abuso-sexual\/\" title=\"JOVEN DENUNCIA A COMPA\u00d1ERO DEL SECUNDARIO POR ABUSO SEXUAL\">[Leer M\u00e1s]<\/a><\/p>\n<\/div>","protected":false},"author":3,"featured_media":25726,"comment_status":"open","ping_status":"open","sticky":false,"template":"","format":"standard","meta":{"_jetpack_memberships_contains_paid_content":false,"footnotes":"","jetpack_publicize_message":"","jetpack_publicize_feature_enabled":true,"jetpack_social_post_already_shared":true,"jetpack_social_options":{"image_generator_settings":{"template":"highway","default_image_id":0,"font":"","enabled":false},"version":2}},"categories":[44,51],"tags":[],"class_list":{"0":"post-25725","1":"post","2":"type-post","3":"status-publish","4":"format-standard","5":"has-post-thumbnail","7":"category-policiales","8":"category-regionales"},"jetpack_publicize_connections":[],"jetpack_featured_media_url":"https:\/\/i0.wp.com\/larevistadigital.com.ar\/blog\/wp-content\/uploads\/ABUSO-EN-SECUNDARIA.jpg?fit=1140%2C686&ssl=1","jetpack_sharing_enabled":true,"jetpack_shortlink":"https:\/\/wp.me\/p8qtrQ-6GV","jetpack-related-posts":[{"id":11211,"url":"https:\/\/larevistadigital.com.ar\/blog\/menor-denuncia-que-su-primo-abuso-de-el-amenazandolo-con-un-arma-blanca\/","url_meta":{"origin":25725,"position":0},"title":"MENOR DENUNCIA QUE SU PRIMO ABUS\u00d3 DE \u00c9L, AMENAZ\u00c1NDOLO CON UN ARMA BLANCA","author":"Alejandro Sosa Ruda","date":"11 julio, 2019","format":false,"excerpt":"Un joven de 17 a\u00f1os, denunci\u00f3 que fue v\u00edctima de abuso sexual en una casa de Alejandro Korn. Seg\u00fan el relato que hizo ante los efectivos de la comisaria segunda, su primo de 23 a\u00f1os,\u00a0 lo habr\u00eda amenazado con un arma blanca para que le practicara sexo oral. Seg\u00fan consta\u2026","rel":"","context":"En \u00abREGIONALES\u00bb","block_context":{"text":"REGIONALES","link":"https:\/\/larevistadigital.com.ar\/blog\/category\/regionales\/"},"img":{"alt_text":"","src":"https:\/\/i0.wp.com\/larevistadigital.com.ar\/blog\/wp-content\/uploads\/Screenshot_1-25.jpg?fit=1016%2C619&ssl=1&resize=350%2C200","width":350,"height":200,"srcset":"https:\/\/i0.wp.com\/larevistadigital.com.ar\/blog\/wp-content\/uploads\/Screenshot_1-25.jpg?fit=1016%2C619&ssl=1&resize=350%2C200 1x, https:\/\/i0.wp.com\/larevistadigital.com.ar\/blog\/wp-content\/uploads\/Screenshot_1-25.jpg?fit=1016%2C619&ssl=1&resize=525%2C300 1.5x, https:\/\/i0.wp.com\/larevistadigital.com.ar\/blog\/wp-content\/uploads\/Screenshot_1-25.jpg?fit=1016%2C619&ssl=1&resize=700%2C400 2x"},"classes":[]},{"id":20817,"url":"https:\/\/larevistadigital.com.ar\/blog\/villa-gesell-detienen-a-sujeto-por-abuso-sexual\/","url_meta":{"origin":25725,"position":1},"title":"VILLA GESELL: DETIENEN A SUJETO POR ABUSO SEXUAL","author":"Alejandro Sosa Ruda","date":"22 junio, 2021","format":false,"excerpt":"VILLA GESELL - La madre de una joven de 17 a\u00f1os denunci\u00f3 a su ex pareja por el abuso de la menor en Villa Gesell. Pero, minutos antes de que la mujer realice la denuncia, el hombre de 57 a\u00f1os se present\u00f3 en la dependencia policial expresando que hab\u00eda abusado\u2026","rel":"","context":"En \u00abPOLICIALES\u00bb","block_context":{"text":"POLICIALES","link":"https:\/\/larevistadigital.com.ar\/blog\/category\/policiales\/"},"img":{"alt_text":"","src":"https:\/\/i0.wp.com\/larevistadigital.com.ar\/blog\/wp-content\/uploads\/6293d05cedac45dbdf493a68ef3916bb67d86121.jpg?fit=1140%2C759&ssl=1&resize=350%2C200","width":350,"height":200,"srcset":"https:\/\/i0.wp.com\/larevistadigital.com.ar\/blog\/wp-content\/uploads\/6293d05cedac45dbdf493a68ef3916bb67d86121.jpg?fit=1140%2C759&ssl=1&resize=350%2C200 1x, https:\/\/i0.wp.com\/larevistadigital.com.ar\/blog\/wp-content\/uploads\/6293d05cedac45dbdf493a68ef3916bb67d86121.jpg?fit=1140%2C759&ssl=1&resize=525%2C300 1.5x, https:\/\/i0.wp.com\/larevistadigital.com.ar\/blog\/wp-content\/uploads\/6293d05cedac45dbdf493a68ef3916bb67d86121.jpg?fit=1140%2C759&ssl=1&resize=700%2C400 2x, https:\/\/i0.wp.com\/larevistadigital.com.ar\/blog\/wp-content\/uploads\/6293d05cedac45dbdf493a68ef3916bb67d86121.jpg?fit=1140%2C759&ssl=1&resize=1050%2C600 3x"},"classes":[]},{"id":25827,"url":"https:\/\/larevistadigital.com.ar\/blog\/la-sociedad-bahiense-se-moviliza-por-una-menor-abusada-en-el-ex-colegio-nacional\/","url_meta":{"origin":25725,"position":2},"title":"LA SOCIEDAD BAHIENSE SE MOVILIZA POR UNA MENOR ABUSADA EN EL EX COLEGIO NACIONAL","author":"Alejandro Sosa Ruda","date":"13 junio, 2022","format":false,"excerpt":"Una estudiante menor de edad denunci\u00f3 que fue violada por un compa\u00f1ero en el ex Colegio Nacional. La jefa Distrital de Educaci\u00f3n, Julieta Conti, consider\u00f3 el hecho como \u201cuna situaci\u00f3n muy delicada\u201d, y que, si bien se dio a conocer en las \u00faltimas horas, el abuso habr\u00eda ocurrido semanas atr\u00e1s,\u2026","rel":"","context":"En \u00abPOLICIALES\u00bb","block_context":{"text":"POLICIALES","link":"https:\/\/larevistadigital.com.ar\/blog\/category\/policiales\/"},"img":{"alt_text":"","src":"https:\/\/i0.wp.com\/larevistadigital.com.ar\/blog\/wp-content\/uploads\/20220612154945_colegio-nacional-bahia-blanca-abusada.jpg?fit=880%2C512&ssl=1&resize=350%2C200","width":350,"height":200,"srcset":"https:\/\/i0.wp.com\/larevistadigital.com.ar\/blog\/wp-content\/uploads\/20220612154945_colegio-nacional-bahia-blanca-abusada.jpg?fit=880%2C512&ssl=1&resize=350%2C200 1x, https:\/\/i0.wp.com\/larevistadigital.com.ar\/blog\/wp-content\/uploads\/20220612154945_colegio-nacional-bahia-blanca-abusada.jpg?fit=880%2C512&ssl=1&resize=525%2C300 1.5x, https:\/\/i0.wp.com\/larevistadigital.com.ar\/blog\/wp-content\/uploads\/20220612154945_colegio-nacional-bahia-blanca-abusada.jpg?fit=880%2C512&ssl=1&resize=700%2C400 2x"},"classes":[]},{"id":23841,"url":"https:\/\/larevistadigital.com.ar\/blog\/pastor-evangelico-fue-enviado-a-juicio-por-abuso-de-la-hija-de-su-ex-pareja\/","url_meta":{"origin":25725,"position":3},"title":"PASTOR EVANG\u00c9LICO FUE ENVIADO A JUICIO POR ABUSO DE LA HIJA DE SU EX PAREJA","author":"Alejandro Sosa Ruda","date":"5 febrero, 2022","format":false,"excerpt":"Un pastor evang\u00e9lico ser\u00e1 juzgado por el abuso de la hija de su expareja en un juicio por jurados que llevar\u00e1 a cabo un Tribunal en lo Criminal de Bah\u00eda Blanca, entre el 18 y 22 de abril. La causa estuvo a cargo de la agente fiscal de Delitos Sexuales,\u2026","rel":"","context":"En \u00abINTERES GENERAL\u00bb","block_context":{"text":"INTERES GENERAL","link":"https:\/\/larevistadigital.com.ar\/blog\/category\/interes-general\/"},"img":{"alt_text":"","src":"https:\/\/i0.wp.com\/larevistadigital.com.ar\/blog\/wp-content\/uploads\/20220204102151_pastor-evangelico-abuso-hija-expareja.jpg?fit=880%2C512&ssl=1&resize=350%2C200","width":350,"height":200,"srcset":"https:\/\/i0.wp.com\/larevistadigital.com.ar\/blog\/wp-content\/uploads\/20220204102151_pastor-evangelico-abuso-hija-expareja.jpg?fit=880%2C512&ssl=1&resize=350%2C200 1x, https:\/\/i0.wp.com\/larevistadigital.com.ar\/blog\/wp-content\/uploads\/20220204102151_pastor-evangelico-abuso-hija-expareja.jpg?fit=880%2C512&ssl=1&resize=525%2C300 1.5x, https:\/\/i0.wp.com\/larevistadigital.com.ar\/blog\/wp-content\/uploads\/20220204102151_pastor-evangelico-abuso-hija-expareja.jpg?fit=880%2C512&ssl=1&resize=700%2C400 2x"},"classes":[]},{"id":44326,"url":"https:\/\/larevistadigital.com.ar\/blog\/finalmente-fue-condenada-la-consejera-escolar-de-la-libertad-avanza-por-falsa-denuncia-de-violacion\/","url_meta":{"origin":25725,"position":4},"title":"Finalmente, fue condenada la consejera escolar de La Libertad Avanza por falsa denuncia de violaci\u00f3n","author":"Alejandro Sosa Ruda","date":"5 marzo, 2026","format":false,"excerpt":"La dirigente de Bah\u00eda Blanca recibi\u00f3 tres a\u00f1os de prisi\u00f3n en suspenso por acusar falsamente a dos m\u00fasicos, que llegaron a estar detenidos por el caso. 05 de marzo de 2026 BAH\u00cdA BLANCA\u00a0 -\u00a0 \u00a0La consejera escolar de Bah\u00eda Blanca por La Libertad Avanza, Fiorella Bel\u00e9n Damiani, fue condenada a\u2026","rel":"","context":"En \u00abINTERES GENERAL\u00bb","block_context":{"text":"INTERES GENERAL","link":"https:\/\/larevistadigital.com.ar\/blog\/category\/interes-general\/"},"img":{"alt_text":"","src":"https:\/\/i0.wp.com\/larevistadigital.com.ar\/blog\/wp-content\/uploads\/c4c8efb4899d19519f798fce125de7112850319e.jpg?fit=1140%2C725&ssl=1&resize=350%2C200","width":350,"height":200,"srcset":"https:\/\/i0.wp.com\/larevistadigital.com.ar\/blog\/wp-content\/uploads\/c4c8efb4899d19519f798fce125de7112850319e.jpg?fit=1140%2C725&ssl=1&resize=350%2C200 1x, https:\/\/i0.wp.com\/larevistadigital.com.ar\/blog\/wp-content\/uploads\/c4c8efb4899d19519f798fce125de7112850319e.jpg?fit=1140%2C725&ssl=1&resize=525%2C300 1.5x, https:\/\/i0.wp.com\/larevistadigital.com.ar\/blog\/wp-content\/uploads\/c4c8efb4899d19519f798fce125de7112850319e.jpg?fit=1140%2C725&ssl=1&resize=700%2C400 2x, https:\/\/i0.wp.com\/larevistadigital.com.ar\/blog\/wp-content\/uploads\/c4c8efb4899d19519f798fce125de7112850319e.jpg?fit=1140%2C725&ssl=1&resize=1050%2C600 3x"},"classes":[]},{"id":8560,"url":"https:\/\/larevistadigital.com.ar\/blog\/castelli-denuncian-abuso-sexual-a-menor\/","url_meta":{"origin":25725,"position":5},"title":"CASTELLI: DENUNCIAN ABUSO SEXUAL A MENOR","author":"Alejandro Sosa Ruda","date":"18 febrero, 2019","format":false,"excerpt":"Una mujer denunci\u00f3 abuso sexual de una menor de edad, confirm\u00f3 una fuente policial a castellidiario El hecho ocurri\u00f3 el jueves de la semana pasada cuando una ni\u00f1a recibi\u00f3 tocamientos por parte de la pareja de su madre luego de haber quedado a solas con el hombre, confiaron a este\u2026","rel":"","context":"En \u00abCASTELLI\u00bb","block_context":{"text":"CASTELLI","link":"https:\/\/larevistadigital.com.ar\/blog\/category\/castelli\/"},"img":{"alt_text":"","src":"https:\/\/i0.wp.com\/larevistadigital.com.ar\/blog\/wp-content\/uploads\/2019\/02\/5a16c73a587a3.jpeg?fit=1200%2C689&ssl=1&resize=350%2C200","width":350,"height":200,"srcset":"https:\/\/i0.wp.com\/larevistadigital.com.ar\/blog\/wp-content\/uploads\/2019\/02\/5a16c73a587a3.jpeg?fit=1200%2C689&ssl=1&resize=350%2C200 1x, https:\/\/i0.wp.com\/larevistadigital.com.ar\/blog\/wp-content\/uploads\/2019\/02\/5a16c73a587a3.jpeg?fit=1200%2C689&ssl=1&resize=525%2C300 1.5x, https:\/\/i0.wp.com\/larevistadigital.com.ar\/blog\/wp-content\/uploads\/2019\/02\/5a16c73a587a3.jpeg?fit=1200%2C689&ssl=1&resize=700%2C400 2x, https:\/\/i0.wp.com\/larevistadigital.com.ar\/blog\/wp-content\/uploads\/2019\/02\/5a16c73a587a3.jpeg?fit=1200%2C689&ssl=1&resize=1050%2C600 3x"},"classes":[]}],"_links":{"self":[{"href":"https:\/\/larevistadigital.com.ar\/blog\/wp-json\/wp\/v2\/posts\/25725","targetHints":{"allow":["GET"]}}],"collection":[{"href":"https:\/\/larevistadigital.com.ar\/blog\/wp-json\/wp\/v2\/posts"}],"about":[{"href":"https:\/\/larevistadigital.com.ar\/blog\/wp-json\/wp\/v2\/types\/post"}],"author":[{"embeddable":true,"href":"https:\/\/larevistadigital.com.ar\/blog\/wp-json\/wp\/v2\/users\/3"}],"replies":[{"embeddable":true,"href":"https:\/\/larevistadigital.com.ar\/blog\/wp-json\/wp\/v2\/comments?post=25725"}],"version-history":[{"count":1,"href":"https:\/\/larevistadigital.com.ar\/blog\/wp-json\/wp\/v2\/posts\/25725\/revisions"}],"predecessor-version":[{"id":25727,"href":"https:\/\/larevistadigital.com.ar\/blog\/wp-json\/wp\/v2\/posts\/25725\/revisions\/25727"}],"wp:featuredmedia":[{"embeddable":true,"href":"https:\/\/larevistadigital.com.ar\/blog\/wp-json\/wp\/v2\/media\/25726"}],"wp:attachment":[{"href":"https:\/\/larevistadigital.com.ar\/blog\/wp-json\/wp\/v2\/media?parent=25725"}],"wp:term":[{"taxonomy":"category","embeddable":true,"href":"https:\/\/larevistadigital.com.ar\/blog\/wp-json\/wp\/v2\/categories?post=25725"},{"taxonomy":"post_tag","embeddable":true,"href":"https:\/\/larevistadigital.com.ar\/blog\/wp-json\/wp\/v2\/tags?post=25725"}],"curies":[{"name":"wp","href":"https:\/\/api.w.org\/{rel}","templated":true}]}}